{"id":248010285,"count":1,"description":"","link":"https:\/\/correspondenciadeprensa.com\/?tag=hernan-dario-velasquez","name":"Hern\u00e1n Dar\u00edo Vel\u00e1squez","slug":"hernan-dario-velasquez","taxonomy":"post_tag","meta":[],"_links":{"self":[{"href":"https:\/\/correspondenciadeprensa.com\/index.php?rest_route=\/wp\/v2\/tags\/248010285","targetHints":{"allow":["GET"]}}],"collection":[{"href":"https:\/\/correspondenciadeprensa.com\/index.php?rest_route=\/wp\/v2\/tags"}],"about":[{"href":"https:\/\/correspondenciadeprensa.com\/index.php?rest_route=\/wp\/v2\/taxonomies\/post_tag"}],"wp:post_type":[{"href":"https:\/\/correspondenciadeprensa.com\/index.php?rest_route=%2Fwp%2Fv2%2Fposts&tags=248010285"}],"curies":[{"name":"wp","href":"https:\/\/api.w.org\/{rel}","templated":true}]}}