{"id":9323,"date":"2019-10-15T22:23:11","date_gmt":"2019-10-15T20:23:11","guid":{"rendered":"http:\/\/correspondenciadeprensa.com\/?p=9323"},"modified":"2019-10-16T09:28:35","modified_gmt":"2019-10-16T07:28:35","slug":"uruguay-crimenes-de-la-dictadura-no-pueden-callar-la-tierra-aparecidos-los-restos-de-eduardo-bleier","status":"publish","type":"post","link":"https:\/\/correspondenciadeprensa.com\/?p=9323","title":{"rendered":"Uruguay &#8211; Cr\u00edmenes de la dictadura: \u00abNo pueden callar la tierra\u00bb. Aparecidos los restos de Eduardo Bleier.   [Dossier]"},"content":{"rendered":"<p><strong>Restos hallados en el Batall\u00f3n 13 pertenecen a Eduardo Bleier<\/strong><\/p>\n<p><strong>El hallazgo de los restos del militante comunista Eduardo Bleier permite comenzar a trazar los diversos patrones represivos utilizados por la dictadura uruguaya, a partir de las formas en que los cuerpos recuperados fueron enterrados. La Fiscal\u00eda solicitar\u00e1 la reapertura de la indagatoria penal por su secuestro, pero esta vez para investigar su muerte.<\/strong><\/p>\n<p><strong>Mauricio P\u00e9rez<\/strong><\/p>\n<p><strong><a href=\"https:\/\/brecha.com.uy\/\">Brecha<\/a>, 11-10-2019<\/strong><\/p>\n<p><strong><a href=\"https:\/\/correspondenciadeprensa.com\/\">Correspondencia de Prensa<\/a>, 15-10-2019<\/strong><\/p>\n<p style=\"text-align:justify;\">Eduardo Bleier falleci\u00f3 a causa de las torturas y los apremios f\u00edsicos sufridos durante su detenci\u00f3n en los centros clandestinos de la dictadura. Si bien sus restos \u00f3seos no registran lesiones perimortem, el contexto de su desaparici\u00f3n y su hallazgo permiten presumir que se trat\u00f3 de una muerte violenta, producida por terceros. Esa es la conclusi\u00f3n de las pericias forense y antropol\u00f3gica.<\/p>\n<p style=\"text-align:justify;\">Los restos fueron hallados el 27 de agosto durante los trabajos de b\u00fasqueda de detenidos desaparecidos en predios militares. Estaban en la trinchera 3896, en los fondos del Batall\u00f3n 13, a unos 80 cent\u00edmetros de profundidad, en la margen del arroyo Miguelete, sobre una barranca, una zona anegable y de dif\u00edcil acceso, detr\u00e1s de la cancha de f\u00fatbol, a unos 100 metros del lugar donde, en 2005, fueron encontrados los restos de Fernando Miranda.<\/p>\n<p style=\"text-align:justify;\">La identificaci\u00f3n tard\u00f3 en llegar poco m\u00e1s de un mes. El lunes 7 de octubre, el coordinador del Grupo de Trabajo por Verdad y Justicia, Felipe Michelini, entreg\u00f3 a la justicia el informe del Equipo Argentino de Antropolog\u00eda Forense (Eaaf) con el resultado del examen de Adn: 99,99 por ciento de coincidencia con el perfil gen\u00e9tico de Bleier. Esa tarde, Michelini notific\u00f3 personalmente a los hijos del ex militante comunista. Al otro d\u00eda, la jueza Isaura Tortora realiz\u00f3 la comunicaci\u00f3n oficial a la familia. En audiencia, m\u00e9dicos legistas y antrop\u00f3logos presentaron detalles sobre su muerte.<\/p>\n<p style=\"text-align:justify;\">En este contexto, el fiscal especializado en cr\u00edmenes de lesa humanidad Ricardo Perciballe solicit\u00f3 a la justicia la reapertura de la indagatoria penal por su desaparici\u00f3n. Esa investigaci\u00f3n se har\u00e1 bajo la car\u00e1tula \u201csu muerte\u201d y buscar\u00e1 determinar qui\u00e9nes fueron los responsables del secuestro, las torturas y el homicidio del ex militante comunista. Varios militares ser\u00e1n citados a declarar (v\u00e9ase nota de Samuel Blixen). Para esto, el fiscal cuenta con los legajos de todos los militares que participaron en el Ocoa entre 1975 y 1976.<\/p>\n<p style=\"text-align:justify;\">Bleier es el sexto desaparecido cuyos restos fueron recuperados en Uruguay desde el retorno de la democracia. El primero fue Roberto Gomensoro Josman, identificado en 2002, a partir de su cr\u00e1neo, que hasta entonces hab\u00eda sido conservado en el domicilio de Emilio Laca, el m\u00e9dico forense que le hizo la autopsia en 1973. En noviembre de 2005, tras el comienzo de la b\u00fasqueda en predios militares, fue encontrado Ubag\u00e9sner Chaves Sosa en una chacra de la Fuerza A\u00e9rea, cerca de la ciudad de Pando. D\u00edas despu\u00e9s apareci\u00f3 Fernando Miranda en el Batall\u00f3n 13. En 2011, en el Batall\u00f3n 14, fueron encontrados los restos de Julio Castro. Y seis meses despu\u00e9s, los de Ricardo Blanco Valiente.<\/p>\n<p style=\"text-align:center;\"><strong>Detenci\u00f3n ilegal<\/strong><\/p>\n<p style=\"text-align:justify;\">Bleier ten\u00eda 47 a\u00f1os, era odont\u00f3logo, integraba el comit\u00e9 central del Pcu y estaba el frente de la secretar\u00eda de finanzas de ese sector pol\u00edtico. Fue detenido a fines de octubre de 1975, en la v\u00eda p\u00fablica. De acuerdo con el informe de la Secretar\u00eda de Derechos Humanos para el Pasado Reciente, fue trasladado al centro clandestino de detenci\u00f3n conocido como la Casa de Punta Gorda (el Infierno Chico) y, posteriormente, al 300 Carlos (el Infierno Grande), ubicado en los fondos del Batall\u00f3n 13.<\/p>\n<p style=\"text-align:justify;\">Los testimonios de varios ex presos pol\u00edticos \u2013hoy testigos de su muerte\u2013 dan cuenta de que fue torturado en ambos lugares (v\u00e9ase en Brecha la nota de Sof\u00eda Kortysz). El informe de la Comisi\u00f3n para la Paz publicado en 2003 indica que falleci\u00f3 meses despu\u00e9s de su detenci\u00f3n, entre el 1 y el 5 de julio de 1976. Las pericias forenses y antrop\u00f3logicas presentadas en la justicia avanzan sobre cu\u00e1les fueron las circunstancias de su muerte.<\/p>\n<p style=\"text-align:justify;\">Los huesos no ten\u00edan lesiones perimortem, es decir, no exist\u00eda ninguna lesi\u00f3n asociada con la muerte. Sin embargo, el contexto en que se produjo la desaparici\u00f3n, el ocultamiento del cuerpo en un predio militar y las condiciones del hallazgo hacen que la muerte no pueda considerarse indeterminada. La conclusi\u00f3n es que se trat\u00f3 de \u201cuna muerte violenta, producida por terceros, en un contexto de tortura y apremios f\u00edsicos\u201d, inform\u00f3 Michelini, en una rueda de prensa.<\/p>\n<p style=\"text-align:justify;\">El cuerpo de Bleier fue hallado sin ropa y con las manos atadas. Si bien no hay huesos fracturados, eso no es \u00f3bice de que haya habido golpes y apremios f\u00edsicos que pudieran haber provocado lesiones internas importantes. La pericia concluye que pudo haber muerto por asfixia, sumersi\u00f3n, sofocaci\u00f3n o por el efecto de la picana el\u00e9ctrica. Se trata de m\u00e9todos de tortura que dejan rastros en \u00f3rganos y tejidos, pero no en los huesos.<\/p>\n<p style=\"text-align:center;\"><strong>Piratas<\/strong><\/p>\n<p style=\"text-align:justify;\">La detenci\u00f3n de Bleier se produjo durante la denominada Operaci\u00f3n Morgan, un operativo de persecuci\u00f3n y represi\u00f3n contra la estructura org\u00e1nica del Pcu y la Ujc, aunque tambi\u00e9n incluy\u00f3 detenciones de integrantes de otros grupos pol\u00edticos. En esta operaci\u00f3n se detuvo a unos 90 militantes comunistas. Nueve fueron desaparecidos: adem\u00e1s de Bleier, Miranda y Chaves Sosa, Juan Manuel Brieba, Carlos Ar\u00e9valo Arispe, Julio Gerardo Correa, Oterm\u00edn Montes de Oca, Lorenzo Julio Escudero y Horacio Gel\u00f3s Bonilla.<\/p>\n<p style=\"text-align:justify;\">En mayo de 2018, el fiscal Perciballe solicit\u00f3 el procesamiento con prisi\u00f3n de los militares Jos\u00e9 Gavazzo, Jorge \u201cPajarito\u201d Silveira y Ernesto Ramas por los cr\u00edmenes perpetrados durante ese operativo. En su dictamen, Perciballe detall\u00f3 los tormentos sufridos por los detenidos y la utilizaci\u00f3n de varios centros clandestinos. Por estos cr\u00edmenes, incluida la desaparici\u00f3n de Bleier, fue condenado, en 2010, el ex dictador Juan Mar\u00eda Bordaberry.<\/p>\n<p style=\"text-align:justify;\">El fiscal Perciballe present\u00f3 un escrito a la jueza Tortora para avanzar en la reapertura de la investigaci\u00f3n penal por la muerte de Bleier. All\u00ed solicit\u00f3 que se ubicara el expediente 96\u201110094\/1985, que indaga la desaparici\u00f3n de Bleier y que fue archivado en noviembre de 1988, luego de que el ex presidente Julio Mar\u00eda Sanguinetti considerara que el caso estaba amparado en la ley de caducidad. Se reabri\u00f3 en 2011, tras el decreto firmado por Jos\u00e9 Mujica que excluy\u00f3 todos los casos del amparo de esa norma, y volvi\u00f3 a archivarse poco despu\u00e9s. Ese expediente, sin embargo, no figura en el registro de causas que se le entreg\u00f3 a Perciballe al asumir su cargo, por lo que se desconoce su ubicaci\u00f3n. El fiscal hall\u00f3 el n\u00famero de ficha tras buscar en los registros del Observatorio Luz Ibarburu.<\/p>\n<p style=\"text-align:justify;\">Por eso, el fiscal solicit\u00f3 que se hagan los tr\u00e1mites para encontrarlo y reabrir formalmente la investigaci\u00f3n. En caso de que no sea posible, se extraer\u00e1 un testimonio de lo actuado tras el hallazgo de los restos y el proceso de identificaci\u00f3n, y se formar\u00e1 un nuevo expediente para averiguar qui\u00e9nes son los responsables del homicidio. En cualquier caso, el expediente se tramitar\u00e1 bajo los preceptos del viejo C\u00f3digo del Proceso Penal (Cpp), dijeron fuentes judiciales a Brecha.<\/p>\n<p style=\"text-align:center;\"><strong>Patrones<\/strong><\/p>\n<p style=\"text-align:justify;\">La aparici\u00f3n de los restos de Bleier permite comenzar a definir algunos patrones represivos de la dictadura uruguaya. Desde hace a\u00f1os, se sabe que una de las caracter\u00edsticas fue el aprisionamiento masivo de opositores pol\u00edticos y la tortura en unidades militares; tambi\u00e9n el uso de cal para desaparecer los cuerpos (v\u00e9ase en Brecha la nota de Samuel Blixen). Pero este hallazgo permite visualizar otros rasgos de esa represi\u00f3n.<\/p>\n<p style=\"text-align:justify;\">Uno de ellos refiere a los lugares y las formas de enterramiento. Los restos de Bleier fueron hallados en los fondos del Batall\u00f3n 13, a metros del lugar donde fue enterrado Miranda. Ambos eran comunistas y fueron detenidos durante la Operaci\u00f3n Morgan. Sus enterramientos ten\u00edan cosas en com\u00fan: ambos ten\u00edan las manos atadas hacia adelante, ambos estaban desnudos, si bien Miranda ten\u00eda \u201cun par de calcetines de material sint\u00e9tico de color oscuro calzados en los pies\u201d.<\/p>\n<p style=\"text-align:justify;\">En ambos casos se trataba de enterramientos primarios, ambos en suelo natural. El cuerpo de Miranda se encontraba a 1,20 metros de profundidad, en una fosa alargada, cubierto de una estructura rectangular de hormig\u00f3n. El de Bleier fue enterrado sobre el arroyo, en una fosa irregular, posiblemente cavada en forma intempestiva, en la noche. Esa irregularidad de la fosa era tan significativa que a los antrop\u00f3logos les cost\u00f3 dilucidar en qu\u00e9 sentido estaba ubicado el cuerpo. Ambos casos tienen otra similitud: la pericia forense no pudo determinar la causa de muerte, pero se\u00f1ala el contexto de tortura durante el cautiverio. La partida de defunci\u00f3n de Miranda habla de \u201ccausa desconocida, problemas relacionados con su privaci\u00f3n de libertad\u201d.<\/p>\n<p style=\"text-align:justify;\">Los casos de Julio Castro y Ricardo Blanco tienen otras particularidades.(1) Ambos fueron enterrados en el predio del Batall\u00f3n 14, en las proximidades del arroyo Meireles, a unos 100 metros al sur de la v\u00eda f\u00e9rrea. La distancia entre las fosas era de entre 20 y 50 metros. La fosa de Castro fue excavada en una \u201croca descompuesta\u201d. La de Blanco fue cavada con palas y elementos de percusi\u00f3n (picos) para perforar la roca de base.<\/p>\n<p style=\"text-align:justify;\">Otra diferencia con los casos de Miranda y Bleier es la fecha de la desaparici\u00f3n: Castro fue detenido en 1977 y Blanco, en 1978. Pero tambi\u00e9n hay diferencias en la forma en que aparecieron los cuerpos: tanto Castro como Blanco estaban vestidos. Castro ten\u00eda la ropa intacta: saco, chaleco, camisa, medias, zapatos y plantares, e incluso ten\u00eda una moneda en el bolsillo de la camisa. Blanco tambi\u00e9n conservaba su vestimenta, un pantal\u00f3n de tela y un calzoncillo tipo b\u00f3xer.<\/p>\n<p style=\"text-align:justify;\">Ambos presentaban lesiones perimortem. En el caso de Blanco, la pericia detect\u00f3 tres lesiones: una fractura contusa en el f\u00e9mur derecho, una posible lesi\u00f3n contusa en la costilla derecha y una posible lesi\u00f3n por arma de fuego en el f\u00e9mur izquierdo. Castro fue hallado con las manos atadas, presuntamente con alambre, y la pericia revel\u00f3 una fractura de costilla y el impacto de al menos un proyectil en el cr\u00e1neo, lo que revela la causa de muerte: fue ejecutado de un disparo.<\/p>\n<p style=\"text-align:justify;\">Por \u00faltimo, el caso del ex militante comunista Ubag\u00e9sner Chaves Sosa tiene otro detalle. Chaves Sosa tambi\u00e9n fue detenido en el contexto de la Operaci\u00f3n Morgan, pero por personal de la Fuerza A\u00e9rea. Su cuerpo apareci\u00f3 en una chacra de Pando, tambi\u00e9n cubierto de cal. Pero le faltaban falanges de los pies y las manos, se presume que para que el cuerpo no pudiera ser identificado.<\/p>\n<p style=\"text-align:justify;\"><strong><u>Nota\u00a0 <\/u><\/strong><\/p>\n<p style=\"text-align:justify;\">1) \u201cInvestigaciones antropol\u00f3gicas sobre detenidos desaparecidos en la \u00faltima dictadura c\u00edvico\u2011militar. Informe de actividades a\u00f1o 2011\u20112012\u201d.<\/p>\n<p style=\"text-align:center;\">***<\/p>\n<p style=\"text-align:center;\"><strong>La b\u00fasqueda contin\u00faa<\/strong><\/p>\n<p style=\"text-align:justify;\">El Grupo de Investigaci\u00f3n de Antropolog\u00eda Forense (Giaf) comenz\u00f3 los trabajos de excavaci\u00f3n en el Batall\u00f3n 14, de Toledo, en la sala de empaque de los paraca\u00eddas. Una investigaci\u00f3n con georradar (ground penetrating radar, Gpr, una t\u00e9cnica geof\u00edsica no destructiva) en esa zona detect\u00f3 anomal\u00edas y posibles remociones en el suelo. El trabajo all\u00ed se extender\u00e1 por cinco d\u00edas.<\/p>\n<p style=\"text-align:justify;\">Sin embargo, el Giaf tiene previsto extender la intervenci\u00f3n a otras \u00e1reas del Batall\u00f3n 14. El objetivo es hacer un trabajo exhaustivo en todo el predio, particularmente en la zona pr\u00f3xima al arroyo Meireles, donde entre 2011 y 2012 fueron hallados los restos de Julio Castro y Ricardo Blanco Valiente, tras una nueva denuncia an\u00f3nima sobre enterramientos clandestinos en ese lugar.<\/p>\n<p style=\"text-align:justify;\">Tambi\u00e9n se apunta a intervenir otras \u00e1reas que ya fueron inspeccionadas en las proximidades del pol\u00edgono de tiro, la cantera y la zona donde en su momento se buscaron los restos de Mar\u00eda Claudia Garc\u00eda de Gelman. La decisi\u00f3n de intervenir este predio estar\u00e1 en manos del fiscal Ricardo Perciballe y la Instituci\u00f3n Nacional de Derechos Humanos.<\/p>\n<p style=\"text-align:justify;\">De momento, el objetivo es culminar los trabajos en el \u00e1rea cautelada del Batall\u00f3n 13, donde recientemente fueron hallados los restos de Eduardo Bleier. Se trata de 12 hect\u00e1reas sobre las que se ten\u00eda la intenci\u00f3n de trabajar en forma exhaustiva para despejar dudas sobre posibles enterramientos clandestinos (ve\u00e1se \u201cLa b\u00fasqueda sin far\u00e1ndula\u201d, Brecha, 19\u2011VII\u201119).<\/p>\n<p style=\"text-align:justify;\">El hallazgo del cuerpo de Bleier renov\u00f3 la expectativa de intervenir el predio, en virtud de las similitudes de este caso con el de Fernando Miranda y la existencia de otros detenidos desaparecidos secuestrados en la misma \u00e9poca, en el mismo operativo, y recluidos en los mismos centros clandestinos de detenci\u00f3n y tortura. El objetivo es intervenir toda esta zona antes de diciembre. En el Batall\u00f3n 13 tambi\u00e9n existe la idea de ampliar el \u00e1rea de b\u00fasqueda.<\/p>\n<p style=\"text-align:center;\">***<\/p>\n<p style=\"text-align:justify;\"><strong>Patr\u00f3n de enterramiento<\/strong><\/p>\n<p style=\"text-align:justify;\"><strong>Cal encima <\/strong><\/p>\n<p style=\"text-align:justify;\"><strong>Samuel Blixen<\/strong><\/p>\n<p style=\"text-align:justify;\"><strong><a href=\"https:\/\/brecha.com.uy\/\">Brecha<\/a>, 11-10-2019<\/strong><\/p>\n<p style=\"text-align:justify;\">Los asesinos del Sid y el Ocoa \u2013los dos organismos militares que monopolizaron la represi\u00f3n del terrorismo de Estado durante la dictadura\u2013 no pod\u00edan prever que el descubrimiento de la doble h\u00e9lice a mediados de los cincuenta iba a desarrollar, cuando la seguridad nacional levant\u00f3 vuelo, la t\u00e9cnica de la huella dactilar del Adn, que permite una identificaci\u00f3n inapelable a partir de la informaci\u00f3n gen\u00e9tica heredada, siempre que se disponga de la referencia de la l\u00ednea directa de parentesco.<\/p>\n<p style=\"text-align:justify;\">El tejido blando de un cad\u00e1ver puede ofrecer evidencias inc\u00f3modas (huellas de los dedos, cicatrices, marcas de nacimiento, rasgos y facciones), de modo que, para completar la desaparici\u00f3n, era necesaria una eliminaci\u00f3n total. Los asesinos creyeron, equivocadamente, que cubriendo los cuerpos de sus v\u00edctimas con cal viva desintegrar\u00edan la materia blanda y el esqueleto. Cometieron un error: seguramente la cal quem\u00f3 el tejido blando, pero impidi\u00f3 que la acci\u00f3n de los microorganismos degradara el Adn de los huesos. Con la cal, los asesinos ayudaron \u2013no premeditadamente\u2013 a quienes excavan en busca de la verdad. Abandonados a la acci\u00f3n de los microorganismos, las larvas de insectos y los gusanos, muy probablemente los restos habr\u00edan perdido el secreto de su identidad; la cal conserv\u00f3 los huesos y, por tanto, el Adn, como no ocurri\u00f3 con otros trozos \u00f3seos hallados junto con escombros y material de relleno, a los que no se les pudo extraer la huella gen\u00e9tica.<\/p>\n<p style=\"text-align:justify;\">Para la b\u00fasqueda de la verdad, la cal viva tiene otro significado. Su presencia, invariable en los cinco rescates de restos de militantes pol\u00edticos desaparecidos, sugiere la existencia de un patr\u00f3n, y es l\u00edcito suponer que todos los enterramientos clandestinos lo siguieron y que fue aplicado en distintas \u00e9pocas y por diferentes responsables. La misma t\u00e9cnica de enterramiento aparece, entre mediados de 1975 y mediados de 1976, con desaparecidos confinados en el 300 Carlos, en el complejo militar del 13 de Infanter\u00eda, y tambi\u00e9n con aquellos que desaparecieron en el correr de 1977, despu\u00e9s de ser torturados en otros centros clandestinos (La Tablada, la Casona de Mill\u00e1n) y enterrados en el Batall\u00f3n 14 de Infanter\u00eda. Distintas \u00e9pocas, distintas unidades militares y un mismo patr\u00f3n.<\/p>\n<p style=\"text-align:justify;\">Si asumimos que fue un m\u00e9todo para borrar rastros, su ausencia es tan elocuente como su presencia. Salvo donde se produjeron los hallazgos de cinco cuerpos con las caracter\u00edsticas aludidas, en el resto de la vasta extensi\u00f3n excavada en predios militares no apareci\u00f3 ninguna evidencia de cal en la tierra removida. Se puede inferir (como criterio general aunque no exclusivo) que donde no hay cal no hubo enterramientos. Anteriormente, de acuerdo al criterio utilizado por Jos\u00e9 L\u00f3pez Mazz, se excavaron trincheras y se dejaron espacios intactos entre ellas; por eso ahora el equipo de arqueolog\u00eda forense se propone remover toda la extensi\u00f3n cautelada por la justicia e incluso lugares nuevos se\u00f1alados por informaciones m\u00e1s recientes, en forma exhaustiva.<\/p>\n<p style=\"text-align:justify;\">Pero la ausencia total de cal desmorona la historieta inventada por algunos oficiales y aceptada alegremente por los mayordomos de los militares (una expresi\u00f3n que extraigo de La leyenda insurgente, aunque Jorge Zabalza la aplica a los traidores de Artigas, los Garc\u00eda de Z\u00fa\u00f1iga, los Rivera, los Ram\u00edrez). La ausencia de cal desmonta la versi\u00f3n de una Operaci\u00f3n Zanahoria, seg\u00fan la cual los cuerpos enterrados fueron exhumados de sus lugares iniciales e incinerados y las cenizas arrojadas al mar. De ser as\u00ed, la presencia de cal deber\u00eda haber aparecido en la tierra removida, pero ello no ocurri\u00f3.<\/p>\n<p style=\"text-align:justify;\">La versi\u00f3n de los desenterramientos fue estampada en el informe final de la Comisi\u00f3n para la Paz, algunos de cuyos miembros reci\u00e9n ahora se dan cuenta de que fueron enga\u00f1ados. Los cinco restos recuperados corresponden, todos ellos, a desaparecidos comprendidos en la supuesta Operaci\u00f3n Zanahoria. De ello se deriva que quienes dijeron que todos los desaparecidos fueron exhumados mintieron y, por tanto, es muy posible que conozcan los lugares donde se hicieron los enterramientos. Los miembros de la Comisi\u00f3n para la Paz han mantenido el secreto de las identidades de los mentirosos, como lo mantuvo el informe del comando del Ej\u00e9rcito sobre desaparecidos entregado al presidente Tabar\u00e9 V\u00e1zquez en 2005.<\/p>\n<p style=\"text-align:justify;\">Ese informe, que repite la versi\u00f3n de la Comisi\u00f3n para la Paz, hace una precisi\u00f3n en cuanto a Eduardo Bleier: rectifica el lugar del enterramiento (\u201csus restos fueron enterrados en el predio del Batall\u00f3n 1 mecanizado n\u00famero 13, y no en el Batall\u00f3n 1 paracaidistas n\u00famero 14, como lo establece el antes mencionado informe\u201d), pero confirma la mentira: \u201c\u2026 posteriormente fueron exhumados. Trasladados al predio del Batall\u00f3n 1 de paracaidistas n\u00famero 14 fueron cremados, siendo sus cenizas y restos esparcidos en la zona\u201d.<\/p>\n<p style=\"text-align:justify;\">El hallazgo de los restos de Bleier revela que se trata de un enterramiento primario y que el prisionero fue enterrado all\u00ed donde fue interrogado, torturado y asesinado. Ese detalle, v\u00e1lido tambi\u00e9n para el caso del primer desaparecido encontrado, Fernando Miranda, acota la lista de victimarios. Y se complementa con otros detalles significativos que se encuentran en el informe de 2005: Bleier fue detenido en la v\u00eda p\u00fablica por el Sid y trasladado a la casa de Punta Gorda, en la rambla Rep\u00fablica de M\u00e9xico, donde funcion\u00f3 el primer centro clandestino de detenci\u00f3n. Ese centro se llam\u00f3 300 Carlos R y fue al principio operado por el Sid. Seg\u00fan el informe, Bleier fue \u201cposteriormente entregado al Ocoa y llevado a instalaciones del Servicio de Material y Armamento (Sma)\u201d, es decir, al 300 Carlos.<\/p>\n<p style=\"text-align:justify;\">Bleier fue uno de los primeros militantes comunistas v\u00edctimas de la Operaci\u00f3n Morgan, que se despleg\u00f3 a partir de octubre de 1975. Se desprende, entonces, que personal del Sid estuvo desde el comienzo involucrado en la represi\u00f3n del Pcu. Un documento de la inteligencia militar establece que el Departamento III del Sid, dirigido por el mayor Jos\u00e9 Gavazzo, debi\u00f3 ponerse a las \u00f3rdenes del Ocoa para la Operaci\u00f3n Morgan.<\/p>\n<p style=\"text-align:justify;\">En el 300 Carlos, el galp\u00f3n del Sma, la batuta estaba a cargo del Ocoa, dependiente de la Divisi\u00f3n del Ej\u00e9rcito I. Su jefe era el coronel Julio C\u00e9sar Gonz\u00e1lez Arrondo, quien, seg\u00fan las declaraciones de Jorge Silveira (en la clave de la radio del Ocoa, \u00d3scar Siete Sierras), asist\u00eda diariamente al 300 Carlos y supervisaba directamente los interrogatorios. Pero un personaje clave para determinar el destino final de los desaparecidos interrogados por el Ocoa es el entonces mayor (y hoy general retirado) Juan Alberto Lezama. Encargado de las \u201cactividades de prisioneros de guerra en la Divisi\u00f3n de Ej\u00e9rcito I\u201d como jefe de la Divisi\u00f3n Informaciones, Lezama llevaba un registro detallado de los prisioneros y sus testimonios bajo tortura. \u201c\u2026 trabaja intensamente en el procesamiento de los informes obtenidos en base a las investigaciones que dirige y efect\u00faa\u201d, consignaba su superior, el coronel Gonz\u00e1lez Arrondo. Lezama integraba el equipo de los India, el sector del Ocoa referido a Informaciones, pero tambi\u00e9n participaba en operativos, de los que habitualmente se encargaba el sector \u00d3scar.<\/p>\n<p style=\"text-align:center;\"><strong>Posibles responsables<\/strong><\/p>\n<p style=\"text-align:justify;\">La lista de oficiales del Ej\u00e9rcito vinculados con las desapariciones y los enterramientos es extensa:<\/p>\n<p style=\"text-align:justify;\">Juan Alberto Lezama, Julio C\u00e9sar Gonz\u00e1lez Arrondo, Ernesto Ramas, Jorge Silveira, Manuel Cordero, Mario Frachele, Homero Gonz\u00e1lez, Manuel Cola, Victorino V\u00e1zquez, Manuel Calvo, Henry Saralegui, Gilberto V\u00e1zquez, Jos\u00e9 Nino Gavazzo, Julio Tab\u00e1rez, Rudyard Scioscia, Jorge Parisi, Omar Lacasa, Julio C\u00e9sar Rodr\u00edguez Buratti, Ricardo Medina, Pedro Mato, Antranig Ohannessian y Rubely Pereyra.<\/p>\n<p style=\"text-align:justify;\">La lista no es exhaustiva. Algunos est\u00e1n presos, otros fallecidos y algunos pr\u00f3fugos. Los sobrevivientes, tanto los notorios como los de bajo perfil, podr\u00edan aportar informaci\u00f3n vital sobre los desaparecidos. Algunos de ellos ser\u00e1n citados e interrogados por el fiscal que investiga cr\u00edmenes de lesa humanidad Ricardo Perciballe, seg\u00fan anunci\u00f3 al informar que se reabrir\u00eda la causa de Bleier, archivada en 2014.<\/p>\n<p style=\"text-align:center;\">***<\/p>\n<p style=\"text-align:justify;\"><strong>\u201cNo pueden callar la tierra\u201d<\/strong><\/p>\n<p style=\"text-align:justify;\"><strong>Miles de personas homenajearon y despidieron los restos de Eduardo Bleier. La multitud pidi\u00f3 reforzar la b\u00fasqueda de desaparecidos.<\/strong><\/p>\n<p style=\"text-align:justify;\"><strong>Luc\u00eda Gandioli<\/strong><\/p>\n<p style=\"text-align:justify;\"><strong><a href=\"https:\/\/ladiaria.com.uy\/\">La Diaria<\/a>, 15-10-2019<\/strong><\/p>\n<p style=\"text-align:justify;\">Un retrato de Eduardo Bleier se destacaba en la fachada de la Universidad de la Rep\u00fablica (Udelar). A la izquierda, un cartel gritaba: \u00a1Presente! A la derecha, otro reclamaba: \u201cNunca m\u00e1s terrorismo de Estado\u201d. A sus pies, una avenida 18 de Julio colmada. Ayer, una multitud se concentr\u00f3 all\u00ed a homenajear y despedir los restos de Bleier, militante del Partido Comunista del Uruguay (PCU) que fue secuestrado mientras caminaba por la calle el 29 de octubre de 1975, trasladado hasta el centro clandestino de detenci\u00f3n que funcionaba en una casona en Punta Gorda y posteriormente al llamado 300 Carlos, ubicado en las inmediaciones del Batall\u00f3n 13. Bleier falleci\u00f3, en una fecha estimada entre el 1\u00ba y el 5 de julio de 1976, como consecuencia de los apremios f\u00edsicos y torturas a los que lo sometieron los militares.<img data-recalc-dims=\"1\" loading=\"lazy\" decoding=\"async\" data-attachment-id=\"9327\" data-permalink=\"https:\/\/correspondenciadeprensa.com\/?attachment_id=9327\" data-orig-file=\"https:\/\/i0.wp.com\/correspondenciadeprensa.com\/wp-content\/uploads\/2019\/10\/uruguay1510-ii.jpg?fit=700%2C342&amp;ssl=1\" data-orig-size=\"700,342\" data-comments-opened=\"0\" data-image-title=\"Uruguay1510 II\" data-image-description=\"\" data-image-caption=\"\" data-large-file=\"https:\/\/i0.wp.com\/correspondenciadeprensa.com\/wp-content\/uploads\/2019\/10\/uruguay1510-ii.jpg?fit=656%2C321&amp;ssl=1\" class=\" size-full wp-image-9327 aligncenter\" src=\"https:\/\/i0.wp.com\/correspondenciadeprensa.com\/wp-content\/uploads\/2019\/10\/uruguay1510-ii.jpg?resize=656%2C321&#038;ssl=1\" alt=\"Uruguay1510 II\" width=\"656\" height=\"321\" \/><\/p>\n<p style=\"text-align:justify;\">Eran miles los rostros serios que observaban la fotograf\u00eda desde abajo con los ojos llenos de una mezcla de tristeza y alivio. No faltaron las sonrisas ni las l\u00e1grimas. En el silencio se respiraba respeto y el firme reclamo por justicia y verdad. Tambi\u00e9n rabia por las atrocidades cometidas durante la dictadura y el dolor por los que a\u00fan faltan. Esperaban a que llegaran las 12.00 y abrieran las puertas hacia la antesala del Paraninfo, donde, en una caja de madera solemne, resguardada e iluminada por ramos de flores, estaban los restos de Bleier, que fueron hallados en el ex Batall\u00f3n 13 el 27 de agosto e identificados el 7 de octubre.<\/p>\n<p style=\"text-align:justify;\">Una vez abierta la puerta, la multitud comenz\u00f3 a moverse despacio para ingresar, pero la mayor\u00eda permaneci\u00f3 afuera. El presidente Tabar\u00e9 V\u00e1zquez fue recibido por un largo aplauso e ingres\u00f3 a la sede de la Facultad de Derecho acompa\u00f1ado de la f\u00f3rmula presidencial del Frente Amplio (FA), Daniel Mart\u00ednez y Graciela VIllar, que hab\u00eda llegado minutos antes. Dentro se encontraron con la familia Bleier y el coordinador del Grupo de Verdad y Justicia (GVJ), Felipe Michelini. Dispuestos en una especie de c\u00edrculo, entonaron las estrofas del Himno Nacional.<\/p>\n<p style=\"text-align:justify;\">\u201cNos encontramos esta ma\u00f1ana para honrar, homenajear y despedir los restos de quien fuera Eduardo Bleier, odont\u00f3logo de profesi\u00f3n, esposo, padre de cuatro hijos\u201d, ley\u00f3 Michelini. En una carta dirigida a todos los presentes y al propio Bleier, Michelini record\u00f3 su trayectoria, sus compromisos con el PCU y su lucha por la justicia. \u201cLa b\u00fasqueda [de desaparecidos] debe ser entendida como una causa sagrada de todos los uruguayos\u201d, prosigui\u00f3 el coordinador, y plante\u00f3 que \u201cno ha sido f\u00e1cil conocer la verdad; perversamente no la dicen o mienten, pero no pueden hacer callar a la tierra\u201d. \u201cEduardo, te buscamos siempre. Rosa [su esposa] y Elena [su hermana] movieron cielo y tierra para ubicar tu paradero. Bienvenido a casa, descansa en paz. Nunca te fuiste, siempre has estado y seguir\u00e1s viviendo en tus nietos, en nuestro coraz\u00f3n y en nuestra lucha\u201d, concluy\u00f3 Michelini entre l\u00e1grimas.<\/p>\n<p style=\"text-align:justify;\">El presidente y la f\u00f3rmula oficialista se retiraron sin hacer declaraciones. V\u00e1zquez \u00fanicamente manifest\u00f3 que hac\u00eda suyas las palabras de Michelini. El candidato del FA public\u00f3 despu\u00e9s en su cuenta de Twitter: \u201cLa democracia fue fracturada y tambi\u00e9n los derechos humanos. Los familiares y la sociedad siguieron buscando y hoy con dolor se confirma el ocultamiento. Querido Gerardo Bleier, somos miles los que estamos contigo, con una serena paz. Seguiremos la b\u00fasqueda por verdad y justicia\u201d.<\/p>\n<p style=\"text-align:justify;\">Javier Tassino, integrante de la organizaci\u00f3n Madres y Familiares de Uruguayos Detenidos Desaparecidos, dijo a la prensa que con el hallazgo \u201cdimos un paso importante\u201d. \u201cEs para nosotros muy significativo y conmovedor, se cruzan muchos sentimientos y nos inspira a seguir buscando\u201d, agreg\u00f3. Plante\u00f3 la necesidad de \u201cseguir desarrollando la memoria sin odio y sin rencores\u201d, y de \u201cprofundizar la democracia\u201d. \u201cLa democracia trae la paz, trae el beneficio para la gente y prosperidad\u201d, expres\u00f3.<\/p>\n<p style=\"text-align:justify;\">Tassino anunci\u00f3 que se iniciar\u00e1 una intervenci\u00f3n en el ex centro de reclusi\u00f3n La Tablada, ubicado en Camino Melilla, que ya est\u00e1 autorizada por la Justicia. Manifest\u00f3 que contin\u00faan los trabajos de b\u00fasqueda en el Batall\u00f3n de Infanter\u00eda Paracaidista 14, en Toledo, que comenzaron el mi\u00e9rcoles 9 de octubre. Adem\u00e1s, siguen las excavaciones en el Batall\u00f3n 13, que se vieron interrumpidas el fin de semana por las intensas lluvias.<\/p>\n<p style=\"text-align:justify;\">En di\u00e1logo con la prensa, el ministro de Defensa Nacional, Jos\u00e9 Bayardi, confirm\u00f3 que por el momento no hay novedades sobre las excavaciones en el Batall\u00f3n 14. El ministro dijo que \u201cpor suerte\u201d se le ha podido dar respuesta a una familia, pero \u201cquedan todav\u00eda un n\u00famero muy importante de familias\u201d que buscan a sus familiares. \u201cEse deber\u00eda ser un compromiso del conjunto de la sociedad\u201d, agreg\u00f3. Seg\u00fan dijo, hallar los restos no hubiera sido posible de no ser por los gobiernos del FA. Adem\u00e1s, sostuvo que es una \u201ccanallada incalificable\u201d que dirigentes pol\u00edticos de la oposici\u00f3n vinculen este hecho con una estrategia pol\u00edtica. \u201cLos que est\u00e1n sosteniendo esto no s\u00f3lo no hicieron nada, sino que, en alg\u00fan caso, hasta ocultaron. Estoy refiri\u00e9ndome a Cabildo Abierto y particularmente a [Guido] Manini [Rios]\u201d.<\/p>\n<p style=\"text-align:justify;\">Adem\u00e1s de Bayardi, estuvieron presentes el ex presidente Jos\u00e9 Mujica, la vicepresidenta Luc\u00eda Topolansky, los ex precandidatos \u00d3scar Andrade, Carolina Cosse y Mario Bergara, el presidente del FA, Javier Miranda, entre otros dirigentes de la coalici\u00f3n de izquierda. Tambi\u00e9n asistieron integrantes de movimientos sociales y la central obrera PIT-CNT. Adem\u00e1s de Mart\u00ednez, asisti\u00f3 el candidato del Partido Independiente, Pablo Mieres, junto a su compa\u00f1era de f\u00f3rmula, M\u00f3nica Bottero.<\/p>\n<p style=\"text-align:justify;\">\u201cAparte de la monstruosidad atr\u00e1s de esto, lo que m\u00e1s duele es la mentira\u201d, dijo Mujica a la prensa antes de retirarse del homenaje. \u201cSiempre faltan cosas por hacer, hay mucho secreto. Yo estoy convencido de que hay pactos de silencio. Se dice que hay gente del gobierno porque la gente se manijea, no entienden lo que es el funcionamiento de una corporaci\u00f3n\u201d, sentenci\u00f3 el ex presidente, seg\u00fan recogi\u00f3 Teledoce. El ex presidente asegur\u00f3 que el gobierno jam\u00e1s aliment\u00f3 un pacto de silencio y sostuvo que este se establece entre generales, lo que explica que los pocos datos que llegan provienen de ex soldados.<\/p>\n<p style=\"text-align:justify;\">Diez minutos antes de las 15.00, la puerta de la Udelar se cerr\u00f3, y minutos despu\u00e9s la multitud se abri\u00f3 para ver pasar el cortejo que trasladaba los restos de Bleier entre un aplauso sostenido durante un buen rato. En un lapso de silencio, Gerardo Bleier grit\u00f3: \u201cGracias a todos compa\u00f1eros\u201d, y se despidi\u00f3 para trasladarse con su familia al sepelio. Los restos de Bleier descansan ahora junto a los de su esposa.<\/p>\n","protected":false},"excerpt":{"rendered":"<p>El hallazgo de los restos del militante comunista Eduardo Bleier permite comenzar a trazar los diversos patrones represivos utilizados por la dictadura uruguaya, a partir de las formas en que los cuerpos recuperados fueron enterrados. La Fiscal\u00eda solicitar\u00e1 la reapertura de la indagatoria penal por su secuestro, pero esta vez para investigar su muerte&#8230;<\/p>\n","protected":false},"author":102520410,"featured_media":9326,"comment_status":"closed","ping_status":"closed","sticky":false,"template":"","format":"aside","meta":{"_coblocks_attr":"","_coblocks_dimensions":"","_coblocks_responsive_height":"","_coblocks_accordion_ie_support":"","advanced_seo_description":"","jetpack_seo_html_title":"","jetpack_seo_noindex":false,"jetpack_seo_schema_type":"","_jetpack_newsletter_access":"","_jetpack_dont_email_post_to_subs":false,"_jetpack_newsletter_tier_id":0,"_jetpack_memberships_contains_paywalled_content":false,"_wpcom_ai_launchpad_first_post":false,"_jetpack_feature_clip_id":0,"_jetpack_memberships_contains_paid_content":false,"footnotes":"","jetpack_post_was_ever_published":false},"categories":[12693],"tags":[17212,85145348,687832459,1702580,67604128],"class_list":["post-9323","post","type-post","status-publish","format-aside","has-post-thumbnail","hentry","category-uruguay","tag-america-latina","tag-batallon-13","tag-eduardo-bleier","tag-ocoa","tag-operacion-morgan","post_format-post-format-aside","fallback-thumbnail"],"jetpack_likes_enabled":false,"jetpack_sharing_enabled":true,"jetpack_shortlink":"https:\/\/wp.me\/p7lt2C-2qn","amp_enabled":true,"jetpack_featured_media_url":"https:\/\/i0.wp.com\/correspondenciadeprensa.com\/wp-content\/uploads\/2019\/10\/uruguay1510-i-e1571210909231.jpg?fit=882%2C535&ssl=1","_links":{"self":[{"href":"https:\/\/correspondenciadeprensa.com\/index.php?rest_route=\/wp\/v2\/posts\/9323","targetHints":{"allow":["GET"]}}],"collection":[{"href":"https:\/\/correspondenciadeprensa.com\/index.php?rest_route=\/wp\/v2\/posts"}],"about":[{"href":"https:\/\/correspondenciadeprensa.com\/index.php?rest_route=\/wp\/v2\/types\/post"}],"author":[{"embeddable":true,"href":"https:\/\/correspondenciadeprensa.com\/index.php?rest_route=\/wp\/v2\/users\/102520410"}],"replies":[{"embeddable":true,"href":"https:\/\/correspondenciadeprensa.com\/index.php?rest_route=%2Fwp%2Fv2%2Fcomments&post=9323"}],"version-history":[{"count":3,"href":"https:\/\/correspondenciadeprensa.com\/index.php?rest_route=\/wp\/v2\/posts\/9323\/revisions"}],"predecessor-version":[{"id":9328,"href":"https:\/\/correspondenciadeprensa.com\/index.php?rest_route=\/wp\/v2\/posts\/9323\/revisions\/9328"}],"wp:featuredmedia":[{"embeddable":true,"href":"https:\/\/correspondenciadeprensa.com\/index.php?rest_route=\/wp\/v2\/media\/9326"}],"wp:attachment":[{"href":"https:\/\/correspondenciadeprensa.com\/index.php?rest_route=%2Fwp%2Fv2%2Fmedia&parent=9323"}],"wp:term":[{"taxonomy":"category","embeddable":true,"href":"https:\/\/correspondenciadeprensa.com\/index.php?rest_route=%2Fwp%2Fv2%2Fcategories&post=9323"},{"taxonomy":"post_tag","embeddable":true,"href":"https:\/\/correspondenciadeprensa.com\/index.php?rest_route=%2Fwp%2Fv2%2Ftags&post=9323"}],"curies":[{"name":"wp","href":"https:\/\/api.w.org\/{rel}","templated":true}]}}