{"id":9154,"date":"2019-10-05T04:56:01","date_gmt":"2019-10-05T02:56:01","guid":{"rendered":"http:\/\/correspondenciadeprensa.com\/?p=9154"},"modified":"2019-10-04T22:05:32","modified_gmt":"2019-10-04T20:05:32","slug":"mexico-tlatelolco-en-1968-ayotzinapa-en-2019-y-sigue-la-impunidad","status":"publish","type":"post","link":"https:\/\/correspondenciadeprensa.com\/?p=9154","title":{"rendered":"M\u00e9xico &#8211; Tlatelolco en 1968, Ayotzinapa en 2019. Y sigue la impunidad.   [Liga de Unidad Socialista]"},"content":{"rendered":"<h3 style=\"text-align:center;\"><strong>Cr\u00edmenes de Estado<\/strong><\/h3>\n<p><strong>Liga de Unidad Socialista (LUS)<\/strong><\/p>\n<p><strong>Ciudad de M\u00e9xico, 2-10-2019<\/strong><\/p>\n<p><strong><a href=\"https:\/\/correspondenciadeprensa.com\/\">Correspondencia de Prensa<\/a>, 4-10-2019<\/strong><\/p>\n<p style=\"text-align:justify;\">A 51 a\u00f1os de la de masacre de Tlatelolco y a poco m\u00e1s de cinco a\u00f1os la desaparici\u00f3n en la noche de Iguala de los 43 de estudiantes de los normalistas de Ayotzinapa, feminicidios normalistas a poco y de m\u00e1s las de fosas Ayotzinapa, M\u00e9xico sigue siendo el pa\u00eds de los frecuentes feminicidios, de los desparecidos, de las fosas clandestinas y de una violencia que no cesa: \u00bfcu\u00e1ndo cesar\u00e1 esta noche de impunidad de tantos cr\u00edmenes?<\/p>\n<p style=\"text-align:justify;\">En su ma\u00f1anera del 30 de septiembre pasado AMLO (Andr\u00e9s Manuel L\u00f3pez Obrador) amenaz\u00f3 con la continuaci\u00f3n de la violencia del gobierno, lo dijo muy claramente: \u00abSi queremos protestar para que no haya actos autoritarios, de prepotencia, que fue lo que llev\u00f3 a la represi\u00f3n del 2 de octubre del 68, tenemos que actuar por la v\u00eda pac\u00edfica.\u00bb<\/p>\n<p style=\"text-align:justify;\">No es as\u00ed. La violencia siempre ha provenido del Estado, de esa m\u00e1quina, de represi\u00f3n que son las polic\u00edas y ante todo de los cuerpos militares entrenados para reprimir que ahora durante el gobierno de AMLO se han visto reforzados con la Guardia Nacional.<\/p>\n<p style=\"text-align:justify;\">Los estudiantes en 1968 fueron v\u00edctimas de la masacre del 2 de octubre perpetrada por el ej\u00e9rcito y las polic\u00edas federales. En Tlatelolco los estudiantes, de manera pac\u00edfica ejerc\u00edan leg\u00edtimamente su derecho a manifestarse y el gobierno respondi\u00f3 dando \u00f3rdenes a los militares que dispararan impunemente, asesinando a cientos. En el caso de los normalistas de Ayotzinapa, igualmente, iban sin armas a trasladarse a la manifestaci\u00f3n del 2 de octubre de 2014 cuando fueron agredidos por las polic\u00edas municipales y estatales y las bandas de los mercenarios de los c\u00e1rteles con la complicidad del ej\u00e9rcito que fue testigo directo de las acciones de la tr\u00e1gica noche de Iguala. Es el estado el origen y el instrumento del monopolio de la violencia en la sociedad capitalista en decadencia en la que vivimos.<\/p>\n<p style=\"text-align:justify;\">Durante los meses que lleva el nuevo gobierno de AMLO la violencia no ha cesado: siguen los feminicidios, siguen las desapariciones, siguen los asesinatos de periodistas. Las marrullerias judiciales siguen enredando el caso de los 43 de Ayotzinapa y a cinco a\u00f1os de las investigaciones el gobierno de AMLO se mantiene estancado sin ir m\u00e1s all\u00e1 de la \u201cverdad hist\u00f3rica\u201d de Pe\u00f1a Nieto y Murillo Karam.<\/p>\n<p style=\"text-align:center;\"><strong>1968 al nivel mundial<\/strong><\/p>\n<p style=\"text-align:justify;\">1968 fue el a\u00f1o del levantamiento juvenil en todo el mundo: en Francia, Alemania occidental, Italia, Jap\u00f3n, Pakist\u00e1n, Egipto, Argentina, etc. Se escenificaron movimientos de rebeld\u00eda estudiantiles y juveniles. En Checoslovaquia, el movimiento estudiantil desempe\u00f1\u00f3 un papel central en la iniciaci\u00f3n de la lucha por la democracia socialista durante la primavera y el verano de 1968. En Pakist\u00e1n, los estudiantes provocaron una crisis social de proporciones revolucionarias cuya consecuencia fue la ca\u00edda del r\u00e9gimen de Ayub Khan.Las movilizaciones de la juventud estadounidense se unieron a las de millones de j\u00f3venes en el mundo en defensa del pueblo vietnamita que luchaba contra la guerra imperialista en ese pa\u00eds. La movilizaci\u00f3n juvenil en Estados Unidos lleg\u00f3 a ser de tal magnitud que la derrota de Washington en Vietnam puede atribuirse en gran parte a ella. En M\u00e9xico, durante el verano de 1968, las manifestaciones de miles y miles de estudiantes se originaron con una protesta estudiantil en contra del autoritarismo del gobierno represor, todo ello enmarcado en la lucha por las reivindicaciones democr\u00e1ticas, provocaron una crisis pol\u00edtica sin precedentes en el r\u00e9gimen de D\u00edaz Ordaz. Qui\u00e9n tuvo que lanzar al ej\u00e9rcito a que reprimiera violentamente las acciones multitudinarias, ordenando el encarcelamiento de cientos de dirigentes y j\u00f3venes estudiantes. La osad\u00eda de los estudiantes mexicanos s\u00f3lo fue exigir, entre otros, el derecho a manifestarse, la libertad de expresi\u00f3n, libertad de prensa, libertad de reuni\u00f3n y castigo a los responsables de la represi\u00f3n;<\/p>\n<p style=\"text-align:justify;\">La terrible masacre de Tlatelolco el 2 de octubre de ese a\u00f1o marc\u00f3 definitivamente una \u00e9poca para el represivo y antidemocr\u00e1tico r\u00e9gimen priista. Cientos de estudiantes, obreros, mujeres y pueblo en general fueron acribillado en ese d\u00eda, m\u00e1s de mil fueron encarcelados y el estado de terror resultante puso punto final al heroico movimiento estudiantil mexicano. Tanta sangre derramada, sin embargo, no fue en vano. Desde entonces se inici\u00f3 la cuenta regresiva del PRI-gobierno y el ejemplo del movimiento estudiantil- popular de 1968 dio la pauta para el surgimiento de otros grandes movimientos populares de masas que han pugnado y pugnan por la democratizaci\u00f3n del pa\u00eds y la forja de un nuevo M\u00e9xico independiente y soberano. Esto s\u00f3lo ser\u00e1 posible con la organizaci\u00f3n de los trabajadores, campesinos, ind\u00edgenas, mujeres en un gran frente independiente de la clase empresarial y del gobierno.<\/p>\n<p style=\"text-align:justify;\">\u00a1Hacia la organizaci\u00f3n democr\u00e1tica e independiente de los trabajadores y del pueblo!<\/p>\n","protected":false},"excerpt":{"rendered":"<p>A 51 a\u00f1os de la de masacre de Tlatelolco y a poco m\u00e1s de cinco a\u00f1os la desaparici\u00f3n en la noche de Iguala de los 43 de estudiantes de los normalistas de Ayotzinapa, feminicidios normalistas a poco y de m\u00e1s las de fosas Ayotzinapa, M\u00e9xico sigue siendo el pa\u00eds de los frecuentes feminicidios, de los desparecidos, de las fosas clandestinas y de una violencia que no cesa: \u00bfcu\u00e1ndo cesar\u00e1 esta noche de impunidad de tantos cr\u00edmenes?&#8230;<\/p>\n","protected":false},"author":102520410,"featured_media":9157,"comment_status":"closed","ping_status":"closed","sticky":false,"template":"","format":"aside","meta":{"_coblocks_attr":"","_coblocks_dimensions":"","_coblocks_responsive_height":"","_coblocks_accordion_ie_support":"","advanced_seo_description":"","jetpack_seo_html_title":"","jetpack_seo_noindex":false,"jetpack_seo_schema_type":"","_jetpack_newsletter_access":"","_jetpack_dont_email_post_to_subs":false,"_jetpack_newsletter_tier_id":0,"_jetpack_memberships_contains_paywalled_content":false,"_wpcom_ai_launchpad_first_post":false,"_jetpack_feature_clip_id":0,"_jetpack_memberships_contains_paid_content":false,"footnotes":"","jetpack_post_was_ever_published":false},"categories":[783],"tags":[17212,2975681],"class_list":["post-9154","post","type-post","status-publish","format-aside","has-post-thumbnail","hentry","category-mexico","tag-america-latina","tag-ayotzinapa","post_format-post-format-aside","fallback-thumbnail"],"jetpack_likes_enabled":false,"jetpack_sharing_enabled":true,"jetpack_shortlink":"https:\/\/wp.me\/p7lt2C-2nE","amp_enabled":true,"jetpack_featured_media_url":"https:\/\/i0.wp.com\/correspondenciadeprensa.com\/wp-content\/uploads\/2019\/10\/mc3a9xico410.jpg?fit=630%2C419&ssl=1","_links":{"self":[{"href":"https:\/\/correspondenciadeprensa.com\/index.php?rest_route=\/wp\/v2\/posts\/9154","targetHints":{"allow":["GET"]}}],"collection":[{"href":"https:\/\/correspondenciadeprensa.com\/index.php?rest_route=\/wp\/v2\/posts"}],"about":[{"href":"https:\/\/correspondenciadeprensa.com\/index.php?rest_route=\/wp\/v2\/types\/post"}],"author":[{"embeddable":true,"href":"https:\/\/correspondenciadeprensa.com\/index.php?rest_route=\/wp\/v2\/users\/102520410"}],"replies":[{"embeddable":true,"href":"https:\/\/correspondenciadeprensa.com\/index.php?rest_route=%2Fwp%2Fv2%2Fcomments&post=9154"}],"version-history":[{"count":3,"href":"https:\/\/correspondenciadeprensa.com\/index.php?rest_route=\/wp\/v2\/posts\/9154\/revisions"}],"predecessor-version":[{"id":9158,"href":"https:\/\/correspondenciadeprensa.com\/index.php?rest_route=\/wp\/v2\/posts\/9154\/revisions\/9158"}],"wp:featuredmedia":[{"embeddable":true,"href":"https:\/\/correspondenciadeprensa.com\/index.php?rest_route=\/wp\/v2\/media\/9157"}],"wp:attachment":[{"href":"https:\/\/correspondenciadeprensa.com\/index.php?rest_route=%2Fwp%2Fv2%2Fmedia&parent=9154"}],"wp:term":[{"taxonomy":"category","embeddable":true,"href":"https:\/\/correspondenciadeprensa.com\/index.php?rest_route=%2Fwp%2Fv2%2Fcategories&post=9154"},{"taxonomy":"post_tag","embeddable":true,"href":"https:\/\/correspondenciadeprensa.com\/index.php?rest_route=%2Fwp%2Fv2%2Ftags&post=9154"}],"curies":[{"name":"wp","href":"https:\/\/api.w.org\/{rel}","templated":true}]}}