{"id":8840,"date":"2019-09-11T17:14:32","date_gmt":"2019-09-11T20:14:32","guid":{"rendered":"http:\/\/correspondenciadeprensa.com\/?p=8840"},"modified":"2019-09-11T17:14:33","modified_gmt":"2019-09-11T20:14:33","slug":"brasil-trabajadores-de-correos-realizan-una-huelga-nacional","status":"publish","type":"post","link":"https:\/\/correspondenciadeprensa.com\/?p=8840","title":{"rendered":"Brasil &#8211; Trabajadores de Correos realizan una huelga nacional.   [Juca Guimar\u00e3es]"},"content":{"rendered":"<p><strong>La categor\u00eda laboral lucha por sus derechos, por mejores salarios y contra la privatizaci\u00f3n de la compa\u00f1\u00eda estatal.<\/strong><\/p>\n<p><strong>Juca Guimar\u00e3es, S\u00e3o Paulo<\/strong><\/p>\n<p><strong><a href=\"https:\/\/www.brasildefato.com.br\/\">Brasil de Fato<\/a>, 11-9-2019 <\/strong><\/p>\n<p><strong><a href=\"https:\/\/correspondenciadeprensa.com\/\">Correspondencia de Prensa<\/a>, 11-9-2019<\/strong><\/p>\n<p><strong>Traducci\u00f3n de Luiza Man\u00e7ano \u2013 Brasil de Fato<\/strong><\/p>\n<p style=\"text-align:justify;\">Los trabajadores de Correos en Brasil, organizados en 36 sindicatos y dos federaciones, decidieron, el martes pasado (10) por la noche, realizar una huelga indefinida nacional. El paro empez\u00f3 con m\u00e1s fuerza en S\u00e3o Paulo y Rio de Janeiro. Seg\u00fan los sindicatos, cerca de 7 mil trabajadores participaron en las asambleas en estas dos ciudades.<\/p>\n<p style=\"text-align:justify;\">Antes del paro, los sindicatos se reunieron diez veces con la administraci\u00f3n de la empresa. Sin embargo, la compa\u00f1\u00eda estatal abandon\u00f3 la negociaci\u00f3n sin firmar un acuerdo colectivo intermediado por el Tribunal Superior del Trabajo (TST).<\/p>\n<p style=\"text-align:justify;\">La tensi\u00f3n entre los trabajadores y la administraci\u00f3n de Correos tiene que ver con el desmantelamiento de derechos. La empresa tambi\u00e9n ofrece solo un ajuste salarial del 0,8%, por debajo de la inflaci\u00f3n que sum\u00f3 el 3% en el per\u00edodo.<\/p>\n<p style=\"text-align:justify;\">\u201cLa empresa abandon\u00f3 la negociaci\u00f3n y no nos dej\u00f3 alternativas adem\u00e1s de la huelga, que empez\u00f3 hoy en S\u00e3o Paulo y Rio de Janeiro. La tendencia es ampliar\u201d, afirm\u00f3 Douglas Melo, director del Sindicato de Trabajadores de Correos de S\u00e3o Paulo.<\/p>\n<p style=\"text-align:justify;\">La administraci\u00f3n de la compa\u00f1\u00eda, seg\u00fan cuentan los sindicalistas, quiere eliminar 45 cl\u00e1usulas del actual Acuerdo de Negociaci\u00f3n Colectiva. Seg\u00fan la federaci\u00f3n, el recorte representar\u00eda una p\u00e9rdida anual para cada trabajador de alrededor de R$ 5.000 (US$ 1.230).<\/p>\n<p style=\"text-align:justify;\">Brasil de Fato intent\u00f3 contactar con Correos para hablar sobre la negociaci\u00f3n, pero no obtuvo respuesta.<\/p>\n<p style=\"text-align:justify;\">Los trabajadores exigen tambi\u00e9n detener el proyecto de privatizaci\u00f3n de la compa\u00f1\u00eda. Para ellos, la privatizaci\u00f3n pondr\u00eda fin en la integraci\u00f3n nacional que Correos promueve hoy, al atender a todos los municipios del pa\u00eds, mientras que de acuerdo con la l\u00f3gica empresarial, s\u00f3lo interesar\u00eda mantener las operaciones en las 324 ciudades que proporcionan ganancias.<\/p>\n<p style=\"text-align:justify;\">De acuerdo con los trabajadores, aproximadamente un 50% de la categor\u00eda laboral adhiri\u00f3 a la huelga. En Rio de Janeiro, m\u00e1s de 3.000 trabajadores est\u00e1n participando de los piquetes desde las cuatro de la ma\u00f1ana.<\/p>\n<p style=\"text-align:justify;\">\u201cEl movimiento tiene fuerza. Nuestra mayor reivindicaci\u00f3n es mantener los derechos conquistados que la compa\u00f1\u00eda intenta quitarnos\u201d, dijo Pedro Silva, del sindicato de Rio de Janeiro.<\/p>\n<p style=\"text-align:justify;\">La empresa de Correos propone retirar beneficios como el ticket para restaurante, el d\u00e9cimo tercer sueldo y las vacaciones anuales remuneradas. La pr\u00f3xima asamblea se realizar\u00e1 el 17 de septiembre.<\/p>\n","protected":false},"excerpt":{"rendered":"<p>La categor\u00eda laboral lucha por sus derechos, por mejores salarios y contra la privatizaci\u00f3n de la compa\u00f1\u00eda estatal&#8230;<\/p>\n","protected":false},"author":102520410,"featured_media":8843,"comment_status":"closed","ping_status":"closed","sticky":false,"template":"","format":"aside","meta":{"_coblocks_attr":"","_coblocks_dimensions":"","_coblocks_responsive_height":"","_coblocks_accordion_ie_support":"","advanced_seo_description":"","jetpack_seo_html_title":"","jetpack_seo_noindex":false,"jetpack_seo_schema_type":"","_jetpack_newsletter_access":"","_jetpack_dont_email_post_to_subs":false,"_jetpack_newsletter_tier_id":0,"_jetpack_memberships_contains_paywalled_content":false,"_wpcom_ai_launchpad_first_post":false,"_jetpack_feature_clip_id":0,"_jetpack_memberships_contains_paid_content":false,"footnotes":"","jetpack_post_was_ever_published":false},"categories":[337028],"tags":[17212,68933730,117383475],"class_list":["post-8840","post","type-post","status-publish","format-aside","has-post-thumbnail","hentry","category-sindicatos","tag-america-latina","tag-salario-vacacional","tag-trabajadores-de-correos","post_format-post-format-aside","fallback-thumbnail"],"jetpack_likes_enabled":false,"jetpack_sharing_enabled":true,"jetpack_shortlink":"https:\/\/wp.me\/p7lt2C-2iA","amp_enabled":true,"jetpack_featured_media_url":"https:\/\/i0.wp.com\/correspondenciadeprensa.com\/wp-content\/uploads\/2019\/09\/brasil-correo1109.jpg?fit=640%2C309&ssl=1","_links":{"self":[{"href":"https:\/\/correspondenciadeprensa.com\/index.php?rest_route=\/wp\/v2\/posts\/8840","targetHints":{"allow":["GET"]}}],"collection":[{"href":"https:\/\/correspondenciadeprensa.com\/index.php?rest_route=\/wp\/v2\/posts"}],"about":[{"href":"https:\/\/correspondenciadeprensa.com\/index.php?rest_route=\/wp\/v2\/types\/post"}],"author":[{"embeddable":true,"href":"https:\/\/correspondenciadeprensa.com\/index.php?rest_route=\/wp\/v2\/users\/102520410"}],"replies":[{"embeddable":true,"href":"https:\/\/correspondenciadeprensa.com\/index.php?rest_route=%2Fwp%2Fv2%2Fcomments&post=8840"}],"version-history":[{"count":3,"href":"https:\/\/correspondenciadeprensa.com\/index.php?rest_route=\/wp\/v2\/posts\/8840\/revisions"}],"predecessor-version":[{"id":8844,"href":"https:\/\/correspondenciadeprensa.com\/index.php?rest_route=\/wp\/v2\/posts\/8840\/revisions\/8844"}],"wp:featuredmedia":[{"embeddable":true,"href":"https:\/\/correspondenciadeprensa.com\/index.php?rest_route=\/wp\/v2\/media\/8843"}],"wp:attachment":[{"href":"https:\/\/correspondenciadeprensa.com\/index.php?rest_route=%2Fwp%2Fv2%2Fmedia&parent=8840"}],"wp:term":[{"taxonomy":"category","embeddable":true,"href":"https:\/\/correspondenciadeprensa.com\/index.php?rest_route=%2Fwp%2Fv2%2Fcategories&post=8840"},{"taxonomy":"post_tag","embeddable":true,"href":"https:\/\/correspondenciadeprensa.com\/index.php?rest_route=%2Fwp%2Fv2%2Ftags&post=8840"}],"curies":[{"name":"wp","href":"https:\/\/api.w.org\/{rel}","templated":true}]}}