{"id":8521,"date":"2019-08-25T17:09:59","date_gmt":"2019-08-25T20:09:59","guid":{"rendered":"http:\/\/correspondenciadeprensa.com\/?p=8521"},"modified":"2019-08-25T17:10:47","modified_gmt":"2019-08-25T20:10:47","slug":"siria-vistas-las-atrocidades-cometidas-que-hace-putin-con-macron","status":"publish","type":"post","link":"https:\/\/correspondenciadeprensa.com\/?p=8521","title":{"rendered":"Siria &#8211; Vistas las atrocidades cometidas, \u00bfqu\u00e9 hace Putin con Macron?   [Catherine Coquio]"},"content":{"rendered":"<p style=\"text-align:justify;\"><strong>Con motivo de la recepci\u00f3n dada por Emmanuel Macron al presidente ruso el 19 de agosto (en v\u00edsperas de la reuni\u00f3n del G7) en su residencia de verano, Catherine Coquio cofundadora del Comit\u00e9 Siria-Europa denuncia, mediante esta tribuna en Le Monde, una reuni\u00f3n que considera vergonzosa dado el papel activo que desempe\u00f1a Rusia en el bombardeo contra personas civiles sirias.<\/strong><\/p>\n<p><strong><a href=\"https:\/\/www.lemonde.fr\/\">Le Monde<\/a>, 19-8-2019<\/strong><\/p>\n<p><strong><a href=\"https:\/\/correspondenciadeprensa.com\/\">Correspondencia de Prensa<\/a>, 25-8-2019<\/strong><\/p>\n<p><strong>Traducci\u00f3n de Alberto Nadal<\/strong><\/p>\n<p style=\"text-align:justify;\">Podemos preguntarnos sobre los efectos de la reuni\u00f3n entre Emmanuel Macron y Vladimir Putin en Br\u00e9gan\u00e7on. Tambi\u00e9n podemos cuestionar los m\u00e9ritos de esta reuni\u00f3n entre dos presidentes ahora socios, a pesar de la interferencia rusa en las elecciones francesas y europeas, en un contexto de numerosos encarcelamientos en Rusia y mientras los cr\u00edmenes contra la humanidad se encadenan en Siria, donde el ej\u00e9rcito ruso juega el papel decisivo que conocemos desde hace cuatro a\u00f1os.<\/p>\n<p style=\"text-align:justify;\">En lugar de la reducci\u00f3n prevista en Sochi (Rusia), los bombardeos se han reanudado en la provincia de Idlib, donde se han reagrupado m\u00e1s de 3 millones de personas sirias (un tercio de las cuales son ni\u00f1os y ni\u00f1as), de las cuales 400,000 son personas desplazadas. Seg\u00fan la Red Siria de Derechos Humanos, 33 hospitales, 77 escuelas, 46 lugares de culto y 3 campos de refugiados fueron bombardeados en mayo y junio, matando a 518 personas, una cifra que lleva camino de duplicarse en la actualidad.<\/p>\n<p style=\"text-align:justify;\">Hay bombardeos que se producen dos veces casi seguidas para liquidar a los equipos de rescate, que viven en el infierno en pueblos varias veces bombardeados. El 16 de agosto nos llegaron im\u00e1genes terror\u00edficas desde Ariha (al sur de la provincia siria de Idlib): un hombre mostraba gritando el cuerpo destrozado de una mujer y su feto ca\u00eddo en el suelo. Esta carnicer\u00eda no pretende liquidar a la oposici\u00f3n, sino destruir toda infraestructura y vida social y atacar cualquier forma de esperanza entre la poblaci\u00f3n. Apuntar a la infancia (caracter\u00edstica del r\u00e9gimen desde 2011) y eliminar cualquier oportunidad de educar y cuidar son los medios m\u00e1s seguros.<\/p>\n<p style=\"text-align:center;\"><strong>M\u00e1s bombardeos mortales que nunca<\/strong><\/p>\n<p style=\"text-align:justify;\">Vistas estas atrocidades, \u00bfqu\u00e9 est\u00e1 haciendo Putin en Br\u00e9gan\u00e7on, despu\u00e9s de Versalles y el Consejo de Europa? \u00bfNo habr\u00eda m\u00e1s bien que reunir a las democracias de la Uni\u00f3n Europea que todav\u00eda existen y declarar el embargo, el fin de los contratos, la congelaci\u00f3n de activos? Durante la reuni\u00f3n entre Putin y Macron en San Petersburgo el 23 de mayo de 2018, se decidi\u00f3 una colaboraci\u00f3n que consagraba un giro: Francia envi\u00f3 50 toneladas de ayuda humanitaria a trav\u00e9s de la fuerza a\u00e9rea rusa a Guta (suburbio de Damasco), recuperada despu\u00e9s de dos meses de bombardeo. Se supon\u00eda que la operaci\u00f3n influ\u00eda en el \u00abexpediente sirio\u00bb y pon\u00eda a prueba la voluntad de Rusia de estabilizar la regi\u00f3n.<\/p>\n<p style=\"text-align:justify;\">Un a\u00f1o despu\u00e9s, los bombardeos son m\u00e1s mortales que nunca, Rusia contin\u00faa probando sus armas y, sobre todo, el umbral de tolerancia de la comunidad internacional, que parece ilimitado. Lo que est\u00e1 sucediendo en Idlib solo confirma, como se esperaba, la luz verde en que se hab\u00eda transformado la l\u00ednea roja de los ataques qu\u00edmicos de 2013: aumento de la impunidad durante seis a\u00f1os. Despu\u00e9s de prever el veto chino-ruso y dejar que la gesti\u00f3n turco-rusa del conflicto se desintegre, la ONU toma nota de la victoria de un r\u00e9gimen genocida e invita a los sirios a regresar a casa: la guerra ha terminado.<\/p>\n<p style=\"text-align:justify;\">Pero adem\u00e1s de que la guerra prosigue, \u00bfera la funci\u00f3n de la ONU poner fin a un exterminio diciendo \u00ab\u00a1Qu\u00e9 horror!\u00bb? \u00bfDeber\u00edamos entregar a los ej\u00e9rcitos los datos geolocalizados de los objetivos para evitarlos, cuando conocemos los m\u00e9todos de Putin en t\u00e9rminos de guerra de tierra quemada? \u00bfNos olvidamos de Grozny, incluso en la ONU? \u00bfPor qu\u00e9 la gente siria regresar\u00eda a donde la prisi\u00f3n o la muerte la est\u00e1 esperando y por qu\u00e9 se detendr\u00eda el \u00e9xodo? \u00bfPor qu\u00e9 los cientos de ni\u00f1os y ni\u00f1as de la calle que vieron a sus padres masacrados resistir\u00edan los llamamientos del nihilismo yihadista y de los equipos de Daesh (acr\u00f3nimo \u00e1rabe de la organizaci\u00f3n del Estado Isl\u00e1mico), que, seg\u00fan sabemos, est\u00e1 ganando terreno en Siria. \u00a1Qu\u00e9 sorpresa ! \u00bfNo hab\u00edamos terminado?<\/p>\n<p style=\"text-align:center;\"><strong>Una guerra sin fin<\/strong><\/p>\n<p style=\"text-align:justify;\">La asombrosa indiferencia o ceguera que se manifiesta hacia la ciudadan\u00eda siria, como si viviera en otro planeta, tiene un nombre: la guerra contra Daesh y al-Qaida. Pero se sabe que el 29 de julio Assad liber\u00f3 a terroristas de Daesh en Deraa (suroeste de Siria), como ya hab\u00eda hecho en 2011 liberando a los yihadistas. Si Bachar Al-Assad librara una guerra contra el terror esta guerra no habr\u00eda causado el 90% de sus bajas entre la poblaci\u00f3n civil y habr\u00eda terminado hace mucho tiempo.<\/p>\n<p style=\"text-align:justify;\">Recordemos que cinco meses despu\u00e9s del levantamiento en Siria ya hab\u00eda 2.000 muertos y 1.200 prisioneros, cuando a\u00fan no exist\u00edan ni el Ej\u00e9rcito Libre, ni Daesh, ni Nosra, sino una poblaci\u00f3n que exig\u00eda \u00ablibertad y dignidad\u00bb. Bachar lleva a cabo su propia yihad y no es sorprendente que se haya desatado contra los enemigos que tiene en com\u00fan con Daesh: la gente que quer\u00eda la democracia. La guerra que libra contra su poblaci\u00f3n no tiene fin: \u00abAssad para la eternidad\u00bb, \u00abBachar o quemamos el pa\u00eds\u00bb, dicen los lemas que cantan estos cr\u00edmenes.<\/p>\n<p style=\"text-align:justify;\">Nada se le ha ahorrado a la gente siria, ni siquiera las expulsiones de Turqu\u00eda y L\u00edbano por familias enteras enviadas a la muerte. Las revelaciones sobre Tadmor y Saidnaya y otros espantosos centros de tortura (100,000 desaparecidos) muestran la permanencia de la cultura de la crueldad. \u00bfQu\u00e9 milagro habr\u00eda hecho desaparecer esa cultura?<img data-recalc-dims=\"1\" loading=\"lazy\" decoding=\"async\" data-attachment-id=\"8525\" data-permalink=\"https:\/\/correspondenciadeprensa.com\/?attachment_id=8525\" data-orig-file=\"https:\/\/i0.wp.com\/correspondenciadeprensa.com\/wp-content\/uploads\/2019\/08\/siria2508-dos.jpg?fit=1024%2C763&amp;ssl=1\" data-orig-size=\"1024,763\" data-comments-opened=\"0\" data-image-title=\"Siria2508 Dos\" data-image-description=\"\" data-image-caption=\"\" data-large-file=\"https:\/\/i0.wp.com\/correspondenciadeprensa.com\/wp-content\/uploads\/2019\/08\/siria2508-dos.jpg?fit=656%2C489&amp;ssl=1\" class=\"  wp-image-8525 aligncenter\" src=\"https:\/\/i0.wp.com\/correspondenciadeprensa.com\/wp-content\/uploads\/2019\/08\/siria2508-dos.jpg?resize=616%2C459&#038;ssl=1\" alt=\"Siria2508 Dos\" width=\"616\" height=\"459\" \/><\/p>\n<p style=\"text-align:justify;\">Cuando el p\u00fablico sepa lo que ha sucedido en este pa\u00eds durante diez a\u00f1os, se producir\u00e1 una asfixia moral, pero dado el estado de nuestras sociedades, no nos sentiremos obligados al \u00abdeber de la memoria\u00bb. \u00bfCu\u00e1ndo veremos que esta carnicer\u00eda consumada lleva al mundo a una nueva anomia? En vista de estas perspectivas, la reuni\u00f3n de Br\u00e9gan\u00e7on no solo ser\u00e1 otro desaire para el presidente franc\u00e9s. Ya est\u00e1 en el cap\u00edtulo de los episodios m\u00e1s vergonzosos de la historia de Francia, veinticinco a\u00f1os despu\u00e9s de Ruanda.<\/p>\n<p style=\"text-align:justify;\"><strong>&#8211; Catherine Coquio<\/strong> particip\u00f3 en la fundaci\u00f3n en 2015 del Comit\u00e9 Siria-Europa. Este grupo de intelectuales est\u00e1 trabajando actualmente con el laboratorio Shakk en el EHESS en la escritura de la historia en el contexto de la revoluci\u00f3n y la guerra en Siria. Se est\u00e1 preparando un Libro Negro de la represi\u00f3n en dicho pa\u00eds.<\/p>\n","protected":false},"excerpt":{"rendered":"<p>Con motivo de la recepci\u00f3n dada por Emmanuel Macron al presidente ruso el 19 de agosto (en v\u00edsperas de la reuni\u00f3n del G7) en su residencia de verano, Catherine Coquio cofundadora del Comit\u00e9 Siria-Europa denuncia, mediante esta tribuna en Le Monde, una reuni\u00f3n que considera vergonzosa dado el papel activo que desempe\u00f1a Rusia en el bombardeo contra personas civiles sirias&#8230;<\/p>\n","protected":false},"author":102520410,"featured_media":8524,"comment_status":"closed","ping_status":"closed","sticky":false,"template":"","format":"aside","meta":{"_coblocks_attr":"","_coblocks_dimensions":"","_coblocks_responsive_height":"","_coblocks_accordion_ie_support":"","advanced_seo_description":"","jetpack_seo_html_title":"","jetpack_seo_noindex":false,"jetpack_seo_schema_type":"","_jetpack_newsletter_access":"","_jetpack_dont_email_post_to_subs":false,"_jetpack_newsletter_tier_id":0,"_jetpack_memberships_contains_paywalled_content":false,"_wpcom_ai_launchpad_first_post":false,"_jetpack_feature_clip_id":0,"_jetpack_memberships_contains_paid_content":false,"footnotes":"","jetpack_post_was_ever_published":false},"categories":[129883,54147],"tags":[685535499],"class_list":["post-8521","post","type-post","status-publish","format-aside","has-post-thumbnail","hentry","category-medio-oriente","category-siria","tag-red-siria-de-derechos-humanos","post_format-post-format-aside","fallback-thumbnail"],"jetpack_likes_enabled":false,"jetpack_sharing_enabled":true,"jetpack_shortlink":"https:\/\/wp.me\/p7lt2C-2dr","amp_enabled":true,"jetpack_featured_media_url":"https:\/\/i0.wp.com\/correspondenciadeprensa.com\/wp-content\/uploads\/2019\/08\/siria2508-uno.jpg?fit=700%2C394&ssl=1","_links":{"self":[{"href":"https:\/\/correspondenciadeprensa.com\/index.php?rest_route=\/wp\/v2\/posts\/8521","targetHints":{"allow":["GET"]}}],"collection":[{"href":"https:\/\/correspondenciadeprensa.com\/index.php?rest_route=\/wp\/v2\/posts"}],"about":[{"href":"https:\/\/correspondenciadeprensa.com\/index.php?rest_route=\/wp\/v2\/types\/post"}],"author":[{"embeddable":true,"href":"https:\/\/correspondenciadeprensa.com\/index.php?rest_route=\/wp\/v2\/users\/102520410"}],"replies":[{"embeddable":true,"href":"https:\/\/correspondenciadeprensa.com\/index.php?rest_route=%2Fwp%2Fv2%2Fcomments&post=8521"}],"version-history":[{"count":3,"href":"https:\/\/correspondenciadeprensa.com\/index.php?rest_route=\/wp\/v2\/posts\/8521\/revisions"}],"predecessor-version":[{"id":8526,"href":"https:\/\/correspondenciadeprensa.com\/index.php?rest_route=\/wp\/v2\/posts\/8521\/revisions\/8526"}],"wp:featuredmedia":[{"embeddable":true,"href":"https:\/\/correspondenciadeprensa.com\/index.php?rest_route=\/wp\/v2\/media\/8524"}],"wp:attachment":[{"href":"https:\/\/correspondenciadeprensa.com\/index.php?rest_route=%2Fwp%2Fv2%2Fmedia&parent=8521"}],"wp:term":[{"taxonomy":"category","embeddable":true,"href":"https:\/\/correspondenciadeprensa.com\/index.php?rest_route=%2Fwp%2Fv2%2Fcategories&post=8521"},{"taxonomy":"post_tag","embeddable":true,"href":"https:\/\/correspondenciadeprensa.com\/index.php?rest_route=%2Fwp%2Fv2%2Ftags&post=8521"}],"curies":[{"name":"wp","href":"https:\/\/api.w.org\/{rel}","templated":true}]}}