{"id":8490,"date":"2019-08-24T17:08:11","date_gmt":"2019-08-24T20:08:11","guid":{"rendered":"http:\/\/correspondenciadeprensa.com\/?p=8490"},"modified":"2019-08-26T17:35:17","modified_gmt":"2019-08-26T20:35:17","slug":"puerto-rico-lucha-por-la-escuela-publica-los-profesores-y-su-papel-clave-en-la-insurreccion","status":"publish","type":"post","link":"https:\/\/correspondenciadeprensa.com\/?p=8490","title":{"rendered":"Puerto Rico &#8211; Lucha por la escuela p\u00fablica. Los profesores y su papel clave en la insurrecci\u00f3n.   [Mercedes Mart\u00ednez y Monique Dols]"},"content":{"rendered":"<p><strong><a href=\"http:\/\/alencontre.org\/\">A l&#8217;encontre<\/a>, 22-8-2019\u00a0\u00a0 <\/strong><\/p>\n<p><strong><a href=\"https:\/\/correspondenciadeprensa.com\/\">Correspondencia de Prensa<\/a>, 24-8-2019<\/strong><\/p>\n<p><strong>Traducci\u00f3n de Ruben Navarro \u2013 Correspondencia de Prensa<\/strong><\/p>\n<p style=\"text-align:justify;\">En los dos meses que precedieron al levantamiento que derroc\u00f3 al gobernador puertorrique\u00f1o Ricardo Rosell\u00f3 [ver nuestros art\u00edculos publicados en este sitio web el 23 de julio y el 8 de agosto de 2019], los docentes obtuvieron victorias, duramente disputadas, contra la privatizaci\u00f3n del sistema educativo. Las luchas de los profesora\/es y las familias de alumna\/os contra los cierres de escuelas y las escuelas ch\u00e1rter (escuelas privadas) abrieron la v\u00eda a una in\u00e9dita ola de protestas en el mes de julio.<\/p>\n<p style=\"text-align:justify;\">Al final del a\u00f1o escolar, en junio de 2019, qued\u00f3 claro que la lucha por el fin de las privatizaciones (\u201ccharterizaci\u00f3n\u201d) hab\u00eda ganado ampliamente. S\u00f3lo queda funcionando una de esas escuelas.<\/p>\n<p style=\"text-align:justify;\">Luego, durante el mes de julio, los docentes y las familias que hab\u00edan llevado adelante la lucha contra el cierre de 442 escuelas p\u00fablicas, programado por la ex secretaria de Educaci\u00f3n Julia Keleher, tuvieron una satisfacci\u00f3n extra cuando la propia J. Keleher fue detenida por corrupci\u00f3n.<\/p>\n<p style=\"text-align:justify;\">Ahora que el a\u00f1o escolar comienza, maestra\/os y profesora\/es siguen luchando para conseguir presupuesto y personal para las escuelas, para volver a abrir las escuelas cerradas por Keleher y contra las privatizaciones. En las semanas y en los meses que vienen, seguramente veremos de nuevo a los docentes jugando un papel crucial en la lucha por la democracia, contra la austeridad y por la dignidad de la clase obrera en Puerto Rico.<\/p>\n<p style=\"text-align:center;\"><strong>Por la jubilaci\u00f3n de los docentes<\/strong><\/p>\n<p style=\"text-align:justify;\">Otro aspecto de las luchas clave que se anuncian para los pr\u00f3ximos meses, menos conocido pero m\u00e1s cr\u00edtico, es la pelea para salvar las jubilaciones de maestra\/os y profesora\/es.<\/p>\n<p style=\"text-align:justify;\">Los trabajadores y trabajadoras del sector p\u00fablico vienen soportando presiones enormes para ajustarse el cintur\u00f3n porque el gobierno prioriza el pago de la deuda ileg\u00edtima de 74.000 millones de d\u00f3lares a los poseedores de obligaciones de deuda.<\/p>\n<p style=\"text-align:justify;\">La crisis de la deuda fue provocada por el enlentecimiento econ\u00f3mico que dura desde 2006, lo que llev\u00f3 al gobierno a contraer pr\u00e9stamos para seguir funcionando. Esos pr\u00e9stamos fueron comprados por fondos de especulaci\u00f3n cuyo objetivo es \u00fanicamente el de obtener ganancias, forzando para ello al gobierno a reducir los servicios con los que contaban los trabajadores puertorrique\u00f1os.<\/p>\n<p style=\"text-align:justify;\">Pero, como lo dejaron claro para el mundo entero, el hurac\u00e1n Mar\u00eda (septiembre-octubre de 2017, con miles de muertos) y el alzamiento popular de este verano, los trabajadores puertorrique\u00f1os no pueden ya seguir sufriendo para beneficiar a los ricos. (Ver: <a href=\"https:\/\/correspondenciadeprensa.com\/2017\/10\/03\/puerto-rico-algunas-lecciones-tras-el-paso-del-huracan-maria\/\">Puerto Rico \u2013 Algunas lecciones tras el paso del hurac\u00e1n Mar\u00eda<\/a>)<\/p>\n<p style=\"text-align:justify;\">En junio, los docentes de Puerto Rico se reunieron en un movimiento incre\u00edble de solidaridad y de auto organizaci\u00f3n para decir no a una propuesta que, de haber sido adoptada, habr\u00eda barrido con las jubilaciones de miles de ense\u00f1antes.<\/p>\n<p style=\"text-align:justify;\">En la \u00faltima semana de mayo, la Asociaci\u00f3n de Maestros de Puerto Rico (AMPR), afiliada a la American Federation of teachers (AFT), hizo p\u00fablico un acuerdo negociado directamente con la Junta de Supervisi\u00f3n y Administraci\u00f3n Financiera para Puerto Rico (que depende de Washington). Ese consejo de administraci\u00f3n impuesto por el gobierno federal, conocido localmente como \u201cJunta\u201d, act\u00faa como si fuera una dictadura ya que supervisa el proceso que consiste en hacer pagar a los trabajadores y a las trabajadoras la deuda odiosa de Puerto Rico.<\/p>\n<p style=\"text-align:justify;\">La AFT gast\u00f3 3 millones de d\u00f3lares en una negociaci\u00f3n a puertas cerradas durante un a\u00f1o, pasando por encima del gobierno electo y sobre todo, por encima de los docentes. La propuesta habr\u00eda anulado simplemente la jubilaci\u00f3n de miles de maestra\/os y pofesora\/os en actividad, remplaz\u00e1ndolas por un r\u00e9gimen de jubilaciones de tipo 401(k) (sistema de capitalizaci\u00f3n), habr\u00eda reducido las pensiones de los ya jubilados\u00a0 de 8,5% y la edad legal para jubilarse habr\u00eda pasado de 55 a 63 a\u00f1os. El acuerdo preve\u00eda tambi\u00e9n la eliminaci\u00f3n de la prima de Navidad e inclu\u00eda la obligaci\u00f3n para los docentes de trabajar los d\u00edas feriados reconocidos a nivel nacional.<\/p>\n<p style=\"text-align:justify;\">Pero la Federaci\u00f3n de Maestros de Puerto Rico (FMPR), un sindicato de la ense\u00f1anza con una larga historia de lucha de clases, as\u00ed como sus aliados en la lucha por la defensa de la educaci\u00f3n p\u00fablica, condujeron exitosamente una campa\u00f1a por el No, que rechaz\u00f3 el acuerdo y fren\u00f3 de manera imprevista las maniobras de la Junta y de la AMPR\/AFT.<\/p>\n<p style=\"text-align:justify;\">La campa\u00f1a \u00ab Vote No \u00bb fue una batalla dif\u00edcil. La AMPR\/AFT gast\u00f3 cientos de miles de d\u00f3lares en publicidad enga\u00f1osa de radio y televisi\u00f3n, presentando el acuerdo como un compromiso necesario para conservar las jubilaciones. En lugar de instalar mesas de votaci\u00f3n en las escuelas u otros edificios p\u00fablicos, el sindicato alquil\u00f3 locales privados que su personal ocup\u00f3 con el objetivo de distribuir propaganda por el acuerdo y mantener alejados a los opositores. La AMPR\/AFT lleg\u00f3 incluso a llamar a la polic\u00eda para pedirle que impidiera la entrada de observadores neutrales a las mesas de votaci\u00f3n.<\/p>\n<p style=\"text-align:justify;\">Pese a esas medidas represivas, la federaci\u00f3n FMPR\u00a0 moviliz\u00f3 equipos para que estuvieran presentes delante de 96% de las mesas de votaci\u00f3n. Realizando encuestas a boca de urnas, los militantes de \u201cVote No\u201d consiguieron que los resultados no pudieran ser adulterados.<img data-recalc-dims=\"1\" loading=\"lazy\" decoding=\"async\" data-attachment-id=\"8495\" data-permalink=\"https:\/\/correspondenciadeprensa.com\/?attachment_id=8495\" data-orig-file=\"https:\/\/i0.wp.com\/correspondenciadeprensa.com\/wp-content\/uploads\/2019\/08\/puerto-rico2408-i.jpg?fit=833%2C403&amp;ssl=1\" data-orig-size=\"833,403\" data-comments-opened=\"0\" data-image-title=\"Puerto Rico2408 I\" data-image-description=\"\" data-image-caption=\"\" data-large-file=\"https:\/\/i0.wp.com\/correspondenciadeprensa.com\/wp-content\/uploads\/2019\/08\/puerto-rico2408-i.jpg?fit=656%2C317&amp;ssl=1\" class=\"  wp-image-8495 aligncenter\" src=\"https:\/\/i0.wp.com\/correspondenciadeprensa.com\/wp-content\/uploads\/2019\/08\/puerto-rico2408-i.jpg?resize=656%2C317&#038;ssl=1\" alt=\"Puerto Rico2408 I\" width=\"656\" height=\"317\" \/><\/p>\n<p style=\"text-align:center;\"><strong>La lucha por un \u201cimposible\u201d aparente<\/strong><\/p>\n<p style=\"text-align:justify;\">Fue un verano glorioso en el que cientos de miles de puertorrique\u00f1os participaron en la mayor huelga general nunca antes organizada en la isla. Las huelgas y las manifestaciones que hicieron caer el r\u00e9gimen de Rosell\u00f3 fueron ampliamente espont\u00e1neas y democr\u00e1ticas, pero los g\u00e9rmenes de la insurrecci\u00f3n vienen siendo sembrados durante d\u00e9cadas de luchas.<\/p>\n<p style=\"text-align:justify;\">Esas luchas fueron las de las feministas que lucharon contra la violencia sexista y la homofobia, de los periodistas que revelaron la enormidad de la corrupci\u00f3n gubernamental, de los militantes que se organizaron para reclamar la anulaci\u00f3n de la deuda, de los habitantes de los barrios que construyeron centros aut\u00f3nomos de auto organizaci\u00f3n, de los medioambientalistas que lograron frenar un oleoducto, de los estudiantes en huelga para defender las universidades p\u00fablicas, de los artistas protegiendo y creando la cultura, de los sindicalistas que rechazan hipotecar el futuro de las trabajadoras y los trabajadores.<\/p>\n<p style=\"text-align:justify;\">Ning\u00fan partido, ninguna organizaci\u00f3n ni ning\u00fan sindicato convoc\u00f3 a la huelga y a las manifestaciones. Muchos grupos, en cambio, contribuyeron a la concreci\u00f3n de la huelga y a su car\u00e1cter pol\u00edtico.<\/p>\n<p style=\"text-align:justify;\">Si algo tenemos que sacar como lecci\u00f3n de ese momento victorioso, es que el camino a seguir consiste en luchar por el futuro rechazando todo compromiso.<\/p>\n<p style=\"text-align:justify;\">En el movimiento obrero, sindicatos como la AMPR en Puerto Rico y la AFT en los EEUU han negociado nuestros derechos m\u00e1s de una vez con la excusa de conseguir lo que se puede para evitar lo peor. Esta concepci\u00f3n permite a los que est\u00e1n contra nosotros ir minando poco a poco nuestras posiciones, hasta el d\u00eda en que encontramos nuestro sistema de educaci\u00f3n p\u00fablica en un estado lamentable, las escuelas de barrio cerradas, la vida de los alumnos bruscamente alterada y a los docentes sin futuro.<\/p>\n<p style=\"text-align:justify;\">Nuestro futuro depende de la lucha por lo \u201cimposible\u201d, contra toda la l\u00f3gica de un sistema para el que la vida de los trabajadores no cuenta.<\/p>\n<p style=\"text-align:center;\"><strong>El viento sopla en nuestras velas<\/strong><\/p>\n<p style=\"text-align:justify;\">Hoy, los luchadores por el futuro de de la educaci\u00f3n en Puerto Rico han acumulado victorias, el viento hincha las velas. Hemos hecho caer dos gobiernos corruptos y estamos enfrentando al tercero. Las manifestaciones, los m\u00edtines, las marchas, las performances art\u00edsticas y las batallas en las calles contra la brutalidad policial se complementan unos con otras. Es un triunfo para el pueblo puertorrique\u00f1o.<\/p>\n<p style=\"text-align:justify;\">El gobierno est\u00e1 en crisis y enfrente, la poblaci\u00f3n organiza asambleas regionales que siguen multiplic\u00e1ndose. Confiamos en que una nueva ola de reivindicaciones salga de esas asambleas.<\/p>\n<p style=\"text-align:justify;\">La FMPR va a pedir una auditor\u00eda de la deuda, la reapertura de nuestras escuelas, la derogaci\u00f3n de las leyes anti trabajadores, la revocaci\u00f3n de la privatizaci\u00f3n de empresas y servicios p\u00fablicos, la inclusi\u00f3n de un programa anti sexista en las escuelas y la construcci\u00f3n de un sistema educativo p\u00fablico de calidad, como lo merece el pueblo puertorrique\u00f1o.<\/p>\n<p style=\"text-align:justify;\">La insurrecci\u00f3n popular en Puerto Rico prob\u00f3 una vez m\u00e1s que \u201cluchando se puede ganar\u201d.<\/p>\n<p><strong>&#8211;<\/strong><strong> Mercedes Mart\u00ednez<\/strong> es presidenta de la FMPR. <strong>Monique Dols<\/strong> es educadora, trabaja con preescolares en Nueva York. Art\u00edculo publicado en el sitio <a href=\"https:\/\/www.labornotes.org\/\">Labor Notes<\/a>, 15-8-2019<\/p>\n","protected":false},"excerpt":{"rendered":"<p>Los trabajadores y trabajadoras del sector p\u00fablico vienen soportando presiones enormes para ajustarse el cintur\u00f3n porque el gobierno prioriza el pago de la deuda ileg\u00edtima de 74.000 millones de d\u00f3lares a los poseedores de obligaciones de deuda&#8230;<\/p>\n","protected":false},"author":102520410,"featured_media":8496,"comment_status":"closed","ping_status":"closed","sticky":false,"template":"","format":"aside","meta":{"_coblocks_attr":"","_coblocks_dimensions":"","_coblocks_responsive_height":"","_coblocks_accordion_ie_support":"","advanced_seo_description":"","jetpack_seo_html_title":"","jetpack_seo_noindex":false,"jetpack_seo_schema_type":"","_jetpack_newsletter_access":"","_jetpack_dont_email_post_to_subs":false,"_jetpack_newsletter_tier_id":0,"_jetpack_memberships_contains_paywalled_content":false,"_wpcom_ai_launchpad_first_post":false,"_jetpack_feature_clip_id":0,"_jetpack_memberships_contains_paid_content":false,"footnotes":"","jetpack_post_was_ever_published":false},"categories":[],"tags":[17212,2827621,1387954,4110173,16496,39662,10134249],"class_list":["post-8490","post","type-post","status-publish","format-aside","has-post-thumbnail","hentry","tag-america-latina","tag-auto-organizacion","tag-educacion-publica","tag-fmpr","tag-junta","tag-puerto-rico","tag-rosello","post_format-post-format-aside","fallback-thumbnail"],"jetpack_likes_enabled":false,"jetpack_sharing_enabled":true,"jetpack_shortlink":"https:\/\/wp.me\/p7lt2C-2cW","amp_enabled":true,"jetpack_featured_media_url":"https:\/\/i0.wp.com\/correspondenciadeprensa.com\/wp-content\/uploads\/2019\/08\/puerto-rico2408-ii.jpg?fit=633%2C397&ssl=1","_links":{"self":[{"href":"https:\/\/correspondenciadeprensa.com\/index.php?rest_route=\/wp\/v2\/posts\/8490","targetHints":{"allow":["GET"]}}],"collection":[{"href":"https:\/\/correspondenciadeprensa.com\/index.php?rest_route=\/wp\/v2\/posts"}],"about":[{"href":"https:\/\/correspondenciadeprensa.com\/index.php?rest_route=\/wp\/v2\/types\/post"}],"author":[{"embeddable":true,"href":"https:\/\/correspondenciadeprensa.com\/index.php?rest_route=\/wp\/v2\/users\/102520410"}],"replies":[{"embeddable":true,"href":"https:\/\/correspondenciadeprensa.com\/index.php?rest_route=%2Fwp%2Fv2%2Fcomments&post=8490"}],"version-history":[{"count":10,"href":"https:\/\/correspondenciadeprensa.com\/index.php?rest_route=\/wp\/v2\/posts\/8490\/revisions"}],"predecessor-version":[{"id":8544,"href":"https:\/\/correspondenciadeprensa.com\/index.php?rest_route=\/wp\/v2\/posts\/8490\/revisions\/8544"}],"wp:featuredmedia":[{"embeddable":true,"href":"https:\/\/correspondenciadeprensa.com\/index.php?rest_route=\/wp\/v2\/media\/8496"}],"wp:attachment":[{"href":"https:\/\/correspondenciadeprensa.com\/index.php?rest_route=%2Fwp%2Fv2%2Fmedia&parent=8490"}],"wp:term":[{"taxonomy":"category","embeddable":true,"href":"https:\/\/correspondenciadeprensa.com\/index.php?rest_route=%2Fwp%2Fv2%2Fcategories&post=8490"},{"taxonomy":"post_tag","embeddable":true,"href":"https:\/\/correspondenciadeprensa.com\/index.php?rest_route=%2Fwp%2Fv2%2Ftags&post=8490"}],"curies":[{"name":"wp","href":"https:\/\/api.w.org\/{rel}","templated":true}]}}