{"id":7918,"date":"2019-07-05T18:03:09","date_gmt":"2019-07-05T21:03:09","guid":{"rendered":"http:\/\/correspondenciadeprensa.com\/?p=7918"},"modified":"2019-07-05T18:03:09","modified_gmt":"2019-07-05T21:03:09","slug":"venezuela-informe-de-bachelet-demoledoras-conclusiones","status":"publish","type":"post","link":"https:\/\/correspondenciadeprensa.com\/?p=7918","title":{"rendered":"Venezuela &#8211; Informe de Bachelet. Demoledoras conclusiones.  [BBC &#8211; Aporrea &#8211; Documento]"},"content":{"rendered":"<p style=\"text-align:justify;\"><strong>Para su informe, Michelle Bachelet, quien visit\u00f3 el pa\u00eds entre el 19 y el 21 de junio, entrevist\u00f3 a m\u00e1s de 558 personas, la mayor\u00eda v\u00edctimas de abusos y testigos. El gobierno de Venezuela ha cometido \u00abnumerosas violaciones de los derechos humanos\u00bb. <\/strong><strong>Es la conclusi\u00f3n de la alta comisionada de Naciones Unidas para los Derechos Humanos, quien hizo p\u00fablico este jueves un informe sobre la situaci\u00f3n en el pa\u00eds. Lea informe completo en castellano: <a href=\"https:\/\/prodavinci.com\/lea-el-informe-sobre-la-situacion-de-derechos-humanos-en-venezuela-de-la-oficina-del-alto-comisionado-de-la-onu\/\">https:\/\/prodavinci.com\/lea-el-informe-sobre-la-situacion-de-derechos-humanos-en-venezuela-de-la-oficina-del-alto-comisionado-de-la-onu\/<\/a><\/strong><\/p>\n<p><strong><a href=\"https:\/\/www.bbc.com\/mundo\/\">BBC News Mundo<\/a>, Redacci\u00f3n, 4-7-2019<\/strong><\/p>\n<p><strong><a href=\"https:\/\/correspondenciadeprensa.com\/\">Correspondencia de Prensa<\/a>, 4-7-2019<\/strong><\/p>\n<p style=\"text-align:justify;\">El contenido del reporte de la expresidenta de Chile es similar al de investigaciones anteriores de la ONU, as\u00ed como de otras organizaciones internacionales, que tambi\u00e9n fueron rechazados por el gobierno.<\/p>\n<p style=\"text-align:justify;\">Su difusi\u00f3n se produce pocos d\u00edas despu\u00e9s de la muerte del capit\u00e1n Rafael Acosta Ar\u00e9valo mientras permanec\u00eda detenido por los servicios de inteligencia acusado de participar en un complot golpista contra el presidente Nicol\u00e1s Maduro.<\/p>\n<p style=\"text-align:justify;\">Y poco despu\u00e9s tambi\u00e9n de que agentes de polic\u00eda del Estado T\u00e1chira dejaran sin ojos a perdigonazos a un joven que protestaba por la falta de gas en su comunidad.<\/p>\n<p style=\"text-align:justify;\"><img data-recalc-dims=\"1\" loading=\"lazy\" decoding=\"async\" data-attachment-id=\"7922\" data-permalink=\"https:\/\/correspondenciadeprensa.com\/?attachment_id=7922\" data-orig-file=\"https:\/\/i0.wp.com\/correspondenciadeprensa.com\/wp-content\/uploads\/2019\/07\/venezuela507-cinco.jpg?fit=980%2C650&amp;ssl=1\" data-orig-size=\"980,650\" data-comments-opened=\"0\" data-image-title=\"Venezuela507 Cinco\" data-image-description=\"\" data-image-caption=\"\" data-large-file=\"https:\/\/i0.wp.com\/correspondenciadeprensa.com\/wp-content\/uploads\/2019\/07\/venezuela507-cinco.jpg?fit=656%2C435&amp;ssl=1\" class=\"  wp-image-7922 alignleft\" src=\"https:\/\/i0.wp.com\/correspondenciadeprensa.com\/wp-content\/uploads\/2019\/07\/venezuela507-cinco.jpg?resize=464%2C308&#038;ssl=1\" alt=\"Venezuela507 Cinco\" width=\"464\" height=\"308\" \/>La alta comisionada prev\u00e9 que, de no mejorar la situaci\u00f3n en Venezuela, seguir\u00e1 aumentando el n\u00famero de venezolanos que abandona su pa\u00eds. Ya son m\u00e1s de cuatro millones, seg\u00fan las estimaciones de Naciones Unidas.<\/p>\n<p style=\"text-align:justify;\">Por su parte, el gobierno de Nicol\u00e1s Maduro present\u00f3 este jueves 70 \u00abobservaciones\u00bb que dan cuenta de los errores que, seg\u00fan las autoridades venezolanas, contiene el informe de Bachelet.<\/p>\n<p style=\"text-align:center;\"><strong>\u00abEjecuciones extrajudiciales\u00bb para el \u00abcontrol social\u00bb<\/strong><\/p>\n<p style=\"text-align:justify;\">Aunque no da por probados los supuestos homicidios perpetrados por las fuerzas de seguridad, el informe de Bachelet afirma que \u00abmiles de personas, principalmente hombres j\u00f3venes, han muerto en supuestos enfrentamientos con fuerzas estatales en los \u00faltimos a\u00f1os\u00bb.<\/p>\n<p style=\"text-align:justify;\">La comisionada afirma que \u00abexisten motivos razonables para creer que muchas de esas muertes constituyen ejecuciones extrajudiciales perpetradas por las fuerzas de seguridad, en particular la FAES\u00bb.<\/p>\n<p style=\"text-align:justify;\">La FAES es la Fuerza de Acciones Especiales de la Polic\u00eda Nacional Bolivariana, un cuerpo de seguridad creado por orden del presidente Maduro con el objetivo declarado de erradicar la delincuencia.<\/p>\n<p style=\"text-align:justify;\">La actuaci\u00f3n del FAES ha estado rodeada de pol\u00e9mica desde su creaci\u00f3n y se han registrado numerosas denuncias de atropellos y abusos de sus integrantes.<\/p>\n<p style=\"text-align:justify;\">Bachelet expres\u00f3 su preocupaci\u00f3n con que las autoridades puedan estar utilizando a las FAES, y posiblemente a otras fuerzas de seguridad \u00abcomo parte de una pol\u00edtica de control social\u00bb.<\/p>\n<p style=\"text-align:center;\"><strong>\u00abDetenciones arbitrarias\u00bb y tortura contra la oposici\u00f3n<\/strong><\/p>\n<p style=\"text-align:justify;\">Seg\u00fan el informe de la comisionada, no es la FAES el \u00fanico cuerpo policial responsable de \u00abgraves vulneraciones\u00bb.<\/p>\n<p style=\"text-align:justify;\">As\u00ed, el documento dice que \u00abla Guardia Nacional y la Polic\u00eda Nacional han sido responsables del uso excesivo de la fuerza en manifestaciones al menos desde 2014\u00bb.<\/p>\n<p style=\"text-align:justify;\">Al Servicio Bolivariano de Inteligencia Nacional (Sebin) y a la Direcci\u00f3n General de Contrainteligencia Militar (DGCIM), el informe les atribuye haber sido \u00abresponsables de detenciones arbitrarias, maltratos y tortura de opositores\/as pol\u00edticos\/as y de sus familiares\u00bb.<\/p>\n<p style=\"text-align:justify;\">Igualmente, \u00ablos colectivos armados contribuyen a este sistema ejerciendo control social en las comunidades locales, y apoyando a las fuerzas de seguridad en la represi\u00f3n de manifestaciones y de la disidencia\u00bb.<\/p>\n<p style=\"text-align:center;\"><strong>\u00abCorrupci\u00f3n\u00bb en un pa\u00eds con 3,7 millones de desnutridos<\/strong><\/p>\n<p style=\"text-align:justify;\">Bachelet concluye que en Venezuela tambi\u00e9n se conculcan los derechos econ\u00f3micos de los ciudadanos.<\/p>\n<p style=\"text-align:justify;\">\u00abEl desv\u00edo de recursos, la corrupci\u00f3n y la falta de mantenimiento en la infraestructura p\u00fablica, as\u00ed como la subinversi\u00f3n, han tenido como resultado violaciones al derecho a un nivel adecuado de vida, entre otros, debido al deterioro de servicios b\u00e1sicos como el transporte p\u00fablico y el acceso a electricidad, agua y gas natural\u00bb, afirma el informe.<\/p>\n<p style=\"text-align:justify;\">El derecho a la alimentaci\u00f3n de los venezolanos tampoco pasa por su mejor momento, de acuerdo con las conclusiones del informe, que afirma que \u00abel principal programa de asistencia alimentaria, conocido como &#8216;cajas CLAP&#8217; (Comit\u00e9 Local de Abastecimiento y Producci\u00f3n-), no cubre las necesidades nutricionales que son elementales para la gente\u00bb.<\/p>\n<p style=\"text-align:justify;\"><img data-recalc-dims=\"1\" loading=\"lazy\" decoding=\"async\" data-attachment-id=\"7920\" data-permalink=\"https:\/\/correspondenciadeprensa.com\/?attachment_id=7920\" data-orig-file=\"https:\/\/i0.wp.com\/correspondenciadeprensa.com\/wp-content\/uploads\/2019\/07\/venezuela507-dos.jpg?fit=630%2C355&amp;ssl=1\" data-orig-size=\"630,355\" data-comments-opened=\"0\" data-image-title=\"Venezuela507 Dos\" data-image-description=\"\" data-image-caption=\"\" data-large-file=\"https:\/\/i0.wp.com\/correspondenciadeprensa.com\/wp-content\/uploads\/2019\/07\/venezuela507-dos.jpg?fit=630%2C355&amp;ssl=1\" class=\" size-full wp-image-7920 aligncenter\" src=\"https:\/\/i0.wp.com\/correspondenciadeprensa.com\/wp-content\/uploads\/2019\/07\/venezuela507-dos.jpg?resize=630%2C355&#038;ssl=1\" alt=\"Venezuela507 Dos\" width=\"630\" height=\"355\" \/>Bachelet recuerda que 3,7 millones de venezolanos se encuentran en estado de desnutrici\u00f3n, de acuerdo con las cifras del Fondo de las Naciones Unidas para la Alimentaci\u00f3n.<\/p>\n<p style=\"text-align:justify;\">Y asegura que \u00abadem\u00e1s de la hiperinflaci\u00f3n y la contracci\u00f3n de la econom\u00eda, las pol\u00edticas econ\u00f3micas y sociales adoptadas durante la \u00faltima d\u00e9cada han debilitado los sistemas de producci\u00f3n y distribuci\u00f3n de alimentos, aumentando la cantidad de personas que dependen de programas de asistencia alimentaria\u00bb.<\/p>\n<p style=\"text-align:justify;\">El gobierno de Nicol\u00e1s Maduro neg\u00f3 reiteradamente que Venezuela sufriera ninguna crisis humanitaria.<\/p>\n<p style=\"text-align:justify;\">En los \u00faltimos tiempos ha comenzado a aceptar la ayuda de organizaciones como Cruz Roja, pero mantiene que los problemas econ\u00f3micos del pa\u00eds se deben a las sanciones econ\u00f3micas y \u00abal bloqueo criminal\u00bb impuesto por Estados Unidos.<\/p>\n<p style=\"text-align:justify;\">El informe de la comisionada tambi\u00e9n aborda este asunto y recuerda que \u00abla econom\u00eda venezolana, especialmente su industria petrolera y los sistemas de producci\u00f3n de alimentos, ya estaban en crisis antes de que se impusiera cualquier sanci\u00f3n sectorial\u00bb.<\/p>\n<p style=\"text-align:justify;\">E indica que \u00ablas \u00faltimas sanciones econ\u00f3micas est\u00e1n agravando a\u00fan m\u00e1s los efectos de la crisis econ\u00f3mica y por tanto la situaci\u00f3n humanitaria\u00bb.<\/p>\n<p style=\"text-align:center;\"><strong>Una salud que \u00ablleva a\u00f1os deterior\u00e1ndose\u00bb <\/strong><\/p>\n<p style=\"text-align:justify;\">La expresidenta recoge que \u00abla atenci\u00f3n a la salud que lleva a\u00f1os deterior\u00e1ndose\u00bb y \u00abse caracteriza por el \u00e9xodo de doctores\/as y personal de enfermer\u00eda, as\u00ed como por graves carencias en la atenci\u00f3n m\u00e9dica b\u00e1sica y de medicamentos\u00bb.<\/p>\n<p style=\"text-align:justify;\">Las cifras que recoge dan idea de la magnitud del problema. Calcula que entre noviembre 2018 y febrero 2019, \u00ab1.557 personas murieron debido a la falta de insumos en hospitales\u00bb.<\/p>\n<p style=\"text-align:justify;\">La escasez de medicamentos y el grave estado de los servicios sanitarios venezolanos es algo que los profesionales locales del sector llevan a\u00f1os denunciando. El informe de Bachelet corrobora sus denuncias.<\/p>\n<p style=\"text-align:justify;\">El gobierno de Nicol\u00e1s Maduro tambi\u00e9n atribuye estas carencias a la \u00abagresi\u00f3n imperial\u00bb del gobierno de Donald Trump.<\/p>\n<p style=\"text-align:justify;\">Mediante un documento divulgado este 4 de julio, el gobierno de Nicol\u00e1s Maduro present\u00f3 70 \u00abobservaciones\u00bb que dan cuenta de lo que considera son errores que contiene el informe de Bachelet.<\/p>\n<p style=\"text-align:center;\"><strong>\u00abRestricciones a los medios de comunicaci\u00f3n independientes\u00bb<\/strong><\/p>\n<p style=\"text-align:justify;\">Para Bachelet, \u00abel gobierno ha tratado de imponer una hegemon\u00eda comunicacional imponiendo su propia versi\u00f3n de los hechos y creando un ambiente que restringe los medios de comunicaci\u00f3n independientes\u00bb, una situaci\u00f3n que ha continuado empeorando desde el a\u00f1o pasado.<\/p>\n<p style=\"text-align:justify;\">El informe recoge el cierre de decenas de medios impresos, emisoras de radio y cadenas de televisi\u00f3n, as\u00ed como el aumento en las detenciones de periodistas, incluidas las de periodistas extranjeros que terminaron siendo expulsados del pa\u00eds.<\/p>\n<p style=\"text-align:justify;\">\u00abActualmente hay centenares de periodistas venezolanos\/as exiliados\/as. Internet y las redes sociales se han convertido en los principales medios de comunicaci\u00f3n e informaci\u00f3n de la poblaci\u00f3n, limitando a\u00fan m\u00e1s el acceso a la informaci\u00f3n independiente de las personas que no tienen acceso a internet\u00bb, concluye el estudio.<\/p>\n<p style=\"text-align:center;\"><strong>Reacci\u00f3n del gobierno de Maduro<\/strong><\/p>\n<p style=\"text-align:justify;\">Mediante un documento divulgado este 4 de julio, el gobierno de Nicol\u00e1s Maduro present\u00f3 70 \u00abobservaciones\u00bb que dan cuenta de lo que considera son errores del informe de Bachelet.<\/p>\n<p style=\"text-align:justify;\">En el documento, el gobierno venezolano le solicita a la alta comisionada \u00abadoptar las medidas necesarias para corregir los errores del informe\u00bb.<img data-recalc-dims=\"1\" loading=\"lazy\" decoding=\"async\" data-attachment-id=\"7923\" data-permalink=\"https:\/\/correspondenciadeprensa.com\/?attachment_id=7923\" data-orig-file=\"https:\/\/i0.wp.com\/correspondenciadeprensa.com\/wp-content\/uploads\/2019\/07\/venezuela507-cuatro.jpg?fit=800%2C483&amp;ssl=1\" data-orig-size=\"800,483\" data-comments-opened=\"0\" data-image-title=\"Venezuela507 Cuatro\" data-image-description=\"\" data-image-caption=\"\" data-large-file=\"https:\/\/i0.wp.com\/correspondenciadeprensa.com\/wp-content\/uploads\/2019\/07\/venezuela507-cuatro.jpg?fit=656%2C396&amp;ssl=1\" class=\"  wp-image-7923 aligncenter\" src=\"https:\/\/i0.wp.com\/correspondenciadeprensa.com\/wp-content\/uploads\/2019\/07\/venezuela507-cuatro.jpg?resize=635%2C384&#038;ssl=1\" alt=\"Venezuela507 Cuatro\" width=\"635\" height=\"384\" \/><\/p>\n<p style=\"text-align:justify;\">El gobierno de Maduro denuncia que el documento distorsiona la realidad y fue elaborado con \u00abimportantes debilidades\u00bb metodol\u00f3gicas en las que \u00abse privilegian excesivamente las fuentes carentes de objetividad y se excluye casi en su totalidad la informaci\u00f3n oficial\u00bb.<\/p>\n<p style=\"text-align:justify;\">La respuesta del gobierno considera tambi\u00e9n que el informe de Bachelet \u00abomite en su totalidad los logros y avances\u00bb de Venezuela en materia de derechos humanos.<\/p>\n<p style=\"text-align:justify;\">\u00abSon incontables las imprecisiones, errores, descontextualizaciones y falsas afirmaciones en las que incurre la OACNUDH, producto del inadecuado uso de las fuentes disponibles\u00bb, sostiene el documento publicado por el ministerio de Relaciones Exteriores de Venezuela.<\/p>\n<p style=\"text-align:center;\"><strong>***<\/strong><\/p>\n<p><strong>Informe de Bachelet<\/strong><\/p>\n<p style=\"text-align:justify;\"><strong>Disolver la FAES, desmantelar los colectivos, \u201cdetener las graves vulneraciones de derechos\u201d, cese a la censura de medios de comunicaci\u00f3n<\/strong><\/p>\n<p><strong><a href=\"https:\/\/www.aporrea.org\/\">Aporrea<\/a>, 4-7-2019<\/strong><\/p>\n<p style=\"text-align:justify;\">La Oficina de Naciones Unidas para los Derechos Humanos public\u00f3 hoy un informe sobre la situaci\u00f3n de Venezuela en el que inst\u00f3 al r\u00e9gimen de Nicol\u00e1s Maduro a tomar medidas para \u00abdetener y remediar las graves vulneraciones de derechos econ\u00f3micos, sociales, civiles, pol\u00edticos y culturales\u00bb.<\/p>\n<p style=\"text-align:justify;\">El informe, que ma\u00f1ana viernes presentar\u00e1 la alta comisionada Michelle Bachelet ante el Consejo de Derechos Humanos reunido en Ginebra, advierte de que, \u00absi la situaci\u00f3n no mejora, continuar\u00e1 el \u00e9xodo sin precedentes de emigrantes y refugiados que abandonan el pa\u00eds\u00bb, que supera ya los cuatro millones de personas.<\/p>\n<p style=\"text-align:justify;\"><img data-recalc-dims=\"1\" loading=\"lazy\" decoding=\"async\" data-attachment-id=\"7921\" data-permalink=\"https:\/\/correspondenciadeprensa.com\/?attachment_id=7921\" data-orig-file=\"https:\/\/i0.wp.com\/correspondenciadeprensa.com\/wp-content\/uploads\/2019\/07\/venezuela507-tres.jpg?fit=764%2C480&amp;ssl=1\" data-orig-size=\"764,480\" data-comments-opened=\"0\" data-image-title=\"Venezuela507 Tres\" data-image-description=\"\" data-image-caption=\"\" data-large-file=\"https:\/\/i0.wp.com\/correspondenciadeprensa.com\/wp-content\/uploads\/2019\/07\/venezuela507-tres.jpg?fit=656%2C412&amp;ssl=1\" class=\"  wp-image-7921 alignright\" src=\"https:\/\/i0.wp.com\/correspondenciadeprensa.com\/wp-content\/uploads\/2019\/07\/venezuela507-tres.jpg?resize=482%2C303&#038;ssl=1\" alt=\"Venezuela507 Tres\" width=\"482\" height=\"303\" \/>El documento denuncia que en el \u00faltimo decenio, especialmente desde 2016, el r\u00e9gimen de Maduro y sus instituciones han puesto en marcha una estrategia \u00aborientada a neutralizar, reprimir y criminalizar a la oposici\u00f3n pol\u00edtica y a quienes critican al Gobierno\u00bb.<\/p>\n<p style=\"text-align:justify;\">Entre otras solicitudes destaca la exigencia de \u00abponer fin a las medidas de censura contra los medios de comunicaci\u00f3n, incluidos los sitios web de noticias.\u00bb<\/p>\n<p style=\"text-align:justify;\">A continuaci\u00f3n las recomendaciones que hicieron en el informe al Gobierno de Venezuela para que de manera inmediata:<\/p>\n<ul style=\"text-align:justify;\">\n<li>Adopte todas las medidas necesarias para garantizar la disponibilidad y la accesibilidad de alimentos, agua, medicamentos esenciales y servicios de atenci\u00f3n de la salud, incluidos programas amplios de atenci\u00f3n de la salud preventiva, prestando especial atenci\u00f3n a los servicios maternos e infantiles, incluida la atenci\u00f3n de la salud sexual y reproductiva.<\/li>\n<li>Adopte de inmediato medidas para cesar, subsanar y prevenir las violaciones de los derechos humanos, en particular las violaciones graves, como la tortura y las ejecuciones extrajudiciales.<\/li>\n<li>Lleve a cabo investigaciones prontas, efectivas, exhaustivas, independientes, imparciales y transparentes de las violaciones de los derechos humanos, incluidas las muertes de ind\u00edgenas, y lleve a los responsables ante la justicia.<\/li>\n<li>Ponga en libertad a todas las personas privadas arbitrariamente de su libertad.<\/li>\n<li>Detenga, condene p\u00fablicamente, castigue y prevenga todos los actos de persecuci\u00f3n y represi\u00f3n selectiva por motivos pol\u00edticos, incluidas la ret\u00f3rica estigmatizadora y las campa\u00f1as de desprestigio.<\/li>\n<li>Adopte medidas efectivas para proteger a las personas defensoras de los derechos humanos y a las personas profesionales de los medios de comunicaci\u00f3n.<\/li>\n<li>Cese toda intimidaci\u00f3n y ataques contra los pueblos ind\u00edgenas, incluidos\/as sus l\u00edderes y lideresas, y garantice su protecci\u00f3n y adopte todas las medidas necesarias para proteger sus derechos individuales y colectivos, incluido su derecho a la tierra.<\/li>\n<li>Detenga y prevenga el uso excesivo de la fuerza durante las manifestaciones.<\/li>\n<li>Disuelva las FAES y establezca un mecanismo nacional imparcial e independiente, con apoyo de la comunidad internacional, para investigar las ejecuciones extrajudiciales llevadas a cabo en el curso de operaciones de seguridad, asegurar que sus responsables rindan cuentas, as\u00ed como que las v\u00edctimas sean reparadas.<\/li>\n<li>Adopte medidas efectivas para restablecer la independencia del sistema judicial y garantizar la imparcialidad de la Fiscal\u00eda General y del Defensor del Pueblo.<\/li>\n<li>Garantice el derecho de las v\u00edctimas a interponer recursos y obtener reparaciones con un enfoque sensible al g\u00e9nero, as\u00ed como su protecci\u00f3n contra la intimidaci\u00f3n y las represalias.<\/li>\n<li>Garantice el derecho a la identidad y la documentaci\u00f3n a todas las personas, incluyendo a ni\u00f1os\/as.<\/li>\n<li>Acepte y facilite el establecimiento de una oficina permanente del ACNUDH en el pa\u00eds.<\/li>\n<\/ul>\n<p style=\"text-align:justify;\">Adem\u00e1s, el ACNUDH hace un llamamiento al Gobierno para que:<\/p>\n<ul style=\"text-align:justify;\">\n<li>Publique regularmente datos exhaustivos sobre salud y nutrici\u00f3n, desglosados por sexo, edad, pertenencia \u00e9tnica y lugar de residencia, que puedan utilizarse, entre otros fines, para concebir y aplicar una respuesta humanitaria integral a la crisis.<\/li>\n<li>Asigne la m\u00e1xima cantidad posible de recursos disponibles a la realizaci\u00f3n gradual de los derechos econ\u00f3micos y sociales de una manera transparente y responsable que permita evaluar los gastos.<\/li>\n<li>Autorice el libre acceso a la informaci\u00f3n de inter\u00e9s p\u00fablico.<\/li>\n<li>Garantice que todos los programas sociales se implementen de manera transparente, no politizada y no discriminatoria, con la aplicaci\u00f3n de medidas eficaces de supervisi\u00f3n y rendici\u00f3n de cuentas.<\/li>\n<li>Aumente la cobertura de la vacunaci\u00f3n contra enfermedades evitables y adopte medidas adecuadas para controlar los brotes de enfermedades transmisibles.<\/li>\n<li>Revoque las clausuras de medios de comunicaci\u00f3n y ponga fin a otras medidas de censura contra los medios de comunicaci\u00f3n; garantice el acceso a Internet y a las redes sociales, incluidos los sitios web de noticias, y la imparcialidad de los \u00f3rganos oficiales en la asignaci\u00f3n de las frecuencias del espectro radioel\u00e9ctrico.|<\/li>\n<li>Desarme y desmantele a los grupos armados civiles progubernamentales (los llamados \u00abcolectivos armados\u00bb) y garantice la investigaci\u00f3n de sus delitos.<\/li>\n<li>Proteja a las personas, incluidas las que est\u00e1n migrando, frente a abusos, corrupci\u00f3n y extorsiones por parte de agentes del Estado.<\/li>\n<li>Ratifique el Protocolo Facultativo de la Convenci\u00f3n contra la Tortura y Otros Tratos o Penas Crueles, Inhumanos o Degradantes y la Convenci\u00f3n Internacional para la Protecci\u00f3n de Todas las Personas contra las<\/li>\n<\/ul>\n<p style=\"text-align:justify;\"><strong>Desapariciones Forzadas<\/strong><\/p>\n<p style=\"text-align:justify;\">Destacan que el Consejo de Derechos Humanos podr\u00eda solicitar al ACNUDH que se centre en garantizar la rendici\u00f3n de cuentas por las violaciones de los derechos humanos y los abusos en Venezuela, en particular mediante el aumento de la vigilancia, la documentaci\u00f3n, el an\u00e1lisis y la presentaci\u00f3n de informes p\u00fablicos sobre la situaci\u00f3n de los derechos humanos.<\/p>\n<p>Leer tambi\u00e9n en: <a href=\"https:\/\/correspondenciadeprensa.com\/\">Correspondencia de Prensa<\/a><\/p>\n<p>&#8211;<a href=\"https:\/\/correspondenciadeprensa.com\/2019\/01\/31\/venezuela-la-faes-el-ejercito-de-ocupacion-de-la-policia-bolivariana-keymer-avila\/\">Venezuela \u2013 La FAES. El \u201cej\u00e9rcito de ocupaci\u00f3n\u201d de la polic\u00eda bolivariana. [Keymer \u00c1vila]<\/a><\/p>\n<p>&#8211;<a href=\"https:\/\/correspondenciadeprensa.com\/2019\/02\/01\/venezuela-faes-el-brazo-ejecutor-del-terrorismo-de-estado-informe-especial\/\">Venezuela \u2013 FAES: el brazo ejecutor del terrorismo de Estado. [Informe Especial]<\/a><\/p>\n","protected":false},"excerpt":{"rendered":"<p>El contenido del reporte de la expresidenta de Chile es similar al de investigaciones anteriores de la ONU, as\u00ed como de otras organizaciones internacionales, que tambi\u00e9n fueron rechazados por el gobierno&#8230;<\/p>\n","protected":false},"author":102520410,"featured_media":7919,"comment_status":"closed","ping_status":"closed","sticky":false,"template":"","format":"aside","meta":{"_coblocks_attr":"","_coblocks_dimensions":"","_coblocks_responsive_height":"","_coblocks_accordion_ie_support":"","advanced_seo_description":"","jetpack_seo_html_title":"","jetpack_seo_noindex":false,"jetpack_seo_schema_type":"","_jetpack_newsletter_access":"","_jetpack_dont_email_post_to_subs":false,"_jetpack_newsletter_tier_id":0,"_jetpack_memberships_contains_paywalled_content":false,"_wpcom_ai_launchpad_first_post":false,"_jetpack_feature_clip_id":0,"_jetpack_memberships_contains_paid_content":false,"footnotes":"","jetpack_post_was_ever_published":false},"categories":[17923],"tags":[17212,9413206,174063373],"class_list":["post-7918","post","type-post","status-publish","format-aside","has-post-thumbnail","hentry","category-venezuela","tag-america-latina","tag-despariciones","tag-direccion-general-de-contrainteligencia-militar","post_format-post-format-aside","fallback-thumbnail"],"jetpack_likes_enabled":false,"jetpack_sharing_enabled":true,"jetpack_shortlink":"https:\/\/wp.me\/p7lt2C-23I","amp_enabled":true,"jetpack_featured_media_url":"https:\/\/i0.wp.com\/correspondenciadeprensa.com\/wp-content\/uploads\/2019\/07\/venezuela507-uno.jpg?fit=890%2C395&ssl=1","_links":{"self":[{"href":"https:\/\/correspondenciadeprensa.com\/index.php?rest_route=\/wp\/v2\/posts\/7918","targetHints":{"allow":["GET"]}}],"collection":[{"href":"https:\/\/correspondenciadeprensa.com\/index.php?rest_route=\/wp\/v2\/posts"}],"about":[{"href":"https:\/\/correspondenciadeprensa.com\/index.php?rest_route=\/wp\/v2\/types\/post"}],"author":[{"embeddable":true,"href":"https:\/\/correspondenciadeprensa.com\/index.php?rest_route=\/wp\/v2\/users\/102520410"}],"replies":[{"embeddable":true,"href":"https:\/\/correspondenciadeprensa.com\/index.php?rest_route=%2Fwp%2Fv2%2Fcomments&post=7918"}],"version-history":[{"count":1,"href":"https:\/\/correspondenciadeprensa.com\/index.php?rest_route=\/wp\/v2\/posts\/7918\/revisions"}],"predecessor-version":[{"id":7924,"href":"https:\/\/correspondenciadeprensa.com\/index.php?rest_route=\/wp\/v2\/posts\/7918\/revisions\/7924"}],"wp:featuredmedia":[{"embeddable":true,"href":"https:\/\/correspondenciadeprensa.com\/index.php?rest_route=\/wp\/v2\/media\/7919"}],"wp:attachment":[{"href":"https:\/\/correspondenciadeprensa.com\/index.php?rest_route=%2Fwp%2Fv2%2Fmedia&parent=7918"}],"wp:term":[{"taxonomy":"category","embeddable":true,"href":"https:\/\/correspondenciadeprensa.com\/index.php?rest_route=%2Fwp%2Fv2%2Fcategories&post=7918"},{"taxonomy":"post_tag","embeddable":true,"href":"https:\/\/correspondenciadeprensa.com\/index.php?rest_route=%2Fwp%2Fv2%2Ftags&post=7918"}],"curies":[{"name":"wp","href":"https:\/\/api.w.org\/{rel}","templated":true}]}}