{"id":7697,"date":"2019-06-15T05:07:46","date_gmt":"2019-06-15T08:07:46","guid":{"rendered":"http:\/\/correspondenciadeprensa.com\/?p=7697"},"modified":"2019-06-15T13:20:54","modified_gmt":"2019-06-15T16:20:54","slug":"brasil-asusta-la-bomba-reloj-que-tenemos-en-frente-el-80-de-los-trabajadores-viven-en-condiciones-de-pobreza","status":"publish","type":"post","link":"https:\/\/correspondenciadeprensa.com\/?p=7697","title":{"rendered":"Brasil &#8211; \u201cAsusta la bomba-reloj que tenemos en frente\u201d. 80% de los trabajadores en situaci\u00f3n de pobreza.   [Waldir Jos\u00e9 de  Quadros &#8211; Entrevista]"},"content":{"rendered":"<p style=\"text-align:center;\"><strong>Entrevista especial con el economista Waldir Jos\u00e9 de Quadros<\/strong><\/p>\n<p style=\"text-align:center;\"><strong>80% de los trabajadores brasileros son pobres y viven con un ingreso de hasta 1.700 reales<\/strong><em><strong>.<\/strong><\/em><\/p>\n<p><strong>Patricia Fachin <\/strong><\/p>\n<p><strong>IHU-Online (<a href=\"http:\/\/www.ihu.unisinos.br\/\">Instituto Humanista Unisinos<\/a>), 14-6-2019<\/strong><\/p>\n<p><strong>Traducci\u00f3n de <a href=\"https:\/\/correspondenciadeprensa.com\/\">Correspondencia de Prensa<\/a><\/strong><\/p>\n<p style=\"text-align:justify;\"><strong>Los datos de la Encuesta Nacional por Muestra de Domicilios (Pesquisa Nacional por Amostra de Domic\u00edlios &#8211; Pnad Cont\u00ednua), publicados recientemente por el Instituto Brasileiro de Geograf\u00eda y Estad\u00edstica (IBGE), muestran que los estratos sociales m\u00e1s pobres todav\u00eda est\u00e1n sintiendo los efectos de la recesi\u00f3n econ\u00f3mica que alcanz\u00f3 su punto m\u00e1s alto en 2016. Para medir y evaluar los impactos de la crisis, el economista Waldir Jos\u00e9 de Quadros analiza las condiciones de vida de la poblaci\u00f3n de baja renta (ingreso monetario) divididas en tres categor\u00edas: \u201csuperior de los pobres\u201d, que corresponde a lo que algunos encuestadores llaman de \u201cbaja clase media\u201d, \u201cpobres\u201d y \u201cmiserables\u201d. Seg\u00fan \u00e9l, \u201cviendo los datos recientes, como el dato del \u00faltimo trimestre de 2018, se percibe que el 80% de los ocupados son clasificados en alguna de esas categor\u00edas de pobres: 40% est\u00e1n en la camada \u201csuperior de los pobres), 27% en la camada de los \u201cpobres\u201d y 13% en la camada de los \u201cmiserables\u201d. En t\u00e9rminos de renta, afirma que aquellos que est\u00e1n en la camada \u201csuperior de los pobres\u201d, tienen una renta mensual de 1.700 reales (Ndt: un d\u00f3lar equivale a 3.89 reales, cotizaci\u00f3n del Banco Central del Brasil, 13-6-2019), los \u201cpobres\u201d reciben 920 reales mensuales y los \u201cmiserables\u201d 310 reales mensuales. En la entrevista concedida a IHU, menciona que los datos de la Pnad indican que la crisis econ\u00f3mica gener\u00f3 tres consecuencias: desempleo, ca\u00edda de la renta de los trabajadores y aumento del n\u00famero de desempleados con ense\u00f1anza completa. Quadros es graduado en Econom\u00eda por la Universidad de San Pablo (USP) y doctorado en Ciencia Econ\u00f3mica por la Universidad Estadual de Campinas (Unicamp), donde actualmente es profesor asociado del Instituto de Econom\u00eda.<\/strong><\/p>\n<p style=\"text-align:justify;\"><strong>-IHU On-Line &#8211; En 2017, usted inform\u00f3 que 5% de la poblaci\u00f3n, cerca de 11 millones de personas, hab\u00eda sufrido una movilidad descendiente en 2015 por cuenta del aumento del desempleo y de la ca\u00edda de la renta. \u00bfCu\u00e1l ha sido la situaci\u00f3n desde entonces? \u00bfLos datos de la Pnad que usted monitorea informan sobre la situaci\u00f3n de desempleo, ca\u00edda de la renta y aumento de la pobreza en el Brasil?<\/strong><\/p>\n<p style=\"text-align:justify;\">Waldir Quadros \u2013 El IBG cambi\u00f3 la metodolog\u00eda de la Pnad y desde 2012 est\u00e1 publicando la Pnad Continua. Entonces, aquella serie antigua de an\u00e1lisis que yo hac\u00eda fue concluida en 2015, porque el IBGE tambi\u00e9n cambi\u00f3 la metodolog\u00eda que posibilita obtener los datos sobre las familias, y sin agregar esos datos, no consigo analizar la movilidad, como hac\u00eda antes. La Pnad Cont\u00ednua mejor\u00f3 mucho, los datos est\u00e1n mejores, pero ese problema quiebra la secuencia. Ante eso, todav\u00eda no tengo el estudio de movilidad social, pero con los datos disponibles podemos caracterizar la crisis que comienza en 2015, Entonces, aunque hay una ruptura de aquella serie de an\u00e1lisis, voy a hacer una estimaci\u00f3n aproximada de los datos de 2015.<\/p>\n<p style=\"text-align:justify;\"><strong>-IHU On-Line &#8211; \u00bfY qu\u00e9 muestran los datos de la Pnad Cont\u00ednua sobre la crisis a partir de 2015?<\/strong><\/p>\n<p style=\"text-align:justify;\">Waldir Quadros \u2013 Los datos de la Pnad Continua desde 2012 muestran que el gran impacto en el mercado de trabajo por causa de la crisis econ\u00f3mica ocurri\u00f3 en 2016. \u00bfQu\u00e9 aocurre a partir de 2016? Yo y varios otros profesores estamos ajustando nuestro enfoque para analizar ese escenario de crisis, porque hasta entonces, trabaj\u00e1bamos con una perspectiva anal\u00edtica de aquel per\u00edodo anterior, que era de movilidad ascendente y de progreso social. Pero ese escenario cambi\u00f3. Por eso, la propia denominaci\u00f3n de la estructura de mi investigaci\u00f3n: ya no estoy trabajando con la categor\u00eda \u201cbaja clase media\u201d. Estoy llamando esa categor\u00eda de \u201ccamada superior de los pobres\u201d, porque la crisis est\u00e1 provocando un empobrecimiento de las estructuras sociales. No obstante, continuo trabajando con las categor\u00edas \u201calta clase media\u201d y \u201cmedia clase media\u201d, que siempre fueron los dos segmentos que de hecho representan la clase media.<\/p>\n<p style=\"text-align:justify;\">Adem\u00e1s de la categor\u00eda\u00a0 \u201ccamada superior de los pobres\u201d, estoy trabajando con otras dos: los pobres, que son la masa trabajadora, y los miserables. Estamos analizando con m\u00e1s atenci\u00f3n las camadas \u201csuperior de los pobres\u201d, \u201cpobres\u201d y \u201cmiserables\u201d. Haciendo esa segregaci\u00f3n y viendo los datos recientes, como los del \u00faltimo semestre de 2018, se percibe que 80% de los ocupados son clasificados en algunas de esas categor\u00edas: 40% est\u00e1n en la camada \u201csuperior de los pobres), 27% en la camada de los \u201cpobres\u201d y 13% en la camada de los \u201cmiserables\u201d.<\/p>\n<p style=\"text-align:justify;\"><strong>\u00a0<\/strong><\/p>\n<p style=\"text-align:justify;\"><strong>-IHU On-Line \u2013 \u00bfCu\u00e1l es la renta media de los trabajadores de cada uno de esos estratos?<\/strong><\/p>\n<p style=\"text-align:justify;\">Waldir Quadros \u2013 La camada \u201csuperior de los pobres\u201d tiene una renta media mensual de 1.700 reales, los \u201cpobres\u201d reciben 920 reales mensuales y los \u201cmiserables\u201d, 310 reales mensuales. Como se ve la renta es consistente con la denominaci\u00f3n.<\/p>\n<p style=\"text-align:justify;\">\u00bfQu\u00e9 ocurre de 2015 hasta hoy? Primero, el impacto inmediato de la crisis fue en relaci\u00f3n al desempleo: en 2015 hubo un crecimiento del desempleo de 26,5%. Ese desempleo inmediato ocurri\u00f3 despu\u00e9s del ajuste del gobierno Dilma. En 2016, que fue el a\u00f1o m\u00e1s grave de la crisis, el aumento de desempleo fue de 37%, en 2017 tuvo un crecimiento de 13,5% y en 2018 hubo una reducci\u00f3n de 2,2%. El gran fen\u00f3meno de mercado de trabajo es el desempleo y este es el primer aspecto de la crisis.<\/p>\n<p style=\"text-align:justify;\">El segundo aspecto de la crisis en el mercado de trabajo es el aumento de la participaci\u00f3n de trabajadores aut\u00f3nomos, porque todo el mundo que queda desempleado y va a procurar alg\u00fan trabajo, acaba ejerciendo alguna actividad aut\u00f3noma, como vendedor, motoboy, etc. Ese porcentaje viene creciendo desde 2016.<\/p>\n<p style=\"text-align:justify;\">Otro aspecto de la crisis muestra la estratificaci\u00f3n social de los ocupados en familia. Si en una familia hay tres ocupados, considero el miembro que es mejor remunerado, o sea, la familia es clasificada a partir de la situaci\u00f3n del miembro mejor remunerado. Al analizar la estratificaci\u00f3n familiar de los ocupados, que es la visi\u00f3n m\u00e1s amplia que tenemos, queda claro que el gran pozo para las familias aconteci\u00f3 en 2016, cuando hubo una gran retracci\u00f3n en la \u201calta clase media\u201d y un crecimiento de 2% en los \u201cmiserables\u201d, o sea, en los dos extremos. La estructura empeor\u00f3 en 2016, que fue el gran a\u00f1o de la crisis, y contin\u00faa mal hasta ahora, ya que no hubo ninguna mejor\u00eda en la econom\u00eda.<\/p>\n<p style=\"text-align:justify;\">Este es el escenario, pero hay algunos agravantes: cuando miramos los pobres ocupados &#8211; clasificados en las tres categor\u00edas que mencion\u00e9 &#8211; , observamos que existe una gran parcela de trabajadores con nivel superior. Entonces, asusta la bomba-reloj que tenemos por el frente. Considerando los datos del cuarto trimestre de 2018 de la\u00a0 Pnad Cont\u00ednua, es posible observar que de los 5,8 milones de ocupados con ense\u00f1anza superior incompleta, 4,6 millones son \u201cpobres\u201d.<\/p>\n<p style=\"text-align:justify;\">M\u00e1s grave todav\u00eda: 8,3 millones de ocupados que est\u00e1n clasificados en la categor\u00eda \u201cpobres\u201d tienen ense\u00f1anza superior completa. Si juntamos aquellos que tienen ense\u00f1anza superior incompleta y aquellos que tienen ense\u00f1anza superior completa, tenemos 12,9 millones de trabajadores \u201cpobres\u201d con nivel superior. Eso significa confusi\u00f3n: esas personas no van a aceptar esa condici\u00f3n tranquilamente, porque ellos hicieron facultad, buena parte pagando la mensualidad con el Fies (1), esperando una mejor\u00eda de vida, y ahora no la tienen.<\/p>\n<p style=\"text-align:justify;\">En la clase media pobre, hay 9 millones de personas que hicieron facultad &#8211; concluyeron o estaban concluyendo \u2013 esperando pasar a la media clase media, pero no tendr\u00e1n esa oportunidad, Entonces, esa es una situaci\u00f3n opresiva y que tiene un componente muy explosivo para la crisis social. Entre los desempleados de todas las clases, 2 millones tienen nivel superior, es mucha gente, porque estamos hablando de un n\u00famero de 12,5 millones de desempleados.<\/p>\n<p style=\"text-align:justify;\">En l\u00edneas generales, esa es la s\u00edntesis del an\u00e1lisis que hice. Despu\u00e9s, hice un an\u00e1lisis por ocupaciones, pero llamo la atenci\u00f3n para la proporci\u00f3n de pobres y sobre ese nuevo enfoque de la baja clase media, porque est\u00e1 claro que hay una camada superior de pobres que contin\u00faa siendo pobre. Es un dif\u00edcil, que comenz\u00f3 en 2015, surgi\u00f3 con intensidad en 2016 y ya estamos en 2019 y nada indica que el escenario va a mejorar. Entonces, es un escenario preocupante y, con certeza, en este escenario, la movilidad tambi\u00e9n sufri\u00f3. En general, la \u201calta clase media\u201d, cay\u00f3 a \u201cmedia\u201d y creci\u00f3 el n\u00famero de \u201cpobres\u201d.<\/p>\n<p>&nbsp;<\/p>\n<p style=\"text-align:justify;\"><strong>-IHU On-Line \u2013 \u00bfCu\u00e1l es el impacto social y cultural de tener un n\u00famero significativo de personas desempleadas con nivel de ense\u00f1anza superior completo?<\/strong><\/p>\n<p style=\"text-align:justify;\">Waldir Quadros \u2013 Tanto los desempleados cuanto los ocupados que tienen nivel superior completo, est\u00e1n viviendo un nivel social muy inferior, lo cual es incompatible con lo que espera alguien que tenga ense\u00f1anza superior. Todo el mundo imagina que luego de concluir el curso superior es posible, al menos, subir para la media clase media, pero no es lo que est\u00e1 ocurriendo en el Brasil. Entonces, el significado de eso es una profunda insatisfacci\u00f3n y se puede encaminar a una revuelta. Lo que ocurri\u00f3 en 2013 fue es ese sentido: el desencantamiento gir\u00f3 revuelta.<\/p>\n<p style=\"text-align:justify;\">Esa crisis social es muy seria y tiene este componente de novedad: el n\u00famero de personas con nivel superior creci\u00f3 mucho por causa del progreso que se dio en los \u00faltimos a\u00f1os, con cuotas, ProUni (2), Fies, pero ahora hay una gran frustraci\u00f3n. Entonces, es un componente que se puede transformar en una cosa m\u00e1s seria. Entre los desempleados la situaci\u00f3n es todav\u00eda peor, porque ellos tienen nivel superior y no consiguen empleo.<img data-recalc-dims=\"1\" loading=\"lazy\" decoding=\"async\" data-attachment-id=\"7699\" data-permalink=\"https:\/\/correspondenciadeprensa.com\/?attachment_id=7699\" data-orig-file=\"https:\/\/i0.wp.com\/correspondenciadeprensa.com\/wp-content\/uploads\/2019\/06\/brasil-pobres1506-ii.jpg?fit=1024%2C618&amp;ssl=1\" data-orig-size=\"1024,618\" data-comments-opened=\"0\" data-image-title=\"Brasil &amp;#8211; Pobres1506 II\" data-image-description=\"\" data-image-caption=\"\" data-large-file=\"https:\/\/i0.wp.com\/correspondenciadeprensa.com\/wp-content\/uploads\/2019\/06\/brasil-pobres1506-ii.jpg?fit=656%2C396&amp;ssl=1\" class=\"  wp-image-7699 aligncenter\" src=\"https:\/\/i0.wp.com\/correspondenciadeprensa.com\/wp-content\/uploads\/2019\/06\/brasil-pobres1506-ii.jpg?resize=614%2C370&#038;ssl=1\" alt=\"Brasil - Pobres1506 II\" width=\"614\" height=\"370\" \/><\/p>\n<p style=\"text-align:justify;\"><strong>-IHU On-Line \u2013 Hace dos a\u00f1os usted atribuy\u00f3 el cuadro de desempleo y aumento de la pobreza a la crisis econ\u00f3mica. \u00bfLas causas de la situaci\u00f3n de la situaci\u00f3n contin\u00faan las mismas desde entonces, o existe alg\u00fan agravante como la crisis pol\u00edtica o hasta incluso por cuenta del nuevo gobierno? <\/strong><\/p>\n<p style=\"text-align:justify;\">Waldir Quadros \u2013 Vea bien, el nuevo gobierno reci\u00e9n comienza. La gran responsable por eso fue Dilma Rousseff en 2015. Fue ella qui\u00e9n empuj\u00f3 al pa\u00eds a una recesi\u00f3n brutal, que gener\u00f3 una ca\u00edda de 8% de la renta per c\u00e1pita. La responsabilidad mayor es de ella; Temer mantuvo ese cuadro. Ahora, Bolsonaro y Paulo Guedes (ministro de Econom\u00eda) quieren bailar. Basta ver la cantidad de cortes que est\u00e1n implementando y el tratamiento que est\u00e1n dando a la reforma Previsional, como si ella fuese la salvaci\u00f3n de la cosecha. En tanto eso, la inversi\u00f3n no reacciona, la producci\u00f3n no reacciona. Entonces, la crisis se inici\u00f3 en 2015 con Dilma y [Joaquim] Levy, que colocaron el pa\u00eds en la recesi\u00f3n. En ese contexto, la izquierda qued\u00f3 desmovilizada y quien entr\u00f3 fue Bolsonaro, que capitaliz\u00f3 la rabia.<\/p>\n<p style=\"text-align:justify;\"><strong>-IHU On-Line &#8211; \u00bfCu\u00e1l ha sido el impacto de la reforma laboral en este escenario? \u00bfYa es posible evaluar si ella ha beneficiado o perjudicado a los trabajadores en el cuadro de crisis y desempleo que el pa\u00eds vive? <\/strong><\/p>\n<p style=\"text-align:justify;\">Waldir Quadros \u2013 La reforma laboral ayud\u00f3 a precarizar a\u00fan m\u00e1s la situaci\u00f3n, con el contrato temporal. Todo aquello que \u201cno pegaba\u201d en la \u00e9poca de ascenso, ahora est\u00e1 funcionando: el trabajador acepta cualquier oferta de trabajo porque est\u00e1 desempleado. Y la reforma laboral no protege, no ayuda al trabajador. Lo que reduce el desempleo es el crecimiento econ\u00f3mico, por eso, mientras tanto, el pa\u00eds no sale del pozo, no tiene salida.<\/p>\n<p style=\"text-align:justify;\"><strong>-IHU On-Line \u2013 El gobierno y varios sectores apuestan que la mejora de la econom\u00eda vendr\u00e1 con la aprobaci\u00f3n de la reforma de la Previsi\u00f3n Social. \u00bfC\u00f3mo eval\u00faa esa expectativa?<\/strong><\/p>\n<p style=\"text-align:justify;\">Waldir Quadros \u2013 No habr\u00e1 mejora. La econom\u00eda est\u00e1 parada porque nadie tiene renta. El consumo est\u00e1 bajo, estancado, y la reforma no cambiar\u00e1 nada. \u00bfPor qu\u00e9 los empresarios van a invertir? \u00bfS\u00f3lo porque tienen una reforma? Esa es una demanda del sector financiero, de los rentistas y es Guedes quien representa a ese grupo. Es claro que es preciso una reforma de la Previsi\u00f3n, porque la actual est\u00e1 llena de privilegios, pero la reforma propuesta no quita privilegios; al contrario, quita en el Beneficio de Prestaci\u00f3n Continuada (BPC), en los beneficios del trabajador rural, etc. La reforma, si es llevada al l\u00edmite, significar\u00e1 un alivio para los empresarios en el sentido de \u201cdisminuir los costos\u201d, de eliminar todos los derechos del trabajador, pero no va a emplear m\u00e1s. La reforma no es la salvaci\u00f3n de la cosecha.<\/p>\n<p style=\"text-align:justify;\"><strong><u>Notas <\/u><\/strong><\/p>\n<p style=\"text-align:justify;\">1) Fondo de Financiamiento Estudiantil (Fies), es un programa del Ministerio de la Educaci\u00f3n (MEC), destinado a subvencionar la graduaci\u00f3n en la educaci\u00f3n superior de estudiantes matriculados en\u00a0 instituciones privadas. Pueden acceder a ese recurso los estudiantes matriculados en cursos superiores \u201cque tengan evaluaci\u00f3n positiva en los procesos conducidos por el Ministerio de Educaci\u00f3n\u201d. Fue creado en 1976 por la dictadura militar, con el nombre Cr\u00e9dito Educativo (Creduc). Reformulado en 1999, durante el gobierno Fernando Henrique Cardoso. Posteriormente, fue ampliado en el gobierno Lula. (Redacci\u00f3n Correspondencia de Prensa)<\/p>\n<p style=\"text-align:justify;\">2) Programa Universidad para Todos (Prouni), creado en 2004 por el MEC durante el primer gobierno Lula, con la intenci\u00f3n de una mayor \u201cinclusi\u00f3n social\u201d y la finalidad de ayudar a los estudiantes que no tienen condiciones econ\u00f3micas de pagar facultades privadas, por medio de adjudicaci\u00f3n de becas que cubren de 50% a 100% de las mensualidades. (Redacci\u00f3n Correspondencia de Prensa)<\/p>\n","protected":false},"excerpt":{"rendered":"<p>el nuevo gobierno reci\u00e9n comienza. La gran responsable por eso fue Dilma Rousseff en 2015. Fue ella qui\u00e9n empuj\u00f3 al pa\u00eds a una recesi\u00f3n brutal, que gener\u00f3 una ca\u00edda de 8% de la renta per c\u00e1pita. La responsabilidad mayor es de ella; Temer mantuvo ese cuadro. Ahora, Bolsonaro y Paulo Guedes  quieren bailar&#8230;<\/p>\n","protected":false},"author":102520410,"featured_media":7698,"comment_status":"closed","ping_status":"closed","sticky":false,"template":"","format":"aside","meta":{"_coblocks_attr":"","_coblocks_dimensions":"","_coblocks_responsive_height":"","_coblocks_accordion_ie_support":"","advanced_seo_description":"","jetpack_seo_html_title":"","jetpack_seo_noindex":false,"jetpack_seo_schema_type":"","_jetpack_newsletter_access":"","_jetpack_dont_email_post_to_subs":false,"_jetpack_newsletter_tier_id":0,"_jetpack_memberships_contains_paywalled_content":false,"_wpcom_ai_launchpad_first_post":false,"_jetpack_feature_clip_id":0,"_jetpack_memberships_contains_paid_content":false,"footnotes":"","jetpack_post_was_ever_published":false},"categories":[],"tags":[17212,763357,713404,2147116],"class_list":["post-7697","post","type-post","status-publish","format-aside","has-post-thumbnail","hentry","tag-america-latina","tag-fies","tag-joaquim-levy","tag-trabajadores-autonomos","post_format-post-format-aside","fallback-thumbnail"],"jetpack_likes_enabled":false,"jetpack_sharing_enabled":true,"jetpack_shortlink":"https:\/\/wp.me\/p7lt2C-209","amp_enabled":true,"jetpack_featured_media_url":"https:\/\/i0.wp.com\/correspondenciadeprensa.com\/wp-content\/uploads\/2019\/06\/brasil-pobres1506-i.jpg?fit=700%2C394&ssl=1","_links":{"self":[{"href":"https:\/\/correspondenciadeprensa.com\/index.php?rest_route=\/wp\/v2\/posts\/7697","targetHints":{"allow":["GET"]}}],"collection":[{"href":"https:\/\/correspondenciadeprensa.com\/index.php?rest_route=\/wp\/v2\/posts"}],"about":[{"href":"https:\/\/correspondenciadeprensa.com\/index.php?rest_route=\/wp\/v2\/types\/post"}],"author":[{"embeddable":true,"href":"https:\/\/correspondenciadeprensa.com\/index.php?rest_route=\/wp\/v2\/users\/102520410"}],"replies":[{"embeddable":true,"href":"https:\/\/correspondenciadeprensa.com\/index.php?rest_route=%2Fwp%2Fv2%2Fcomments&post=7697"}],"version-history":[{"count":3,"href":"https:\/\/correspondenciadeprensa.com\/index.php?rest_route=\/wp\/v2\/posts\/7697\/revisions"}],"predecessor-version":[{"id":7707,"href":"https:\/\/correspondenciadeprensa.com\/index.php?rest_route=\/wp\/v2\/posts\/7697\/revisions\/7707"}],"wp:featuredmedia":[{"embeddable":true,"href":"https:\/\/correspondenciadeprensa.com\/index.php?rest_route=\/wp\/v2\/media\/7698"}],"wp:attachment":[{"href":"https:\/\/correspondenciadeprensa.com\/index.php?rest_route=%2Fwp%2Fv2%2Fmedia&parent=7697"}],"wp:term":[{"taxonomy":"category","embeddable":true,"href":"https:\/\/correspondenciadeprensa.com\/index.php?rest_route=%2Fwp%2Fv2%2Fcategories&post=7697"},{"taxonomy":"post_tag","embeddable":true,"href":"https:\/\/correspondenciadeprensa.com\/index.php?rest_route=%2Fwp%2Fv2%2Ftags&post=7697"}],"curies":[{"name":"wp","href":"https:\/\/api.w.org\/{rel}","templated":true}]}}