{"id":7518,"date":"2019-05-20T03:52:16","date_gmt":"2019-05-20T06:52:16","guid":{"rendered":"http:\/\/correspondenciadeprensa.com\/?p=7518"},"modified":"2019-05-20T03:52:16","modified_gmt":"2019-05-20T06:52:16","slug":"colombia-santrich-recapturado-que-paso-en-la-picota","status":"publish","type":"post","link":"https:\/\/correspondenciadeprensa.com\/?p=7518","title":{"rendered":"Colombia &#8211; Santrich recapturado. \u00bfQu\u00e9 pas\u00f3 en La Picota?   [Benedicto de Jes\u00fas Gonz\u00e1lez &#8211; Entrevista]"},"content":{"rendered":"<p style=\"text-align:justify;\"><strong>\u00abUno fue el Santrich consciente que vio el abogado y otro el que subieron al helic\u00f3ptero 40 minutos despu\u00e9s\u00bb <\/strong><\/p>\n<p style=\"text-align:justify;\"><strong>No hay claridad sobre las circunstancias que agravaron al exguerrillero, quien fue remitido al Hospital M\u00e9deri. All\u00ed fue atendido y fue legalizada su recaptura, luego lo retornaron al b\u00fanker de la Fiscal\u00eda. SEMANA reconstruy\u00f3 con Benedicto de Jes\u00fas Gonz\u00e1lez, congresista de la Farc (Fuerza Alternativa Revolucionaria del Com\u00fan) lo que pas\u00f3 el viernes en La Picota (c\u00e1rcel localizada al sur oriente de la ciudad de Bogot\u00e1).<\/strong><\/p>\n<p><strong><a href=\"https:\/\/www.semana.com\/\">Revista Semana<\/a>, 18-5-2019<\/strong><\/p>\n<p><strong><a href=\"https:\/\/correspondenciadeprensa.com\/\">Correspondencia de Prensa<\/a>, 20-5-2019<\/strong><\/p>\n<p>&nbsp;<\/p>\n<p style=\"text-align:justify;\"><strong>-SEMANA: \u00bfQu\u00e9 se sabe del estado de salud de Jes\u00fas Santrich, que este s\u00e1bado fue trasladado a la Cl\u00ednica M\u00e9deri?<\/strong><\/p>\n<p style=\"text-align:justify;\">Benedicto Gonz\u00e1lez: El \u00faltimo parte m\u00e9dico que tenemos indica que poco a poco va recuperando la conciencia. No habla pero reconoce cosas. Mueve la cabeza afirmativa y negativamente a preguntas que se le hacen. Est\u00e1 recuperando el nivel de conciencia aunque est\u00e1 entubado.<\/p>\n<p style=\"text-align:justify;\"><strong>-SEMANA: El d\u00eda de la recaptura, sobre las 11: 00 a.m., se conoci\u00f3 una carta de Santrich en la que relataba que le hab\u00edan inspeccionado dos veces su celda. \u00bfEn esa oportunidad c\u00f3mo lo encontr\u00f3 quien recibi\u00f3 el documento?<\/strong><\/p>\n<p style=\"text-align:justify;\">B.G.: A las diez de la ma\u00f1ana estaba bastante tranquilo. Expectante porque se estaba dilatando su libertad. Aun as\u00ed, estaba muy tranquilo. \u00c9l sab\u00eda que nosotros est\u00e1bamos haciendo gestiones y que tambi\u00e9n ya hab\u00eda salido el habeas corpus que ordenaba su libertad inmediata.<\/p>\n<p style=\"text-align:justify;\">Estamos pidiendo que se reconozca el conflicto de competencia pero ni siquiera se nos permite radicar el documento. Santrich es congresista, su caso lo debe tomar la corte.<\/p>\n<p style=\"text-align:justify;\"><strong>-SEMANA: Entonces, \u00bfpor qu\u00e9 se intenta suicidar si aparentemente, en ese momento, todo estaba bajo control?<\/strong><\/p>\n<p style=\"text-align:justify;\">B.G.: Con esa visita que le hacen los abogados, lo ponen al tanto de todo. Por ejemplo, se entera de la noticia de Catam, donde hab\u00eda unos aviones de Estados Unidos. Adem\u00e1s, le cuentan que el presidente de la rep\u00fablica estaba contemplando una alocuci\u00f3n en la que declarar\u00eda Estado de Conmoci\u00f3n Interior.<\/p>\n<p style=\"text-align:justify;\"><strong>-SEMANA: \u00bfNo era un riesgo sabiendo que todo un rumor?<\/strong><\/p>\n<p style=\"text-align:justify;\">B.G.: A nosotros, fuentes de diferentes sectores pol\u00edticos nos dijeron que la alocuci\u00f3n desde Catam no ser\u00eda para hablar del asesinato del exguerrillero D\u00edmar Torres. La verdad es que al gobierno no le interesa la suerte de un excombatiente como para hacer una conferencia de prensa. M\u00e1s raro a\u00fan fue cuando nos enteramos que hab\u00edan convocado el cuerpo diplom\u00e1tico que deb\u00eda estar all\u00e1 sobre las dos de la tarde. Eso nadie se lo va a creer. Nosotros present\u00edamos que estaba la decisi\u00f3n de extraditarlo v\u00eda administrativa violando el orden constitucional. El mismo Uribe lo dio por hecho en C\u00facuta. All\u00e1 dijo que la \u201cextradici\u00f3n de Santrich ser\u00eda el inicio de la reforma a la Justicia\u201d. Esas decisiones tienen control constitucional posterior. Pero eso no evita que el env\u00edo se d\u00e9. Es una medida m\u00e1s bien simb\u00f3lica.<\/p>\n<p style=\"text-align:justify;\"><strong>-SEMANA: \u00bfEn qu\u00e9 momento se enteran que Santrich est\u00e1 herido?<\/strong><\/p>\n<p style=\"text-align:justify;\">B.G.: Cuando el cuerpo de abogados empieza su tr\u00e1mite para salir del complejo carcelario les informan que Santrich est\u00e1 herido y que hab\u00eda perdido mucha sangre. Los prisioneros de los pasillos PAS A y PAS B, que son los de alta seguridad, reaccionan, protestan y eso y fomentan una reacci\u00f3n r\u00e1pida. Ahora, m\u00e9dicamente, \u00e9l no fue atendido inmediatamente.<\/p>\n<p style=\"text-align:justify;\"><strong>-SEMANA: \u00bfCon qui\u00e9n estaba Santrich en la celda cuando se hiri\u00f3?<\/strong><\/p>\n<p style=\"text-align:justify;\">B.G.: Yo no puedo hablar de esos detalles porque nadie estaba con \u00e9l. \u00c9l estaba solo en la celda. Nadie ni de seguridad, ni de confianza.<\/p>\n<p style=\"text-align:justify;\"><strong>-SEMANA: Nos han dicho que las heridas se las provoc\u00f3 con una cuchilla de afeitar, \u00bfes verdad?<\/strong><\/p>\n<p style=\"text-align:justify;\">B.G.: Posiblemente. Pero todo est\u00e1 por aclarar. Lo \u00fanico que puedo decir es que Santrich ha dicho de manera reiterada que no se va a dejar extraditar. Normalmente cuando le preguntan c\u00f3mo lo va a evitar, \u00e9l responde: encontrar\u00e9 la forma. Ese es un principio de dignidad para \u00e9l como revolucionario. No va a permitir ser juzgado por una justicia que no sea colombiana. \u00c9l ha dicho que prefiere morir aqu\u00ed.<\/p>\n<p style=\"text-align:justify;\"><strong>-SEMANA: En qu\u00e9 momento lo sedan, \u00bfes una consecuencia del intento de suicido?<\/strong><\/p>\n<p style=\"text-align:justify;\">B.G.: Exactamente a las cuatro de la tarde del 17 de mayo Jes\u00fas Santrich estaba hablando con uno de sus abogados. Su defensa sale de la c\u00e1rcel con una parte de sus cosas personales como bolsos y maletines. Se re\u00fane con nosotros y el equipo de coordinaci\u00f3n que ten\u00edamos instalado en La Picota. Nos informan que ya iba a salir. Santrich sale de la c\u00e1rcel a las 4:40. Es decir, uno fue el Santrich consciente que vio el abogado, que daba instrucciones y, otro, el que subieron al helic\u00f3ptero 40 minutos despu\u00e9s del encuentro. Se ve\u00eda disminuido f\u00edsica y mentalmente.<\/p>\n<p style=\"text-align:justify;\"><strong>-SEMANA: \u00bfEso por qu\u00e9 sucedi\u00f3?<\/strong><\/p>\n<p style=\"text-align:justify;\">B.G.: El abogado nos inform\u00f3 que la demora en esos \u00faltimos minutos se dio porque a Santrich le estaban poniendo una dextrosa por las heridas que hab\u00eda tenido. Nosotros creemos que en ese suero que le inyectaron, le pusieron una sustancia que lo dop\u00f3 para\u00a0 subirlo al helic\u00f3ptero.<\/p>\n<p style=\"text-align:justify;\"><strong>-SEMANA: Pero, \u00bfcu\u00e1l ser\u00eda la necesidad?<\/strong><\/p>\n<p style=\"text-align:justify;\">B.G.: Esa recaptura estaba preparada. Hab\u00eda que tenerlo d\u00e9bil f\u00edsica y mentalmente para llev\u00e1rselo sin ninguna resistencia. Quienes lo conocemos sabemos que Santrich no es un hombre que se deje subir a un helic\u00f3ptero de manera tranquila y, menos, sabiendo que ese podr\u00eda ser su pasaporte a la extradici\u00f3n.<\/p>\n<p style=\"text-align:justify;\"><strong>-SEMANA: \u00bfCreen ustedes que esa sustancia que se le inyect\u00f3 fue la que desencaden\u00f3 al cuadro que hoy lo tiene en la Cl\u00ednica M\u00e9deri?<\/strong><\/p>\n<p style=\"text-align:justify;\">B.G.: Hay que tener en cuenta que Jes\u00fas Santrich es un hombre medicado, que tiene s\u00edndrome de leber y epilepsia. Cualquier cosa que se le aplique puede tener activar la contraindicaci\u00f3n.<\/p>\n<p style=\"text-align:justify;\"><strong>-SEMANA: \u00bfQu\u00e9 pasa cuando \u00e9l llega al b\u00fanker de la Fiscal\u00eda?<\/strong><\/p>\n<p style=\"text-align:justify;\">B.G.: All\u00e1 llega inconsciente. Cuando los abogados pueden verlo, a las siete de la noche, se encuentran a un Santrich tirado en una colchoneta que estaba en el piso del b\u00fanker. Junto a \u00e9l, unos param\u00e9dicos atendi\u00e9ndolo. Lo grave es que a esa hora, todav\u00eda no estaba consciente. De inmediato nosotros solicitamos la presencia de m\u00e9dicos de confianza que ingresaron a las 10:30 p.m. Cuando ellos entran coinciden con quienes lo ve\u00edan: \u00e9l no pod\u00eda permanecer ah\u00ed.<\/p>\n<p style=\"text-align:justify;\"><strong>-SEMANA.: \u00bfA qu\u00e9 hora se da el traslado? \u00bfCu\u00e1l era su estado a esa hora?<\/strong><\/p>\n<p style=\"text-align:justify;\">B.G.: Poco antes de las tres de la ma\u00f1ana. A esa hora ya estaba muy debilitado. Los m\u00e9dicos que lo vieron nos comentaron que estaba delirando, hablando incoherencias. Tal como qued\u00f3 en el informe. Ahora, todo este tiempo que ha estado en la cl\u00ednica no han permitido ingresar a un m\u00e9dico de confianza que est\u00e9 al lado de \u00e9l. Nosotros no confiamos en ninguna atenci\u00f3n m\u00e9dica despu\u00e9s de lo que ocurri\u00f3 en La Picota. Por eso mismo solicitamos un examen de Medicina Legal.<\/p>\n<p style=\"text-align:justify;\"><strong>-SEMANA: \u00bfLos tom\u00f3 por sorpresa la recaptura?<\/strong><\/p>\n<p style=\"text-align:justify;\">B.G.: El equipo que ha estado al frente de la campa\u00f1a Libertad para Santrich, ven\u00edamos haciendo nuestras valoraciones. \u00c9l es un prisionero pol\u00edtico. Claro, nosotros contemplamos esa posibilidad. Habl\u00e1bamos de un proceso gemelo despu\u00e9s de que concluyera la situaci\u00f3n en la JEP. No hab\u00eda pruebas y aunque se dio la posibilidad a la parte interesada de presentarlas no lo hicieron. Aun as\u00ed, sab\u00edamos que N\u00e9stor Humberto Mart\u00ednez, el fiscal de los montajes judiciales, no iba a perder de manera tranquila. Pero una recaptura no la imagin\u00e1bamos afuera, en la puerta de la c\u00e1rcel. Cre\u00edamos que pod\u00eda ocurrir en otro lugar.<\/p>\n<p style=\"text-align:justify;\"><strong>-SEMANA: Estados Unidos le entreg\u00f3 a la Fiscal\u00eda nueva evidencia que lo compromete&#8230;<\/strong><\/p>\n<p style=\"text-align:justify;\">B.G.: S\u00ed, pero es un video que no resiste un peritasgo, un an\u00e1lisis t\u00e9cnico serio. Hay una voz en audio que no corresponde con los movimientos. Este video no corresponde con la realidad. Hay un montaje, pero s\u00ed siembra dudas alrededor de la credibilidad de Santrich. Con \u00e9l, generan una matriz de opini\u00f3n para que la gente diga: hay que extraditarlo.<\/p>\n<p style=\"text-align:justify;\"><strong>-SEMANA: Pero Marlon Mar\u00edn, sobrino de Iv\u00e1n M\u00e1rquez, habr\u00eda entregado m\u00e1s insumos&#8230;<\/strong><\/p>\n<p style=\"text-align:justify;\">B.G.: Lo que nosotros sabemos de \u00e9l, es por los medios. Ahora, Marlon Mar\u00edn es un agente de la DEA. \u00c9l no es un testigo protegido. Es un agente que ellos lograron ganar con unos prop\u00f3sitos claros: ser testigo contra Iv\u00e1n M\u00e1rquez. La trampa original era contra \u00e9l. Alguna vez desde Miravalle (Caquet\u00e1) \u00e9l cont\u00f3 que a Marlon lo ech\u00f3, le dijo v\u00e1yase de ac\u00e1 que no lo quiero escuchar, no lo quiero ver. Todo lo que \u00e9l diga habr\u00e1 que confrontarlo. Eso tendr\u00e1 que ser cotejado.<\/p>\n<p style=\"text-align:justify;\"><strong>-SEMANA: No parece tan f\u00e1cil&#8230;<\/strong><\/p>\n<p style=\"text-align:justify;\">B.G.: Igual como otros casos, son tantos montajes de N\u00e9stor Humberto Mart\u00ednez, lo que se le han derrumbado. Este se caer\u00e1, pero \u00e9l, quien controla al actual fiscal encargado, lo que buscan es ganar tiempo contra la Jurisdicci\u00f3n Especial de Paz (JEP). El objetivo es obligarla a que en la segunda instancia, tras la apelaci\u00f3n, tuerza o cambie la decisi\u00f3n que se tom\u00f3 en primera instancia.<\/p>\n<p style=\"text-align:justify;\"><strong>-SEMANA: \u00bfQu\u00e9 se viene despu\u00e9s de la recaptura?<\/strong><\/p>\n<p style=\"text-align:justify;\">B.G.: Lo primero que nosotros pedimos es que no se realizara la audiencia hasta que Santrich estuviera m\u00e9dicamente en condiciones f\u00edsicas y mentales para comparecer ante ella. Es lo m\u00ednimo que puede pedir un prisionero pero no nos escucharon. Lo segundo es que la Fiscal\u00eda hace una maniobra enga\u00f1osa y tramposa. Dice que la audiencia se va a realizar en Paloquemao, pero intenta realizarla en la habitaci\u00f3n de la cl\u00ednica donde est\u00e1n recluido Santrich. Ahora, la Fiscal\u00eda se ha negado a recibir los documentos que la defensa de Santrich est\u00e1 presentando. En ellos, denunciamos que hay un conflicto de competencias.<\/p>\n<p style=\"text-align:justify;\"><strong>-SEMANA: \u00bfA qu\u00e9 se refiere?<\/strong><\/p>\n<p style=\"text-align:justify;\">B.G.: La Fiscal\u00eda no es competente para juzgar o para investigarlo porque Santrich es un congresista. \u00c9l es un representante a la C\u00e1mara y de eso da fe un fallo del Consejo de Estado. All\u00ed dice que \u00e9l ten\u00eda intacta su investidura de congresista y que no se hab\u00eda posesionado porque hab\u00eda una causal de fuerza mayor que se lo hab\u00eda impedido. Entonces Santrich es congresista. Estamos pidiendo que se reconozca el conflicto de competencias pero ni siquiera se nos permite radicar el documento.<\/p>\n<p style=\"text-align:justify;\"><strong>-SEMANA: Apenas se conoci\u00f3 la noticia usted dijo: \u00abTraicionaron el acuerdo y acabaron con la confianza de las y los excombatientes\u00bb. Sin embargo, al final de la semana el partido Farc hizo un llamado a la calma&#8230;.<\/strong><\/p>\n<p style=\"text-align:justify;\">B.G.: El partido llama a la calma y yo creo que no es momento para calmar. Recordar\u00eda aquellas palabras de Bol\u00edvar en la Junta Patri\u00f3tica, antes de la primera independencia cuando dijo: \u00ab300 a\u00f1os de calma no bastan\u00bb. O sea, 130 excombatientes no son suficientes como para seguir diciendo que tengamos calma. \u00bfCu\u00e1l ser\u00e1 el l\u00edmite entonces de muertos? 300, 400, 500 o 5000 como la Uni\u00f3n Patri\u00f3tica. No he le\u00eddo el comunicado del partido pero es momento para exigir el cumplimiento del acuerdo al Estado, la ONU, los pa\u00edses garantes y los notables. Yo no s\u00e9 si eso es beligerante o radical, pero este acuerdo ha sido traicionado y en las bases de los excombatientes existe una desconfianza e inseguridad en lo f\u00edsico, jur\u00eddico y socioecon\u00f3mico.<\/p>\n<p style=\"text-align:justify;\">&#8211;<strong>SEMANA: Pero, \u00bfno hay cosas que avanzan?<\/strong><\/p>\n<p style=\"text-align:justify;\">B.G.: En las c\u00e1rceles todav\u00eda tenemos m\u00e1s de 300 compa\u00f1eros. Si llegaran a salir en libertad hoy, se encontrar\u00edan con que en agosto se vence el t\u00e9rmino de los Espacios Territoriales de Capacitaci\u00f3n y Normalizaci\u00f3n (ETCR), de los alimentos y la renta b\u00e1sica. Eso quiere decir que salen a la intemperie jur\u00eddica, f\u00edsica y socioecon\u00f3mica. No es tiempo para pedir calma.<\/p>\n<p style=\"text-align:justify;\"><strong>-SEMANA: \u00bfEs irreversible esa desconfianza?<\/strong><\/p>\n<p style=\"text-align:justify;\">B.G.: Este acuerdo no lo recompone nadie. Yo no pienso como aquellos que dicen que recogeremos las trizas de las trizas. El acuerdo est\u00e1 hecho trizas y lo peor est\u00e1 por venir. Cuando termine el proceso de Santrich, independientemente como termine, vendr\u00e1n contra otros.<\/p>\n<p style=\"text-align:justify;\"><strong>-SEMANA: Entonces, \u00bfel Paisa (alias de Hern\u00e1n Dar\u00edo Vel\u00e1squez Saldarriaga), e Iv\u00e1n M\u00e1rquez nunca m\u00e1s aparecer\u00e1n?<\/strong><\/p>\n<p style=\"text-align:justify;\">B.G.: Podr\u00edamos decir que no veremos al Paisa e Iv\u00e1n M\u00e1rquez en Bogot\u00e1 hasta que este panorama no se aclare, la pregunta es: \u00bfse aclarar\u00e1?<\/p>\n","protected":false},"excerpt":{"rendered":"<p>No hay claridad sobre las circunstancias que agravaron al exguerrillero, quien fue remitido al Hospital M\u00e9deri. All\u00ed fue atendido y fue legalizada su recaptura, luego lo retornaron al b\u00fanker de la Fiscal\u00eda&#8230;<\/p>\n","protected":false},"author":102520410,"featured_media":7519,"comment_status":"closed","ping_status":"closed","sticky":false,"template":"","format":"aside","meta":{"_coblocks_attr":"","_coblocks_dimensions":"","_coblocks_responsive_height":"","_coblocks_accordion_ie_support":"","advanced_seo_description":"","jetpack_seo_html_title":"","jetpack_seo_noindex":false,"jetpack_seo_schema_type":"","_jetpack_newsletter_access":"","_jetpack_dont_email_post_to_subs":false,"_jetpack_newsletter_tier_id":0,"_jetpack_memberships_contains_paywalled_content":false,"_wpcom_ai_launchpad_first_post":false,"_jetpack_feature_clip_id":0,"_jetpack_memberships_contains_paid_content":false,"footnotes":"","jetpack_post_was_ever_published":false},"categories":[],"tags":[17212,969078,25472834,680019313,653341618],"class_list":["post-7518","post","type-post","status-publish","format-aside","has-post-thumbnail","hentry","tag-america-latina","tag-extradicion","tag-la-picota","tag-libertad-para-santrich","tag-marlon-marin","post_format-post-format-aside","fallback-thumbnail"],"jetpack_likes_enabled":false,"jetpack_sharing_enabled":true,"jetpack_shortlink":"https:\/\/wp.me\/p7lt2C-1Xg","amp_enabled":true,"jetpack_featured_media_url":"https:\/\/i0.wp.com\/correspondenciadeprensa.com\/wp-content\/uploads\/2019\/05\/colombia-santrich.jpg?fit=980%2C717&ssl=1","_links":{"self":[{"href":"https:\/\/correspondenciadeprensa.com\/index.php?rest_route=\/wp\/v2\/posts\/7518","targetHints":{"allow":["GET"]}}],"collection":[{"href":"https:\/\/correspondenciadeprensa.com\/index.php?rest_route=\/wp\/v2\/posts"}],"about":[{"href":"https:\/\/correspondenciadeprensa.com\/index.php?rest_route=\/wp\/v2\/types\/post"}],"author":[{"embeddable":true,"href":"https:\/\/correspondenciadeprensa.com\/index.php?rest_route=\/wp\/v2\/users\/102520410"}],"replies":[{"embeddable":true,"href":"https:\/\/correspondenciadeprensa.com\/index.php?rest_route=%2Fwp%2Fv2%2Fcomments&post=7518"}],"version-history":[{"count":1,"href":"https:\/\/correspondenciadeprensa.com\/index.php?rest_route=\/wp\/v2\/posts\/7518\/revisions"}],"predecessor-version":[{"id":7520,"href":"https:\/\/correspondenciadeprensa.com\/index.php?rest_route=\/wp\/v2\/posts\/7518\/revisions\/7520"}],"wp:featuredmedia":[{"embeddable":true,"href":"https:\/\/correspondenciadeprensa.com\/index.php?rest_route=\/wp\/v2\/media\/7519"}],"wp:attachment":[{"href":"https:\/\/correspondenciadeprensa.com\/index.php?rest_route=%2Fwp%2Fv2%2Fmedia&parent=7518"}],"wp:term":[{"taxonomy":"category","embeddable":true,"href":"https:\/\/correspondenciadeprensa.com\/index.php?rest_route=%2Fwp%2Fv2%2Fcategories&post=7518"},{"taxonomy":"post_tag","embeddable":true,"href":"https:\/\/correspondenciadeprensa.com\/index.php?rest_route=%2Fwp%2Fv2%2Ftags&post=7518"}],"curies":[{"name":"wp","href":"https:\/\/api.w.org\/{rel}","templated":true}]}}