{"id":5717,"date":"2018-09-30T08:38:53","date_gmt":"2018-09-30T11:38:53","guid":{"rendered":"http:\/\/correspondenciadeprensa.com\/?p=5717"},"modified":"2018-09-30T08:38:54","modified_gmt":"2018-09-30T11:38:54","slug":"brasil-el-caso-de-matopiba-costos-ambientales-y-humanos-del-negocio-de-tierras","status":"publish","type":"post","link":"https:\/\/correspondenciadeprensa.com\/?p=5717","title":{"rendered":"Brasil &#8211; El caso de MATOPIBA. Costos Ambientales y Humanos del Negocio de Tierras"},"content":{"rendered":"<h4><strong>\u00abCostos Ambientales y Humanos del Negocio de Tierras\u00bb<\/strong><\/h4>\n<p><strong>\u00a0<\/strong><strong>Presentaci\u00f3n<\/strong><\/p>\n<p><strong>\u00a0<\/strong><strong>Juan Luis Berterretche *<\/strong><\/p>\n<p>Documento completo:\u00a0<a title=\"S\u00edntesis MATOPIBA FIAN\" href=\"https:\/\/correspondenciadeprensa.com\/wp-content\/uploads\/2018\/09\/sc3adntesis-matopiba-fian.pdf\">S\u00edntesis MATOPIBA FIAN<\/a><\/p>\n<p style=\"text-align:justify;\">El documento que se adjunta fue publicado en junio de 2018 por FIAN International, Red Social de Justicia y Derechos Humanos y Comisi\u00f3n Pastoral de la Tierra (CPT). El trabajo de investigaci\u00f3n y elaboraci\u00f3n de este informe fue hecho por medio del esfuerzo colectivo de acad\u00e9micos, movimientos sociales y organizaciones nacionales e internacionales de derechos humanos y desarrollo.<\/p>\n<p style=\"text-align:justify;\">El texto de FIAN Brasil tiene una importancia capital porque en varios aspectos avanza conceptualmente sobre la definici\u00f3n de los derechos humanos. Donde aporta precisiones indispensables sobre el derecho de las personas a la tierra. Y en especial encara un tema fundamental, m\u00e1s general: \u201cel proceso de Financierizaci\u00f3n de la Econom\u00eda Mundial\u201d, hasta ahora limitadamente abordado \u2013 en funci\u00f3n de la importancia que tiene \u2013 por especialistas de la econom\u00eda pol\u00edtica.<\/p>\n<p style=\"text-align:justify;\">Es restringido lo escrito sobre el proceso de financierizaci\u00f3n de la econom\u00eda internacional iniciado en las \u00faltimas tres d\u00e9cadas del siglo XX, consolidado en la crisis internacional de 2007-2008, y que contin\u00faa hasta la fecha.<\/p>\n<p style=\"text-align:justify;\"><img data-recalc-dims=\"1\" loading=\"lazy\" decoding=\"async\" data-attachment-id=\"5720\" data-permalink=\"https:\/\/correspondenciadeprensa.com\/?attachment_id=5720\" data-orig-file=\"https:\/\/i0.wp.com\/correspondenciadeprensa.com\/wp-content\/uploads\/2018\/09\/matopiba-dos.jpg?fit=300%2C425&amp;ssl=1\" data-orig-size=\"300,425\" data-comments-opened=\"1\" data-image-title=\"Matopiba DOS\" data-image-description=\"\" data-image-caption=\"\" data-large-file=\"https:\/\/i0.wp.com\/correspondenciadeprensa.com\/wp-content\/uploads\/2018\/09\/matopiba-dos.jpg?fit=300%2C425&amp;ssl=1\" class=\"  wp-image-5720 alignright\" src=\"https:\/\/i0.wp.com\/correspondenciadeprensa.com\/wp-content\/uploads\/2018\/09\/matopiba-dos.jpg?resize=246%2C349&#038;ssl=1\" alt=\"Matopiba DOS\" width=\"246\" height=\"349\" \/>Pr\u00e1cticamente este es el primer texto -difundido mundialmente- dedicado al nefasto y avanzado proceso de expropiaci\u00f3n\/explotaci\u00f3n\/financiera de la tierra, con todas sus consecuencias destructivas en las poblaciones empobrecidas de las comunidades originales del Cerrado (2) brasile\u00f1o, al mismo tiempo que esta financierizaci\u00f3n produce el envenenamiento y la contaminaci\u00f3n con agrot\u00f3xicos de la naturaleza, atacando directamente la biodiversidad de la regi\u00f3n.<\/p>\n<p style=\"text-align:justify;\">Se trata de una denuncia s\u00f3lidamente documentada en donde las corporaciones transnacionales y en especial los Fondos de Pensi\u00f3n de pa\u00edses imperialistas cumplen una funci\u00f3n regresiva indiscutible con la anuencia del Estado y la Justicia Brasile\u00f1a.<\/p>\n<p>* Periodista e investigador uruguayo, radicado en Santa Catarina, miembro de la redacci\u00f3n del portal Desacato.info: <a href=\"http:\/\/desacato.info\/\">http:\/\/desacato.info\/<\/a><\/p>\n<p><strong><u>Notas <\/u><\/strong><\/p>\n<p>1) MATOPIBA\u201d es un Acr\u00f3nimo utilizado para referirse a la regi\u00f3n cubierta por una vegetaci\u00f3n t\u00edpica del Cerrado en los cuatro estados brasile\u00f1os de Mara\u00f1\u00f3n, Tocantins, Piau\u00ed y Bah\u00eda.<\/p>\n<p>2) Cerrado: llanura propia de zonas tropicales, albergue de tres cuencas hidrogr\u00e1ficas que abastecen de agua pr\u00e1cticamente todo Brasil. Es la mayor sabana de Am\u00e9rica del Sur, cubre 25% del territorio brasile\u00f1o y abriga 30% de la biodiversidad del Pa\u00eds. Pero viene sufriendo la m\u00e1s amplia tasa de desforestaci\u00f3n del territorio de Brasil y el intenso envenenamiento de sus tierras con agrot\u00f3xicos.<\/p>\n","protected":false},"excerpt":{"rendered":"<p>El texto de FIAN Brasil tiene una importancia capital porque en varios aspectos avanza conceptualmente sobre la definici\u00f3n de los derechos humanos. Donde aporta precisiones indispensables sobre el derecho de las personas a la tierra. Y en especial encara un tema fundamental, m\u00e1s general: \u201cel proceso de Financierizaci\u00f3n de la Econom\u00eda Mundial\u201d, hasta ahora limitadamente abordado&#8230;<\/p>\n","protected":false},"author":102520410,"featured_media":5719,"comment_status":"open","ping_status":"open","sticky":false,"template":"","format":"aside","meta":{"_coblocks_attr":"","_coblocks_dimensions":"","_coblocks_responsive_height":"","_coblocks_accordion_ie_support":"","advanced_seo_description":"","jetpack_seo_html_title":"","jetpack_seo_noindex":false,"jetpack_seo_schema_type":"","_jetpack_newsletter_access":"","_jetpack_dont_email_post_to_subs":false,"_jetpack_newsletter_tier_id":0,"_jetpack_memberships_contains_paywalled_content":false,"_wpcom_ai_launchpad_first_post":false,"_jetpack_feature_clip_id":0,"_jetpack_memberships_contains_paid_content":false,"footnotes":"","jetpack_post_was_ever_published":false},"categories":[31683],"tags":[17212,650613675,243976,14191442,5447915,650613705,12646269,589318581],"class_list":["post-5717","post","type-post","status-publish","format-aside","has-post-thumbnail","hentry","category-medio-ambiente","tag-america-latina","tag-comision-pastroal-de-la-tierra","tag-cpt","tag-expropiacion-de-tierras","tag-fian","tag-financierizacion-de-la-tierra","tag-fondos-de-pension","tag-matobipa","post_format-post-format-aside","fallback-thumbnail"],"jetpack_likes_enabled":false,"jetpack_sharing_enabled":true,"jetpack_shortlink":"https:\/\/wp.me\/p7lt2C-1ud","amp_enabled":true,"jetpack_featured_media_url":"https:\/\/i0.wp.com\/correspondenciadeprensa.com\/wp-content\/uploads\/2018\/09\/matopiba-uno.jpg?fit=800%2C534&ssl=1","_links":{"self":[{"href":"https:\/\/correspondenciadeprensa.com\/index.php?rest_route=\/wp\/v2\/posts\/5717","targetHints":{"allow":["GET"]}}],"collection":[{"href":"https:\/\/correspondenciadeprensa.com\/index.php?rest_route=\/wp\/v2\/posts"}],"about":[{"href":"https:\/\/correspondenciadeprensa.com\/index.php?rest_route=\/wp\/v2\/types\/post"}],"author":[{"embeddable":true,"href":"https:\/\/correspondenciadeprensa.com\/index.php?rest_route=\/wp\/v2\/users\/102520410"}],"replies":[{"embeddable":true,"href":"https:\/\/correspondenciadeprensa.com\/index.php?rest_route=%2Fwp%2Fv2%2Fcomments&post=5717"}],"version-history":[{"count":1,"href":"https:\/\/correspondenciadeprensa.com\/index.php?rest_route=\/wp\/v2\/posts\/5717\/revisions"}],"predecessor-version":[{"id":5721,"href":"https:\/\/correspondenciadeprensa.com\/index.php?rest_route=\/wp\/v2\/posts\/5717\/revisions\/5721"}],"wp:featuredmedia":[{"embeddable":true,"href":"https:\/\/correspondenciadeprensa.com\/index.php?rest_route=\/wp\/v2\/media\/5719"}],"wp:attachment":[{"href":"https:\/\/correspondenciadeprensa.com\/index.php?rest_route=%2Fwp%2Fv2%2Fmedia&parent=5717"}],"wp:term":[{"taxonomy":"category","embeddable":true,"href":"https:\/\/correspondenciadeprensa.com\/index.php?rest_route=%2Fwp%2Fv2%2Fcategories&post=5717"},{"taxonomy":"post_tag","embeddable":true,"href":"https:\/\/correspondenciadeprensa.com\/index.php?rest_route=%2Fwp%2Fv2%2Ftags&post=5717"}],"curies":[{"name":"wp","href":"https:\/\/api.w.org\/{rel}","templated":true}]}}