{"id":54803,"date":"2026-09-05T21:00:00","date_gmt":"2026-09-05T19:00:00","guid":{"rendered":"https:\/\/correspondenciadeprensa.com\/?p=54803"},"modified":"2026-09-05T20:16:29","modified_gmt":"2026-09-05T18:16:29","slug":"estados-unidos-medio-oriente-la-guerra-de-irak-hizo-anicos-la-promesa-de-un-nuevo-orden-mundial-gilbert-achcar","status":"publish","type":"post","link":"https:\/\/correspondenciadeprensa.com\/?p=54803","title":{"rendered":"Estados Unidos \/ Medio Oriente &#8211; \u00abLa guerra de Irak hizo a\u00f1icos la promesa de un nuevo orden mundial\u00bb. [Gilbert Achcar]"},"content":{"rendered":"\n<p class=\"has-text-color has-link-color wp-elements-1 wp-block-paragraph\" style=\"color:#000000\"><strong>Entrevista a Gilbert Achcar realizada por <a href=\"https:\/\/qantara.de\/en\/author\/jannis-hagmann\">Jannis Hagmann<\/a><\/strong><\/p>\n\n\n\n<p class=\"has-text-color has-link-color wp-elements-2 wp-block-paragraph\" style=\"color:#000000\"><strong><em><a href=\"https:\/\/qantara.de\/en\/node\/44749\">Qantara<\/a><\/em>, 3-9-2026<\/strong><\/p>\n\n\n\n<p class=\"has-text-color has-link-color wp-elements-3 wp-block-paragraph\" style=\"color:#000000\"><strong>Traducci\u00f3n de C\u00e9sar Ayala<\/strong><\/p>\n\n\n\n<p class=\"has-text-color has-link-color wp-elements-4 wp-block-paragraph\" style=\"color:#000000\"><strong><em><a href=\"https:\/\/correspondenciadeprensa.com\/\">Correspondencia de Prensa<\/a><\/em>, 5-9-2026<\/strong><\/p>\n\n\n\n<p class=\"has-text-align-justify has-text-color has-link-color wp-elements-5 wp-block-paragraph\" style=\"color:#000000\"><em>Los atentados del 11 de septiembre de 2001 alteraron de forma radical la pol\u00edtica exterior de EE. UU. y desencadenaron una serie de guerras que han transformado Oriente Medio. Veinticinco a\u00f1os despu\u00e9s, Gilbert Achcar reflexiona sobre la respuesta de EE. UU. al 11-S y su impacto duradero en la regi\u00f3n.<\/em><\/p>\n\n\n\n<p class=\"has-text-align-justify has-text-color has-link-color wp-elements-6 wp-block-paragraph\" style=\"color:#000000\"><strong>Qantara: Existe un t\u00f3pico sobre el 11-S: que la gente recuerda exactamente el momento en que se dio la noticia. \u00bfCu\u00e1l fue su reacci\u00f3n aquel d\u00eda?<\/strong><\/p>\n\n\n\n<p class=\"has-text-align-justify has-text-color has-link-color wp-elements-7 wp-block-paragraph\" style=\"color:#000000\"><strong>Gilbert Achcar:<\/strong> Mi primera reacci\u00f3n fue un \u00ab\u00a1Dios m\u00edo!\u00bb. En aquel momento, se estimaba que el n\u00famero de v\u00edctimas ser\u00eda mucho mayor incluso que la cifra final, que rondaba las 3.000. Como la mayor\u00eda de la gente, me horroriz\u00f3 ver c\u00f3mo se derrumbaban esos dos rascacielos. Fue un crimen atroz.<\/p>\n\n\n\n<p class=\"has-text-align-justify has-text-color has-link-color wp-elements-8 wp-block-paragraph\" style=\"color:#000000\">Pero luego, mi siguiente reacci\u00f3n fue el temor a las consecuencias. Ten\u00eda claro que esto desencadenar\u00eda mucha violencia por parte de EE. UU. Y eso es exactamente lo que ocurri\u00f3 con las guerras en Afganist\u00e1n y en Irak.<\/p>\n\n\n\n<p class=\"has-text-align-justify has-text-color has-link-color wp-elements-9 wp-block-paragraph\" style=\"color:#000000\"><strong>\u00bfEras consciente de que se trataba de un punto de inflexi\u00f3n en la historia?<\/strong><\/p>\n\n\n\n<p class=\"has-text-align-justify has-text-color has-link-color wp-elements-10 wp-block-paragraph\" style=\"color:#000000\">Oh, s\u00ed, por supuesto. Como subrayaban todos los comentarios de la \u00e9poca, era la primera vez que Estados Unidos sufr\u00eda un ataque en su propio territorio continental. Y fue un ataque tremendamente espectacular que provoc\u00f3 una identificaci\u00f3n total de los pa\u00edses occidentales con los estadounidenses.<\/p>\n\n\n\n<p class=\"has-text-align-justify has-text-color has-link-color wp-elements-11 wp-block-paragraph\" style=\"color:#000000\">Lo que m\u00e1s me llam\u00f3 la atenci\u00f3n fue el enorme contraste con la falta de empat\u00eda real hacia cat\u00e1strofes a\u00fan mayores en el Sur Global.<\/p>\n\n\n\n<p class=\"has-text-color has-link-color wp-elements-12 wp-block-paragraph\" style=\"color:#000000\"><strong>\u00bfComo qu\u00e9?<\/strong><\/p>\n\n\n\n<p class=\"has-text-align-justify has-text-color has-link-color wp-elements-13 wp-block-paragraph\" style=\"color:#000000\">Piensa en la guerra del Congo de aquella \u00e9poca o en la epidemia del sida, que alcanz\u00f3 su punto \u00e1lgido en la d\u00e9cada de los noventa. Murieron millones de personas y a casi nadie le import\u00f3.<\/p>\n\n\n\n<p class=\"has-text-align-justify has-text-color has-link-color wp-elements-14 wp-block-paragraph\" style=\"color:#000000\"><strong>\u00bfSon comparables estos acontecimientos? Las 3.000 personas a las que te refieres murieron en atentados coordinados en un solo d\u00eda.<\/strong><\/p>\n\n\n\n<p class=\"has-text-align-justify has-text-color has-link-color wp-elements-15 wp-block-paragraph\" style=\"color:#000000\">Lo que quiero decir es que las guerras, los atentados o las epidemias en el Norte Global atraen mucha m\u00e1s atenci\u00f3n. Yo he denominado a esto \u00abcompasi\u00f3n narcisista\u00bb: el hecho de identificarnos con \u00abgente como nosotros\u00bb y, en mucha menor medida, con personas a las que consideramos diferentes. As\u00ed es como sigue funcionando el mundo hoy en d\u00eda. Tomemos como ejemplo el 7 de octubre y el genocidio de Gaza.<\/p>\n\n\n\n<p class=\"has-text-align-justify has-text-color has-link-color wp-elements-16 wp-block-paragraph\" style=\"color:#000000\"><strong>Hablaremos m\u00e1s adelante de los paralelismos entre el 7 de octubre y el 11-S. Por ahora, centr\u00e9monos en las guerras de Afganist\u00e1n e Irak, que han marcado la regi\u00f3n hasta el d\u00eda de hoy. \u00bfC\u00f3mo ves esos acontecimientos desde la perspectiva actual?<\/strong><\/p>\n\n\n\n<p class=\"has-text-align-justify has-text-color has-link-color wp-elements-17 wp-block-paragraph\" style=\"color:#000000\">El 11-S fue aprovechado como pretexto por la administraci\u00f3n de George W. Bush, formada por personas decididas a invadir Irak de todos modos, a pesar de que Irak no ten\u00eda ninguna relaci\u00f3n con Al Qaeda ni con el 11-S.<\/p>\n\n\n\n<p class=\"has-text-align-justify has-text-color has-link-color wp-elements-18 wp-block-paragraph\" style=\"color:#000000\">Ahora sabemos, gracias a los testimonios \u2014entre ellos los de Condoleezza Rice <em>(entonces asesora de Seguridad Nacional)<\/em> y Colin Powell <em>(secretario de Estado)<\/em>\u2014, que, inmediatamente despu\u00e9s de los atentados, Bush y su equipo debatieron qu\u00e9 hacer. Donald Rumsfeld <em>(secretario de Defensa)<\/em> y otros quer\u00edan invadir Irak de inmediato, pero Powell argument\u00f3 que esto no se entender\u00eda, ya que Al Qaeda ten\u00eda su base en Afganist\u00e1n.<\/p>\n\n\n\n<p class=\"has-text-align-justify has-text-color has-link-color wp-elements-19 wp-block-paragraph\" style=\"color:#000000\">Finalmente, llegaron a un acuerdo: primero Afganist\u00e1n, luego Irak. Afganist\u00e1n solo fue invadido porque ten\u00edan que hacerlo como represalia contra Al Qaeda. Lo que realmente quer\u00edan era Irak, ya que es un pa\u00eds rico en petr\u00f3leo y ocupa una ubicaci\u00f3n estrat\u00e9gica en el Golfo.<\/p>\n\n\n\n<p class=\"has-text-align-justify has-text-color has-link-color wp-elements-20 wp-block-paragraph\" style=\"color:#000000\"><strong>Desde la invasi\u00f3n, Irak ha atravesado a\u00f1os de inestabilidad, marcados por la guerra civil, el auge del Estado Isl\u00e1mico y la creciente influencia de las milicias respaldadas por Ir\u00e1n. Estados Unidos sigui\u00f3 interviniendo militarmente durante a\u00f1os. En Afganist\u00e1n, las tropas estadounidenses no se retiraron hasta 2021, allanando el camino para el regreso de los talibanes. Ambas guerras resultaron ser desastres, \u00bfno es as\u00ed?<\/strong><\/p>\n\n\n\n<p class=\"has-text-align-justify has-text-color has-link-color wp-elements-21 wp-block-paragraph\" style=\"color:#000000\">Estas guerras se libraron haciendo caso omiso de la lecci\u00f3n clave de Vietnam: no dejarse arrastrar a conflictos a largo plazo. Un golpe r\u00e1pido y basta. Bush hizo justo lo contrario. A principios de 2003, un mes antes de la invasi\u00f3n, realic\u00e9 una gira por Estados Unidos para presentar mi libro \u00abEl choque de las barbaries\u00bb. Dondequiera que iba, dec\u00eda que la invasi\u00f3n provocar\u00eda el caos en Irak y se convertir\u00eda en un atolladero para Estados Unidos.<\/p>\n\n\n\n<p class=\"has-text-align-justify has-text-color has-link-color wp-elements-22 wp-block-paragraph\" style=\"color:#000000\"><em><a href=\"https:\/\/saqibooks.com\/books\/saqi\/the-clash-of-barbarisms\/\" target=\"_blank\" rel=\"noopener\"><strong>El libro<\/strong><\/a><\/em> <strong>llevaba por subt\u00edtulo \u00abLa creaci\u00f3n del nuevo desorden mundial\u00bb. \u00bfQu\u00e9 ten\u00eda de nuevo el sistema internacional posterior al 11-S?<\/strong><\/p>\n\n\n\n<p class=\"has-text-align-justify has-text-color has-link-color wp-elements-23 wp-block-paragraph\" style=\"color:#000000\">El t\u00edtulo era una respuesta al famoso libro de Samuel Huntington \u00abEl choque de civilizaciones: la creaci\u00f3n del nuevo orden mundial\u00bb. Yo lo contrarrest\u00e9 con la tesis de un choque de barbaries. Los enfrentamientos en curso no enfrentaban a civilizaciones como tales, sino a las tendencias b\u00e1rbaras inherentes a la civilizaci\u00f3n de cada bando.<\/p>\n\n\n\n<p class=\"has-text-align-justify has-text-color has-link-color wp-elements-24 wp-block-paragraph\" style=\"color:#000000\">En cuanto al nuevo orden mundial, debemos dar un paso atr\u00e1s. En 1990, asistimos al fin de la Guerra Fr\u00eda y a la pretensi\u00f3n de relanzar el orden mundial que hab\u00eda surgido tras la Segunda Guerra Mundial, una arquitectura del sistema internacional cuya piedra angular era la ONU y el imperio del derecho internacional. Se trataba de un gran paso adelante para la humanidad, pero qued\u00f3 estancado por la Guerra Fr\u00eda.<\/p>\n\n\n\n<p class=\"has-text-align-justify has-text-color has-link-color wp-elements-25 wp-block-paragraph\" style=\"color:#000000\">En 1990, George H. W. Bush, el padre, prometi\u00f3 una renovaci\u00f3n del orden basado en normas bajo el nombre de \u00abnuevo orden mundial\u00bb. Por una iron\u00eda de la historia, esto ocurri\u00f3 en un famoso discurso que pronunci\u00f3 el 11 de septiembre de 1990. Pero poco despu\u00e9s, los mismos Estados Unidos que hab\u00edan prometido respetar el derecho internacional estaban violando descaradamente esas mismas normas.<\/p>\n\n\n\n<p class=\"has-text-align-justify has-text-color has-link-color wp-elements-26 wp-block-paragraph\" style=\"color:#000000\"><strong>\u00bfFue eso un fen\u00f3meno nuevo tras el 11-S? Ya en 1999, la OTAN intervino en Kosovo sin un mandato del Consejo de Seguridad de la ONU.<\/strong><\/p>\n\n\n\n<p class=\"has-text-align-justify has-text-color has-link-color wp-elements-27 wp-block-paragraph\" style=\"color:#000000\">Es cierto, pero la invasi\u00f3n de Irak supuso una violaci\u00f3n de mayor magnitud. Con ella se hizo a\u00f1icos la promesa de una renovaci\u00f3n del orden mundial basado en normas. Esta din\u00e1mica, a su vez, llev\u00f3 a que Rusia se convirtiera en un Estado cada vez m\u00e1s depredador, empezando por Georgia en 2008, Ucrania en 2014, Siria en 2015 y de nuevo Ucrania en 2022. Y a principios de este a\u00f1o, con la guerra contra Ir\u00e1n, EE. UU. lanz\u00f3 su guerra m\u00e1s importante desde la invasi\u00f3n de Irak.<\/p>\n\n\n\n<p class=\"has-text-align-justify has-text-color has-link-color wp-elements-28 wp-block-paragraph\" style=\"color:#000000\"><strong>Has descrito el enfoque de las \u00e9lites gobernantes occidentales hacia el islam como orientalista, en el sentido de que los musulmanes son culturalmente adictos al despotismo. Eso formaba parte de ese paradigma del \u00abchoque de civilizaciones\u00bb, por as\u00ed decirlo. Pero entonces se produjeron las revueltas \u00e1rabes de 2011. \u00bfCambiaron la perspectiva de EE. UU. sobre la regi\u00f3n?<\/strong><\/p>\n\n\n\n<p class=\"has-text-align-justify has-text-color has-link-color wp-elements-29 wp-block-paragraph\" style=\"color:#000000\">El a\u00f1o 2011 hizo a\u00f1icos la perspectiva orientalista sobre el islam y los \u00e1rabes. Pero el auge de los Hermanos Musulmanes, seguido de su sustituci\u00f3n en Egipto por un r\u00e9gimen a\u00fan m\u00e1s desp\u00f3tico que el que exist\u00eda hasta 2011, reaviv\u00f3 esta perspectiva reaccionaria. Resurgi\u00f3 la idea de que las poblaciones musulmanas son culturalmente incompatibles con los valores modernos, la democracia y el laicismo.<\/p>\n\n\n\n<p class=\"has-text-align-justify has-text-color has-link-color wp-elements-30 wp-block-paragraph\" style=\"color:#000000\"><strong>\u00bfCu\u00e1l es tu contraargumento a la perspectiva orientalista? No ha surgido ni un solo sistema democr\u00e1tico en esta<\/strong> <em><a href=\"https:\/\/v-dem.net\/documents\/75\/V-Dem_Institute_Democracy_Report_2026_lowres.pdf\" target=\"_blank\" rel=\"noopener\"><strong>regi\u00f3n<\/strong><\/a><\/em><em>,<\/em> <em><a href=\"https:\/\/v-dem.net\/documents\/75\/V-Dem_Institute_Democracy_Report_2026_lowres.pdf\" target=\"_blank\" rel=\"noopener\"><strong>la menos democr\u00e1tica del mundo<\/strong><\/a><\/em>, <strong>donde las libertades siguen incluso reduci\u00e9ndose.<\/strong><\/p>\n\n\n\n<p class=\"has-text-align-justify has-text-color has-link-color wp-elements-31 wp-block-paragraph\" style=\"color:#000000\">La llamada \u00abexcepci\u00f3n desp\u00f3tica\u00bb de la regi\u00f3n es, en gran medida, resultado de la implicaci\u00f3n occidental. Durante d\u00e9cadas, las potencias occidentales han apoyado plenamente a los reg\u00edmenes m\u00e1s reaccionarios y desp\u00f3ticos de la regi\u00f3n, empezando por la estrecha alianza entre EE. UU. y el Reino de Arabia Saudita, que propag\u00f3 el fundamentalismo isl\u00e1mico en su lucha contra el nacionalismo de izquierdas. Los gobiernos occidentales que afirman defender los derechos humanos compiten por ganarse el favor de las ricas monarqu\u00edas desp\u00f3ticas del Golfo. Y los gobiernos europeos se acercan a los d\u00e9spotas, como el actual presidente tunecino, para que les ayuden a frenar la migraci\u00f3n.<\/p>\n\n\n\n<p class=\"has-text-align-justify has-text-color has-link-color wp-elements-32 wp-block-paragraph\" style=\"color:#000000\"><strong>En 2011, fueron sobre todo los reg\u00edmenes proestadounidenses los que se vieron cuestionados por levantamientos populares. \u00bfSe trataba de un rechazo a la implicaci\u00f3n de EE. UU. en la regi\u00f3n?<\/strong><\/p>\n\n\n\n<p class=\"has-text-align-justify has-text-color has-link-color wp-elements-33 wp-block-paragraph\" style=\"color:#000000\">Los primeros reg\u00edmenes que se vieron sacudidos en 2011 fueron, efectivamente, prooccidentales: T\u00fanez y Egipto. Pero a ellos les siguieron Libia, Yemen y, posteriormente, Siria, ninguno de los cuales podr\u00eda describirse con precisi\u00f3n como \u00abproestadounidense\u00bb.<\/p>\n\n\n\n<p class=\"has-text-align-justify has-text-color has-link-color wp-elements-34 wp-block-paragraph\" style=\"color:#000000\">Es cierto, sin embargo, que la invasi\u00f3n de Irak hab\u00eda contribuido a radicalizar a la poblaci\u00f3n de la regi\u00f3n. El espect\u00e1culo del ej\u00e9rcito estadounidense invadiendo un pa\u00eds \u00e1rabe conmocion\u00f3 a la gente. Pero la causa fundamental de la \u00abPrimavera \u00c1rabe\u00bb de 2011 fue socioecon\u00f3mica. La regi\u00f3n sufre una profunda crisis estructural que se puso de manifiesto en 2011 y que no ha hecho m\u00e1s que agravarse desde entonces.<\/p>\n\n\n\n<p class=\"has-text-align-justify has-text-color has-link-color wp-elements-35 wp-block-paragraph\" style=\"color:#000000\">Los reg\u00edmenes del mundo \u00e1rabe obstaculizan el desarrollo econ\u00f3mico. Por eso esta regi\u00f3n est\u00e1 condenada a permanecer en crisis y desestabilizaci\u00f3n mientras prevalezcan reg\u00edmenes de este tipo. Cualquier creencia de que la regi\u00f3n pueda volver al tipo de estabilidad desp\u00f3tica que prevaleci\u00f3 en la \u00faltima parte del siglo XX es ilusoria.<\/p>\n\n\n\n<p class=\"has-text-align-justify has-text-color has-link-color wp-elements-36 wp-block-paragraph\" style=\"color:#000000\">En pa\u00edses como Egipto o Marruecos, la ira social se est\u00e1 acumulando y, tarde o temprano, volver\u00e1 a estallar. La regi\u00f3n lleva varias d\u00e9cadas registrando las tasas de desempleo juvenil m\u00e1s altas del mundo. Tomemos como ejemplo Marruecos: fue testigo de un notable <em><a href=\"https:\/\/qantara.de\/en\/artikel\/proteste-marokko-die-gen-z-hat-die-politische-elite-ueberrascht\">movimiento de la Generaci\u00f3n Z<\/a><\/em> y, recientemente, el mundo se qued\u00f3 <em><a href=\"https:\/\/qantara.de\/en\/article\/inequality-morocco-ceuta-was-referendum\">consternado al ver a<\/a><\/em> miles de <em><a href=\"https:\/\/qantara.de\/en\/article\/inequality-morocco-ceuta-was-referendum\">j\u00f3venes cruzando a nado hasta Ceuta<\/a><\/em>. Se trata de dos s\u00edntomas distintos del resentimiento juvenil.<\/p>\n\n\n\n<p class=\"has-text-align-justify has-text-color has-link-color wp-elements-37 wp-block-paragraph\" style=\"color:#000000\"><strong>Antes mencionaste Gaza. Se podr\u00eda argumentar que el 7 de octubre fue un punto de inflexi\u00f3n similar al 11-S, con ciertos paralelismos entre ambos: atentados terroristas a gran escala que generaron una fuerte identificaci\u00f3n en diferentes partes del mundo, una mayor polarizaci\u00f3n y la amplificaci\u00f3n de corrientes ideol\u00f3gicas que ya estaban presentes.<\/strong><\/p>\n\n\n\n<p class=\"has-text-align-justify has-text-color has-link-color wp-elements-38 wp-block-paragraph\" style=\"color:#000000\">El paralelismo obvio es que, en ambos casos, los gobiernos ya ten\u00edan la intenci\u00f3n previa de hacer lo que finalmente hicieron. Al igual que el 11-S para Bush, el 7 de octubre fue una oportunidad que Ham\u00e1s brind\u00f3 al gobierno de extrema derecha m\u00e1s radical de la historia de Israel. Este necesitaba una oportunidad para volver a ocupar Gaza. Dejando de lado las consideraciones morales, desde un punto de vista puramente estrat\u00e9gico, los ataques imprudentes y mal concebidos de Ham\u00e1s constituyeron el error de c\u00e1lculo m\u00e1s catastr\u00f3fico de la historia de las luchas anticoloniales.<\/p>\n\n\n\n<p class=\"has-text-align-justify has-text-color has-link-color wp-elements-39 wp-block-paragraph\" style=\"color:#000000\">Durante d\u00e9cadas, los gobiernos israel\u00edes tuvieron que convivir con las limitaciones impuestas por el contexto internacional. Esto los mantuvo dentro de ciertos l\u00edmites, como el de no anexionar la mayor parte de los territorios palestinos que Israel ocup\u00f3 en 1967. Estas inhibiciones desaparecieron tras el 7 de octubre: no solo Israel estaba gobernado por la extrema derecha sionista, cuya agenda es la limpieza \u00e9tnica, sino que los propios Estados Unidos, el \u00abhermano mayor\u00bb de Israel, estaban liderados por sus administraciones m\u00e1s pro-sionistas bajo Biden y Trump. Esta convergencia hizo posible la cat\u00e1strofe de Gaza.<\/p>\n\n\n\n<p class=\"has-text-align-justify has-text-color has-link-color wp-elements-40 wp-block-paragraph\" style=\"color:#000000\"><strong>En<\/strong> <em><a href=\"https:\/\/www.ucpress.edu\/books\/the-gaza-catastrophe\/paper\" target=\"_blank\" rel=\"noopener\"><strong>su \u00faltimo libro<\/strong><\/a><\/em> <strong>sobre los antecedentes de la crisis de Gaza, se mostr\u00f3 optimista al escribir: \u00abOjal\u00e1 se revierta esta reca\u00edda de las relaciones internacionales en la barbarie\u00bb. \u00bfC\u00f3mo se puede revertir el desorden internacional que ya diagnostic\u00f3 tras el 11-S?<\/strong><\/p>\n\n\n\n<p class=\"has-text-align-justify has-text-color has-link-color wp-elements-41 wp-block-paragraph\" style=\"color:#000000\">No soy optimista, tengo esperanza. El optimismo es la creencia de que suceder\u00e1 lo mejor. La esperanza es la creencia de que algo mejor es posible. Pero ser\u00e1 una lucha dura. Con el auge de la extrema derecha a nivel mundial \u2014desde Trump hasta Netanyahu, desde Modi hasta Le Pen y la AFD\u2014 hay muchos motivos para el pesimismo.<\/p>\n\n\n\n<p class=\"has-text-align-justify has-text-color has-link-color wp-elements-42 wp-block-paragraph\" style=\"color:#000000\">Pero hay se\u00f1ales que alimentan la esperanza. El cambio en la opini\u00f3n p\u00fablica en torno a Gaza es reconfortante. La generaci\u00f3n m\u00e1s joven, en particular, tiene una mentalidad mucho m\u00e1s internacionalista. Esto supone un avance para la humanidad. La gente reacciona cada vez m\u00e1s ante lo que considera horrible, incluso cuando se comete contra poblaciones con las que no se identifica de forma espont\u00e1nea. Esto demuestra que es posible superar la \u00abcompasi\u00f3n narcisista\u00bb.<\/p>\n\n\n\n<p class=\"has-text-align-justify has-text-color has-link-color wp-elements-43 wp-block-paragraph\" style=\"color:#000000\">Y el hecho de que, precisamente en EE. UU., un n\u00famero cada vez mayor de personas est\u00e9 abrazando el socialismo democr\u00e1tico y logrando victorias electorales supone un enorme cambio hist\u00f3rico. As\u00ed pues, estamos asistiendo al auge de fuerzas progresistas contrarias. Mi esperanza es que la actual ola de extrema derecha remita y que las fuerzas progresistas sean capaces de contrarrestarla eficazmente y tomar el relevo.<\/p>\n","protected":false},"excerpt":{"rendered":"<p>Los atentados del 11 de septiembre de 2001 alteraron de forma radical la pol\u00edtica exterior de EE. UU. y desencadenaron una serie de guerras que han transformado Oriente Medio. Veinticinco a\u00f1os despu\u00e9s, Gilbert Achcar reflexiona sobre la respuesta de EE. UU. al 11-S y su impacto duradero en la regi\u00f3n.<\/p>\n","protected":false},"author":102520410,"featured_media":54808,"comment_status":"closed","ping_status":"","sticky":false,"template":"","format":"standard","meta":{"_coblocks_attr":"","_coblocks_dimensions":"","_coblocks_responsive_height":"","_coblocks_accordion_ie_support":"","advanced_seo_description":"","jetpack_seo_html_title":"","jetpack_seo_noindex":false,"jetpack_seo_schema_type":"","_jetpack_newsletter_access":"","_jetpack_dont_email_post_to_subs":false,"_jetpack_newsletter_tier_id":0,"_jetpack_memberships_contains_paywalled_content":false,"_wpcom_ai_launchpad_first_post":false,"_jetpack_feature_clip_id":0,"_jetpack_memberships_contains_paid_content":false,"footnotes":"","jetpack_post_was_ever_published":false},"categories":[703611105,68395,359786,26256,129883],"tags":[],"class_list":["post-54803","post","type-post","status-publish","format-standard","has-post-thumbnail","hentry","category-afganistan","category-estados-unidos","category-imperialismos","category-irak","category-medio-oriente","fallback-thumbnail"],"jetpack_likes_enabled":false,"jetpack_sharing_enabled":true,"jetpack_shortlink":"https:\/\/wp.me\/p7lt2C-efV","amp_enabled":true,"jetpack_featured_media_url":"https:\/\/i0.wp.com\/correspondenciadeprensa.com\/wp-content\/uploads\/2026\/09\/Achcar05092026.jpg?fit=721%2C347&ssl=1","_links":{"self":[{"href":"https:\/\/correspondenciadeprensa.com\/index.php?rest_route=\/wp\/v2\/posts\/54803","targetHints":{"allow":["GET"]}}],"collection":[{"href":"https:\/\/correspondenciadeprensa.com\/index.php?rest_route=\/wp\/v2\/posts"}],"about":[{"href":"https:\/\/correspondenciadeprensa.com\/index.php?rest_route=\/wp\/v2\/types\/post"}],"author":[{"embeddable":true,"href":"https:\/\/correspondenciadeprensa.com\/index.php?rest_route=\/wp\/v2\/users\/102520410"}],"replies":[{"embeddable":true,"href":"https:\/\/correspondenciadeprensa.com\/index.php?rest_route=%2Fwp%2Fv2%2Fcomments&post=54803"}],"version-history":[{"count":6,"href":"https:\/\/correspondenciadeprensa.com\/index.php?rest_route=\/wp\/v2\/posts\/54803\/revisions"}],"predecessor-version":[{"id":54810,"href":"https:\/\/correspondenciadeprensa.com\/index.php?rest_route=\/wp\/v2\/posts\/54803\/revisions\/54810"}],"wp:featuredmedia":[{"embeddable":true,"href":"https:\/\/correspondenciadeprensa.com\/index.php?rest_route=\/wp\/v2\/media\/54808"}],"wp:attachment":[{"href":"https:\/\/correspondenciadeprensa.com\/index.php?rest_route=%2Fwp%2Fv2%2Fmedia&parent=54803"}],"wp:term":[{"taxonomy":"category","embeddable":true,"href":"https:\/\/correspondenciadeprensa.com\/index.php?rest_route=%2Fwp%2Fv2%2Fcategories&post=54803"},{"taxonomy":"post_tag","embeddable":true,"href":"https:\/\/correspondenciadeprensa.com\/index.php?rest_route=%2Fwp%2Fv2%2Ftags&post=54803"}],"curies":[{"name":"wp","href":"https:\/\/api.w.org\/{rel}","templated":true}]}}