{"id":54794,"date":"2026-09-05T08:11:27","date_gmt":"2026-09-05T06:11:27","guid":{"rendered":"https:\/\/correspondenciadeprensa.com\/?p=54794"},"modified":"2026-09-05T08:11:27","modified_gmt":"2026-09-05T06:11:27","slug":"genero-uruguay-hay-una-ofensiva-reaccionaria-que-pretende-instalar-la-idea-que-el-feminismo-llego-demasiado-lejos-atss","status":"publish","type":"post","link":"https:\/\/correspondenciadeprensa.com\/?p=54794","title":{"rendered":"G\u00e9nero \/ Uruguay &#8211; \u00abHay una ofensiva reaccionaria que pretende instalar la idea que el feminismo lleg\u00f3 demasiado lejos\u00bb. [ATSS]"},"content":{"rendered":"\n<p class=\"has-text-align-right wp-block-paragraph\"><sub>Manifestaci\u00f3n de estudiantes, plaza 1\u00b0 de Mayo, Montevideo, 2-9-2026<\/sub><\/p>\n\n\n\n<p class=\"has-text-color has-link-color wp-elements-1 wp-block-paragraph\" style=\"color:#000000\"><strong>Carolina Spilman: \u00abHay una ofensiva reaccionaria que pretende instalar la idea que el feminismo lleg\u00f3 demasiado lejos\u00bb<\/strong><\/p>\n\n\n\n<p class=\"has-text-color has-link-color wp-elements-2 wp-block-paragraph\" style=\"color:#000000\"><strong><em><a href=\"https:\/\/atss.org.uy\/carolina-spilman-hay-una-ofensiva-reaccionaria-que-pretende-instalar-la-idea-que-el-feminismo-llego-demasiado-lejos\/\">Asociaci\u00f3n de Trabajadores de la Seguridad Social, ATSS<\/a><\/em>, 4-9-2026<\/strong><\/p>\n\n\n\n<p class=\"has-text-color has-link-color wp-elements-3 wp-block-paragraph\" style=\"color:#000000\"><strong><em><a href=\"https:\/\/correspondenciadeprensa.com\/\">Correspondencia de Prensa<\/a><\/em>, 5-9-2026<\/strong><\/p>\n\n\n\n<p class=\"has-text-align-justify has-text-color has-link-color wp-elements-4 wp-block-paragraph\" style=\"color:#000000\">La vicepresidenta del PIT-CNT con especial atenci\u00f3n a g\u00e9nero y responsable de la Secretar\u00eda de G\u00e9nero, Carolina Spilman, advirti\u00f3 sobre el avance de discursos reaccionarios y antifeministas que cuestionan los derechos conquistados por las mujeres y buscan reinstalar roles tradicionales. Tambi\u00e9n cuestion\u00f3 la falta de recursos estatales para combatir la violencia de g\u00e9nero y se\u00f1al\u00f3 que la feminizaci\u00f3n de la pobreza, la desigualdad salarial, la sobrecarga de las tareas de cuidados y los femicidios forman parte de una violencia estructural que atraviesa a las mujeres.<\/p>\n\n\n\n<p class=\"has-text-align-justify has-text-color has-link-color wp-elements-5 wp-block-paragraph\" style=\"color:#000000\">El pasado 1\u00ba de septiembre, un estudiante de 19 a\u00f1os atac\u00f3 con un arma blanca a una compa\u00f1era de generaci\u00f3n, tambi\u00e9n de 19 a\u00f1os, en el edificio anexo de la Facultad de Medicina. El intento de femicidio fue considerado de \u201cextrema gravedad\u201d por el Centro de Estudiantes de Medicina (CED). Al d\u00eda siguiente, se desarroll\u00f3 una multitudinaria concentraci\u00f3n en la explanada de la plaza 1\u00ba de Mayo, convocada por estudiantes de la Universidad de la Rep\u00fablica (UDELAR) para repudiar la violencia machista y el intento de femicidio.<\/p>\n\n\n\n<p class=\"has-text-align-justify has-text-color has-link-color wp-elements-6 wp-block-paragraph\" style=\"color:#000000\">Ante este hecho, que gener\u00f3 una masiva conmoci\u00f3n social, la&nbsp;vicepresidenta adjunta del PIT-CNT y responsable de la Secretar\u00eda de G\u00e9nero, Carolina Spilman, se\u00f1al\u00f3 que la situaci\u00f3n genera mucha \u201cbronca\u201d y una \u201cimpotencia enorme\u201d.<\/p>\n\n\n\n<p class=\"has-text-align-justify has-text-color has-link-color wp-elements-7 wp-block-paragraph\" style=\"color:#000000\">\u201c\u00bfEn qu\u00e9 lugar estamos seguras las mujeres?\u201d, plante\u00f3 Spilman y remarc\u00f3 que lo ocurrido en la Facultad de Medicina es \u201clamentable y repudiable\u201d.<\/p>\n\n\n\n<p class=\"has-text-align-justify has-text-color has-link-color wp-elements-8 wp-block-paragraph\" style=\"color:#000000\">Adem\u00e1s, cuestion\u00f3 que se haya hablado de que el agresor puede tener o no una enfermedad psiqui\u00e1trica \u201ccomo justificando su accionar\u201d. En este sentido, sostuvo que \u00abeso nos parece muy lamentable tambi\u00e9n porque hay miles de personas que viven con condiciones psiqui\u00e1tricas que no son potenciales femicidas ni andan por la vida pensando en asesinar a nadie. Rechazamos que se estigmatice de esa manera a las personas que s\u00ed tienen alguna condici\u00f3n psiqui\u00e1trica\u201d, afirm\u00f3.<\/p>\n\n\n\n<p class=\"has-text-color has-link-color wp-elements-9 wp-block-paragraph\" style=\"color:#000000\"><strong>Ofensiva pol\u00edtica y cultural<\/strong><\/p>\n\n\n\n<p class=\"has-text-align-justify has-text-color has-link-color wp-elements-10 wp-block-paragraph\" style=\"color:#000000\">Spilman se\u00f1al\u00f3 que, m\u00e1s all\u00e1 del caso puntual, se observa \u201cun avance muy fuerte en discursos reaccionarios y antifeministas todo el tiempo\u201d y no solamente en Uruguay.<\/p>\n\n\n\n<p class=\"has-text-align-justify has-text-color has-link-color wp-elements-11 wp-block-paragraph\" style=\"color:#000000\">\u201cNosotros vemos que hay una ofensiva pol\u00edtica y tambi\u00e9n cultural que intenta instalar que el feminismo fue \u2018demasiado lejos\u2019. Que las mujeres ya conquistamos demasiado, que la igualdad de g\u00e9nero o la equidad produce problemas y que hay que recuperar determinados roles tradicionales\u201d, sostuvo.<\/p>\n\n\n\n<p class=\"has-text-align-justify has-text-color has-link-color wp-elements-12 wp-block-paragraph\" style=\"color:#000000\">\u201cY esto aparece siempre con la cara de la extrema derecha que ya conocemos. A veces aparece en TikTok, en Instagram, en videos que aparentemente son muy inocentes, donde est\u00e1 este fen\u00f3meno \u2018tradwife\u2019, que presenta como ideal a la mujer nuevamente dedicada a servir al marido, a cuidar a los hijos, a quedarse en la casa\u201d.<\/p>\n\n\n\n<p class=\"has-text-align-justify has-text-color has-link-color wp-elements-13 wp-block-paragraph\" style=\"color:#000000\">Tambi\u00e9n mencion\u00f3 los discursos vinculados a una supuesta crisis de la masculinidad. \u201cAparecen discursos sobre una crisis de la masculinidad, donde algunos creadores de contenidos varones ense\u00f1an c\u00f3mo ser un var\u00f3n exitoso, donde culpan a las mujeres de su propia soledad o de la frustraci\u00f3n de algunos varones y ridiculizan al feminismo y sus luchas\u201d.<\/p>\n\n\n\n<p class=\"has-text-align-justify has-text-color has-link-color wp-elements-14 wp-block-paragraph\" style=\"color:#000000\">En ese sentido, consider\u00f3 que se trata de una situaci\u00f3n que requiere especial atenci\u00f3n por su impacto entre los j\u00f3venes. \u201cY ah\u00ed es complicado porque tenemos que prestar mucha atenci\u00f3n particularmente con lo que est\u00e1 pasando con nuestros gurises y gurisas. Hay una parte de la disputa ideol\u00f3gica que ocurre a trav\u00e9s del tel\u00e9fono, donde est\u00e1n los gurises ah\u00ed metidos todo el d\u00eda. A gurises que tienen algunas frustraciones estos discursos, de alguna manera, les llegan\u201d.<\/p>\n\n\n\n<p class=\"has-text-align-justify has-text-color has-link-color wp-elements-15 wp-block-paragraph\" style=\"color:#000000\">Spilman advirti\u00f3 que ser\u00eda un error considerar que se trata \u00fanicamente de expresiones aisladas en las redes sociales. \u201cEs un error pensar que solo son un par de loquitos que dicen barbaridades en las redes sociales y en internet, porque no es solo eso. Hay movimientos pol\u00edticos detr\u00e1s, que construyen estas afirmaciones desde el malestar de los j\u00f3venes\u201d, afirm\u00f3.<\/p>\n\n\n\n<p class=\"has-text-align-justify has-text-color has-link-color wp-elements-16 wp-block-paragraph\" style=\"color:#000000\">Para la dirigente sindical, la violencia tambi\u00e9n debe ser analizada desde la forma en que se construyen y transmiten los roles de g\u00e9nero. \u201cLa violencia est\u00e1 en c\u00f3mo nos han criado, con los roles de g\u00e9nero que nos ense\u00f1aron desde que nacemos, de que los hombres tienen que ser de tal o cual manera para ser hombres\u201d.<\/p>\n\n\n\n<p class=\"has-text-color has-link-color wp-elements-17 wp-block-paragraph\" style=\"color:#000000\"><strong>\u00bfNo hay violentos de izquierda?<\/strong><\/p>\n\n\n\n<p class=\"has-text-align-justify has-text-color has-link-color wp-elements-18 wp-block-paragraph\" style=\"color:#000000\">La vicepresidenta adjunta del PIT-CNT no descart\u00f3 que tambi\u00e9n exista violencia dentro de la izquierda y del movimiento sindical. En ese marco, plante\u00f3 una serie de interrogantes dirigidas particularmente a los varones. \u201cHay algo que nos preguntamos constantemente: \u00bfqu\u00e9 est\u00e1n haciendo los varones que tienen otra sensibilidad? \u00bfQu\u00e9 discursos toleran? \u00bfQu\u00e9 les ense\u00f1amos nosotros a los varones sobre el rechazo, sobre los l\u00edmites, sobre que una mujer le pueda decir que no y que no termine en una situaci\u00f3n de violencia?\u201d.<\/p>\n\n\n\n<p class=\"has-text-align-justify has-text-color has-link-color wp-elements-19 wp-block-paragraph\" style=\"color:#000000\">\u201cCreo que la violencia es estructural, de c\u00f3mo nos cr\u00edan, de c\u00f3mo nos imponen los estereotipos de g\u00e9nero que terminan complicando el funcionamiento de la sociedad en su conjunto. Tenemos la obligaci\u00f3n de discutir c\u00f3mo avanzamos, c\u00f3mo educamos, c\u00f3mo prevenimos la violencia, c\u00f3mo involucramos a los varones, c\u00f3mo regulamos y entendemos lo que est\u00e1 pasando en las redes y en la sociedad en su conjunto\u201d, plante\u00f3. \u201cNo estoy diciendo que los discursos de la derecha provocan los femicidios, pero s\u00ed, en casos puntuales, hay una relaci\u00f3n causal. S\u00ed es verdad que la derecha entendi\u00f3 que la batalla contra los derechos de las mujeres tambi\u00e9n se libra en el celular de nuestros gurises\u201d, sostuvo.<\/p>\n\n\n\n<p class=\"has-text-align-justify has-text-color has-link-color wp-elements-20 wp-block-paragraph\" style=\"color:#000000\">La dirigente tambi\u00e9n vincul\u00f3 esta preocupaci\u00f3n con su propia experiencia familiar. \u201cA m\u00ed me preocupa much\u00edsimo, tambi\u00e9n como madre, porque tengo hijas, y me da mucho miedo el mundo que les estamos dejando, porque muchas generaciones lucharon durante d\u00e9cadas para dejarle a las nuevas generaciones m\u00e1s derechos, y ahora vemos que los derechos de las mujeres se ponen en duda, tratando de mandarnos de nuevo al \u00e1mbito privado, cuestionando hasta el derecho al voto. Todos estos derechos que d\u00e1bamos por sentados se est\u00e1n cuestionando y decimos \u2018esto no lo vamos a volver a discutir\u2019. \u00bfC\u00f3mo vamos a discutir el derecho al voto de las mujeres?\u201d, afirm\u00f3.<\/p>\n\n\n\n<p class=\"has-text-align-justify has-text-color has-link-color wp-elements-21 wp-block-paragraph\" style=\"color:#000000\">\u201cFrente a estas reacciones conservadoras que se producen en el mundo, como movimiento sindical tenemos que ser muy claros en que los derechos de las mujeres no son lo que est\u00e1n provocando la crisis, la libertad que tenemos las mujeres hoy no es el problema\u201d, aclar\u00f3.<\/p>\n\n\n\n<p class=\"has-text-align-justify has-text-color has-link-color wp-elements-22 wp-block-paragraph\" style=\"color:#000000\">Por otro lado, Spilman tambi\u00e9n se\u00f1al\u00f3 que el combate a la violencia de g\u00e9nero forma parte de las prioridades planteadas por el movimiento sindical al gobierno. \u201cEn la \u00faltima reuni\u00f3n que tuvimos con el presidente Yamand\u00fa Orsi, planteamos, entre las nueve prioridades para el movimiento sindical, la preocupaci\u00f3n con la cantidad de femicidios, y entendemos que de parte del Estado tenemos pocas respuestas\u201d.<\/p>\n\n\n\n<p class=\"has-text-align-justify has-text-color has-link-color wp-elements-23 wp-block-paragraph\" style=\"color:#000000\">En particular, cuestion\u00f3 los escasos recursos destinados a la aplicaci\u00f3n de la normativa sobre violencia basada en g\u00e9nero. \u201cLa Rendici\u00f3n de Cuentas es nada m\u00e1s y nada menos donde un gobierno coloca las prioridades que tiene, y una vez m\u00e1s, para este gobierno, como para los anteriores, las mujeres no estamos en el centro del asunto\u201d, afirm\u00f3.<\/p>\n\n\n\n<p class=\"has-text-align-justify has-text-color has-link-color wp-elements-24 wp-block-paragraph\" style=\"color:#000000\">La vicepresidenta del&nbsp;PIT-CNT&nbsp;tambi\u00e9n se refiri\u00f3 a la situaci\u00f3n econ\u00f3mica de las mujeres. \u201cHace un mes el Instituto Nacional de Estad\u00edstica present\u00f3 que Uruguay tiene una de las situaciones de feminizaci\u00f3n de la pobreza m\u00e1s alta de Am\u00e9rica Latina, compar\u00e1ndolo con casi 11 pa\u00edses y Uruguay se encuentra en los peores lugares. Entonces parece que no estamos viendo que esta problem\u00e1tica es estructural. Que las mujeres no tengamos recursos para llegar a fin de mes, que seamos las que ganamos menos y tengamos que criar a nuestros hijos en soledad, tambi\u00e9n es violencia y los 18 femicidios ocurridos en lo que va del a\u00f1o, es la m\u00e1xima expresi\u00f3n de la violencia contra las mujeres\u201d, remarc\u00f3.<\/p>\n\n\n\n<p class=\"has-text-align-justify has-text-color has-link-color wp-elements-25 wp-block-paragraph\" style=\"color:#000000\">Spilman manifest\u00f3 su preocupaci\u00f3n por el modo en que la sociedad contin\u00faa colocando sobre las mujeres la responsabilidad de evitar las situaciones de violencia. \u201cNos preocupa mucho porque tambi\u00e9n seguimos poniendo sobre las gurisas, sobre las mujeres, la responsabilidad de evitar la violencia que se ejerce contra nosotras mismas. Les ense\u00f1amos estrategias para sobrevivir. Es incre\u00edble que le tengamos que decir a las j\u00f3venes, a nuestras hijas, a nuestras compa\u00f1eras, que no caminen de noche por tal calle o avisarles que las vamos a esperar a la parada del \u00f3mnibus. Vivimos ense\u00f1\u00e1ndole a nuestras hijas estrategias para que puedan sobrevivir, y no es a lo que tendr\u00edamos que apuntar. Deber\u00edamos defender que nuestras gurisas tengan m\u00e1s libertad\u201d, plante\u00f3.<\/p>\n\n\n\n<p class=\"has-text-color has-link-color wp-elements-26 wp-block-paragraph\" style=\"color:#000000\"><strong>Dato escalofriante<\/strong><\/p>\n\n\n\n<p class=\"has-text-align-justify has-text-color has-link-color wp-elements-27 wp-block-paragraph\" style=\"color:#000000\">Por otro lado, Spilman se refiri\u00f3 a un dato impactante. Seg\u00fan indic\u00f3, la frase: \u201cC\u00f3mo matar a una mujer sin dejar rastro\u201d fue la m\u00e1s buscada en Google, unas 163 millones de veces en el a\u00f1o 2025.<\/p>\n\n\n\n<p class=\"has-text-color has-link-color wp-elements-28 wp-block-paragraph\" style=\"color:#000000\">-Publicado previamente en el <em><a href=\"https:\/\/www.pitcnt.uy\/novedades\/carolina-spilman-hay-una-ofensiva-reaccionaria-que-pretende-instalar-la-idea-que-el?fbclid=IwY2xjawUHpWlwZG9mAWV4dG4DYWVtAjExAGJyaWQRMW5zYnVqV0lnSWJqcHNrR0xzcnRjBmFwcF9pZBAyMjIwMzkxNzg4MjAwODkyAAEeX_XyeR3BVxREuxASReI1QEQklRsR8XvqYzUTmb2OZc36HCOzazXitPo5D-I_aem_-hyMnXuzk0KJzV8pF2tsUw\">sitio del PIT-CNT<\/a><\/em>, 3-9-2026<\/p>\n\n\n\n<p class=\"has-text-color has-link-color wp-elements-29 wp-block-paragraph\" style=\"color:#000000\"><\/p>\n","protected":false},"excerpt":{"rendered":"<p>La vicepresidenta del PIT-CNT, Carolina Spilman, cuestion\u00f3 la falta de recursos estatales para combatir la violencia de g\u00e9nero y se\u00f1al\u00f3 que la feminizaci\u00f3n de la pobreza, la desigualdad salarial, la sobrecarga de las tareas de cuidados y los femicidios forman parte de una violencia estructural que atraviesa a las mujeres.<\/p>\n","protected":false},"author":102520410,"featured_media":54795,"comment_status":"closed","ping_status":"","sticky":false,"template":"","format":"standard","meta":{"_coblocks_attr":"","_coblocks_dimensions":"","_coblocks_responsive_height":"","_coblocks_accordion_ie_support":"","advanced_seo_description":"","jetpack_seo_html_title":"","jetpack_seo_noindex":false,"jetpack_seo_schema_type":"","_jetpack_newsletter_access":"","_jetpack_dont_email_post_to_subs":false,"_jetpack_newsletter_tier_id":0,"_jetpack_memberships_contains_paywalled_content":false,"_wpcom_ai_launchpad_first_post":false,"_jetpack_feature_clip_id":0,"_jetpack_memberships_contains_paid_content":false,"footnotes":"","jetpack_post_was_ever_published":false},"categories":[376665,12693],"tags":[],"class_list":["post-54794","post","type-post","status-publish","format-standard","has-post-thumbnail","hentry","category-genero","category-uruguay","fallback-thumbnail"],"jetpack_likes_enabled":false,"jetpack_sharing_enabled":true,"jetpack_shortlink":"https:\/\/wp.me\/p7lt2C-efM","amp_enabled":true,"jetpack_featured_media_url":"https:\/\/i0.wp.com\/correspondenciadeprensa.com\/wp-content\/uploads\/2026\/09\/Genero05092026-e1788588332199.jpg?fit=1200%2C582&ssl=1","_links":{"self":[{"href":"https:\/\/correspondenciadeprensa.com\/index.php?rest_route=\/wp\/v2\/posts\/54794","targetHints":{"allow":["GET"]}}],"collection":[{"href":"https:\/\/correspondenciadeprensa.com\/index.php?rest_route=\/wp\/v2\/posts"}],"about":[{"href":"https:\/\/correspondenciadeprensa.com\/index.php?rest_route=\/wp\/v2\/types\/post"}],"author":[{"embeddable":true,"href":"https:\/\/correspondenciadeprensa.com\/index.php?rest_route=\/wp\/v2\/users\/102520410"}],"replies":[{"embeddable":true,"href":"https:\/\/correspondenciadeprensa.com\/index.php?rest_route=%2Fwp%2Fv2%2Fcomments&post=54794"}],"version-history":[{"count":6,"href":"https:\/\/correspondenciadeprensa.com\/index.php?rest_route=\/wp\/v2\/posts\/54794\/revisions"}],"predecessor-version":[{"id":54801,"href":"https:\/\/correspondenciadeprensa.com\/index.php?rest_route=\/wp\/v2\/posts\/54794\/revisions\/54801"}],"wp:featuredmedia":[{"embeddable":true,"href":"https:\/\/correspondenciadeprensa.com\/index.php?rest_route=\/wp\/v2\/media\/54795"}],"wp:attachment":[{"href":"https:\/\/correspondenciadeprensa.com\/index.php?rest_route=%2Fwp%2Fv2%2Fmedia&parent=54794"}],"wp:term":[{"taxonomy":"category","embeddable":true,"href":"https:\/\/correspondenciadeprensa.com\/index.php?rest_route=%2Fwp%2Fv2%2Fcategories&post=54794"},{"taxonomy":"post_tag","embeddable":true,"href":"https:\/\/correspondenciadeprensa.com\/index.php?rest_route=%2Fwp%2Fv2%2Ftags&post=54794"}],"curies":[{"name":"wp","href":"https:\/\/api.w.org\/{rel}","templated":true}]}}