{"id":54772,"date":"2026-09-05T07:31:48","date_gmt":"2026-09-05T05:31:48","guid":{"rendered":"https:\/\/correspondenciadeprensa.com\/?p=54772"},"modified":"2026-09-05T07:31:48","modified_gmt":"2026-09-05T05:31:48","slug":"palestina-israel-no-discute-la-creacion-de-un-estado-palestino-se-prepara-para-la-expulsion-de-los-palestinos-amira-hass","status":"publish","type":"post","link":"https:\/\/correspondenciadeprensa.com\/?p=54772","title":{"rendered":"Palestina &#8211; Israel no discute la creaci\u00f3n de un Estado palestino. Se prepara para la expulsi\u00f3n de los palestinos. [Amira Hass]"},"content":{"rendered":"\n<p class=\"has-text-align-right wp-block-paragraph\"><sub>Miembros de la familia Jabarin cargan sus ovejas y cabras en una furgoneta despu\u00e9s de ser expulsados de sus hogares en el pueblo de al-Minya, al sur de Bel\u00e9n, el viernes 21 de agosto. Foto: Amira Hass.<\/sub><\/p>\n\n\n\n<p class=\"has-text-color has-link-color wp-elements-1 wp-block-paragraph\" style=\"color:#000000\"><strong><em><a href=\"https:\/\/alencontre.org\/moyenorient\/palestine\/israel-ne-debat-pas-de-la-creation-dun-etat-palestinien-il-se-prepare-a-lexpulsion-des-palestiniens.html\">A l\u2019encontre<\/a><\/em>, 1-9-2026<\/strong><\/p>\n\n\n\n<p class=\"has-text-color has-link-color wp-elements-2 wp-block-paragraph\" style=\"color:#000000\"><strong>Traducci\u00f3n: <em><a href=\"https:\/\/satorzulogorria.org\/israel-no-discute-la-creacion-de-un-estado-palestino-se-prepara-para-la-expulsion-de-los-palestinos\/\">Satorzulo Gorria<\/a><\/em>, 1-9-2026<\/strong><\/p>\n\n\n\n<p class=\"has-text-color has-link-color wp-elements-3 wp-block-paragraph\" style=\"color:#000000\"><strong><em><a href=\"https:\/\/correspondenciadeprensa.com\/\">Correspondencia de Prensa<\/a><\/em>, 5-9-2026<\/strong><\/p>\n\n\n\n<p class=\"has-text-align-justify has-text-color has-link-color wp-elements-4 wp-block-paragraph\" style=\"color:#000000\">Gadi Eisenkot, el favorito electoral y l\u00edder del partido Yashar, tiene una postura sobre un estado palestino que, en \u00faltima instancia, es irrelevante. Lo que est\u00e1 en juego hoy no es una \u00absoluci\u00f3n diplom\u00e1tica\u00bb, sino la existencia misma del pueblo palestino entre el r\u00edo Jord\u00e1n y el mar Mediterr\u00e1neo. Las fuerzas israel\u00edes que se esfuerzan por \u201celiminarlos\u00bb no reconocen l\u00edmites ni restricciones. Sus partidarios son demasiado numerosos para que dependamos \u00fanicamente de la firmeza y la resistencia de un pueblo que ya ha soportado los planes de expulsi\u00f3n llevados a cabo por Israel.<\/p>\n\n\n\n<p class=\"has-text-align-justify has-text-color has-link-color wp-elements-5 wp-block-paragraph\" style=\"color:#000000\">El mundo sigue de brazos cruzados. La izquierda israel\u00ed es diminuta, d\u00e9bil y sin voz a fuerza de haber lanzado demasiadas advertencias. La oposici\u00f3n anti-\u201cBibi\u201d oscila entre la minimizaci\u00f3n del peligro, la indiferencia hacia \u00e9l y el apoyo puro y simple a la expulsi\u00f3n. Las condenas espor\u00e1dicas, provocadas principalmente por una publicaci\u00f3n del embajador estadounidense [Mike Huckabee] en X, son casi tan \u00fatiles como un colador bajo un aguacero. Los falangistas jud\u00edos atacan constantemente y en todas partes, y no solo en Qusra [<em><a href=\"https:\/\/alencontre.org\/moyenorient\/palestine\/a-qusra-la-violence-des-colons-est-exposee-au-grand-jour-elle-constitue-une-composante-dun-nettoyage-ethnique-en-cours.html\">ver en alencontre.org el art\u00edculo de Oren Ziv publicado el 24 de agosto<\/a><\/em>].<\/p>\n\n\n\n<p class=\"has-text-align-justify has-text-color has-link-color wp-elements-6 wp-block-paragraph\" style=\"color:#000000\">El debate sobre un Estado, dos Estados o una federaci\u00f3n es m\u00e1s te\u00f3rico que nunca. Toda soluci\u00f3n consensuada requiere primero reconocer el problema y acordar su naturaleza. Demasiados jud\u00edos en Israel han sido condicionados a creer que el problema radica en la presencia misma, en esta tierra, de un pueblo palestino; un pueblo que de hecho est\u00e1 dotado de ra\u00edces, continuidad hist\u00f3rica y econ\u00f3mica, capital cultural y activos materiales, un rico patrimonio agr\u00edcola y un profundo amor por su patria.<\/p>\n\n\n\n<p class=\"has-text-align-justify has-text-color has-link-color wp-elements-7 wp-block-paragraph\" style=\"color:#000000\">El \u201cborrado\u201d es la soluci\u00f3n de pesadilla que se materializa cada d\u00eda. Las leyes de la Knesset, las declaraciones de las y los pol\u00edticos, las directrices militares, los libros de texto y los \u00abbatallones de las tierras sagradas\u00bb [f\u00f3rmula de Bezalel Smotrich] que operan en Gaza, Cisjordania y N\u00e9guev trabajan todos, juntos y por separado, para hacer avanzar esta \u201csoluci\u00f3n\u201d con diligencia y sin temor a la condena internacional.<\/p>\n\n\n\n<p class=\"has-text-align-justify has-text-color has-link-color wp-elements-8 wp-block-paragraph\" style=\"color:#000000\">La pol\u00edtica israel\u00ed tiene como objetivo hacer que la vida de las y los palestinos sea insoportable dondequiera que vivan, para que su emigraci\u00f3n pueda presentarse como un acto de libre elecci\u00f3n. Dentro de Israel, las autoridades permiten que las organizaciones criminales \u00e1rabes se armen a su antojo y maten a ciudadanos palestinos en sus hogares. En Cisjordania, estas mismas autoridades israel\u00edes permiten que los \u00abbatallones de Dios\u00bb se armen, maten y expulsen a su antojo, mientras el ej\u00e9rcito oficial contin\u00faa sus incursiones d\u00eda y noche. En Gaza, devastada y sedienta, el gobierno y el ej\u00e9rcito cultivan milicias armadas [ver el art\u00edculo publicado en Haaretz el 27 de agosto de 2026 por Yarden Michaeli, Yaniv Kubovich y Jack Khoury] compuestas por colaboradores criminales, mientras que los pilotos israel\u00edes contin\u00faan lanzando misiles de venganza y represalias que cuestan la vida a a\u00fan m\u00e1s ni\u00f1os. Todas estas demostraciones alimentadas por testosterona est\u00e1n estrechamente relacionadas.<\/p>\n\n\n\n<p class=\"has-text-align-justify has-text-color has-link-color wp-elements-9 wp-block-paragraph\" style=\"color:#000000\">Al mismo tiempo, Israel est\u00e1 destruyendo o restringiendo severamente la capacidad de las y los palestinos para ganarse la vida. En Gaza, esta misi\u00f3n se ha completado. Una poblaci\u00f3n de \u00abmuertos vivientes\u00bb, dependientes de la ayuda humanitaria, compuesta por dos millones de personas que llevan la carga de unas 74.000 tumbas recientes, familias y recuerdos, talentos y profesiones, as\u00ed como econom\u00edas evaporadas, est\u00e1 amontonada en unos 150 kil\u00f3metros cuadrados de tierra calcinada. La creatividad, el ingenio y la ayuda mutua se ven eclipsados por la magnitud de la destrucci\u00f3n y por la prohibici\u00f3n impuesta por Israel de reconstruir y levantarse.<\/p>\n\n\n\n<p class=\"has-text-align-justify has-text-color has-link-color wp-elements-10 wp-block-paragraph\" style=\"color:#000000\">En Cisjordania, las clavijas financieras del Ministerio de Finanzas [bajo la direcci\u00f3n de Bezalel Smotrich] se aprietan alrededor del cuello de unos tres millones de personas y de la Autoridad Palestina. El robo sistem\u00e1tico de los ingresos fiscales [recaudados por Israel] se ve agravado por las campa\u00f1as de destrucci\u00f3n llevadas a cabo por el ej\u00e9rcito en las ciudades y los campos de refugiados, as\u00ed como por otros m\u00e9todos utilizados para evitar que las y los palestinos cultiven y desarrollen sus tierras: puestos de control, prohibiciones burocr\u00e1ticas, barreras y pastores jud\u00edos israel\u00edes.<\/p>\n\n\n\n<p class=\"has-text-align-justify has-text-color has-link-color wp-elements-11 wp-block-paragraph\" style=\"color:#000000\">Dentro del propio Israel, la \u201cjudaizaci\u00f3n de Galilea y Neguev\u201d fue y sigue siendo un eufemismo para designar el robo de tierras y recursos a las y los ciudadanos palestinos de Israel. La discriminaci\u00f3n en su contra en materia de subsidios, subvenciones y empleo, as\u00ed como las prohibiciones de construcci\u00f3n y demoliciones, siempre han ocupado un lugar destacado en la pol\u00edtica oficial dentro de la L\u00ednea Verde [l\u00ednea de demarcaci\u00f3n establecida despu\u00e9s de 1949 y despu\u00e9s de 1967].<\/p>\n\n\n\n<p class=\"has-text-align-justify has-text-color has-link-color wp-elements-12 wp-block-paragraph\" style=\"color:#000000\">Perm\u00edtanme repetirlo: la existencia misma del pueblo palestino entre el mar y el r\u00edo est\u00e1 ahora amenazada. Demasiadas fuerzas en acci\u00f3n contribuyen a crear este peligro: el poder y las capacidades militares de Israel; el culto al servicio militar en todas las circunstancias y bajo todos los gobiernos; la obediencia como valor; las armas y los ataques militares como modo de operaci\u00f3n por defecto; la normalizaci\u00f3n del s\u00edndrome de estr\u00e9s postraum\u00e1tico entre los soldados y los suicidios de los soldados; el atractivo de una carrera militar y las perspectivas que abre; el cebo de una casa asequible en una comunidad exclusiva de Galilea o un suburbio de colonos en Samaria [Cisjordania]; las mentiras tanto de la propaganda oficial como de la oficiosa; la indiferencia ante el infierno en la tierra que Israel cre\u00f3 en la Franja de Gaza; la negaci\u00f3n de 60 a\u00f1os de ocupaci\u00f3n y dominaci\u00f3n forzada; la respuesta pavlovia: \u201cah\u00ed est\u00e1 el 7 de octubre\u201d; la sinergia entre el ej\u00e9rcito, el gobierno, los rabinos y las milicias que llevan la kip\u00e1 en Cisjordania; la indiferencia ante la destrucci\u00f3n del L\u00edbano; el desprecio por la ocupaci\u00f3n de nuevas porciones de Siria; la banalizaci\u00f3n del discurso de expulsi\u00f3n; los sistemas judiciales y educativos manchados por el racismo secular y religioso; y el ej\u00e9rcito de carceleros que maltratan a miles de prisioneros palestinos, tanto obedeciendo \u00f3rdenes como por su cuenta [ver el art\u00edculo del 17 Agosto en Jewish Currents de Dikla Taylor-Sheinman titulado \u201cThe Torture Regime\u201d].<\/p>\n\n\n\n<p class=\"has-text-align-justify has-text-color has-link-color wp-elements-13 wp-block-paragraph\" style=\"color:#000000\">Juntas, estas fuerzas y otras similares crean dentro de la sociedad jud\u00eda israel\u00ed la infraestructura material, ideol\u00f3gica y psicol\u00f3gica necesaria para una nueva expulsi\u00f3n masiva de las y los palestinos y lo que podr\u00eda acompa\u00f1arla: una masacre a gran escala.<\/p>\n\n\n\n<p class=\"has-text-align-justify has-text-color has-link-color wp-elements-14 wp-block-paragraph\" style=\"color:#000000\">Los h\u00e9roes de las milicias de colonos declaran abiertamente que la expulsi\u00f3n es su objetivo. Reconocen claramente que grandes sectores de la sociedad jud\u00eda israel\u00ed est\u00e1n dispuestos a participar en su aplicaci\u00f3n, activa o pasivamente, directa o indirectamente. Con sus provocaciones y cr\u00edmenes diarios, cometidos a la luz del d\u00eda y posibles solo gracias al apoyo institucional, los falangistas intentan constantemente provocar un acto de rabia y venganza palestina que \u00abtriunfar\u00eda\u00bb, para poder explotarlo como la chispa que desencadenar\u00e1 una nueva \u00abguerra santa\u201d.<\/p>\n\n\n\n<p class=\"has-text-align-justify has-text-color has-link-color wp-elements-15 wp-block-paragraph\" style=\"color:#000000\">Las y los falangistas jud\u00edos y las organizaciones de extrema derecha que los alimentan cuentan con una amplia movilizaci\u00f3n, incluso por parte de sus l\u00edderes, votantes y partidarios de Yashar y del Partido de los Dem\u00f3cratas Liberales, con vistas a una guerra a la que ya se podr\u00eda atribuir el lema: \u00abUn pueblo, un ej\u00e9rcito, una tierra purificada de los \u00e1rabes\u00bb.<\/p>\n\n\n\n<p class=\"has-text-color has-link-color wp-elements-16 wp-block-paragraph\" style=\"color:#000000\">-Art\u00edculo original en ingl\u00e9s: <em><a href=\"https:\/\/www.haaretz.com\/opinion\/2026-09-01\/ty-article\/.premium\/israel-isnt-debating-a-palestinian-state-its-preparing-for-expulsion\/000001a0-56c1-dc19-a5a4-dfdfa0fd0000\">Haaretz<\/a><\/em>, 1-9-2026<\/p>\n","protected":false},"excerpt":{"rendered":"<p>El mundo sigue de brazos cruzados. La izquierda israel\u00ed es diminuta, d\u00e9bil y sin voz a fuerza de haber lanzado demasiadas advertencias. La oposici\u00f3n anti-\u201cBibi\u201d oscila entre la minimizaci\u00f3n del peligro, la indiferencia hacia \u00e9l y el apoyo puro y simple a la expulsi\u00f3n.<\/p>\n","protected":false},"author":102520410,"featured_media":54773,"comment_status":"closed","ping_status":"","sticky":false,"template":"","format":"standard","meta":{"_coblocks_attr":"","_coblocks_dimensions":"","_coblocks_responsive_height":"","_coblocks_accordion_ie_support":"","advanced_seo_description":"","jetpack_seo_html_title":"","jetpack_seo_noindex":false,"jetpack_seo_schema_type":"","_jetpack_newsletter_access":"","_jetpack_dont_email_post_to_subs":false,"_jetpack_newsletter_tier_id":0,"_jetpack_memberships_contains_paywalled_content":false,"_wpcom_ai_launchpad_first_post":false,"_jetpack_feature_clip_id":0,"_jetpack_memberships_contains_paid_content":false,"footnotes":"","jetpack_post_was_ever_published":false},"categories":[9937,55667],"tags":[],"class_list":["post-54772","post","type-post","status-publish","format-standard","has-post-thumbnail","hentry","category-israel","category-palestina","fallback-thumbnail"],"jetpack_likes_enabled":false,"jetpack_sharing_enabled":true,"jetpack_shortlink":"https:\/\/wp.me\/p7lt2C-efq","amp_enabled":true,"jetpack_featured_media_url":"https:\/\/i0.wp.com\/correspondenciadeprensa.com\/wp-content\/uploads\/2026\/09\/Palestina05092026.jpg?fit=1008%2C504&ssl=1","_links":{"self":[{"href":"https:\/\/correspondenciadeprensa.com\/index.php?rest_route=\/wp\/v2\/posts\/54772","targetHints":{"allow":["GET"]}}],"collection":[{"href":"https:\/\/correspondenciadeprensa.com\/index.php?rest_route=\/wp\/v2\/posts"}],"about":[{"href":"https:\/\/correspondenciadeprensa.com\/index.php?rest_route=\/wp\/v2\/types\/post"}],"author":[{"embeddable":true,"href":"https:\/\/correspondenciadeprensa.com\/index.php?rest_route=\/wp\/v2\/users\/102520410"}],"replies":[{"embeddable":true,"href":"https:\/\/correspondenciadeprensa.com\/index.php?rest_route=%2Fwp%2Fv2%2Fcomments&post=54772"}],"version-history":[{"count":7,"href":"https:\/\/correspondenciadeprensa.com\/index.php?rest_route=\/wp\/v2\/posts\/54772\/revisions"}],"predecessor-version":[{"id":54780,"href":"https:\/\/correspondenciadeprensa.com\/index.php?rest_route=\/wp\/v2\/posts\/54772\/revisions\/54780"}],"wp:featuredmedia":[{"embeddable":true,"href":"https:\/\/correspondenciadeprensa.com\/index.php?rest_route=\/wp\/v2\/media\/54773"}],"wp:attachment":[{"href":"https:\/\/correspondenciadeprensa.com\/index.php?rest_route=%2Fwp%2Fv2%2Fmedia&parent=54772"}],"wp:term":[{"taxonomy":"category","embeddable":true,"href":"https:\/\/correspondenciadeprensa.com\/index.php?rest_route=%2Fwp%2Fv2%2Fcategories&post=54772"},{"taxonomy":"post_tag","embeddable":true,"href":"https:\/\/correspondenciadeprensa.com\/index.php?rest_route=%2Fwp%2Fv2%2Ftags&post=54772"}],"curies":[{"name":"wp","href":"https:\/\/api.w.org\/{rel}","templated":true}]}}