{"id":54762,"date":"2026-09-05T07:16:27","date_gmt":"2026-09-05T05:16:27","guid":{"rendered":"https:\/\/correspondenciadeprensa.com\/?p=54762"},"modified":"2026-09-05T07:16:27","modified_gmt":"2026-09-05T05:16:27","slug":"colombia-la-batalla-cultural-del-gobierno-de-la-espriella-para-imponer-ideologia-de-extrema-derecha-juan-sebatian-lozano","status":"publish","type":"post","link":"https:\/\/correspondenciadeprensa.com\/?p=54762","title":{"rendered":"Colombia &#8211; La batalla cultural del Gobierno De la Espriella para imponer ideolog\u00eda de extrema derecha. [Juan Sebati\u00e1n Lozano]"},"content":{"rendered":"\n<p class=\"has-text-align-right wp-block-paragraph\"><sub>Trump, Milei, Noboa y De la Espriella celebrando el triunfo de este \u00faltimo.<\/sub><\/p>\n\n\n\n<p class=\"has-text-color has-link-color wp-elements-1 wp-block-paragraph\" style=\"color:#000000\"><strong>La batalla cultural del Gobierno De la Espriella ya se libra en el lenguaje para imponer ideolog\u00eda de extrema derecha<\/strong><\/p>\n\n\n\n<p class=\"has-text-color has-link-color wp-elements-2 wp-block-paragraph\" style=\"color:#000000\"><strong><em><a href=\"https:\/\/revistaraya.com\/la-batalla-cultural-del-gobierno-de-la-espriella-ya-se-libra-en-el-lenguaje-para-imponer-ideologia-de-extrema-derecha.html\">Revista Raya<\/a><\/em>, 1-9-2026<\/strong><\/p>\n\n\n\n<p class=\"has-text-color has-link-color wp-elements-3 wp-block-paragraph\" style=\"color:#000000\"><strong><em><a href=\"https:\/\/correspondenciadeprensa.com\/\">Correspondencia de Prensa<\/a><\/em>, 5-9-2026<\/strong><\/p>\n\n\n\n<p class=\"has-text-align-justify has-text-color has-link-color wp-elements-4 wp-block-paragraph\" style=\"color:#000000\"><em>Una directriz de la Regional Huila del ICBF pidi\u00f3 prescindir de la palabra \u00abni\u00f1as\u00bb, al tiempo que la directora nacional de ese instituto, Carolina Restrepo Ca\u00f1avera, asegur\u00f3 que de ahora en adelante usar\u00edan la palabra \u00abni\u00f1ez\u00bb para referirse a ni\u00f1os y ni\u00f1as. Entre tanto, Viviane Morales, ministra de Educaci\u00f3n, anunci\u00f3 que su cartera buscar\u00e1 \u00absacar la ideologizaci\u00f3n del pa\u00eds\u00bb, pero ya ha firmado decretos para meter a las iglesias cristianas en las instituciones educativas del pa\u00eds con el fin de imponer una moral conservadora sobre g\u00e9nero, familia y educaci\u00f3n en orientaci\u00f3n estatal, en sinton\u00eda con las guerras culturales de Trump y Milei.<\/em><\/p>\n\n\n\n<p class=\"has-text-align-justify has-text-color has-link-color wp-elements-5 wp-block-paragraph\" style=\"color:#000000\">Abelardo de la Espriella llev\u00f3 su anunciada batalla cultural a la Presidencia. Pocos d\u00edas despu\u00e9s de que terminaran los tres d\u00edas de <em><a href=\"https:\/\/www.mininterior.gov.co\/noticias\/gobierno-decreta-tres-dias-de-duelo-nacional-en-colombia-por-las-victimas-del-sismo-de-magnitud-74\/\">duelo<\/a><\/em> nacional decretados por el propio Gobierno tras el terremoto con epicentro en el Pac\u00edfico colombiano, \u00e9l y sus funcionarios han empezado a levantar sus antorchas contra las diversidades sexuales, las feministas y, sobre todo, el gobierno de Gustavo Petro \u2014De la Espriella ha llamado a sus seguidores \u00ab<em><a href=\"https:\/\/www.vanguardia.com\/politica\/2024\/08\/14\/que-haya-elecciones-en-2026-el-gran-reto-entrevista-con-el-abogado-abelardo-de-la-espriella\/\">enemigos<\/a><\/em> de la patria\u00bb\u2014, cuyas pol\u00edticas al parecer quieren borrar de la faz de Colombia.<\/p>\n\n\n\n<p class=\"has-text-align-justify has-text-color has-link-color wp-elements-6 wp-block-paragraph\" style=\"color:#000000\">Uno de los primeros episodios ocurri\u00f3 en el ICBF. Carolina Restrepo, la nueva directora, orden\u00f3 borrar un <a href=\"https:\/\/caracol.com.co\/2026\/08\/18\/directora-del-icbf-ordena-retirar-mural-por-presunta-instrumentalizacion-politica-de-ninos-y-ninas\/\"><em>mural<\/em><\/a> en su sede en el que se le\u00eda \u00abaqu\u00ed estuvo: Resistencia chiquita\u00bb, argumentando que no hab\u00eda que politizar a los ni\u00f1os, que ellos solo est\u00e1n para jugar. \u00abResistencia Chiquita\u00bb es un colectivo art\u00edstico de ni\u00f1as que surgi\u00f3 tras la tortura, la violaci\u00f3n y el asesinato de la ni\u00f1a Yuliana Sambon\u00ed, de 7 a\u00f1os, a manos de Rafael Uribe Noguera, de 38 a\u00f1os en ese entonces, en 2016.<\/p>\n\n\n\n<p class=\"has-text-align-justify has-text-color has-link-color wp-elements-7 wp-block-paragraph\" style=\"color:#000000\">La disputa no se qued\u00f3 en el mural. La ideologizaci\u00f3n tambi\u00e9n est\u00e1 en el lenguaje que los gobiernos deciden usar y omitir para nombrar a los individuos, los grupos sociales y los actores pol\u00edticos. El origen fue una comunicaci\u00f3n de la Regional Huila del ICBF, firmada por su entonces director encargado, Carlos Cabrera, que instru\u00eda usar \u00abni\u00f1os y adolescentes\u00bb sin mencionar a las ni\u00f1as; la representante Lourdes Mateus la hizo p\u00fablica. El 19 de agosto, Restrepo emiti\u00f3 su propia comunicaci\u00f3n interna, en la que plante\u00f3 hablar de \u00abni\u00f1ez, adolescencia y familias colombianas\u00bb.<\/p>\n\n\n\n<p class=\"has-text-align-justify has-text-color has-link-color wp-elements-8 wp-block-paragraph\" style=\"color:#000000\">\u00abLa misi\u00f3n del ICBF es la protecci\u00f3n integral de la ni\u00f1ez, la adolescencia y las familias en Colombia sin distinci\u00f3n alguna. Cuando hablamos de ni\u00f1ez, hablamos de todos los ni\u00f1os y todas las ni\u00f1as del pa\u00eds, con pleno reconocimiento de su dignidad, sus derechos y las garant\u00edas especiales que les otorgan la Constituci\u00f3n y la ley\u00bb, dijo Restrepo en un <em><a href=\"https:\/\/x.com\/carorestrepocan\/status\/2090137329201496369?s=20\">comunicado<\/a><\/em> oficial de la entidad, compartido en la red X. La controversia escal\u00f3: el 25 de agosto la <em><a href=\"https:\/\/www.vanguardia.com\/colombia\/2026\/08\/26\/defensoria-del-pueblo-le-pide-al-icbf-explicar-cual-es-su-directriz-sobre-el-uso-de-la-palabra-ninas\/\">Defensor\u00eda<\/a><\/em> del Pueblo pidi\u00f3 al ICBF precisar cu\u00e1l era la directriz vigente, su alcance y sus fundamentos; al d\u00eda siguiente la entidad <em><a href=\"https:\/\/www.eluniversal.com.co\/colombia\/2026\/08\/26\/no-pretendemos-borrar-a-las-ninas-icbf-responde-a-la-polemica-por-su-lenguaje\/?outputType=amp\">respondi\u00f3<\/a><\/em> que \u00abno pretende borrar a las ni\u00f1as\u00bb del lenguaje institucional ni excluirlas o vulnerarlas.<\/p>\n\n\n\n<p class=\"has-text-align-justify has-text-color has-link-color wp-elements-9 wp-block-paragraph\" style=\"color:#000000\">El mismo debate lleg\u00f3 enseguida al Ministerio de Educaci\u00f3n. Viviane Morales, la ministra, dijo en recientes <a href=\"https:\/\/www.youtube.com\/shorts\/EKzPySfHkos\"><em>declaraciones<\/em><\/a> a medios: \u00abUna tarea importante de este gobierno es restaurar principios y valores, sacar la ideologizaci\u00f3n del pa\u00eds y respetar el derecho de los padres en la educaci\u00f3n\u00bb. Una idea que quiere vender el nuevo gobierno, en actitud emprendedora, es que la ideologizaci\u00f3n es una estrategia macabra de la izquierda pol\u00edtica para adoctrinar a la poblaci\u00f3n, en particular a los ni\u00f1os y j\u00f3venes. La senadora Jennifer <a href=\"https:\/\/cambiocolombia.com\/genero\/articulo\/2026\/8\/las-reacciones-al-anuncio-de-viviane-morales-de-erradicar-la-ideologia-de-genero-de-los-colegios\"><em>Pedraza<\/em><\/a> conect\u00f3 ambos frentes: sostuvo que <em><a href=\"https:\/\/www.infobae.com\/colombia\/2026\/08\/20\/jennifer-pedraza-le-envio-fuerte-mensaje-a-la-directora-del-icbf-por-instruccion-de-solo-hablar-de-ninos-y-no-de-ninas-en-documentos-oficiales-usted-conoce-el-codigo-de-infancia-y-adolescencia\/?outputType=amp-type\">borrar<\/a><\/em> \u00abni\u00f1as\u00bb desconoce violencias diferenciadas y, frente a Morales, defendi\u00f3 la educaci\u00f3n sexual con enfoque de g\u00e9nero. \u00abCuando un gobierno empieza a censurar derechos desde las aulas, el retroceso ya empez\u00f3\u00bb, advirti\u00f3.<\/p>\n\n\n\n<p class=\"has-text-align-justify has-text-color has-link-color wp-elements-10 wp-block-paragraph\" style=\"color:#000000\">La ideologizaci\u00f3n puede ser de derecha, centro o izquierda; todo sector pol\u00edtico busca promover sus ideas para ser favorecido por la mayor\u00eda de la poblaci\u00f3n y as\u00ed acceder al poder. Las ideolog\u00edas no son solo el socialismo o el progresismo: son tambi\u00e9n el liberalismo, el conservadurismo, el capitalismo, el neoliberalismo, el anarquismo, el libertarianismo versi\u00f3n Javier Milei, entre otros cuerpos de ideas desde los cuales se mira la realidad sociopol\u00edtica y econ\u00f3mica de un pa\u00eds.<\/p>\n\n\n\n<p class=\"has-text-align-justify has-text-color has-link-color wp-elements-11 wp-block-paragraph\" style=\"color:#000000\">El te\u00f3rico Terry Eagleton, en su libro Ideolog\u00eda. Una introducci\u00f3n, plantea algo que vale la pena tener presente: no existe un lugar neutral desde donde mirar el mundo. Toda mirada sobre la econom\u00eda, la pol\u00edtica o la religi\u00f3n parte de un lugar, de unos intereses, de una historia. Lo que hacen las ideolog\u00edas dominantes, explica, es presentarse como sentido com\u00fan, como lo obvio, para dejar de parecer una postura entre otras y pasar por la \u00fanica forma razonable de ver las cosas. Roland Barthes lo resume de otra manera en Mitolog\u00edas: \u00abel mito tiene a su cargo fundamentar, como naturaleza, lo que es intenci\u00f3n hist\u00f3rica\u00bb. Es decir: lo que hoy se nos presenta como \u00abnatural\u00bb \u2014la familia tradicional, el libre mercado, la superioridad de un credo religioso\u2014 fue, en alg\u00fan momento, una decisi\u00f3n humana, una disputa de poder que una idea gan\u00f3 sobre otras y que luego se disfraz\u00f3 de destino.<\/p>\n\n\n\n<p class=\"has-text-align-justify has-text-color has-link-color wp-elements-12 wp-block-paragraph\" style=\"color:#000000\">Ese debate sobre lo que se presenta como natural tiene una expresi\u00f3n concreta en el lenguaje. Que la palabra \u00abni\u00f1as\u00bb est\u00e9 en las comunicaciones institucionales del gobierno significa que las mujeres son reconocidas de manera expl\u00edcita como sujetos, porque antes se les inclu\u00eda en el masculino gen\u00e9rico. La fil\u00f3loga y ensayista feminista Yadira <em><a href=\"https:\/\/www.bellaterra.coop\/es\/libros\/de-mujeres-palabras-y-alfileres\">Calvo<\/a><\/em> ha estudiado c\u00f3mo el castellano puede reproducir una mirada androc\u00e9ntrica cuando lo masculino se presenta como medida de lo humano. La experiencia de las mujeres en el mundo es distinta \u2014desde sus corporalidades y subjetividades\u2014 y est\u00e1n expuestas de manera desproporcionada a violencias, una diferencia que tambi\u00e9n aparece en las cifras: seg\u00fan el <em><a href=\"https:\/\/www.medicinalegal.gov.co\/documents\/20143\/1162329\/Boletin_NNA_diciembre_2025.pdf\">bolet\u00edn<\/a><\/em> de Medicina Legal, en 2025 se practicaron 16.533 ex\u00e1menes m\u00e9dico-legales por presunto delito sexual a ni\u00f1os, ni\u00f1as y adolescentes; 14.231 correspondieron a ni\u00f1as y adolescentes mujeres. Decir ni\u00f1as y ni\u00f1os, mujeres y hombres, por lo dem\u00e1s, simplemente incluye a las mujeres en el lenguaje, y nombrar es reconocer. Tambi\u00e9n faltan en esa ecuaci\u00f3n las diversidades sexuales y de g\u00e9nero.<\/p>\n\n\n\n<p class=\"has-text-align-justify has-text-color has-link-color wp-elements-13 wp-block-paragraph\" style=\"color:#000000\">La abogada Mar\u00eda Cristina <a href=\"https:\/\/x.com\/Crist_hurtado\/status\/2090161478569779319\">Hurtado<\/a>, corredactora del C\u00f3digo de Infancia y Adolescencia y de la Ley 1257 de 2008 \u00abpor una vida libre de violencia para las ni\u00f1as, adolescentes y mujeres\u00bb, escribi\u00f3 en X: \u00abQuiero recordarle que por muchos siglos las mujeres estuvimos invisibilizadas en la categor\u00eda &#8216;hombres&#8217; y que grandes luchas por nuestros derechos lograron plataformas pol\u00edticas y de derechos como la CEDAW, la Convenci\u00f3n de Bel\u00e9m do Par\u00e1 y la Plataforma de Beijing\u00bb. Por eso, dice la abogada, el <em><a href=\"https:\/\/www.funcionpublica.gov.co\/eva\/gestornormativo\/norma.php?i=22106\">art\u00edculo<\/a><\/em> 12 del C\u00f3digo de Infancia y Adolescencia \u2014vigente desde 2006\u2014 obliga al Estado colombiano a aplicar un enfoque de g\u00e9nero en el restablecimiento de los derechos de ni\u00f1os, ni\u00f1as y adolescentes.<\/p>\n\n\n\n<p class=\"has-text-align-justify has-text-color has-link-color wp-elements-14 wp-block-paragraph\" style=\"color:#000000\">Concluye Hurtado: \u00abNo nombrar a las ni\u00f1as implica una nueva vulneraci\u00f3n a sus derechos y a su corporeidad, pero tambi\u00e9n el incumplimiento de normas convencionales, constitucionales y legales, y la invisibilizaci\u00f3n de a\u00f1os de tendencia jurisprudencial de las altas cortes colombianas. No es solo un tema nominal, se\u00f1ora directora, es un tema de derechos, de justicia, de dignidad, ganados a pulso a sistemas patriarcales, adultoc\u00e9ntricos y mis\u00f3ginos que, incluso cuando no aplican el enfoque de sexo y g\u00e9nero en la justicia y en actos administrativos, pueden ser investigados disciplinaria y penalmente, tal como lo ha venido haciendo la Corte Constitucional en los \u00faltimos 15 a\u00f1os\u00bb.<\/p>\n\n\n\n<p class=\"has-text-align-justify has-text-color has-link-color wp-elements-15 wp-block-paragraph\" style=\"color:#000000\">Detr\u00e1s de la discusi\u00f3n por el lenguaje hay una idea m\u00e1s amplia sobre c\u00f3mo deber\u00eda ordenarse la sociedad. De la Espriella ha dicho que quiere recuperar unos principios y valores fundacionales en defensa de la familia tradicional y \u00abcontar la historia del pa\u00eds como ha sido\u00bb. Se entiende que es un regreso o consolidaci\u00f3n del patriarcado en Colombia, de lo heteronormativo, como si esto fuera el estado natural de las cosas y no un orden social puesto en marcha por seres humanos. La antrop\u00f3loga feminista Ochy <a href=\"https:\/\/manzanadiscordia.univalle.edu.co\/index.php\/la_manzana_de_la_discordia\/article\/view\/1507\">Curiel<\/a> ha analizado la heterosexualidad como un r\u00e9gimen pol\u00edtico articulado con la naci\u00f3n, y muestra c\u00f3mo categor\u00edas como mujer, hombre, familia, parentesco y nacionalidad terminan inscritas en discursos jur\u00eddicos y relaciones de poder.<\/p>\n\n\n\n<p class=\"has-text-align-justify has-text-color has-link-color wp-elements-16 wp-block-paragraph\" style=\"color:#000000\">Pensamos a trav\u00e9s del lenguaje; la realidad se configura a trav\u00e9s de lo que nombramos. Ya lo plante\u00f3 el fil\u00f3sofo Ludwig Wittgenstein en el Tractatus Logico-Philosophicus: \u00ablos l\u00edmites de mi lenguaje son los l\u00edmites de mi mundo\u00bb. No se trata solo de que el lenguaje describa lo que existe, sino de que buena parte de lo que llamamos realidad \u2014las categor\u00edas con las que pensamos la justicia, el g\u00e9nero, la familia, la naci\u00f3n\u2014 existe para nosotros en la medida en que tiene nombre. Por eso no es un capricho discutir si se dice \u00abni\u00f1as\u00bb o \u00abni\u00f1ez\u00bb, si se dice \u00abideolog\u00eda de g\u00e9nero\u00bb o \u00abderechos humanos\u00bb: ampliar o restringir el vocabulario con el que un Estado nombra a sus ciudadanos es ampliar o restringir lo que ese Estado est\u00e1 dispuesto a ver, proteger y nombrar como problema.<\/p>\n\n\n\n<p class=\"has-text-align-justify has-text-color has-link-color wp-elements-17 wp-block-paragraph\" style=\"color:#000000\">Esa misma estrategia \u2014vender la ideolog\u00eda propia como sentido com\u00fan, como \u00ablo correcto\u00bb\u2014 la han usado tambi\u00e9n Donald Trump en Estados Unidos y Javier Milei en Argentina, modelos a seguir de los no muy originales \u00abtigres\u00bb que hoy ejercen la presidencia y los ministerios en el pa\u00eds. El Gobierno de Milei, de hecho, incluy\u00f3 entre sus medidas la eliminaci\u00f3n del lenguaje inclusivo.<\/p>\n\n\n\n<p class=\"has-text-align-justify has-text-color has-link-color wp-elements-18 wp-block-paragraph\" style=\"color:#000000\">Juan Gabriel V\u00e1squez, reconocido escritor colombiano, dice en una columna en El Pa\u00eds, en la que cita a PEN America \u2014organizaci\u00f3n estadounidense que defiende la libertad de expresi\u00f3n\u2014: \u00abPara la extrema derecha que viene de Trump y tiene en Am\u00e9rica Latina perritos falderos como Milei, el poder sirve para recuperar el control perdido sobre las costumbres y la mentalidad de sus pa\u00edses [&#8230;] El <em><a href=\"https:\/\/pen.org\/banned-words-list\/\">PEN<\/a><\/em> de Estados Unidos ha compilado una lista de cientos de palabras cuyo uso est\u00e1 prohibido en el gobierno MAGA: &#8216;mujeres&#8217;, &#8216;aborto&#8217;, &#8216;nativo americano&#8217;, &#8216;antirracismo&#8217;, &#8216;no binario&#8217;, &#8216;inclusividad&#8217;, &#8216;calentamiento global&#8217; y hasta &#8216;Golfo de M\u00e9xico&#8217;. Esa es la batalla cultural que el nuevo Gobierno quiere dar: la batalla contra formas de entender el mundo con las que no est\u00e1n de acuerdo\u00bb.<\/p>\n\n\n\n<p class=\"has-text-align-justify has-text-color has-link-color wp-elements-19 wp-block-paragraph\" style=\"color:#000000\">Trump, Milei y otros l\u00edderes de la extrema derecha mundial \u2014no homog\u00e9nea, hay que decirlo\u2014 buscan demonizar palabras y cambiar el lenguaje para normalizar su propia ideolog\u00eda y promoverla, para graduar de enemigos a los que llaman \u00abwoke\u00bb, a las feministas y a los defensores del medio ambiente. En Colombia, la paradoja es que esa batalla se presenta como una forma de sacar la ideolog\u00eda de las instituciones: la \u00abdesideologizaci\u00f3n\u00bb que proclama el Gobierno es, tambi\u00e9n, una manera de imponer una visi\u00f3n del mundo.<\/p>\n\n\n\n<p class=\"has-text-color has-link-color wp-elements-20 wp-block-paragraph\" style=\"color:#000000\"><\/p>\n","protected":false},"excerpt":{"rendered":"<p>Viviane Morales, ministra de Educaci\u00f3n, anunci\u00f3 que su cartera buscar\u00e1 \u00absacar la ideologizaci\u00f3n del pa\u00eds\u00bb, pero ya ha firmado decretos para meter a las iglesias cristianas en las instituciones educativas del pa\u00eds con el fin de imponer una moral conservadora sobre g\u00e9nero, familia y educaci\u00f3n en orientaci\u00f3n estatal, en sinton\u00eda con las guerras culturales de Trump y Milei.<\/p>\n","protected":false},"author":102520410,"featured_media":54768,"comment_status":"closed","ping_status":"","sticky":false,"template":"","format":"standard","meta":{"_coblocks_attr":"","_coblocks_dimensions":"","_coblocks_responsive_height":"","_coblocks_accordion_ie_support":"","advanced_seo_description":"","jetpack_seo_html_title":"","jetpack_seo_noindex":false,"jetpack_seo_schema_type":"","_jetpack_newsletter_access":"","_jetpack_dont_email_post_to_subs":false,"_jetpack_newsletter_tier_id":0,"_jetpack_memberships_contains_paywalled_content":false,"_wpcom_ai_launchpad_first_post":false,"_jetpack_feature_clip_id":0,"_jetpack_memberships_contains_paid_content":false,"footnotes":"","jetpack_post_was_ever_published":false},"categories":[703610852],"tags":[],"class_list":["post-54762","post","type-post","status-publish","format-standard","has-post-thumbnail","hentry","category-colombia","fallback-thumbnail"],"jetpack_likes_enabled":false,"jetpack_sharing_enabled":true,"jetpack_shortlink":"https:\/\/wp.me\/p7lt2C-efg","amp_enabled":true,"jetpack_featured_media_url":"https:\/\/i0.wp.com\/correspondenciadeprensa.com\/wp-content\/uploads\/2026\/09\/Colombia05092026.jpg?fit=759%2C387&ssl=1","_links":{"self":[{"href":"https:\/\/correspondenciadeprensa.com\/index.php?rest_route=\/wp\/v2\/posts\/54762","targetHints":{"allow":["GET"]}}],"collection":[{"href":"https:\/\/correspondenciadeprensa.com\/index.php?rest_route=\/wp\/v2\/posts"}],"about":[{"href":"https:\/\/correspondenciadeprensa.com\/index.php?rest_route=\/wp\/v2\/types\/post"}],"author":[{"embeddable":true,"href":"https:\/\/correspondenciadeprensa.com\/index.php?rest_route=\/wp\/v2\/users\/102520410"}],"replies":[{"embeddable":true,"href":"https:\/\/correspondenciadeprensa.com\/index.php?rest_route=%2Fwp%2Fv2%2Fcomments&post=54762"}],"version-history":[{"count":8,"href":"https:\/\/correspondenciadeprensa.com\/index.php?rest_route=\/wp\/v2\/posts\/54762\/revisions"}],"predecessor-version":[{"id":54771,"href":"https:\/\/correspondenciadeprensa.com\/index.php?rest_route=\/wp\/v2\/posts\/54762\/revisions\/54771"}],"wp:featuredmedia":[{"embeddable":true,"href":"https:\/\/correspondenciadeprensa.com\/index.php?rest_route=\/wp\/v2\/media\/54768"}],"wp:attachment":[{"href":"https:\/\/correspondenciadeprensa.com\/index.php?rest_route=%2Fwp%2Fv2%2Fmedia&parent=54762"}],"wp:term":[{"taxonomy":"category","embeddable":true,"href":"https:\/\/correspondenciadeprensa.com\/index.php?rest_route=%2Fwp%2Fv2%2Fcategories&post=54762"},{"taxonomy":"post_tag","embeddable":true,"href":"https:\/\/correspondenciadeprensa.com\/index.php?rest_route=%2Fwp%2Fv2%2Ftags&post=54762"}],"curies":[{"name":"wp","href":"https:\/\/api.w.org\/{rel}","templated":true}]}}