{"id":54755,"date":"2026-09-05T06:59:47","date_gmt":"2026-09-05T04:59:47","guid":{"rendered":"https:\/\/correspondenciadeprensa.com\/?p=54755"},"modified":"2026-09-05T06:59:47","modified_gmt":"2026-09-05T04:59:47","slug":"el-salvador-bukele-frena-la-compra-de-bitcoin-y-entrega-las-reservas-actuales-a-un-operador-privado-bryan-avelar","status":"publish","type":"post","link":"https:\/\/correspondenciadeprensa.com\/?p=54755","title":{"rendered":"El Salvador &#8211; Bukele frena la compra de bitcoin y entrega las reservas actuales a un operador privado. [Bryan Avelar]"},"content":{"rendered":"\n<p class=\"has-text-align-right wp-block-paragraph\"><sub>Monumento con el logo de bitcoin este jueves, Plaza San Bartolo, Ilopango, El Salvador.<\/sub><\/p>\n\n\n\n<p class=\"has-text-color has-link-color wp-elements-1 wp-block-paragraph\" style=\"color:#000000\"><strong>Bukele cede ante el FMI: frena la compra de bitcoin y entrega las reservas actuales a un operador privado<\/strong><\/p>\n\n\n\n<p class=\"has-text-color has-link-color wp-elements-2 wp-block-paragraph\" style=\"color:#000000\"><strong><em><a href=\"https:\/\/elpais.com\/america\/2026-09-04\/bukele-cede-ante-el-fmi-frena-la-compra-de-bitcoin-y-entrega-las-reservas-actuales-a-un-operador-privado.html?ssm=fb_SMAM\">El Pa\u00eds<\/a><\/em>, 4-9-2026<\/strong><\/p>\n\n\n\n<p class=\"has-text-color has-link-color wp-elements-3 wp-block-paragraph\" style=\"color:#000000\"><strong><em><a href=\"https:\/\/correspondenciadeprensa.com\/\">Correspondencia de Prensa<\/a><\/em>, 5-9-2026<\/strong><\/p>\n\n\n\n<p class=\"has-text-align-justify has-text-color has-link-color wp-elements-4 wp-block-paragraph\" style=\"color:#000000\"><em>El Salvador traspasa la gesti\u00f3n de 632 millones de d\u00f3lares en criptomonedas y promete congelar la inversi\u00f3n p\u00fablica en el activo para asegurar un pr\u00e9stamo de 1.400 millones<\/em><\/p>\n\n\n\n<p class=\"has-text-align-justify has-text-color has-link-color wp-elements-5 wp-block-paragraph\" style=\"color:#000000\">El Gobierno de Nayib Bukele ha aceptado, en un acuerdo con el Fondo Monetario Internacional (FMI), <em><a href=\"https:\/\/elpais.com\/america\/2025-01-30\/bukele-da-marcha-atras-y-retira-al-bitcoin-la-condicion-de-moneda-legal-en-el-salvador.html\">no comprar m\u00e1s bitcoin<\/a><\/em> y ha transferido \u201cla propiedad mayoritaria y el control\u201d de m\u00e1s de 7.763 criptomonedas, valoradas en m\u00e1s de 632 millones de d\u00f3lares, a manos de \u201cun operador privado\u201d, seg\u00fan un comunicado emitido este jueves por el Fondo.<\/p>\n\n\n\n<p class=\"has-text-align-justify has-text-color has-link-color wp-elements-6 wp-block-paragraph\" style=\"color:#000000\">El anuncio se da en el marco de la tercera revisi\u00f3n del cumplimiento de las condiciones para un pr\u00e9stamo por 1.400 millones de d\u00f3lares, programado en varios desembolsos y ejecutado desde principios de 2025. Este es un nuevo rev\u00e9s para <em><a href=\"https:\/\/elpais.com\/america\/opinion\/2025-02-16\/bukele-y-el-bitcoin-fin-de-la-criptofantasia.html\">uno de los proyectos m\u00e1s pol\u00e9micos y ambiciosos de Bukele<\/a><\/em>, luego de que en enero de este a\u00f1o retirara el bitcoin como moneda de curso legal, tambi\u00e9n por presiones del FMI.<\/p>\n\n\n\n<p class=\"has-text-align-justify has-text-color has-link-color wp-elements-7 wp-block-paragraph\" style=\"color:#000000\">De acuerdo con el comunicado del Fondo, el Gobierno mantendr\u00e1 \u201cuna participaci\u00f3n minoritaria y la responsabilidad de custodia sobre los activos\u201d, ahora en manos de privados. La entidad no especific\u00f3 a qu\u00e9 empresa ni bajo qu\u00e9 condiciones se han trasladado las criptomonedas compradas con fondos p\u00fablicos.<\/p>\n\n\n\n<p class=\"has-text-align-justify has-text-color has-link-color wp-elements-8 wp-block-paragraph\" style=\"color:#000000\">Desde que el Gobierno <em><a href=\"https:\/\/elpais.com\/internacional\/2021-09-06\/el-salvador-de-bukele-se-convierte-en-un-laboratorio-de-bitcoin-mundial.html\">adopt\u00f3 el bitcoin como moneda de curso legal<\/a><\/em>, toda la informaci\u00f3n sobre su costo y administraci\u00f3n ha permanecido bajo reserva. La \u00fanica informaci\u00f3n accesible se conoce a trav\u00e9s de la p\u00e1gina web The Bitcoin Office, el sitio oficial de divulgaci\u00f3n sobre los llamados Fondos Bitcoin. Seg\u00fan esa oficina, el Ejecutivo ha seguido adquiriendo la criptomoneda incluso despu\u00e9s de la firma del pr\u00e9stamo con el FMI, a pesar de que frenar la inversi\u00f3n era una condici\u00f3n expl\u00edcita para ello.<\/p>\n\n\n\n<p class=\"has-text-align-justify has-text-color has-link-color wp-elements-9 wp-block-paragraph\" style=\"color:#000000\">En el comunicado emitido el jueves, sin embargo, la entidad financiera se\u00f1ala que los \u00faltimos bitcoins han sido adquiridos gracias a \u201cdonaciones privadas y no ha implicado el uso de recursos p\u00fablicos\u201d y subray\u00f3 que el Gobierno se comprometi\u00f3 a no invertir m\u00e1s. \u201cEn adelante, no se prev\u00e9 una acumulaci\u00f3n adicional de bitcoin m\u00e1s all\u00e1 de las donaciones documentadas\u201d, dice el documento.<\/p>\n\n\n\n<p class=\"has-text-color has-link-color wp-elements-10 wp-block-paragraph\" style=\"color:#000000\"><strong>Opacidad estatal<\/strong><\/p>\n\n\n\n<p class=\"has-text-align-justify has-text-color has-link-color wp-elements-11 wp-block-paragraph\" style=\"color:#000000\">Bukele inici\u00f3 su cruzada por el bitcoin en junio de 2021, cuando la instaur\u00f3 como moneda de curso legal, asegurando que su implementaci\u00f3n traer\u00eda prosperidad, libertad econ\u00f3mica e inclusi\u00f3n financiera. Sin embargo, la medida fue rechazada por el 71% de la poblaci\u00f3n y apenas un peque\u00f1o porcentaje la utiliz\u00f3 alguna vez, seg\u00fan mediciones locales.<\/p>\n\n\n\n<p class=\"has-text-align-justify has-text-color has-link-color wp-elements-12 wp-block-paragraph\" style=\"color:#000000\">Para su puesta en marcha, el Gobierno cre\u00f3 un fideicomiso de 150 millones de d\u00f3lares y entreg\u00f3 un \u201cbono\u201d de 30 d\u00f3lares a cada ciudadano que descargara la billetera digital Chivo Wallet en su tel\u00e9fono. Tambi\u00e9n invirti\u00f3 otros 50 millones en instalar cajeros y poner en marcha la log\u00edstica. Aunque muchos ciudadanos la descargaron, la mayor\u00eda gast\u00f3 el incentivo y dej\u00f3 de usarla.<\/p>\n\n\n\n<p class=\"has-text-align-justify has-text-color has-link-color wp-elements-13 wp-block-paragraph\" style=\"color:#000000\">El mismo a\u00f1o en que se lanz\u00f3 la plataforma, la Fiscal\u00eda report\u00f3 cientos de denuncias por usurpaci\u00f3n de identidad y hurtos que alcanzaron un monto de hasta 840.000 d\u00f3lares, seg\u00fan investigaciones period\u00edsticas. La empresa detr\u00e1s de la billetera gubernamental es Chivo Wallet S.A., una sociedad p\u00fablico-privada que no puede ser fiscalizada.<\/p>\n\n\n\n<p class=\"has-text-align-justify has-text-color has-link-color wp-elements-14 wp-block-paragraph\" style=\"color:#000000\">El <em><a href=\"https:\/\/elpais.com\/mexico\/2022-11-13\/caida-de-bitcoin-es-golpe-mortal-para-el-salvador.html\">manejo del bitcoin ha sido oscuro<\/a><\/em> y el gasto no aparece en la ejecuci\u00f3n del presupuesto del Estado. Ante las cr\u00edticas, Bukele ha mostrado, como es caracter\u00edstico en \u00e9l, una actitud retadora y ha llegado a sugerir que compra bitcoin con dinero p\u00fablico desde su tel\u00e9fono mientras est\u00e1 en el ba\u00f1o. En noviembre de 2022, cuando el precio de la criptomoneda descendi\u00f3 casi un 30%, public\u00f3 en su cuenta de X que, desde ese momento, comprar\u00eda \u201cun bitcoin al d\u00eda\u201d.<\/p>\n\n\n\n<p class=\"has-text-align-justify has-text-color has-link-color wp-elements-15 wp-block-paragraph\" style=\"color:#000000\">En enero de este a\u00f1o, tras las presiones del FMI, el oficialismo retrocedi\u00f3 y <em><a href=\"https:\/\/elpais.com\/america\/2025-01-30\/bukele-da-marcha-atras-y-retira-al-bitcoin-la-condicion-de-moneda-legal-en-el-salvador.html\">retir\u00f3 el bitcoin como moneda de curso legal<\/a><\/em>, modificando seis de los diecis\u00e9is art\u00edculos de su propia ley. Sin embargo, The Bitcoin Office ha publicado la adquisici\u00f3n de 1.714 bitcoin m\u00e1s, presuntamente provenientes de \u201cdonaciones\u201d. Las autoridades no han revelado qui\u00e9nes son los supuestos donantes.<\/p>\n\n\n\n<p class=\"has-text-align-justify has-text-color has-link-color wp-elements-16 wp-block-paragraph\" style=\"color:#000000\">Hasta hoy, no se tiene claridad de d\u00f3nde salen los fondos ni qui\u00e9n lleva una contralor\u00eda sobre ellos. Seg\u00fan la ley, el Banco Central de Reserva (BCR) es el ente encargado de manejar las reservas internacionales del pa\u00eds; sin embargo, los fondos bitcoin no aparecen reflejados en sus cuentas en ning\u00fan ejercicio fiscal.<\/p>\n\n\n\n<p class=\"has-text-align-justify has-text-color has-link-color wp-elements-17 wp-block-paragraph\" style=\"color:#000000\">Bukele present\u00f3 la adopci\u00f3n del bitcoin como uno de sus mayores aciertos ante el mundo en 2021. Ese mismo a\u00f1o, El Salvador lleg\u00f3 a ser bautizado como \u201cel pa\u00eds del bitcoin\u201d. Pero la promesa tard\u00f3 poco en chocar con la realidad: a finales de 2022, el 91,7% de la poblaci\u00f3n consideraba que su situaci\u00f3n econ\u00f3mica segu\u00eda igual o hab\u00eda empeorado, seg\u00fan las encuestas. Dos a\u00f1os despu\u00e9s, a mediados de 2024, un estudio del BCR revel\u00f3 que el n\u00famero de personas en situaci\u00f3n de pobreza hab\u00eda aumentado en 55.000 respecto al a\u00f1o anterior.<\/p>\n","protected":false},"excerpt":{"rendered":"<p>Bukele present\u00f3 la adopci\u00f3n del bitcoin como uno de sus mayores aciertos ante el mundo en 2021. Ese mismo a\u00f1o, El Salvador lleg\u00f3 a ser bautizado como \u201cel pa\u00eds del bitcoin\u201d. Pero la promesa tard\u00f3 poco en chocar con la realidad: a finales de 2022, el 91,7% de la poblaci\u00f3n consideraba que su situaci\u00f3n econ\u00f3mica segu\u00eda igual o hab\u00eda empeorado.<\/p>\n","protected":false},"author":102520410,"featured_media":54757,"comment_status":"closed","ping_status":"","sticky":false,"template":"","format":"standard","meta":{"_coblocks_attr":"","_coblocks_dimensions":"","_coblocks_responsive_height":"","_coblocks_accordion_ie_support":"","advanced_seo_description":"","jetpack_seo_html_title":"","jetpack_seo_noindex":false,"jetpack_seo_schema_type":"","_jetpack_newsletter_access":"","_jetpack_dont_email_post_to_subs":false,"_jetpack_newsletter_tier_id":0,"_jetpack_memberships_contains_paywalled_content":false,"_wpcom_ai_launchpad_first_post":false,"_jetpack_feature_clip_id":0,"_jetpack_memberships_contains_paid_content":false,"footnotes":"","jetpack_post_was_ever_published":false},"categories":[132325],"tags":[],"class_list":["post-54755","post","type-post","status-publish","format-standard","has-post-thumbnail","hentry","category-el-salvador","fallback-thumbnail"],"jetpack_likes_enabled":false,"jetpack_sharing_enabled":true,"jetpack_shortlink":"https:\/\/wp.me\/p7lt2C-ef9","amp_enabled":true,"jetpack_featured_media_url":"https:\/\/i0.wp.com\/correspondenciadeprensa.com\/wp-content\/uploads\/2026\/09\/ElSalvador05092026.jpg?fit=809%2C406&ssl=1","_links":{"self":[{"href":"https:\/\/correspondenciadeprensa.com\/index.php?rest_route=\/wp\/v2\/posts\/54755","targetHints":{"allow":["GET"]}}],"collection":[{"href":"https:\/\/correspondenciadeprensa.com\/index.php?rest_route=\/wp\/v2\/posts"}],"about":[{"href":"https:\/\/correspondenciadeprensa.com\/index.php?rest_route=\/wp\/v2\/types\/post"}],"author":[{"embeddable":true,"href":"https:\/\/correspondenciadeprensa.com\/index.php?rest_route=\/wp\/v2\/users\/102520410"}],"replies":[{"embeddable":true,"href":"https:\/\/correspondenciadeprensa.com\/index.php?rest_route=%2Fwp%2Fv2%2Fcomments&post=54755"}],"version-history":[{"count":5,"href":"https:\/\/correspondenciadeprensa.com\/index.php?rest_route=\/wp\/v2\/posts\/54755\/revisions"}],"predecessor-version":[{"id":54761,"href":"https:\/\/correspondenciadeprensa.com\/index.php?rest_route=\/wp\/v2\/posts\/54755\/revisions\/54761"}],"wp:featuredmedia":[{"embeddable":true,"href":"https:\/\/correspondenciadeprensa.com\/index.php?rest_route=\/wp\/v2\/media\/54757"}],"wp:attachment":[{"href":"https:\/\/correspondenciadeprensa.com\/index.php?rest_route=%2Fwp%2Fv2%2Fmedia&parent=54755"}],"wp:term":[{"taxonomy":"category","embeddable":true,"href":"https:\/\/correspondenciadeprensa.com\/index.php?rest_route=%2Fwp%2Fv2%2Fcategories&post=54755"},{"taxonomy":"post_tag","embeddable":true,"href":"https:\/\/correspondenciadeprensa.com\/index.php?rest_route=%2Fwp%2Fv2%2Ftags&post=54755"}],"curies":[{"name":"wp","href":"https:\/\/api.w.org\/{rel}","templated":true}]}}