{"id":54747,"date":"2026-09-04T20:03:41","date_gmt":"2026-09-04T18:03:41","guid":{"rendered":"https:\/\/correspondenciadeprensa.com\/?p=54747"},"modified":"2026-09-04T20:03:41","modified_gmt":"2026-09-04T18:03:41","slug":"uruguay-la-importacion-del-modelo-bukele-camilo-salvetti","status":"publish","type":"post","link":"https:\/\/correspondenciadeprensa.com\/?p=54747","title":{"rendered":"Uruguay &#8211; La importaci\u00f3n del modelo Bukele. [Camilo Salvetti]"},"content":{"rendered":"\n<p class=\"has-text-align-right wp-block-paragraph\"><sub>Andr\u00e9s Ojeda, dirigente del partido Colorado. Foto: Mauricio Zina.<\/sub><\/p>\n\n\n\n<p class=\"has-text-color has-link-color wp-elements-1 wp-block-paragraph\" style=\"color:#000000\"><strong>La bukelizaci\u00f3n. Uruguay y la importaci\u00f3n del modelo Bukele<\/strong><\/p>\n\n\n\n<p class=\"has-text-color has-link-color wp-elements-2 wp-block-paragraph\" style=\"color:#000000\"><strong><em><a href=\"https:\/\/brecha.com.uy\/la-bukelizacion\/\">Brecha<\/a><\/em>, 4-9-2026<\/strong><\/p>\n\n\n\n<p class=\"has-text-color has-link-color wp-elements-3 wp-block-paragraph\" style=\"color:#000000\"><strong><em><a href=\"https:\/\/correspondenciadeprensa.com\/\">Correspondencia de Prensa<\/a><\/em>, 4-9-2026<\/strong><\/p>\n\n\n\n<p class=\"has-text-align-justify has-text-color has-link-color wp-elements-4 wp-block-paragraph\" style=\"color:#000000\"><em>El ejemplo salvadore\u00f1o vuelve a ensombrecer la discusi\u00f3n pol\u00edtica en torno a la seguridad en Uruguay. El debate oscila entre la posibilidad de aplicar solo una parte de una estrategia que se llev\u00f3 puesto el Estado de derecho en El Salvador y las advertencias de algunos especialistas \u2013como el polit\u00f3logo Juan Pablo Luna\u2013 sobre el riesgo de \u00abdesfondar\u00bb el sistema de partidos al copiar el ejemplo centroamericano.<\/em><\/p>\n\n\n\n<p class=\"has-text-align-justify has-text-color has-link-color wp-elements-5 wp-block-paragraph\" style=\"color:#000000\">Tres preguntas. \u00bfQu\u00e9 pasa en una sociedad que mira con cari\u00f1o a un aut\u00f3crata? Es la primera que surge cuando se leen, por ejemplo, los resultados de la encuesta de Equipos Consultores de marzo en la que el presidente de El Salvador, Nayib Bukele, es el pol\u00edtico internacional con mejor imagen entre los uruguayos. Bukele ten\u00eda, al momento del sondeo, un saldo positivo de +25, con buena imagen tanto en la Coalici\u00f3n Republicana (+37, primer lugar) <sup class='footnote'><a href='https:\/\/correspondenciadeprensa.com\/?p=54747#fn-54747-1' id='fnref-54747-1' onclick='return fdfootnote_show(54747)'>1<\/a><\/sup> como en el Frente Amplio (+12, segundo lugar, por debajo de Luiz In\u00e1cio Lula da Silva).<\/p>\n\n\n\n<p class=\"has-text-align-justify has-text-color has-link-color wp-elements-6 wp-block-paragraph\" style=\"color:#000000\">La segunda: \u00bfc\u00f3mo act\u00faa el sistema pol\u00edtico cuando la sociedad mira con cari\u00f1o a un aut\u00f3crata? El modelo Bukele, en boca de m\u00e1s de un presidente latinoamericano \u2013como el de Ecuador, Daniel Noboa, o el de Chile, Jos\u00e9 Antonio Kast\u2013, se ha vuelto un ejemplo recurrente de estrategia efectiva contra el delito, el crimen organizado y la inseguridad, muchas veces en el centro de las preocupaciones de los electorados de la regi\u00f3n.<\/p>\n\n\n\n<p class=\"has-text-align-justify has-text-color has-link-color wp-elements-7 wp-block-paragraph\" style=\"color:#000000\">Y la tercera: \u00bfse pueden importar las estrategias de Bukele a pa\u00edses que no atraviesan la misma situaci\u00f3n que afectaba a El Salvador hace siete a\u00f1os, cuando el l\u00edder de ultraderecha lleg\u00f3 al poder? Y en este sentido, \u00bfse puede importar una parte de la estrategia, sin todo lo que trae aparejado?<\/p>\n\n\n\n<p class=\"has-text-align-justify has-text-color has-link-color wp-elements-8 wp-block-paragraph\" style=\"color:#000000\">\u00abEl problema fundamental que hoy ten\u00e9s es que mucha gente en toda la regi\u00f3n ve a Bukele como la \u00fanica posibilidad, o al menos pol\u00edticas del tipo de las de Bukele como la \u00fanica posibilidad de resolver los temas de seguridad\u00bb, sostuvo el polit\u00f3logo especializado en crimen organizado y seguridad Juan Pablo Luna, en entrevista con <em><a href=\"https:\/\/brecha.com.uy\/\">Brecha<\/a><\/em>.<\/p>\n\n\n\n<p class=\"has-text-align-justify has-text-color has-link-color wp-elements-9 wp-block-paragraph\" style=\"color:#000000\">Semanas atr\u00e1s, Luna llev\u00f3 a cabo un trabajo de campo en el interior del pa\u00eds. De este relevo, a su entender, surge algo \u00abclaro\u00bb: la gente \u00absiente que hay un desborde y lo \u00fanico que te plantea es Bukele, una soluci\u00f3n punitiva\u00bb. Lo mismo sucede en la mayor\u00eda de los pa\u00edses de la regi\u00f3n, a excepci\u00f3n de Argentina, donde la econom\u00eda es desde hace a\u00f1os el principal problema de la poblaci\u00f3n.<\/p>\n\n\n\n<p class=\"has-text-align-justify has-text-color has-link-color wp-elements-10 wp-block-paragraph\" style=\"color:#000000\">En lugar de pensar otras alternativas de pol\u00edtica p\u00fablica y, \u00abeventualmente, de intentar poner sobre la mesa el lado oscuro \u2013que es muy oscuro\u2013 de la estrategia Bukele\u00bb, Luna entiende que \u00abhay un corrimiento del sistema pol\u00edtico\u00bb, que \u00abb\u00e1sicamente cede ante la presi\u00f3n de la ciudadan\u00eda\u00bb.<\/p>\n\n\n\n<p class=\"has-text-align-justify has-text-color has-link-color wp-elements-11 wp-block-paragraph\" style=\"color:#000000\">Para el especialista el caso de Uruguay es interesante, porque el pa\u00eds \u00abviene implementando una estrategia punitiva, de endurecimiento, desde hace a\u00f1os\u00bb, con las tasas de encarcelamiento per c\u00e1pita m\u00e1s altas de la regi\u00f3n. \u00abEvidentemente\u00bb, dice el acad\u00e9mico, \u00abeso no est\u00e1 funcionando, porque est\u00e1s violando derechos humanos en las c\u00e1rceles uruguayas todo el tiempo y la rehabilitaci\u00f3n no se est\u00e1 produciendo\u00bb. A la vez, el \u00abcircuito c\u00e1rcel-calle y calle-c\u00e1rcel se ha vuelto cada vez m\u00e1s problem\u00e1tico\u00bb, afirma, y la respuesta es \u00abuna escalada en la que el sistema pol\u00edtico compite a ver qui\u00e9n es m\u00e1s mano dura\u00bb.<\/p>\n\n\n\n<p class=\"has-text-align-justify has-text-color has-link-color wp-elements-12 wp-block-paragraph\" style=\"color:#000000\">Para Luna, el gobierno de Yamand\u00fa Orsi da se\u00f1ales \u00abambiguas\u00bb al respecto. Por un lado, presenta el proceso de di\u00e1logo y elaboraci\u00f3n del Plan Nacional de Seguridad P\u00fablica, \u00abdonde se dijeron cosas muy distintas y muy diferentes a la estrategia a lo Bukele\u00bb, dice. Pero luego, \u00abante la presi\u00f3n de la opini\u00f3n p\u00fablica\u00bb, incursiona en un camino punitivo, incluso compitiendo con la oposici\u00f3n por qui\u00e9n propone mayor dureza.<\/p>\n\n\n\n<p class=\"has-text-align-justify has-text-color has-link-color wp-elements-13 wp-block-paragraph\" style=\"color:#000000\">El pa\u00eds \u00able viene errando el bizcochazo hace 20 a\u00f1os con relaci\u00f3n a una situaci\u00f3n que se ha ido deteriorando y se ha vuelto central para la ciudadan\u00eda\u00bb, asegura Luna. A la vez, existe una competencia \u00abde corto plazo\u00bb entre partidos, sin una perspectiva a mediano plazo, que seg\u00fan el polit\u00f3logo abona el riesgo de \u00abdesfondar el sistema, porque no provee soluciones\u00bb.<\/p>\n\n\n\n<p class=\"has-text-align-justify has-text-color has-link-color wp-elements-14 wp-block-paragraph\" style=\"color:#000000\">En el trabajo de campo que viene llevando a cabo, Luna dijo haber constatado \u00abun hast\u00edo ciudadano general con la clase pol\u00edtica, con el debate pol\u00edtico, con la falta de soluciones\u00bb, que se parece bastante a lo que sucedi\u00f3 en otros pa\u00edses de Am\u00e9rica Latina, \u00abdonde los sistemas de partidos se han derrumbado\u00bb, y no sabe \u00absi hay tiempo de frenar esta deriva\u00bb. Para el investigador, \u00abla sensaci\u00f3n de inseguridad es mucho mayor que la victimizaci\u00f3n\u00bb y eso sucede en todos los lugares donde las noticias policiales adquirieron un rol de centralidad absoluta.<\/p>\n\n\n\n<p class=\"has-text-align-justify has-text-color has-link-color wp-elements-15 wp-block-paragraph\" style=\"color:#000000\">Por lo dem\u00e1s, el acad\u00e9mico considera que no existe un <em>modelo Bukele<\/em>, como tal, sino un <em>producto Bukele<\/em>, que ha sabido venderse bien, pero tiene \u00abproblemas de calidad muy evidentes\u00bb. Y que se aplica en un pa\u00eds m\u00e1s chico que Uruguay, donde a trav\u00e9s de un r\u00e9gimen de excepci\u00f3n se logr\u00f3 encarcelar a una gran cantidad de personas de forma muy r\u00e1pida. En El Salvador, adem\u00e1s, existen \u00abestructuras criminales muy jer\u00e1rquicas\u00bb, que permitieron que el pacto con el gobierno de Bukele tuviera asidero. La estrategia bukelista implic\u00f3, seg\u00fan Luna, \u00abla p\u00e9rdida y suspensi\u00f3n de libertades civiles al punto que te quedaste sin democracia, porque te comiste la autonom\u00eda del Poder Legislativo y del Poder Judicial\u00bb.<\/p>\n\n\n\n<p class=\"has-text-color has-link-color wp-elements-16 wp-block-paragraph\" style=\"color:#000000\"><strong>\u00bfIMPORTAR EL <em>MODELO<\/em>?<\/strong><\/p>\n\n\n\n<p class=\"has-text-align-justify has-text-color has-link-color wp-elements-17 wp-block-paragraph\" style=\"color:#000000\">En noviembre de 2019, una de las ambig\u00fcedades se\u00f1aladas por Luna se dej\u00f3 ver quiz\u00e1s con mayor claridad: en una entrevista con el semanario <em>B\u00fasqueda<\/em>, Orsi admiti\u00f3 que las pol\u00edticas de seguridad del presidente salvadore\u00f1o eran \u00abun ejemplo para analizar\u00bb. Las declaraciones suscitaron cr\u00edticas y aclaraciones del propio presidente \u2013\u00ablo que m\u00e1s me llama la atenci\u00f3n es el nivel de adhesi\u00f3n que generan en la poblaci\u00f3n\u00bb, aclar\u00f3 posteriormente, calificando de \u00abinaceptables\u00bb algunas de sus facetas\u2013 y del ministro del Interior, Carlos Negro, que insisti\u00f3 en la necesidad de \u00abestudiar\u00bb el caso de El Salvador, a la vez que plante\u00f3 la necesidad de formular un \u00abmodelo uruguayo\u00bb.<\/p>\n\n\n\n<p class=\"has-text-align-justify has-text-color has-link-color wp-elements-18 wp-block-paragraph\" style=\"color:#000000\">El senador colorado Andr\u00e9s Ojeda, quiz\u00e1 quien m\u00e1s habl\u00f3 en el sistema pol\u00edtico sobre las formas de Bukele, consider\u00f3 al ser consultado por <em><a href=\"https:\/\/brecha.com.uy\/\">Brecha<\/a><\/em> que la principal raz\u00f3n para la popularidad del presidente salvadore\u00f1o es que \u00abel tipo le gan\u00f3 al no se puede\u00bb. Lo \u00abimportante\u00bb, seg\u00fan Ojeda, es que \u00aben Uruguay tenemos una situaci\u00f3n infinitamente menos complicada que la que ten\u00eda El Salvador\u00bb, pero \u00abnos gobierna el \u201cno se puede\u201d\u00bb. Otro tanto ocurri\u00f3 con la excandidata a la vicepresidencia por el Partido Nacional, Valeria Ripoll, que visit\u00f3 brevemente el pa\u00eds centroamericano este a\u00f1o y regres\u00f3 convencida de que Uruguay debe tomar a Bukele como ejemplo.<\/p>\n\n\n\n<p class=\"has-text-align-justify has-text-color has-link-color wp-elements-19 wp-block-paragraph\" style=\"color:#000000\">Para el senador Eduardo Brenta \u2013integrante de la comisi\u00f3n de seguridad del Senado\u2013, hablar del <em>modelo<\/em> \u00abdemuestra un profundo desconocimiento de lo que sucede en El Salvador\u00bb y de las diferencias con la realidad uruguaya. Seg\u00fan dijo al semanario, \u00abel modelo Bukele es un modelo completo, \u00bfcu\u00e1l es la partecita que ser\u00eda aceptable? \u00bfLa violaci\u00f3n a los derechos humanos \u00abo el impedimento de la defensa de los detenidos\u00bb?<\/p>\n\n\n\n<p class=\"has-text-align-justify has-text-color has-link-color wp-elements-20 wp-block-paragraph\" style=\"color:#000000\">Este mi\u00e9rcoles, el periodista Eduardo Preve inform\u00f3 que el Ministerio del Interior realiza una prueba piloto de una plataforma tecnol\u00f3gica de inteligencia desarrollada por la empresa MAIC Technologies, utilizada por el gobierno salvadore\u00f1o. \u00abNo hay nada\u00bb, dijeron fuentes de la cartera a <em><a href=\"https:\/\/brecha.com.uy\/\">Brecha<\/a><\/em> respecto de este trascendido: \u00abNo se ha implementado nada al respecto ni est\u00e1 prevista prueba alguna. Hubo una propuesta de una empresa, a la cual no se le ha dado andamiento\u00bb, aseguraron.<\/p>\n\n\n\n<p class=\"has-text-color has-link-color wp-elements-21 wp-block-paragraph\" style=\"color:#000000\"><strong>Nota de Correspondencia de Prensa<\/strong><\/p>\n\n\n","protected":false},"excerpt":{"rendered":"<p>El gobierno de Yamand\u00fa Orsi da se\u00f1ales \u00abambiguas\u00bb al respecto. Por un lado, presenta el proceso de di\u00e1logo y elaboraci\u00f3n del Plan Nacional de Seguridad P\u00fablica, \u00abdonde se dijeron cosas muy distintas y muy diferentes a la estrategia a lo Bukele\u00bb, dice. Pero luego, \u00abante la presi\u00f3n de la opini\u00f3n p\u00fablica\u00bb, incursiona en un camino punitivo, incluso compitiendo con la oposici\u00f3n por qui\u00e9n propone mayor dureza.<\/p>\n","protected":false},"author":102520410,"featured_media":54752,"comment_status":"closed","ping_status":"","sticky":false,"template":"","format":"standard","meta":{"_coblocks_attr":"","_coblocks_dimensions":"","_coblocks_responsive_height":"","_coblocks_accordion_ie_support":"","advanced_seo_description":"","jetpack_seo_html_title":"","jetpack_seo_noindex":false,"jetpack_seo_schema_type":"","_jetpack_newsletter_access":"","_jetpack_dont_email_post_to_subs":false,"_jetpack_newsletter_tier_id":0,"_jetpack_memberships_contains_paywalled_content":false,"_wpcom_ai_launchpad_first_post":false,"_jetpack_feature_clip_id":0,"_jetpack_memberships_contains_paid_content":false,"footnotes":"","jetpack_post_was_ever_published":false},"categories":[12693],"tags":[],"class_list":["post-54747","post","type-post","status-publish","format-standard","has-post-thumbnail","hentry","category-uruguay","fallback-thumbnail"],"jetpack_likes_enabled":false,"jetpack_sharing_enabled":true,"jetpack_shortlink":"https:\/\/wp.me\/p7lt2C-ef1","amp_enabled":true,"jetpack_featured_media_url":"https:\/\/i0.wp.com\/correspondenciadeprensa.com\/wp-content\/uploads\/2026\/09\/Uruguay04092026.jpg?fit=1200%2C603&ssl=1","_links":{"self":[{"href":"https:\/\/correspondenciadeprensa.com\/index.php?rest_route=\/wp\/v2\/posts\/54747","targetHints":{"allow":["GET"]}}],"collection":[{"href":"https:\/\/correspondenciadeprensa.com\/index.php?rest_route=\/wp\/v2\/posts"}],"about":[{"href":"https:\/\/correspondenciadeprensa.com\/index.php?rest_route=\/wp\/v2\/types\/post"}],"author":[{"embeddable":true,"href":"https:\/\/correspondenciadeprensa.com\/index.php?rest_route=\/wp\/v2\/users\/102520410"}],"replies":[{"embeddable":true,"href":"https:\/\/correspondenciadeprensa.com\/index.php?rest_route=%2Fwp%2Fv2%2Fcomments&post=54747"}],"version-history":[{"count":6,"href":"https:\/\/correspondenciadeprensa.com\/index.php?rest_route=\/wp\/v2\/posts\/54747\/revisions"}],"predecessor-version":[{"id":54754,"href":"https:\/\/correspondenciadeprensa.com\/index.php?rest_route=\/wp\/v2\/posts\/54747\/revisions\/54754"}],"wp:featuredmedia":[{"embeddable":true,"href":"https:\/\/correspondenciadeprensa.com\/index.php?rest_route=\/wp\/v2\/media\/54752"}],"wp:attachment":[{"href":"https:\/\/correspondenciadeprensa.com\/index.php?rest_route=%2Fwp%2Fv2%2Fmedia&parent=54747"}],"wp:term":[{"taxonomy":"category","embeddable":true,"href":"https:\/\/correspondenciadeprensa.com\/index.php?rest_route=%2Fwp%2Fv2%2Fcategories&post=54747"},{"taxonomy":"post_tag","embeddable":true,"href":"https:\/\/correspondenciadeprensa.com\/index.php?rest_route=%2Fwp%2Fv2%2Ftags&post=54747"}],"curies":[{"name":"wp","href":"https:\/\/api.w.org\/{rel}","templated":true}]}}