{"id":5474,"date":"2018-09-10T06:07:00","date_gmt":"2018-09-10T09:07:00","guid":{"rendered":"http:\/\/correspondenciadeprensa.com\/?p=5474"},"modified":"2018-09-10T06:07:00","modified_gmt":"2018-09-10T09:07:00","slug":"colombia-la-luna-de-miel-de-duque-con-las-farc","status":"publish","type":"post","link":"https:\/\/correspondenciadeprensa.com\/?p=5474","title":{"rendered":"Colombia &#8211; La \u00abluna de miel\u00bb de Duque con las Farc"},"content":{"rendered":"<h3><strong>Duque no tuvo luna de miel con la opini\u00f3n pero s\u00ed con la Farc<\/strong><\/h3>\n<p><strong>Juanita V\u00e9lez <\/strong><\/p>\n<p><strong>La Silla Vac\u00eda, 6-9-2018,\u00a0<\/strong><strong><a href=\"https:\/\/lasillavacia.com\/\">https:\/\/lasillavacia.com\/<\/a><\/strong><\/p>\n<p style=\"text-align:justify;\">Mientras Iv\u00e1n Duque termina su primer mes como Presidente sin luna de miel con la opini\u00f3n, s\u00ed ha dado varias muestras de que su relaci\u00f3n con los ex jefes de la guerrilla son mejores de lo que se podr\u00eda esperar de un l\u00edder uribista, aunque \u00e9stos han actuado como l\u00edderes de oposici\u00f3n, como es natural.<\/p>\n<h3 style=\"text-align:justify;\"><strong>Los cinco gui\u00f1os<\/strong><\/h3>\n<p style=\"text-align:justify;\">Vuelve \u201cla paz\u201d:\u00a0 La muestra m\u00e1s reciente de la buena relaci\u00f3n con la Farc qued\u00f3 clara esta semana, durante la socializaci\u00f3n que hizo el Departamento Nacional de Planeaci\u00f3n del Plan de Desarrollo de Duque ante varios empresarios, que ya hab\u00eda discutido en el Consejo de Ministros.<\/p>\n<p style=\"text-align:justify;\">Como contamos ayer, usa la palabra \u00abpaz\u201d, que hasta ahora parec\u00eda estar fuera del diccionario duquista, reemplazada por \u201clegalidad\u201d, hasta el punto de que Duque rebautiz\u00f3 el Acuerdo de paz como \u2018Acuerdo para la legalidad\u2019. Adem\u00e1s, ese borrador la usa en un lugar privilegiado: uno de los siete macroproyectos o \u2018aceleradores\u2019 ser\u00e1 \u201cla paz que nos une\u201d.<\/p>\n<p style=\"text-align:justify;\">Ex guerrilleros siguen camino a Cuba: En esa misma l\u00ednea, esta semana la Oficina del Alto Comisionado de Paz (todav\u00eda no ha cambiado su nombre a \u201cde Legalidad\u201d) , en cabeza de Miguel Ceballos, mostr\u00f3 que frente a los excombatientes habr\u00e1 continuismo porque seguir\u00e1n con el programa de mil becas que arranc\u00f3 el a\u00f1o pasado.<\/p>\n<p style=\"text-align:justify;\">Eso es llamativo por su simbolismo: el programa es con el gobierno de Cuba, para que los excombatientes puedan estudiar all\u00ed. Santos envi\u00f3 186 estudiantes el a\u00f1o pasado y este mes Duque empez\u00f3 a enviar otros 196.<\/p>\n<p style=\"text-align:justify;\">S\u00edmbolos de la Farc en Palacio: quiz\u00e1s el gui\u00f1o m\u00e1s simb\u00f3lico de Duque fue haber invitado a Rodrigo Londo\u00f1o y a Carlos Antonio Lozada a la Casa de Nari\u00f1o, con los voceros de todos los otros partidos, para armar un acuerdo de todas las fuerzas pol\u00edticas para impulsar una agenda de medidas contra la corrupci\u00f3n, que est\u00e1n por definirse.<\/p>\n<p style=\"text-align:justify;\">La reuni\u00f3n no s\u00f3lo fue simb\u00f3lica por la presencia del jefe de la Farc, Timochenko, sino porque Duque lo felicit\u00f3 por haber dejado las armas y \u00e9l le agradeci\u00f3 por tenerlos en cuenta.<\/p>\n<p style=\"text-align:justify;\">La Misi\u00f3n de la ONU se queda, como quer\u00eda la Farc: La semana pasada Duque le envi\u00f3 una carta a Antonio Guterres, secretario general de la ONU, y a Karen Pierce, presidenta del Consejo de Seguridad, para pedirles que mantengan la misi\u00f3n encargada de hacerle monitoreo a la implementaci\u00f3n del Acuerdo otro a\u00f1o.<\/p>\n<p style=\"text-align:justify;\">Eso no solo responde a una solicitud de la Farc de mantenerla, sino que en la carta deja claro que la petici\u00f3n es en com\u00fan con la Farc. \u201cEl Gobierno Nacional y la Fuerza Alternativa Revolucionaria del Com\u00fan (FARC) hemos convenido solicitar al Consejo de Seguridad de las Naciones Unidas prorrogar el mandato de la Misi\u00f3n Pol\u00edtica Especial por un a\u00f1o m\u00e1s a partir del 27 de septiembre de 2018\u201d, dice.<\/p>\n<p style=\"text-align:justify;\">Los ajustes al Acuerdo se quedan en lo simb\u00f3lico: Aunque Duque ha hecho anuncios, son m\u00e1s simb\u00f3licos que reales, algo que era de esperarse porque no ten\u00eda tanto margen como esperaban algunos uribistas, y eso beneficia a la Farc. Esto porque el narcotr\u00e1fico dejar\u00eda de ser amnistiable, pero despu\u00e9s; no hay nada nuevo en que los que siguen delinquiendo pierdan los beneficios; depende de la Corte Constitucional que los responsables de delitos de lesa humanidad no puedan ser elegidos; no hay nada nuevo en que la erradicaci\u00f3n sea forzosa; y su Alto Comisionado, Miguel Ceballos, ha dicho que respetar\u00e1n los pactos de sustituci\u00f3n firmados por el Gobierno Santos.<\/p>\n<p style=\"text-align:justify;\">El buen ambiente entre Duque y los ex jefes guerrilleros tambi\u00e9n qued\u00f3 claro con la carta que firmaron 9 de los 15 miembros de la Comisi\u00f3n de Paz del Senado, incluyendo al fariano Juli\u00e1n Gallo Cubillos.<\/p>\n<p style=\"text-align:justify;\">La firmaron tambi\u00e9n otros cuatro senadores de partidos de oposici\u00f3n, dos de partidos independientes (el liberal Luis Fernando Velasco y Richard Aguilar de Cambio Radical) y dos de partidos que se declararon gobiernistas (el conservador Efra\u00edn Cepeda y Roy Barreras, de La U).<\/p>\n<p style=\"text-align:justify;\">En ella felicitan a Duque por \u201clas acciones que ha emprendido usted y el nuevo gobierno tendientes a fortalecer los procesos de paz que est\u00e1n en curso\u201d y se ponen a disposici\u00f3n para \u201ccualquier tarea que decidan solicitarnos usted y su administraci\u00f3n\u201d.<\/p>\n<p style=\"text-align:justify;\">Que la carta fue m\u00e1s que un saludo protocolario queda claro porque no la firmaron los dos uribistas de la Comisi\u00f3n, Paloma Valencia y Jhon Harold Su\u00e1rez.<\/p>\n<h3 style=\"text-align:justify;\"><strong>\u00a0<\/strong><strong>El significado<\/strong><\/h3>\n<p style=\"text-align:justify;\">En segunda vuelta, cuando la opci\u00f3n era o Duque o Petro, la Farc se la jug\u00f3 por Petro sin decirlo oficialmente porque, para ellos, Duque representaba el regreso al conflicto.<\/p>\n<p style=\"text-align:justify;\">Del lado uribista, a pesar de que Duque siempre fue moderado y dec\u00eda que frente al Acuerdo \u201cni trizas ni risas\u201d, hab\u00eda una expectativa de modificar el Acuerdo para hacerlo m\u00e1s exigente a los cabecillas de las Farc. Como dijo en su discurso del 7 de agosto el\u00a0 presidente del Senado, Ernesto Mac\u00edas, hab\u00eda que \u201cmodificarlos y ajustar los Acuerdos para restablecer el Estado de Derecho\u201d.<\/p>\n<p style=\"text-align:justify;\">A pesar de que la Farc se declar\u00f3 oficialmente en oposici\u00f3n a Duque, y de que esos gestos no significan una cercan\u00eda pol\u00edtica entre el Gobierno y la antigua guerrilla, s\u00ed muestran una postura moderada de Duque y su posicionamiento hacia el centro del espectro pol\u00edtico.<\/p>\n<p style=\"text-align:justify;\">De hecho, como contamos, ya hay molestias en las bases uribistas con \u00e9l por esos acercamientos.<\/p>\n<p style=\"text-align:justify;\">Aunque ese es un claro costo pol\u00edtico para \u00e9l, todav\u00eda no est\u00e1 claro qu\u00e9 tan fuerte ser\u00e1 porque hasta ahora no lo han criticado por ello las grandes figuras uribistas, encabezadas por el propio ex presidente.<\/p>\n<p style=\"text-align:justify;\">Adem\u00e1s, el buen ambiente con la Farc le da un camino para resolver la situaci\u00f3n con la exguerrilla que, seg\u00fan la Gallup Poll, es el motivo del pesimismo por el que pasa el pa\u00eds, porque no ha quemado los puentes con los ex guerrilleros.<\/p>\n<p style=\"text-align:justify;\">Si lo que preocupa a la opini\u00f3n es la lentitud de la implementaci\u00f3n, esos puentes son fundamentales para que mejore; si el l\u00edo es el crecimiento de las disidencias, puede complementar su respuesta militar con un manejo pol\u00edtico para que no sigan creciendo.<\/p>\n","protected":false},"excerpt":{"rendered":"<p>A pesar de que la Farc se declar\u00f3 oficialmente en oposici\u00f3n a Duque, y de que esos gestos no significan una cercan\u00eda pol\u00edtica entre el Gobierno y la antigua guerrilla, s\u00ed muestran una postura moderada de Duque y su posicionamiento hacia el centro del espectro pol\u00edtico&#8230;<\/p>\n","protected":false},"author":102520410,"featured_media":5475,"comment_status":"closed","ping_status":"open","sticky":false,"template":"","format":"aside","meta":{"_coblocks_attr":"","_coblocks_dimensions":"","_coblocks_responsive_height":"","_coblocks_accordion_ie_support":"","advanced_seo_description":"","jetpack_seo_html_title":"","jetpack_seo_noindex":false,"jetpack_seo_schema_type":"","_jetpack_newsletter_access":"","_jetpack_dont_email_post_to_subs":false,"_jetpack_newsletter_tier_id":0,"_jetpack_memberships_contains_paywalled_content":false,"_wpcom_ai_launchpad_first_post":false,"_jetpack_feature_clip_id":0,"_jetpack_memberships_contains_paid_content":false,"footnotes":"","jetpack_post_was_ever_published":false},"categories":[],"tags":[8356444,17212],"class_list":["post-5474","post","type-post","status-publish","format-aside","has-post-thumbnail","hentry","tag-alto-comisionado-de-paz","tag-america-latina","post_format-post-format-aside","fallback-thumbnail"],"jetpack_likes_enabled":false,"jetpack_sharing_enabled":true,"jetpack_shortlink":"https:\/\/wp.me\/p7lt2C-1qi","amp_enabled":true,"jetpack_featured_media_url":"https:\/\/i0.wp.com\/correspondenciadeprensa.com\/wp-content\/uploads\/2018\/09\/duque-colombia.jpg?fit=1000%2C625&ssl=1","_links":{"self":[{"href":"https:\/\/correspondenciadeprensa.com\/index.php?rest_route=\/wp\/v2\/posts\/5474","targetHints":{"allow":["GET"]}}],"collection":[{"href":"https:\/\/correspondenciadeprensa.com\/index.php?rest_route=\/wp\/v2\/posts"}],"about":[{"href":"https:\/\/correspondenciadeprensa.com\/index.php?rest_route=\/wp\/v2\/types\/post"}],"author":[{"embeddable":true,"href":"https:\/\/correspondenciadeprensa.com\/index.php?rest_route=\/wp\/v2\/users\/102520410"}],"replies":[{"embeddable":true,"href":"https:\/\/correspondenciadeprensa.com\/index.php?rest_route=%2Fwp%2Fv2%2Fcomments&post=5474"}],"version-history":[{"count":1,"href":"https:\/\/correspondenciadeprensa.com\/index.php?rest_route=\/wp\/v2\/posts\/5474\/revisions"}],"predecessor-version":[{"id":5476,"href":"https:\/\/correspondenciadeprensa.com\/index.php?rest_route=\/wp\/v2\/posts\/5474\/revisions\/5476"}],"wp:featuredmedia":[{"embeddable":true,"href":"https:\/\/correspondenciadeprensa.com\/index.php?rest_route=\/wp\/v2\/media\/5475"}],"wp:attachment":[{"href":"https:\/\/correspondenciadeprensa.com\/index.php?rest_route=%2Fwp%2Fv2%2Fmedia&parent=5474"}],"wp:term":[{"taxonomy":"category","embeddable":true,"href":"https:\/\/correspondenciadeprensa.com\/index.php?rest_route=%2Fwp%2Fv2%2Fcategories&post=5474"},{"taxonomy":"post_tag","embeddable":true,"href":"https:\/\/correspondenciadeprensa.com\/index.php?rest_route=%2Fwp%2Fv2%2Ftags&post=5474"}],"curies":[{"name":"wp","href":"https:\/\/api.w.org\/{rel}","templated":true}]}}