{"id":54031,"date":"2026-07-20T17:42:36","date_gmt":"2026-07-20T15:42:36","guid":{"rendered":"https:\/\/correspondenciadeprensa.com\/?p=54031"},"modified":"2026-07-20T17:42:36","modified_gmt":"2026-07-20T15:42:36","slug":"mexico-cnte-regresa-a-las-calles-por-incumplimiento-de-acuerdos-amexi","status":"publish","type":"post","link":"https:\/\/correspondenciadeprensa.com\/?p=54031","title":{"rendered":"M\u00e9xico &#8211; CNTE regresa a las calles por incumplimiento de acuerdos. [Amexi]"},"content":{"rendered":"\n<p class=\"has-text-align-right wp-block-paragraph\"><sub>Cr\u00e9dito de foto: Cuartoscuro<\/sub><\/p>\n\n\n\n<p class=\"has-text-color has-link-color wp-elements-1 wp-block-paragraph\" style=\"color:#000000\"><strong>Florentino L\u00f3pez Mart\u00ednez*<\/strong><\/p>\n\n\n\n<p class=\"has-text-color has-link-color wp-elements-2 wp-block-paragraph\" style=\"color:#000000\"><strong><em><a href=\"https:\/\/amexi.com.mx\/voz-laboral\/cnte-regresa-a-las-calles-por-incumplimiento-de-acuerdos-tomados-en-la-huelga-nacional\/\">Amexi<\/a><\/em>, 16-7-2026<\/strong><\/p>\n\n\n\n<p class=\"has-text-color has-link-color wp-elements-3 wp-block-paragraph\" style=\"color:#000000\"><strong><em><a href=\"https:\/\/correspondenciadeprensa.com\/\">Correspondencia de Prensa<\/a><\/em>, 20-7-2026<\/strong><\/p>\n\n\n\n<p class=\"has-text-align-justify has-text-color has-link-color wp-elements-4 wp-block-paragraph\" style=\"color:#000000\">La <em><a href=\"https:\/\/www.facebook.com\/CNTE.enlace\">Coordinadora Nacional de Trabajadores de la Educaci\u00f3n<\/a><\/em> (CNTE) realiza una nueva movilizaci\u00f3n, a menos de un mes de que concluy\u00f3 la <em><a href=\"https:\/\/amexi.com.mx\/?s=Huelga+nacional+\">huelga nacional<\/a><\/em> de 20 d\u00edas, ya que el gobierno federal incumple los acuerdos que sign\u00f3 con las secciones de la zona metropolitana de la capital del pa\u00eds.<\/p>\n\n\n\n<p class=\"has-text-align-justify has-text-color has-link-color wp-elements-5 wp-block-paragraph\" style=\"color:#000000\">Las secciones 9, 10, 11 y 60 de la CNTE llevan a cabo hoy una movilizaci\u00f3n en las instalaciones de la Autoridad Educativa Federal de la Ciudad de M\u00e9xico (AEFCDMX) para exigir el cumplimiento de los compromisos.<\/p>\n\n\n\n<p class=\"has-text-align-justify has-text-color has-link-color wp-elements-6 wp-block-paragraph\" style=\"color:#000000\">En conferencia de prensa, en la que particip\u00f3 el secretario general de la Secci\u00f3n 9 de la CNTE, acompa\u00f1ado por los representantes de las dem\u00e1s secciones, exigieron la instalaci\u00f3n de la mesa tripartita, con la presencia de Mario Delgado Carrillo, titular de la <a href=\"https:\/\/www.gob.mx\/sep\"><em>Secretar\u00eda de Educaci\u00f3n P\u00fablica (SEP)<\/em>.<\/a><\/p>\n\n\n\n<p class=\"has-text-color has-link-color wp-elements-7 wp-block-paragraph\" style=\"color:#000000\"><strong>\u00bfCu\u00e1les son los acuerdos que la SEP incumpli\u00f3 con la CNTE?<\/strong><\/p>\n\n\n\n<p class=\"has-text-align-justify has-text-color has-link-color wp-elements-8 wp-block-paragraph\" style=\"color:#000000\">Los dirigentes de las secciones magisteriales de la capital del pa\u00eds se\u00f1alaron que una lista de 19 acuerdos, establecidos con los representantes de las autoridades<a href=\"about:reader?url=https%3A%2F%2Famexi.com.mx%2Fvoz-laboral%2Fcnte-regresa-a-las-calles-por-incumplimiento-de-acuerdos-tomados-en-la-huelga-nacional%2F\">&nbsp;<em>educativas<\/em><\/a> federales y de la CDMX y firmados el 19 de junio, hasta la fecha no se han cumplido.<\/p>\n\n\n\n<p class=\"has-text-align-justify has-text-color has-link-color wp-elements-9 wp-block-paragraph\" style=\"color:#000000\">Uno de los principales acuerdos que dio a conocer el secretario general de la Secci\u00f3n 9, e integrante de la Comisi\u00f3n Nacional \u00danica de Negociaci\u00f3n (CNUN) de la CNTE, es que entre el 22 y el 26 de junio, Mario Delgado se reunir\u00eda con una comisi\u00f3n del magisterio democr\u00e1tico de la zona metropolitana.<\/p>\n\n\n\n<p class=\"has-text-align-justify has-text-color has-link-color wp-elements-10 wp-block-paragraph\" style=\"color:#000000\">En esas mismas fechas se debi\u00f3 realizar la mesa con Mart\u00ed Batres Guadarrama, director general del <em><a href=\"https:\/\/www.gob.mx\/issste\">Instituto de Seguridad y Servicios Sociales de los Trabajadores del Estado<\/a><\/em> (ISSSTE), acuerdo que tampoco se ha cumplido.<\/p>\n\n\n\n<p class=\"has-text-color has-link-color wp-elements-11 wp-block-paragraph\" style=\"color:#000000\"><strong>Necesario que Delgado retome las mesas tripartitas: Pedro Hern\u00e1ndez<\/strong><\/p>\n\n\n\n<p class=\"has-text-align-justify has-text-color has-link-color wp-elements-12 wp-block-paragraph\" style=\"color:#000000\">Ante estos incumplimientos, los contingentes de la CNTE de la Ciudad de M\u00e9xico realizan una movilizaci\u00f3n para exigir que Mario Delgado retome directamente las mesas de negociaci\u00f3n.<\/p>\n\n\n\n<p class=\"has-text-align-justify has-text-color has-link-color wp-elements-13 wp-block-paragraph\" style=\"color:#000000\"><em>\u201cExigimos que la mesa se retome con la presencia del titular de la SEP, Mario Delgado, se cumplan los acuerdos ya firmados y no se sigan dando largas\u201d<\/em>, dijo Hern\u00e1ndez Morales durante la conferencia de prensa.<\/p>\n\n\n\n<p class=\"has-text-align-justify has-text-color has-link-color wp-elements-14 wp-block-paragraph\" style=\"color:#000000\">Hern\u00e1ndez Morales tambi\u00e9n anunci\u00f3 que este 16 de julio inician las mesas tripartitas de las diferentes secciones del pa\u00eds con la SEP, el ISSSTE y las representaciones de los gobiernos estatales.<\/p>\n\n\n\n<p class=\"has-text-align-justify has-text-color has-link-color wp-elements-15 wp-block-paragraph\" style=\"color:#000000\"><em>\u201cPor lo que hacemos votos porque tampoco se trate de la forma como se nos ha tratado a nosotros; se resuelvan los temas de los compa\u00f1eros de las dem\u00e1s secciones\u201d<\/em>, dijo el dirigente magisterial.<\/p>\n\n\n\n<p class=\"has-text-align-justify has-text-color has-link-color wp-elements-16 wp-block-paragraph\" style=\"color:#000000\"><strong>Reinstalaci\u00f3n por despidos injustificados, homologaci\u00f3n de salarios y prestaciones, entre las principales demandas<\/strong><\/p>\n\n\n\n<p class=\"has-text-align-justify has-text-color has-link-color wp-elements-17 wp-block-paragraph\" style=\"color:#000000\">En su intervenci\u00f3n, los profesores Sabino Gonz\u00e1lez, de la Secci\u00f3n 10; Tereso Duarte, de la Secci\u00f3n 11; y Humberto Mart\u00ednez Brizuela, de la Secci\u00f3n 60, detallaron las demandas de los contingentes de la CNTE en la zona metropolitana.<\/p>\n\n\n\n<p class=\"has-text-align-justify has-text-color has-link-color wp-elements-18 wp-block-paragraph\" style=\"color:#000000\">Mart\u00ednez Brizuela explic\u00f3 que exigen la reinstalaci\u00f3n de seis catedr\u00e1ticos del Instituto Polit\u00e9cnico Nacional (IPN), quienes fueron cesados de manera ilegal por las autoridades, en un hecho <em>\u201cque no tiene precedente\u201d<\/em>.<\/p>\n\n\n\n<p class=\"has-text-align-justify has-text-color has-link-color wp-elements-19 wp-block-paragraph\" style=\"color:#000000\"><em>\u201cTenemos casos de represi\u00f3n; tenemos seis profesores: tres profesoras y tres profesores de la Escuela Superior de Comercio y Administraci\u00f3n (ESCA) del IPN, que por el simple hecho de manifestarse contra procedimientos violatorios de la ley en el caso del nombramiento de autoridades, los despiden\u201d<\/em>, dijo Mart\u00ednez Brizuela.<\/p>\n\n\n\n<p class=\"has-text-align-justify has-text-color has-link-color wp-elements-20 wp-block-paragraph\" style=\"color:#000000\"><strong>*Florentino L\u00f3pez Mart\u00ednez<\/strong>: Reportero en la Agencia de Noticias AMEXI, presidente nacional del Frente Popular Revolucionario (FPR) y miembro del SUTNOTIMEX. Oaxaque\u00f1o y Mixteco de coraz\u00f3n, luchador por la construcci\u00f3n de un mundo justo, sin explotaci\u00f3n, ni opresi\u00f3n&#8230;<\/p>\n","protected":false},"excerpt":{"rendered":"<p>La Coordinadora Nacional de Trabajadores de la Educaci\u00f3n (CNTE) realiza una nueva movilizaci\u00f3n, a menos de un mes de que concluy\u00f3 la huelga nacional de 20 d\u00edas, ya que el gobierno federal incumple los acuerdos que sign\u00f3 con las secciones de la zona metropolitana de la capital del pa\u00eds.<\/p>\n","protected":false},"author":102520410,"featured_media":54036,"comment_status":"closed","ping_status":"","sticky":false,"template":"","format":"standard","meta":{"_coblocks_attr":"","_coblocks_dimensions":"","_coblocks_responsive_height":"","_coblocks_accordion_ie_support":"","advanced_seo_description":"","jetpack_seo_html_title":"","jetpack_seo_noindex":false,"jetpack_seo_schema_type":"","_jetpack_newsletter_access":"","_jetpack_dont_email_post_to_subs":false,"_jetpack_newsletter_tier_id":0,"_jetpack_memberships_contains_paywalled_content":false,"_wpcom_ai_launchpad_first_post":false,"_jetpack_feature_clip_id":0,"_jetpack_memberships_contains_paid_content":false,"footnotes":"","jetpack_post_was_ever_published":false},"categories":[783,337028],"tags":[17212,1104558,703606208,703611212],"class_list":["post-54031","post","type-post","status-publish","format-standard","has-post-thumbnail","hentry","category-mexico","category-sindicatos","tag-america-latina","tag-cnte","tag-docentes","tag-issste","fallback-thumbnail"],"jetpack_likes_enabled":false,"jetpack_sharing_enabled":true,"jetpack_shortlink":"https:\/\/wp.me\/p7lt2C-e3t","amp_enabled":true,"jetpack_featured_media_url":"https:\/\/i0.wp.com\/correspondenciadeprensa.com\/wp-content\/uploads\/2026\/07\/Mexico20072026.jpg?fit=1233%2C601&ssl=1","_links":{"self":[{"href":"https:\/\/correspondenciadeprensa.com\/index.php?rest_route=\/wp\/v2\/posts\/54031","targetHints":{"allow":["GET"]}}],"collection":[{"href":"https:\/\/correspondenciadeprensa.com\/index.php?rest_route=\/wp\/v2\/posts"}],"about":[{"href":"https:\/\/correspondenciadeprensa.com\/index.php?rest_route=\/wp\/v2\/types\/post"}],"author":[{"embeddable":true,"href":"https:\/\/correspondenciadeprensa.com\/index.php?rest_route=\/wp\/v2\/users\/102520410"}],"replies":[{"embeddable":true,"href":"https:\/\/correspondenciadeprensa.com\/index.php?rest_route=%2Fwp%2Fv2%2Fcomments&post=54031"}],"version-history":[{"count":5,"href":"https:\/\/correspondenciadeprensa.com\/index.php?rest_route=\/wp\/v2\/posts\/54031\/revisions"}],"predecessor-version":[{"id":54037,"href":"https:\/\/correspondenciadeprensa.com\/index.php?rest_route=\/wp\/v2\/posts\/54031\/revisions\/54037"}],"wp:featuredmedia":[{"embeddable":true,"href":"https:\/\/correspondenciadeprensa.com\/index.php?rest_route=\/wp\/v2\/media\/54036"}],"wp:attachment":[{"href":"https:\/\/correspondenciadeprensa.com\/index.php?rest_route=%2Fwp%2Fv2%2Fmedia&parent=54031"}],"wp:term":[{"taxonomy":"category","embeddable":true,"href":"https:\/\/correspondenciadeprensa.com\/index.php?rest_route=%2Fwp%2Fv2%2Fcategories&post=54031"},{"taxonomy":"post_tag","embeddable":true,"href":"https:\/\/correspondenciadeprensa.com\/index.php?rest_route=%2Fwp%2Fv2%2Ftags&post=54031"}],"curies":[{"name":"wp","href":"https:\/\/api.w.org\/{rel}","templated":true}]}}