{"id":54022,"date":"2026-07-18T19:36:28","date_gmt":"2026-07-18T17:36:28","guid":{"rendered":"https:\/\/correspondenciadeprensa.com\/?p=54022"},"modified":"2026-07-19T08:50:21","modified_gmt":"2026-07-19T06:50:21","slug":"ucrania-por-la-paz-christian-mahieux","status":"publish","type":"post","link":"https:\/\/correspondenciadeprensa.com\/?p=54022","title":{"rendered":"Ucrania &#8211; Por la paz. [Christian Mahieux]"},"content":{"rendered":"\n<p class=\"has-text-color has-link-color wp-elements-1 wp-block-paragraph\" style=\"color:#000000\"><strong>Christian Mahieux<\/strong> <sup class='footnote'><a href='https:\/\/correspondenciadeprensa.com\/?p=54022#fn-54022-1' id='fnref-54022-1' onclick='return fdfootnote_show(54022)'>1<\/a><\/sup><\/p>\n\n\n\n<p class=\"has-text-color has-link-color wp-elements-2 wp-block-paragraph\" style=\"color:#000000\"><strong><em><a href=\"https:\/\/www.syllepse.net\/en-telechargement-gratuit-_r_20.html\">Soutien \u00e0 l\u00b4Ukraine r\u00e9sistante n\u00ba 49-50<\/a><\/em>, 1-7-2026<\/strong><\/p>\n\n\n\n<p class=\"has-text-color has-link-color wp-elements-3 wp-block-paragraph\" style=\"color:#000000\"><strong>Traducci\u00f3n de Faustino Eguberri<\/strong><\/p>\n\n\n\n<p class=\"has-text-color has-link-color wp-elements-4 wp-block-paragraph\" style=\"color:#000000\"><strong><em><a href=\"https:\/\/satorzulogorria.org\/ucrania-por-la-paz\/\">Satorzulo Gorria<\/a><\/em>, julio de 2026<\/strong><\/p>\n\n\n\n<p class=\"has-text-color has-link-color wp-elements-5 wp-block-paragraph\" style=\"color:#000000\"><strong><em><a href=\"https:\/\/correspondenciadeprensa.com\/\">Correspondencia de Prensa<\/a><\/em>, 18-7-2026<\/strong><\/p>\n\n\n\n<p class=\"has-text-align-justify has-text-color has-link-color wp-elements-6 wp-block-paragraph\" style=\"color:#000000\">1 580 d\u00edas despu\u00e9s del inicio de la \u00abguerra a gran escala\u00bb, desencadenada por el ej\u00e9rcito ruso en suelo ucraniano, hay que seguir repiti\u00e9ndolo: el pueblo ucraniano resiste, incluso militarmente y no solo militarmente, a las tropas de ocupaci\u00f3n del r\u00e9gimen de Putin para ganar la paz, una paz justa y duradera. &nbsp;<\/p>\n\n\n\n<p class=\"has-text-align-justify has-text-color has-link-color wp-elements-7 wp-block-paragraph\" style=\"color:#000000\">La solidaridad concreta sigue siendo la prioridad. Toma innumerables formas, muchas acciones siguen siendo casi desconocidas, no medi\u00e1ticas, a diferencia de ciertas declaraciones pol\u00edticas poco seguidas de efectos.<\/p>\n\n\n\n<p class=\"has-text-align-justify has-text-color has-link-color wp-elements-8 wp-block-paragraph\" style=\"color:#000000\">Las Brigadas Editoriales de Solidaridad son un peque\u00f1o eslab\u00f3n de la cadena, orientadas al apoyo a la resistencia sindical y popular ucraniana. Ucraniana, pero no solo:&nbsp; mucha gente de Bielorrusia o t\u00e1rtara de Crimea contribuye activamente.<\/p>\n\n\n\n<p class=\"has-text-align-justify has-text-color has-link-color wp-elements-9 wp-block-paragraph\" style=\"color:#000000\">Desde Francia, nuestra acci\u00f3n solidaria se traduce en primer lugar en un incesante esfuerzo de informaci\u00f3n. Esta debe dirigirse a las masas de la poblaci\u00f3n y no permanecer en los c\u00edrculos militantes. El papel de los colectivos opuestos al imperialismo ruso es importante: hay que organizarse para que las entrevistas, las notas, los art\u00edculos, los encuentros directos lleguen al m\u00e1ximo n\u00famero de personas. Esto es v\u00e1lido tanto para el apoyo a la resistencia ucraniana y la lucha contra el imperialismo ruso, como para el apoyo al pueblo palestino y la lucha contra el r\u00e9gimen genocida israel\u00ed, o como para el apoyo a los movimientos emancipadores en Ir\u00e1n y contra el r\u00e9gimen de los mul\u00e1s y la agresi\u00f3n imperialista estadounidense.<\/p>\n\n\n\n<p class=\"has-text-align-justify has-text-color has-link-color wp-elements-10 wp-block-paragraph\" style=\"color:#000000\">La campa\u00f1a para suministrar generadores a los hospitales ucranianos, lanzada con el sindicato del sector m\u00e9dico <em>S\u00e9 como somos<\/em>, es un ejemplo reciente. Sigue de actualidad.<\/p>\n\n\n\n<p class=\"has-text-align-justify has-text-color has-link-color wp-elements-11 wp-block-paragraph\" style=\"color:#000000\">En el plano sindical se han realizado varios convoyes desde hace m\u00e1s de cuatro a\u00f1os: los de la intersindical francesa, los de la Red Sindical Internacional de Solidaridad y Luchas, los de varios sindicatos brit\u00e1nicos, los de los sindicatos escandinavos, \u2026 Asocian el apoyo material y financiero, por un lado, los encuentros directos entre sindicalistas, entre trabajadores y trabajadoras, por otro. Este \u00faltimo punto es esencial. Nuestra solidaridad es una solidaridad de clase, intenta responder a las necesidades de hoy, pero tambi\u00e9n construye el futuro: en Ucrania pero tambi\u00e9n m\u00e1s ampliamente, en un marco internacionalista que no pasa por el apoyo, expl\u00edcito o de hecho, a las dictaduras.<\/p>\n\n\n\n<p class=\"has-text-align-justify has-text-color has-link-color wp-elements-12 wp-block-paragraph\" style=\"color:#000000\">Pedir al pueblo ucraniano que deje de resistir, actuar pol\u00edticamente en las instituciones internacionales o nacionales para que no tenga los medios para hacerlo, es apoyar al r\u00e9gimen de Putin. Esto no equivale a un \u201capoyo incondicional\u201d. Ya lo hemos dicho \u201cZelenski no es nuestro amigo\u2026 \u00bfy qu\u00e9?\u201d; denunciamos las decisiones econ\u00f3micas y sociales del gobierno ucraniano, sus homenajes a los \u201ch\u00e9roes nacionales\u201d fascistas; m\u00e1s importante a\u00fan, nuestras y nuestros compa\u00f1eros sindicalistas, feministas, LGBTQI+, ecologistas, etc. en el lugar luchan contra todo ello. 1.580 d\u00edas despu\u00e9s, esto tambi\u00e9n hay que repetirlo: aquellos y aquellas a los que apoyamos en Ucrania, aquellos con los que tenemos intercambios diarios, llevan una doble batalla: contra el gobierno, los empresarios y las fuerzas reaccionarias ucranianas, y contra el ej\u00e9rcito ruso que ocupa parte del territorio, estancado desde hace m\u00e1s de cuatro a\u00f1os pero que  sigue matando, hiriendo, destruyendo.<\/p>\n\n\n\n<p class=\"has-text-align-justify has-text-color has-link-color wp-elements-13 wp-block-paragraph\" style=\"color:#000000\">Una compa\u00f1era del sindicato de estudiantes Priama Diia lo explic\u00f3 muy bien en una reciente reuni\u00f3n organizada por la Red Sindical Internacional de Solidaridad y Luchas en la que intervinieron, adem\u00e1s de j\u00f3venes camaradas de Ucrania, el sindicato de yeseros y pintores de Hebr\u00f3n en Palestina, la coordinadora de profesionales y sindicatos sudaneses y la Comit\u00e9 de Conflicto de Trabajadores en Lucha de Venezuela:<\/p>\n\n\n\n<p class=\"has-text-align-justify has-text-color has-link-color wp-elements-14 wp-block-paragraph\" style=\"color:#000000\">\u201cPedimos a los sindicatos de todo el mundo que reconozcan la opresi\u00f3n imperialista rusa. Les pedimos que reconozcan el derecho del pueblo ucraniano a resistir a esta opresi\u00f3n. No nos consideren solo v\u00edctimas o como los instrumentos de los intereses de ciertos gobiernos. Hoy pueden ver que los movimientos sociales en Ucrania est\u00e1n muy vivos y que luchan en un contexto extremadamente complejo, en el que necesitamos su apoyo y camarader\u00eda\u201d.<\/p>\n\n\n\n<p class=\"has-text-align-justify has-text-color has-link-color wp-elements-15 wp-block-paragraph\" style=\"color:#000000\">En la pel\u00edcula <em><a href=\"https:\/\/www.canalmarches.org\/le-chemin-de-la-liberte\/\">Le chemin de la libert\u00e9<\/a><\/em>, <sup class='footnote'><a href='https:\/\/correspondenciadeprensa.com\/?p=54022#fn-54022-2' id='fnref-54022-2' onclick='return fdfootnote_show(54022)'>2<\/a><\/sup> un militante de Solidarit\u00e9 Collectives explica: \u201cNo defendemos una noci\u00f3n abstracta, la patria; no, lo que est\u00e1 siendo atacado y en peligro desde la agresi\u00f3n militar rusa, es donde vivo, son mis vecinos, los jardines a los que voy, etc.\u201d<\/p>\n\n\n\n<p class=\"has-text-align-justify has-text-color has-link-color wp-elements-16 wp-block-paragraph\" style=\"color:#000000\">1.580 d\u00edas despu\u00e9s, tres meses despu\u00e9s del encuentro de Porto Alegre, todav\u00eda hay que repetir que los m\u00edtines, las manifestaciones, los llamamientos, las declaraciones \u201cpor la paz&nbsp;y contra el imperialismo\u201d que solo conocen el imperialismo estadounidense, a veces en una forma ampliada (\u201coccidental\u201d), son actos pol\u00edticos que apoyan el imperialismo ruso; y que tambi\u00e9n pasan por alto el papel del imperialismo chino. Las y los compa\u00f1eros de la organizaci\u00f3n ucraniana Sotsialny Rukh lo recordaron a las organizaciones impulsoras de una conferencia internacional \u201ccontra la guerra\u201d, en Londres, el 20 de junio, en la que \u201cning\u00fan socialista, sindicalista, feminista o activista LGBTQ+ ucraniano fue invitado a tomar la palabra\u201d.<\/p>\n\n\n\n<p class=\"has-text-align-justify has-text-color has-link-color wp-elements-17 wp-block-paragraph\" style=\"color:#000000\">El llamamiento lanzado en la conferencia insta a la gente a deponer las armas y aumentar nuestros salarios. Para las y los trabajadores ucranianos, esto no es una opci\u00f3n. Si deponemos las armas, somos derrotados. La ocupaci\u00f3n no trae paz, trae ocupaci\u00f3n, fosas comunes, secuestros de ni\u00f1as y ni\u00f1os, deportaciones y la destrucci\u00f3n de sindicatos independientes y de la sociedad civil. Una pol\u00edtica de paz que olvida a quienes son atacados no es en absoluto una pol\u00edtica de paz. <sup class='footnote'><a href='https:\/\/correspondenciadeprensa.com\/?p=54022#fn-54022-3' id='fnref-54022-3' onclick='return fdfootnote_show(54022)'>3<\/a><\/sup><\/p>\n\n\n","protected":false},"excerpt":{"rendered":"<p>1.580 d\u00edas despu\u00e9s, aquellos y aquellas a los que apoyamos en Ucrania, aquellos con los que tenemos intercambios diarios, llevan una doble batalla: contra el gobierno, los empresarios y las fuerzas reaccionarias ucranianas, y contra el ej\u00e9rcito ruso que ocupa parte del territorio, estancado desde hace m\u00e1s de cuatro a\u00f1os pero que sigue matando, hiriendo, destruyendo.<\/p>\n","protected":false},"author":102520410,"featured_media":54023,"comment_status":"closed","ping_status":"","sticky":false,"template":"","format":"standard","meta":{"_coblocks_attr":"","_coblocks_dimensions":"","_coblocks_responsive_height":"","_coblocks_accordion_ie_support":"","advanced_seo_description":"","jetpack_seo_html_title":"","jetpack_seo_noindex":false,"jetpack_seo_schema_type":"","_jetpack_newsletter_access":"","_jetpack_dont_email_post_to_subs":false,"_jetpack_newsletter_tier_id":0,"_jetpack_memberships_contains_paywalled_content":false,"_wpcom_ai_launchpad_first_post":false,"_jetpack_feature_clip_id":0,"_jetpack_memberships_contains_paid_content":false,"footnotes":"","jetpack_post_was_ever_published":false},"categories":[359786,288368,337028,703608092],"tags":[17212,703608234,703610565,703605703,703605213,552445919,703605071,703608244],"class_list":["post-54022","post","type-post","status-publish","format-standard","has-post-thumbnail","hentry","category-imperialismos","category-izquierda","category-sindicatos","category-ucrania","tag-america-latina","tag-campismo-2","tag-imperialismos","tag-internacionalismo","tag-putin","tag-rsisl","tag-sindicatos","tag-zelenski","fallback-thumbnail"],"jetpack_likes_enabled":false,"jetpack_sharing_enabled":true,"jetpack_shortlink":"https:\/\/wp.me\/p7lt2C-e3k","amp_enabled":true,"jetpack_featured_media_url":"https:\/\/i0.wp.com\/correspondenciadeprensa.com\/wp-content\/uploads\/2026\/07\/Ucrania18072026.jpg?fit=699%2C348&ssl=1","_links":{"self":[{"href":"https:\/\/correspondenciadeprensa.com\/index.php?rest_route=\/wp\/v2\/posts\/54022","targetHints":{"allow":["GET"]}}],"collection":[{"href":"https:\/\/correspondenciadeprensa.com\/index.php?rest_route=\/wp\/v2\/posts"}],"about":[{"href":"https:\/\/correspondenciadeprensa.com\/index.php?rest_route=\/wp\/v2\/types\/post"}],"author":[{"embeddable":true,"href":"https:\/\/correspondenciadeprensa.com\/index.php?rest_route=\/wp\/v2\/users\/102520410"}],"replies":[{"embeddable":true,"href":"https:\/\/correspondenciadeprensa.com\/index.php?rest_route=%2Fwp%2Fv2%2Fcomments&post=54022"}],"version-history":[{"count":7,"href":"https:\/\/correspondenciadeprensa.com\/index.php?rest_route=\/wp\/v2\/posts\/54022\/revisions"}],"predecessor-version":[{"id":54030,"href":"https:\/\/correspondenciadeprensa.com\/index.php?rest_route=\/wp\/v2\/posts\/54022\/revisions\/54030"}],"wp:featuredmedia":[{"embeddable":true,"href":"https:\/\/correspondenciadeprensa.com\/index.php?rest_route=\/wp\/v2\/media\/54023"}],"wp:attachment":[{"href":"https:\/\/correspondenciadeprensa.com\/index.php?rest_route=%2Fwp%2Fv2%2Fmedia&parent=54022"}],"wp:term":[{"taxonomy":"category","embeddable":true,"href":"https:\/\/correspondenciadeprensa.com\/index.php?rest_route=%2Fwp%2Fv2%2Fcategories&post=54022"},{"taxonomy":"post_tag","embeddable":true,"href":"https:\/\/correspondenciadeprensa.com\/index.php?rest_route=%2Fwp%2Fv2%2Ftags&post=54022"}],"curies":[{"name":"wp","href":"https:\/\/api.w.org\/{rel}","templated":true}]}}