{"id":54013,"date":"2026-07-18T18:42:49","date_gmt":"2026-07-18T16:42:49","guid":{"rendered":"https:\/\/correspondenciadeprensa.com\/?p=54013"},"modified":"2026-07-18T18:51:56","modified_gmt":"2026-07-18T16:51:56","slug":"uruguay-medio-ambiente-la-gente-ya-no-se-cree-las-promesas-de-la-forestacion-entrevista","status":"publish","type":"post","link":"https:\/\/correspondenciadeprensa.com\/?p=54013","title":{"rendered":"Uruguay \/ Medio ambiente &#8211; \u00abLa gente ya no se cree las promesas de la forestaci\u00f3n\u00bb. [Entrevista]"},"content":{"rendered":"\n<p class=\"has-text-align-right wp-block-paragraph\"><sub>Foto: Daniel Pensa. Brecha.<\/sub><\/p>\n\n\n\n<p class=\"has-text-color has-link-color wp-elements-1 wp-block-paragraph\" style=\"color:#000000\"><strong>Entrevista con el soci\u00f3logo Daniel Pena<\/strong><\/p>\n\n\n\n<p class=\"has-text-color has-link-color wp-elements-2 wp-block-paragraph\" style=\"color:#000000\"><strong>Rosario Touri\u00f1o<\/strong><\/p>\n\n\n\n<p class=\"has-text-color has-link-color wp-elements-3 wp-block-paragraph\" style=\"color:#000000\"><strong><em><a href=\"https:\/\/brecha.com.uy\/la-gente-ya-no-se-cree-las-promesas-de-la-forestacion\/\">Brecha<\/a><\/em>, 17-7-2026<\/strong><\/p>\n\n\n\n<p class=\"has-text-color has-link-color wp-elements-4 wp-block-paragraph\" style=\"color:#000000\"><strong><em><a href=\"https:\/\/correspondenciadeprensa.com\/\">Correspondencia de Prensa<\/a><\/em>, 18-7-2026<\/strong><\/p>\n\n\n\n<p class=\"has-text-align-justify has-text-color has-link-color wp-elements-5 wp-block-paragraph\" style=\"color:#000000\"><em>Es uno de los m\u00e1s incansables investigadores de la forestaci\u00f3n en Uruguay y en 2025 complet\u00f3 con honores una profunda tesis de maestr\u00eda. En ella asoma una realidad insoslayable: en cuatro d\u00e9cadas no se expandi\u00f3 el empleo, pero s\u00ed la concentraci\u00f3n de tierras. Los impactos sobre los ecosistemas se consignan en variados papers y el grupo<\/em> UPM (UPM-Kymmene Corporation, es una multinacional con sede en Finlandia dedicada a la fabricaci\u00f3n de pulpa de celulosa, papel y madera. Ubicada en zona franca, no paga impuestos en Uruguay. CdP) <em>acumul\u00f3 59 multas en 14 a\u00f1os. Para Pena, no hay que plantar \u00abni una hect\u00e1rea m\u00e1s\u00bb de eucaliptos, pero saluda la entrada al Parlamento de proyectos elaborados por la academia y el activismo que buscan restringir este monocultivo.<\/em><\/p>\n\n\n\n<p class=\"has-text-align-justify has-text-color has-link-color wp-elements-6 wp-block-paragraph\" style=\"color:#000000\">\u2014<strong>Si tuvieras que enmarcar temporalmente el proceso del actual modelo forestal, \u00bfcu\u00e1ntos a\u00f1os llevamos?<\/strong><\/p>\n\n\n\n<p class=\"has-text-align-justify has-text-color has-link-color wp-elements-7 wp-block-paragraph\" style=\"color:#000000\">\u2014Para m\u00ed son 40 a\u00f1os. Si bien hubo otra legislaci\u00f3n de los sesenta y la forestaci\u00f3n de los m\u00e9danos, que destruy\u00f3 la costa, viene de los cincuenta, hab\u00eda otra l\u00f3gica. En 1987 ocurri\u00f3 la transformaci\u00f3n fuerte, con una ley en la que se defini\u00f3 que el Estado devolv\u00eda la mitad de la inversi\u00f3n a las empresas forestales y, adem\u00e1s, les sumaron exoneraciones de impuestos. Hasta 2005 hay una etapa muy expansiva, con mano de obra ultraprecaria, esclava pr\u00e1cticamente, donde funcionaba todo este relato de que generaban trabajo. Eran cuadrillas muy locales, en las que un laburante (un trabajador, CdP) compraba una camioneta y diez motosierras, y sal\u00edan a cosechar. Se les descontaba la comida del sueldo a los trabajadores, porque de repente viv\u00edan 20 d\u00edas dentro de una plantaci\u00f3n, en carpas de nailon, trabajando sin seguridad ninguna. Hoy hay cosas similares, con grandes repercusiones en la salud de las trabajadoras de los viveros, solo que formalizadas. Pero la expansi\u00f3n plantea otros problemas, porque se van desarmando las estancias que eran la fuente de trabajo de los peones. Tambi\u00e9n baja mucho la producci\u00f3n ovina y lanera, y la exportaci\u00f3n se mete en el traspaso generacional de los ganaderos. Las siguientes generaciones de las grandes familias terratenientes \u2013por ejemplo, en Paysand\u00fa, los Pi\u00f1era, Beisso, Arocena\u2013 ya no viven m\u00e1s en los grandes cascos de estancias, sino en la ciudad, y administran la tierra como una empresa m\u00e1s. Lo que les interesa es la rentabilidad, porque ni siquiera conocen muy bien a sus trabajadores. Hay un cambio de la l\u00f3gica en la relaci\u00f3n con la tierra que les viene muy bien porque las multinacionales les pagan mucho m\u00e1s y a 20 a\u00f1os, por adelantado. La forestaci\u00f3n paga entre 150 y 180 d\u00f3lares la hect\u00e1rea por a\u00f1o, y el pastoreo de ganado no paga m\u00e1s de 80. Y son campos muy grandes, de 2&nbsp;mil hect\u00e1reas en promedio. Solo basta hacer la cuenta.<\/p>\n\n\n\n<p class=\"has-text-align-justify has-text-color has-link-color wp-elements-8 wp-block-paragraph\" style=\"color:#000000\">\u2014<em>Todo ese cambio en el uso del suelo lo narr\u00e1s con sus m\u00faltiples escalas y dimensiones en tu <a href=\"https:\/\/www.colibri.udelar.edu.uy\/jspui\/handle\/20.500.12008\/51588\">tesis de maestr\u00eda<\/a>, en la que te internaste en dos pueblos totalmente transfigurados por el modelo forestal [v\u00e9ase recuadro al final]. Pero en una de tus \u00faltimas columnas [La Diaria, 15-VI-26] tambi\u00e9n desmenuz\u00e1s los datos muy reveladores del \u00faltimo <a href=\"https:\/\/www.gub.uy\/ministerio-ganaderia-agricultura-pesca\/comunicacion\/publicaciones\/resultados-finales-del-censo-general-agropecuario-2024\">censo agropecuario<\/a>, de 2024: la silvicultura no trajo m\u00e1s empleo, ni m\u00e1s distribuci\u00f3n de ingreso, ni m\u00e1s ruralidad, ocupa 1,98 trabajadores cada 1.000 hect\u00e1reas versus 5,39 cada 1.000 en la ganader\u00eda y 19 cada 1.000 en la lecher\u00eda.<\/em><\/p>\n\n\n\n<p class=\"has-text-align-justify has-text-color has-link-color wp-elements-9 wp-block-paragraph\" style=\"color:#000000\">\u2014Nosotros tenemos dos grandes fuentes de datos sobre empleo en cuestiones rurales: el Censo General Agropecuario, que te da la informaci\u00f3n desde el predio, con la declaraci\u00f3n de los due\u00f1os o administradores, y despu\u00e9s la Encuesta Continua de Hogares [ECH] en donde declaran quienes trabajan. El modelo forestal tiene muy poca gente viviendo y trabajando en el lugar de producci\u00f3n; en el primer eslab\u00f3n de la cadena, genera muy poco trabajo. Pero hay que tomar en cuenta que parte del trabajo de la forestaci\u00f3n lo ten\u00e9s en los viveros, con trabajadores tercerizados y superexplotados.<\/p>\n\n\n\n<p class=\"has-text-align-justify has-text-color has-link-color wp-elements-10 wp-block-paragraph\" style=\"color:#000000\">\u2014<em>Plante\u00e1s tambi\u00e9n cierto estancamiento de la cifra de trabajadores, unos 23&nbsp;mil, a pesar de que la superficie forestada aument\u00f3 de 165&nbsp;mil hect\u00e1reas en 1987 a 1.124.000 en 2022 y que se planta a un ritmo de 20&nbsp;mil hect\u00e1reas por a\u00f1o.<\/em><\/p>\n\n\n\n<p class=\"has-text-align-justify has-text-color has-link-color wp-elements-11 wp-block-paragraph\" style=\"color:#000000\">\u2014S\u00ed, la cadena forestal tiene tres grandes eslabones: la forestaci\u00f3n, las industrias mec\u00e1nicas, que son las del aserr\u00edo, y las industrias qu\u00edmicas, que son las de la celulosa. Hay un par de peque\u00f1as industrias de papel, pero muy peque\u00f1as, y est\u00e1 Softys (ex-Ipusa) \u2013abocada b\u00e1sicamente a la marca Higienol\u2013, que es chica pero est\u00e1 produciendo ya en el \u00faltimo eslab\u00f3n y ahora se quiere expandir para hacer pa\u00f1ales. Pero pensando en los tres grandes eslabones, y sin tener en cuenta a los camioneros \u2013porque la ECH no identifica el tipo de carga que hacen\u2013, yo veo que desde 2006, con buenos datos que incluyen la ruralidad, la cadena se mantiene estable. A la interna de esos tres eslabones, la forestaci\u00f3n pierde empleo: m\u00e1s o menos 2&nbsp;mil trabajadores. Y gana la celulosa, porque hay otra planta reciente, y algo los aserraderos, porque tambi\u00e9n hay m\u00e1s. Entonces, se compensa la p\u00e9rdida en la forestaci\u00f3n con el eslab\u00f3n industrial, pero en el mismo per\u00edodo se expanden en casi medio mill\u00f3n de hect\u00e1reas. Entonces, cuando uno piensa en espacio, en ecosistema, en c\u00f3mo se distribuye la riqueza y las posibilidades de vivir dignamente, estamos teniendo una p\u00e9rdida, porque las plantaciones cada vez ocupan m\u00e1s tierra y no generan m\u00e1s trabajo.<\/p>\n\n\n\n<p class=\"has-text-align-justify has-text-color has-link-color wp-elements-12 wp-block-paragraph\" style=\"color:#000000\">De hecho, en el primer eslab\u00f3n, el que m\u00e1s nos preocupa, porque es en las zonas rurales donde se supone que estas empresas generan nuevas oportunidades, cada vez hay menos trabajo. Por dos razones. Una es la gran tecnificaci\u00f3n, superm\u00e1quinas que salen car\u00edsimas, entre medio mill\u00f3n y 1 mill\u00f3n de d\u00f3lares cada una: solo las pueden comprar grandes empresas, entre ellas las grandes constructoras que son tambi\u00e9n las que construyen los puertos, las v\u00edas del tren, las plantas de celulosa. Siempre son los mismos los que ganan, y eso est\u00e1 relegando a los peque\u00f1os cuadrilleros, que ya no pueden entrar en los m\u00e1rgenes de la cadena.<\/p>\n\n\n\n<p class=\"has-text-align-justify has-text-color has-link-color wp-elements-13 wp-block-paragraph\" style=\"color:#000000\">\u2014<em>Otro dato impactante es el grado de concentraci\u00f3n: en 12 a\u00f1os, de censo a censo, el tama\u00f1o promedio de los predios pas\u00f3 de 1.573 hect\u00e1reas a 2.895.<\/em><\/p>\n\n\n\n<p class=\"has-text-align-justify has-text-color has-link-color wp-elements-14 wp-block-paragraph\" style=\"color:#000000\">\u2014S\u00ed, eso es indiscutible. Es el rubro que tiene el promedio de extensi\u00f3n por predio m\u00e1s grande; lo sigue el arroz, con un promedio de 1.500 hect\u00e1reas. La forestaci\u00f3n tambi\u00e9n es el rubro m\u00e1s extranjerizado: ya en 2011 solo el 4 por ciento de la extensi\u00f3n estaba en manos de uruguayos. Y, de hecho, UPM, a trav\u00e9s de Forestal Oriental y otras, y Montes del Plata (empresa fundada entre la chilena Arauco y la sueco-finlandesa Stora Enso, tambi\u00e9n productora de pasta de celulosa. CdP), a trav\u00e9s de Eufores y otras, son los dos principales terratenientes del pa\u00eds. UPM controla 450&nbsp;mil hect\u00e1reas \u2013es much\u00edsimo\u2013 y Montes del Plata, cerca de 300&nbsp;mil. Son los principales oligarcas, como se dec\u00eda en otra \u00e9poca. Sin embargo, como son transnacionales, dan este halo de estabilidad y modernidad. Una multinacional tiene formaci\u00f3n, tecnolog\u00eda, pero no hay duda, con los datos del censo agropecuario, de que tenemos un serio problema con la vida y el trabajo en los predios. En el primer eslab\u00f3n est\u00e1n el vivero, las cuadrillas que plantan y aplican los distintos pesticidas (como el hormiguicida fipronil, que est\u00e1 prohibido en Europa), actividades que llevan un a\u00f1o y medio de trabajo m\u00e1s o menos, pero despu\u00e9s la plantaci\u00f3n queda nueve a\u00f1os sin absolutamente nadie. Hay una persona cada miles de hect\u00e1reas cuidando, b\u00e1sicamente, que no haya incendios, pero, adem\u00e1s, al d\u00eda de hoy, eso se hace en buena parte por sat\u00e9lite. Ni siquiera torristas hay hoy. Luego est\u00e1n las cuadrillas de cosecha, altamente mecanizadas, en la forestaci\u00f3n para celulosa, porque la forestaci\u00f3n para aserradero no siempre es mecanizada y la de le\u00f1a mucho menos \u2013es la que tiene peores condiciones de trabajo, pero tiene m\u00e1s trabajadores\u2013. Parte del n\u00famero de los trabajadores del primer eslab\u00f3n est\u00e1 inflado por la le\u00f1a, con muchos trabajadores de a pie y contratados por tercerizadas, algunas formales y otras no. Pero todas trabajan para la celulosa y para los aserraderos: incluso a veces el mismo campo tiene una plantaci\u00f3n doble. En Treinta y Tres, por ejemplo, hacen plantaciones a las que les hacen un primer raleo: la primera tanda va para celulosa y los siguientes \u00e1rboles los dejan crecer por unos a\u00f1os m\u00e1s para los aserraderos. Hay combinaciones complejas, pero el 75 por ciento del volumen va para celulosa. El empleo, entonces, se concentra en grandes empresas que tienen l\u00f3gicas urbanas. No solo porque no hay trabajo en la ruralidad, porque la forestaci\u00f3n se comi\u00f3 gran parte del trabajo, sino porque, adem\u00e1s, las contrataciones ocurren en las zonas urbanas. Los trabajadores migran a las zonas urbanas y forman parte de cuadrillas que rotan por todo el pa\u00eds. Y eso trae un mont\u00f3n de otros problemas sociales, como el consumo de sustancias, porque trabajan en turnos de 10 a 12 horas, incluso en la noche. Esto no tiene nada que ver con el trabajo rural que se gu\u00eda por el sol, \u00bfno? Esto es industria; es la l\u00f3gica de la industria en la zona rural, y ese es el desarrollo que llega a las localidades. Y a eso hay que sumarle que m\u00e1s del 90 por ciento de los trabajadores son varones, que se ausentan y sobrecargan las tareas de cuidados de las mujeres. Es una ruptura de la vida cotidiana tan profunda que es hasta dif\u00edcil de poner en palabras, porque es muy parecida a la l\u00f3gica de la miner\u00eda. Por eso es un extractivismo tan claro. Es una industria que est\u00e1 comiendo tierra de otros rubros y les hace perder trabajadores (m\u00e1s o menos estimo en unos 4&nbsp;mil o 5&nbsp;mil trabajadores ganaderos menos), y mientras tanto se depredan los ecosistemas, porque la base de este sistema forestal es destruirlos.<\/p>\n\n\n\n<p class=\"has-text-align-justify has-text-color has-link-color wp-elements-15 wp-block-paragraph\" style=\"color:#000000\">\u2014<em>Son muy abundantes las citas cient\u00edficas sobre impactos en los ecosistemas que recopil\u00e1s en tu investigaci\u00f3n, incluso de estudios contratados por las propias multinacionales. Para resumir: baja de los caudales de las cuencas, reducci\u00f3n de los campos de pastizales naturales \u2013tan importantes para la ganader\u00eda\u2013, p\u00e9rdida de biodiversidad, acidificaci\u00f3n y erosi\u00f3n de los suelos, reproducci\u00f3n de plagas.<\/em><\/p>\n\n\n\n<p class=\"has-text-align-justify has-text-color has-link-color wp-elements-16 wp-block-paragraph\" style=\"color:#000000\">\u2014S\u00ed, tal cual. Estas cuatro d\u00e9cadas nos permiten evaluar, por un lado, que la promesa de empleo no se cumple: es cada vez peor y va a ser cada vez peor, porque se tecnifica m\u00e1s. En cuanto a la cuesti\u00f3n ambiental, ellos vinieron con el escudo de que plantaban \u00e1rboles, pero llegaron a plantar sobre montes nativos o sobre la pastura. La pastura era vista como una cosa atrasada de los oligarcas ganaderos, en la l\u00f3gica tanto de la derecha como de la izquierda del momento. No se hablaba de los pastizales ni del bioma pampa, como ahora. Entonces, ellos llegan ac\u00e1, primero, expulsados de otros lados. UPM fue expulsada de Tailandia, Indonesia \u2013pa\u00edses en los que tuvieron grandes conflictos por asociarse con empresas nacionales que destruyen selvas tropicales\u2013, India.<br>El problema es el aumento de la demanda de la celulosa, principalmente por el crecimiento de las clases medias chinas, que usan mucho m\u00e1s lo que se denomina papel <em>tissue<\/em> \u2013papel higi\u00e9nico, por ejemplo, y papel de embalaje para todas esas porquer\u00edas que compramos por Temu y dem\u00e1s\u2013. Pero, adem\u00e1s, Finlandia tiene prohibido plantar eucaliptos. O sea: lo que hacen ac\u00e1 est\u00e1 absolutamente prohibido en sus tierras. Ellos tienen mucho bosque aut\u00f3ctono y su ley forestal solo permite cosechar un cierto porcentaje por a\u00f1o y solo se puede reforestar con especies nativas. Arranquemos por ah\u00ed: ellos encontraron un l\u00edmite en su propio territorio. Necesitaron ir hacia afuera y fueron a Asia, pero tuvieron problemas y giraron hacia Am\u00e9rica Latina. Y lo que hacen por ac\u00e1 b\u00e1sicamente es aprovechar normas ambientales casi inexistentes o muy flexibles: pueden usar agroqu\u00edmicos que all\u00e1 no, pueden volcar vol\u00famenes de f\u00f3sforo mucho m\u00e1s altos. Pero todo eso ya lo dec\u00eda Ricardo Carrere, del Grupo Guayubir\u00e1, en los noventa: sustituir pastura natural por eucaliptos no solo afecta la cantidad de agua disponible a nivel superficial, sino la recarga de los acu\u00edferos. Eso ya est\u00e1 recontra investigado, incluso por investigaciones en las que participan las propias empresas junto con la ANII [Agencia Nacional de Investigaci\u00f3n e Innovaci\u00f3n], que hablan de una reducci\u00f3n de la capacidad de las cuencas del 20 por ciento \u2013otras dicen un 50 por ciento, porque, adem\u00e1s, en una temporada de sequ\u00eda se agrava\u2013. Hay una degradaci\u00f3n sobre el banco de semillas y sobre la fertilidad del suelo, que no se sabe qu\u00e9 va a pasar, pero el Estado no se hace cargo de la investigaci\u00f3n. Entonces, los da\u00f1os ambientales son estructurales en la forestaci\u00f3n. El Ministerio de Ambiente no tiene sistematizadas todas las multas de las empresas, lo cual es surrealista. Para la tesis tuve que pedir expediente por expediente y el grupo UPM \u2013que incluye Forestal Oriental\u2013 tiene, por lo menos, seg\u00fan lo que pude encontrar, 59 multas en 14 a\u00f1os, por incumplimientos que se repiten y repiten. Muchos de ellos son muy graves, con suspensi\u00f3n de agr\u00f3nomos, incluso por omitir informaci\u00f3n importante. O sea, hay sanciones por cosas muy complejas, como cortar monte nativo, irse arriba de roquedales, incumplir las distancias de los cursos de agua para plantar, por la aplicaci\u00f3n de sustancias, por dejar tirados los bidones de los agroqu\u00edmicos en cualquier lado, y despu\u00e9s todas las aplicadas a la industria. El caso m\u00e1s claro fue el de los vertidos de soda c\u00e1ustica en el arroyo Sauce. Otro caso conocido fue el de vertidos de agroqu\u00edmicos del vivero en el arroyo Santana.<\/p>\n\n\n\n<p class=\"has-text-align-justify has-text-color has-link-color wp-elements-17 wp-block-paragraph\" style=\"color:#000000\">\u2014<em>Los partidos pol\u00edticos, salvo excepciones, y los gobiernos hacen caso omiso a todo este c\u00famulo de problemas muy documentados. Incluso, despu\u00e9s de que el ministro de Ganader\u00eda, Agricultura y Pesca, Alfredo Fratti, abri\u00f3 una puertita a estudiar m\u00e1s l\u00edmites para la forestaci\u00f3n, el secretario de la Presidencia, Alejandro S\u00e1nchez, dijo en 2025 en un evento de la Sociedad de Productores Forestales que se podr\u00eda duplicar la superficie forestada.<\/em><\/p>\n\n\n\n<p class=\"has-text-align-justify has-text-color has-link-color wp-elements-18 wp-block-paragraph\" style=\"color:#000000\">\u2014S\u00ed, la informaci\u00f3n la tienen. Hemos ido al Parlamento con varias organizaciones y leen la misma prensa que leemos todos. Lo que hay es un problema macroecon\u00f3mico mucho m\u00e1s complejo, que ahora estamos a punto de publicarlo en un trabajo con [el economista e investigador ambiental] Mart\u00edn Sanguinetti. Para m\u00ed, estamos entrampados en un c\u00edrculo vicioso muy complejo de inversi\u00f3n extranjera directa, deuda y suba del PBI. Es cierto, cuando llega una inversi\u00f3n de estas, te sube el PBI. Pero \u00bfqu\u00e9 significa que te sube el PBI? Que hay m\u00e1s porciones de la naturaleza y de trabajo humano que pasan por el mercado. Nada m\u00e1s. Porque ni las condiciones de vida son mejores, ni la riqueza se distribuye, ni mejoran los ecosistemas. Es solo PBI, porque la recaudaci\u00f3n impositiva no mejora, ya que las transnacionales est\u00e1n en zona franca y tienen exoneraciones. El PBI te posiciona para pedir pr\u00e9stamos con menos intereses y para hacer obras extractivas como el tren de UPM o el dragado de la laguna Mer\u00edn (Obra que facilitar\u00e1 el transporte, sobre todo de cereales y tambi\u00e9n contenedores por v\u00eda fluvial entre Uruguay y Brasil. Proyecto con fondos privados apoyado en 2009 por Tabar\u00e9 V\u00e1zquez y Lula. CdP). A su vez, te da gobernabilidad con el Sunca [Sindicato \u00danico de la Construcci\u00f3n y Anexos] y la Untmra [Uni\u00f3n Nacional de Trabajadores del Metal y Ramas Afines], y te permite hacer pol\u00edticas sociales para los perdedores del modelo, para los pobres, entre ellos muchos que vienen de la ruralidad porque se quedaron sin trabajo y terminaron en los m\u00e1rgenes de cualquier ciudad. Pero es un problem\u00f3n, porque es una mirada de muy corto plazo: cada vez ten\u00e9s menos recaudaci\u00f3n respecto del PBI, se te extranjeriza cada vez m\u00e1s el producto y est\u00e1s da\u00f1ando tu principal fuente de bienestar \u2013ni siquiera hablemos de riqueza\u2013, que es la fertilidad del suelo y el agua. A largo plazo ten\u00e9s un problem\u00f3n ecol\u00f3gico y, por lo tanto, econ\u00f3mico, que ya lo estamos viviendo: nos quedamos sin agua, tenemos cianobacterias y problemas de salud por los plaguicidas. Pero, adem\u00e1s, las empresas env\u00edan sus remesas. UPM empieza a enviar casi 300 millones de d\u00f3lares por a\u00f1o a Finlandia. Hay una huida de capital que crea un agujero en la balanza comercial, en los d\u00f3lares que salen y los que entran, que es el problema en el que estamos ahora. Ten\u00e9s un Estado que no tiene con qu\u00e9 financiarse y un agujero que ven\u00eds generando hace 40 a\u00f1os con este modelo. Y se quiere solucionar con una nueva inversi\u00f3n extranjera directa, que lo que hace es profundizar el mismo problema, pero te da gobernabilidad durante cinco a\u00f1os. B\u00e1sicamente, es ocupar el mismo lugar de colonia, de producir materias primas m\u00e1s baratas y alta rentabilidad para los centros. Una l\u00f3gica de la que es muy dif\u00edcil salir.<\/p>\n\n\n\n<p class=\"has-text-align-justify has-text-color has-link-color wp-elements-19 wp-block-paragraph\" style=\"color:#000000\">\u2014<em>Dentro de este panorama, \u00bfc\u00f3mo observ\u00e1s los proyectos para restringir la forestaci\u00f3n en las cuencas h\u00eddricas m\u00e1s amenazadas y para que no se permita plantar en \u00e1reas que no son de prioridad forestal, como el que se envi\u00f3 al Parlamento a trav\u00e9s de REDES-Amigos de la Tierra y de la Facultad de Ciencias? A la luz de estos resultados, parece obvio que deber\u00eda existir un punto de inflexi\u00f3n.<\/em><\/p>\n\n\n\n<p class=\"has-text-align-justify has-text-color has-link-color wp-elements-20 wp-block-paragraph\" style=\"color:#000000\">\u2014Yo tengo m\u00e1s esperanza, por lo que veo en los territorios. Escucho la sensibilidad de la gente sobre estos temas, porque es tal la agresi\u00f3n al ecosistema, a los trabajadores y a las condiciones de vida en la zona rural\u2026 Y ahora tambi\u00e9n eso impacta en las zonas urbanas, indirectamente: la gente ya no se cree la promesa ni del empleo, ni del bienestar, ni de la riqueza, ni de nada. Esa fantas\u00eda de que llega el desarrollo ya no se la creen, porque, adem\u00e1s, ya lo han visto varias veces con las pasteras. Entonces, el discurso cambi\u00f3: ahora es el de aguantar, porque no hay otra opci\u00f3n. Pero es un problema causado a su vez por el problema: la forestaci\u00f3n hace que cada vez haya menos opciones, y se utiliza ese <em>no haber opciones<\/em> para que la gente no tenga otra que aguantar. Con m\u00e1s agroqu\u00edmicos, m\u00e1s explotaci\u00f3n o ya no tener m\u00e1s el arroyo donde se iba a ba\u00f1ar en verano. Entonces, la realidad est\u00e1 hablando por s\u00ed misma y aumenta la presi\u00f3n cr\u00edtica de las organizaciones, de la gente en los territorios.<\/p>\n\n\n\n<p class=\"has-text-align-justify has-text-color has-link-color wp-elements-21 wp-block-paragraph\" style=\"color:#000000\">Yo creo que el nuevo consenso deber\u00eda ser que no se plante ni una hect\u00e1rea m\u00e1s. Ya no pueden decir que no hay datos: los datos sobran y las consecuencias en carne viva tambi\u00e9n. Hay caminos intermedios y el proyecto de REDES es muy interesante, porque pone en discusi\u00f3n la cuesti\u00f3n del agua, que es muy cercana a la gente. Conecta la ruralidad con la urbanidad y eso es muy importante para generar conciencia. Ya hay una red nacional articulada contra las forestales, y tambi\u00e9n latinoamericana, porque es un problema regional. La poblaci\u00f3n se est\u00e1 dando cuenta de este error hist\u00f3rico y creo que el <em>boom<\/em> de la industria forestal defendido por la gente ya pas\u00f3. \u00bfCu\u00e1nto tiempo nos llevar\u00e1 revertirlo? No s\u00e9. Si lo pienso a escala macro, hay te\u00f3ricos, como Jason Moore, que dicen que el <em>boom<\/em> de un <em>commodity<\/em> es de m\u00e1s o menos 70 a\u00f1os. As\u00ed fue con la ca\u00f1a de az\u00facar en ciertos lugares o con la remolacha de Rausa. Este podr\u00eda ser un buen caso para testear la hip\u00f3tesis, porque ya pasamos la mitad de esos a\u00f1os. \u00bfCu\u00e1nto tiempo m\u00e1s vamos a tener que soportar esto hasta que se transforme? Va a depender mucho de la capacidad que tengamos de organizarnos, de presionar y de que se encuentre alguna salida.<\/p>\n\n\n\n<p class=\"has-text-align-center has-text-color has-link-color wp-elements-22 wp-block-paragraph\" style=\"color:#000000\"><strong>***<\/strong><\/p>\n\n\n\n<p class=\"has-text-color has-link-color wp-elements-23 wp-block-paragraph\" style=\"color:#000000\"><strong>Lucecitas de resistencia<\/strong><\/p>\n\n\n\n<p class=\"has-text-align-justify has-text-color has-link-color wp-elements-24 wp-block-paragraph\" style=\"color:#000000\">La tesis que convirti\u00f3 a Daniel Pena en mag\u00edster en Sociolog\u00eda lleva el t\u00edtulo <em>Transformaciones en el tejido cuerpo-territorio asociadas a la expansi\u00f3n forestal en Uruguay<\/em>. El trabajo de 230 p\u00e1ginas, defendido en agosto de 2025, contiene un imponente cuerpo de datos y gr\u00e1ficos que analizan el modelo forestal desde \u00e1ngulos econ\u00f3micos, sociales, ambientales y antropol\u00f3gicos. Sin embargo, en sinton\u00eda con el t\u00edtulo de la investigaci\u00f3n, lo que atraviesa la lectura es el efecto de la actividad extractivista sobre los cuerpos y los territorios de las comunidades. En sus palabras, un \u00abtrenzado conceptual\u00bb entre la ecolog\u00eda pol\u00edtica latinoamericana, la sociolog\u00eda de los cuerpos y las emociones, y la producci\u00f3n de lo com\u00fan y lo comunitario, que incluye hilados ecofeministas. Un cap\u00edtulo que aporta gran espesura a la investigaci\u00f3n es el trabajo de campo en dos localidades transfiguradas por la asfixia forestal, que resultan en potentes narraciones de tramas comunitarias \u00abfragmentarias y fr\u00e1giles\u00bb: Pi\u00f1era-Beisso en Paysand\u00fa y Ar\u00e9valo en Cerro Largo. La primera localidad, perteneciente al municipio de Guich\u00f3n, es la que abastece de trabajadores al vivero Santana de UPM, cuyos desechos con agrot\u00f3xicos fueron a parar varias veces al arroyo hom\u00f3nimo, tributario del \u00e1rea protegida Montes del Queguay. El arroyo era desde siempre la playa de encuentro y recreaci\u00f3n en el pueblo, un lugar que supo enorgullecerse de sus esquiladores de lana, hoy migrantes en Espa\u00f1a, Chile y Estados Unidos. En Ar\u00e9valo, entre otras cosas, el relato documenta el desmantelamiento de la ruralidad \u2013y de una cooperativa forestal\u2013 tras la metamorfosis del pueblo en nodo log\u00edstico para las multinacionales.<\/p>\n\n\n\n<p class=\"has-text-align-justify has-text-color has-link-color wp-elements-25 wp-block-paragraph\" style=\"color:#000000\">Pero la investigaci\u00f3n tambi\u00e9n recoge esos focos de resistencia que tensionan el modelo, construidos con la obstinaci\u00f3n de los cuerpos: \u00abEn la tesis insisto mucho en esto de la resistencia silenciosa. Porque desde la ciudad tendemos a pensar que la resistencia o la transformaci\u00f3n son las de grandes organizaciones y el repertorio de las demandas al Estado. Tenemos esa l\u00f3gica, que incluso es de la sociolog\u00eda cl\u00e1sica. Lo que veo en los territorios es que la gente est\u00e1 resistiendo en el hecho de permanecer y de cuidar el arraigo. El peque\u00f1o productor y la peque\u00f1a productora est\u00e1n haciendo lo imposible para mantenerse produciendo en la tierra y con la tierra, viviendo ah\u00ed y cuidando el ecosistema. Y eso ya es un mont\u00f3n, porque est\u00e1n eligiendo quedarse y se est\u00e1n asociando con otros para quedarse y hablando con los vecinos para que no vendan la tierra a la forestal. Es una lucha muy micro y muy silenciosa, porque tambi\u00e9n levantar la voz en estos pueblos es muy peligroso\u00bb.<\/p>\n\n\n\n<p class=\"wp-block-paragraph\"><\/p>\n","protected":false},"excerpt":{"rendered":"<p>La promesa de empleo no se cumple: es cada vez peor y va a ser cada vez peor, porque se tecnifica m\u00e1s. En cuanto a la cuesti\u00f3n ambiental, ellos vinieron con el escudo de que plantaban \u00e1rboles, pero llegaron a plantar sobre montes nativos o sobre la pastura.<\/p>\n","protected":false},"author":102520410,"featured_media":54018,"comment_status":"closed","ping_status":"","sticky":false,"template":"","format":"standard","meta":{"_coblocks_attr":"","_coblocks_dimensions":"","_coblocks_responsive_height":"","_coblocks_accordion_ie_support":"","advanced_seo_description":"","jetpack_seo_html_title":"","jetpack_seo_noindex":false,"jetpack_seo_schema_type":"","_jetpack_newsletter_access":"","_jetpack_dont_email_post_to_subs":false,"_jetpack_newsletter_tier_id":0,"_jetpack_memberships_contains_paywalled_content":false,"_wpcom_ai_launchpad_first_post":false,"_jetpack_feature_clip_id":0,"_jetpack_memberships_contains_paid_content":false,"footnotes":"","jetpack_post_was_ever_published":false},"categories":[31683,12693],"tags":[703611259,17212,703611258,703605386,703605739,359990],"class_list":["post-54013","post","type-post","status-publish","format-standard","has-post-thumbnail","hentry","category-medio-ambiente","category-uruguay","tag-acuiferos","tag-america-latina","tag-eucaliptos","tag-extractivismo","tag-precariedad","tag-upm","fallback-thumbnail"],"jetpack_likes_enabled":false,"jetpack_sharing_enabled":true,"jetpack_shortlink":"https:\/\/wp.me\/p7lt2C-e3b","amp_enabled":true,"jetpack_featured_media_url":"https:\/\/i0.wp.com\/correspondenciadeprensa.com\/wp-content\/uploads\/2026\/07\/Uruguay18072026.jpg?fit=1121%2C558&ssl=1","_links":{"self":[{"href":"https:\/\/correspondenciadeprensa.com\/index.php?rest_route=\/wp\/v2\/posts\/54013","targetHints":{"allow":["GET"]}}],"collection":[{"href":"https:\/\/correspondenciadeprensa.com\/index.php?rest_route=\/wp\/v2\/posts"}],"about":[{"href":"https:\/\/correspondenciadeprensa.com\/index.php?rest_route=\/wp\/v2\/types\/post"}],"author":[{"embeddable":true,"href":"https:\/\/correspondenciadeprensa.com\/index.php?rest_route=\/wp\/v2\/users\/102520410"}],"replies":[{"embeddable":true,"href":"https:\/\/correspondenciadeprensa.com\/index.php?rest_route=%2Fwp%2Fv2%2Fcomments&post=54013"}],"version-history":[{"count":7,"href":"https:\/\/correspondenciadeprensa.com\/index.php?rest_route=\/wp\/v2\/posts\/54013\/revisions"}],"predecessor-version":[{"id":54021,"href":"https:\/\/correspondenciadeprensa.com\/index.php?rest_route=\/wp\/v2\/posts\/54013\/revisions\/54021"}],"wp:featuredmedia":[{"embeddable":true,"href":"https:\/\/correspondenciadeprensa.com\/index.php?rest_route=\/wp\/v2\/media\/54018"}],"wp:attachment":[{"href":"https:\/\/correspondenciadeprensa.com\/index.php?rest_route=%2Fwp%2Fv2%2Fmedia&parent=54013"}],"wp:term":[{"taxonomy":"category","embeddable":true,"href":"https:\/\/correspondenciadeprensa.com\/index.php?rest_route=%2Fwp%2Fv2%2Fcategories&post=54013"},{"taxonomy":"post_tag","embeddable":true,"href":"https:\/\/correspondenciadeprensa.com\/index.php?rest_route=%2Fwp%2Fv2%2Ftags&post=54013"}],"curies":[{"name":"wp","href":"https:\/\/api.w.org\/{rel}","templated":true}]}}