{"id":53999,"date":"2026-07-16T20:03:00","date_gmt":"2026-07-16T18:03:00","guid":{"rendered":"https:\/\/correspondenciadeprensa.com\/?p=53999"},"modified":"2026-07-16T19:58:50","modified_gmt":"2026-07-16T17:58:50","slug":"nicaragua-grupo-de-expertos-de-la-onu-denuncia-la-revocacion-masiva-de-credenciales-de-abogados-comunicado","status":"publish","type":"post","link":"https:\/\/correspondenciadeprensa.com\/?p=53999","title":{"rendered":"Nicaragua &#8211; Grupo de Expertos de la ONU denuncia la revocaci\u00f3n masiva de credenciales de abogados. [Comunicado]"},"content":{"rendered":"\n<p class=\"has-text-color has-link-color wp-elements-1 wp-block-paragraph\" style=\"color:#000000\"><strong>Nicaragua: Grupo de Expertos de la ONU denuncia la revocaci\u00f3n masiva de credenciales de abogados y advierte de un grave golpe a los derechos humanos<\/strong><\/p>\n\n\n\n<p class=\"has-text-color has-link-color wp-elements-2 wp-block-paragraph\" style=\"color:#000000\"><strong><em><a href=\"https:\/\/www.ohchr.org\/es\/press-releases\/2026\/07\/nicaragua-un-group-experts-decries-mass-revocation-lawyer-credentials\">Grupo de Expertos en Derechos Humanos sobre Nicaragua de las Naciones Unidas<\/a><\/em>, 13-7-2026<\/strong><\/p>\n\n\n\n<p class=\"has-text-color has-link-color wp-elements-3 wp-block-paragraph\" style=\"color:#000000\"><strong><a href=\"https:\/\/correspondenciadeprensa.com\/\"><em>Correspondencia de Prensa<\/em><\/a>, 16-7-2026<\/strong><\/p>\n\n\n\n<p class=\"has-text-align-justify has-text-color has-link-color wp-elements-4 wp-block-paragraph\" style=\"color:#000000\">GINEBRA\/PANAM\u00c1 \u2013 El Grupo de Expertos en Derechos Humanos sobre Nicaragua de las Naciones Unidas denunci\u00f3 la eliminaci\u00f3n repentina de numerosos abogados y notarios por parte del Gobierno, y advirti\u00f3 que la medida ha eliminado de un d\u00eda para otro a una parte esencial de la profesi\u00f3n jur\u00eddica del pa\u00eds y ha privado a la poblaci\u00f3n de su derecho a la defensa.<\/p>\n\n\n\n<p class=\"has-text-align-justify has-text-color has-link-color wp-elements-5 wp-block-paragraph\" style=\"color:#000000\">Los testimonios de las personas afectadas indican que, en t\u00e9rminos generales, no hubo notificaci\u00f3n previa, no se proporcion\u00f3 fundamento jur\u00eddico y no se emiti\u00f3 ninguna explicaci\u00f3n oficial. La mayor\u00eda solo tuvo conocimiento de la medida cuando intent\u00f3 ingresar a un tribunal, presentar escritos judiciales o introducir su nombre en el registro digital de la Corte Suprema de Justicia y comprob\u00f3 que ya no figuraba en \u00e9l.<\/p>\n\n\n\n<p class=\"has-text-align-justify has-text-color has-link-color wp-elements-6 wp-block-paragraph\" style=\"color:#000000\">\u201cDurante la \u00faltima semana, se ha acumulado evidencia que corrobora motivos razonables para considerar que el gobierno nicarag\u00fcense est\u00e1 privando de manera sistem\u00e1tica a numerosos abogados de sus licencias para ejercer la profesi\u00f3n,\u201d afirm\u00f3 Jan-Michael Simon, presidente del Grupo de Expertos. \u201cHemos condenado reiteradamente la injerencia del gobierno de Nicaragua en el Poder Judicial, pero la eliminaci\u00f3n de una parte considerable de la profesi\u00f3n jur\u00eddica representa una nueva escalada.\u201d<\/p>\n\n\n\n<p class=\"has-text-align-justify has-text-color has-link-color wp-elements-7 wp-block-paragraph\" style=\"color:#000000\">La injerencia en el ejercicio de la profesi\u00f3n jur\u00eddica en Nicaragua no es nueva. En 2023, las autoridades suspendieron de manera arbitraria y permanente a por lo menos 28 abogados. Desde entonces, la Corte Suprema de Justicia tambi\u00e9n ha rechazado arbitrariamente renovar los \u201cquinquenios\u201d notariales obligatorios de otros abogados, impidi\u00e9ndoles continuar ejerciendo funciones notariales.<\/p>\n\n\n\n<p class=\"has-text-align-justify has-text-color has-link-color wp-elements-8 wp-block-paragraph\" style=\"color:#000000\">Las medidas recientes se producen tras una amplia depuraci\u00f3n del sistema judicial que est\u00e1 en marcha desde octubre de 2023, cuando la Polic\u00eda tom\u00f3 el control de la Corte Suprema de Justicia y varios altos funcionarios fueron destituidos. Desde entonces, ocho magistrados y magistradas han renunciado o han sido obligados a dejar sus cargos, y m\u00e1s de un millar de funcionarios judiciales han sido despedidos.<\/p>\n\n\n\n<p class=\"has-text-align-justify has-text-color has-link-color wp-elements-9 wp-block-paragraph\" style=\"color:#000000\">La reforma constitucional de 2025 culmin\u00f3 este proceso: despoj\u00f3 al Poder Judicial de su condici\u00f3n de poder independiente del Estado, redefini\u00e9ndolo como un \u00ab\u00f3rgano\u00bb que la Presidencia \u00abcoordina,\u00bb y redujo el n\u00famero de magistrados de la Corte Suprema de Justicia de 16 a 10, todos nombrados luego de ser propuestos por los copresidentes Daniel Ortega y Rosario Murillo.<\/p>\n\n\n\n<p class=\"has-text-align-justify has-text-color has-link-color wp-elements-10 wp-block-paragraph\" style=\"color:#000000\">\u201cEsta depuraci\u00f3n silenciosa de la profesi\u00f3n jur\u00eddica es un clavo m\u00e1s en el ata\u00fad de la independencia de la justicia en Nicaragua: primero fueron los jueces; ahora son los abogados y las abogadas,\u201d afirm\u00f3 Reed Brody, miembro del Grupo. \u201cLas <em><a href=\"https:\/\/www.ohchr.org\/en\/instruments-mechanisms\/instruments\/basic-principles-role-lawyers\">normas internacionales<\/a><\/em> son inequ\u00edvocas: nadie puede ser privado del ejercicio de la abogac\u00eda sin una audiencia imparcial ante un \u00f3rgano independiente. En este caso no hubo audiencia, ni \u00f3rgano independiente; solo una tecla de borrar.\u201d<\/p>\n\n\n\n<p class=\"has-text-align-justify has-text-color has-link-color wp-elements-11 wp-block-paragraph\" style=\"color:#000000\">Toda injerencia injustificada en las credenciales profesionales socava gravemente las instituciones de justicia y crea importantes obst\u00e1culos para la prestaci\u00f3n de servicios jur\u00eddicos.<\/p>\n\n\n\n<p class=\"has-text-align-justify has-text-color has-link-color wp-elements-12 wp-block-paragraph\" style=\"color:#000000\">Entre las presuntas v\u00edctimas figuran exmagistrados y abogados en el exilio, as\u00ed como antiguos miembros del partido gobernante sandinista y otras personas sin una afiliaci\u00f3n pol\u00edtica claramente identificable.<\/p>\n\n\n\n<p class=\"has-text-align-justify has-text-color has-link-color wp-elements-13 wp-block-paragraph\" style=\"color:#000000\">\u201cLos abogados han sido v\u00edctimas de la persecuci\u00f3n pol\u00edtica en Nicaragua desde 2018\u201d, afirm\u00f3 Ariela Peralta, integrante del Grupo de Expertos. \u201cHan sido objeto de amenazas, hostigamiento, detenciones y exilio. Se les ha negado sistem\u00e1ticamente el acceso a sus clientes y ahora tambi\u00e9n se les priva del ejercicio mismo de su profesi\u00f3n.\u201d<\/p>\n\n\n\n<p class=\"has-text-align-justify has-text-color has-link-color wp-elements-14 wp-block-paragraph\" style=\"color:#000000\">El Grupo de Expertos subray\u00f3 que la exclusi\u00f3n arbitraria de abogados y notarios de los registros oficiales tiene graves consecuencias para el derecho a un juicio justo y el acceso a la justicia. Puede impedir que las personas obtengan representaci\u00f3n legal, realicen tr\u00e1mites jur\u00eddicos y ejerzan sus derechos ante los tribunales. Estas medidas debilitan a\u00fan m\u00e1s la administraci\u00f3n de justicia. <\/p>\n\n\n\n<p class=\"has-text-align-center has-text-color has-link-color wp-elements-15 wp-block-paragraph\" style=\"color:#000000\"><strong>***<\/strong><\/p>\n\n\n\n<p class=\"has-text-align-justify has-text-color has-link-color wp-elements-16 wp-block-paragraph\" style=\"color:#000000\">&#8211;<em><a href=\"https:\/\/www.ohchr.org\/es\/hr-bodies\/hrc\/ghre-nicaragua\/index\">El Grupo de Expertos en Derechos Humanos sobre Nicaragua<\/a><\/em> es un organismo independiente mandatado por el Consejo de Derechos Humanos de la ONU. Creado en marzo de 2022, su tarea es llevar a cabo investigaciones exhaustivas e independientes sobre todas las violaciones y abusos de derechos humanos cometidos en Nicaragua desde abril de 2018. Los <em><a href=\"https:\/\/www.ohchr.org\/es\/hr-bodies\/hrc\/GHRE-Nicaragua\/Members\">miembros expertos<\/a><\/em> del Grupo de Expertos en Derechos Humanos sobre Nicaragua fueron nombrados por el Presidente del Consejo de Derechos Humanos de la ONU para recopilar datos sobre presuntas violaciones de derechos humanos, recoger informaci\u00f3n imparcial y proporcionar an\u00e1lisis independiente.<\/p>\n\n\n\n<p class=\"wp-block-paragraph\"><\/p>\n","protected":false},"excerpt":{"rendered":"<p>El Grupo de Expertos en Derechos Humanos sobre Nicaragua de las Naciones Unidas denunci\u00f3 la eliminaci\u00f3n repentina de numerosos abogados y notarios por parte del Gobierno, y advirti\u00f3 que la medida ha eliminado de un d\u00eda para otro a una parte esencial de la profesi\u00f3n jur\u00eddica del pa\u00eds y ha privado a la poblaci\u00f3n de su derecho a la defensa.<\/p>\n","protected":false},"author":102520410,"featured_media":54003,"comment_status":"closed","ping_status":"","sticky":false,"template":"","format":"standard","meta":{"_coblocks_attr":"","_coblocks_dimensions":"","_coblocks_responsive_height":"","_coblocks_accordion_ie_support":"","advanced_seo_description":"","jetpack_seo_html_title":"","jetpack_seo_noindex":false,"jetpack_seo_schema_type":"","_jetpack_newsletter_access":"","_jetpack_dont_email_post_to_subs":false,"_jetpack_newsletter_tier_id":0,"_jetpack_memberships_contains_paywalled_content":false,"_wpcom_ai_launchpad_first_post":false,"_jetpack_feature_clip_id":0,"_jetpack_memberships_contains_paid_content":false,"footnotes":"","jetpack_post_was_ever_published":false},"categories":[703605966,162301],"tags":[17212,703610674,703605872,703604923],"class_list":["post-53999","post","type-post","status-publish","format-standard","has-post-thumbnail","hentry","category-derechos-humanos","category-nicaragua","tag-america-latina","tag-ariela-peralta","tag-derechos-humanos","tag-ortega-murillo","fallback-thumbnail"],"jetpack_likes_enabled":false,"jetpack_sharing_enabled":true,"jetpack_shortlink":"https:\/\/wp.me\/p7lt2C-e2X","amp_enabled":true,"jetpack_featured_media_url":"https:\/\/i0.wp.com\/correspondenciadeprensa.com\/wp-content\/uploads\/2026\/07\/Nicaragua16072026.jpg?fit=1024%2C497&ssl=1","_links":{"self":[{"href":"https:\/\/correspondenciadeprensa.com\/index.php?rest_route=\/wp\/v2\/posts\/53999","targetHints":{"allow":["GET"]}}],"collection":[{"href":"https:\/\/correspondenciadeprensa.com\/index.php?rest_route=\/wp\/v2\/posts"}],"about":[{"href":"https:\/\/correspondenciadeprensa.com\/index.php?rest_route=\/wp\/v2\/types\/post"}],"author":[{"embeddable":true,"href":"https:\/\/correspondenciadeprensa.com\/index.php?rest_route=\/wp\/v2\/users\/102520410"}],"replies":[{"embeddable":true,"href":"https:\/\/correspondenciadeprensa.com\/index.php?rest_route=%2Fwp%2Fv2%2Fcomments&post=53999"}],"version-history":[{"count":3,"href":"https:\/\/correspondenciadeprensa.com\/index.php?rest_route=\/wp\/v2\/posts\/53999\/revisions"}],"predecessor-version":[{"id":54002,"href":"https:\/\/correspondenciadeprensa.com\/index.php?rest_route=\/wp\/v2\/posts\/53999\/revisions\/54002"}],"wp:featuredmedia":[{"embeddable":true,"href":"https:\/\/correspondenciadeprensa.com\/index.php?rest_route=\/wp\/v2\/media\/54003"}],"wp:attachment":[{"href":"https:\/\/correspondenciadeprensa.com\/index.php?rest_route=%2Fwp%2Fv2%2Fmedia&parent=53999"}],"wp:term":[{"taxonomy":"category","embeddable":true,"href":"https:\/\/correspondenciadeprensa.com\/index.php?rest_route=%2Fwp%2Fv2%2Fcategories&post=53999"},{"taxonomy":"post_tag","embeddable":true,"href":"https:\/\/correspondenciadeprensa.com\/index.php?rest_route=%2Fwp%2Fv2%2Ftags&post=53999"}],"curies":[{"name":"wp","href":"https:\/\/api.w.org\/{rel}","templated":true}]}}