{"id":53991,"date":"2026-07-16T20:01:00","date_gmt":"2026-07-16T18:01:00","guid":{"rendered":"https:\/\/correspondenciadeprensa.com\/?p=53991"},"modified":"2026-07-16T19:09:55","modified_gmt":"2026-07-16T17:09:55","slug":"guatemala-suben-las-muertes-de-ninos-por-desnutricion-aguda-prensa-libre","status":"publish","type":"post","link":"https:\/\/correspondenciadeprensa.com\/?p=53991","title":{"rendered":"Guatemala &#8211; Suben las muertes de ni\u00f1os por desnutrici\u00f3n aguda. [Prensa Libre]"},"content":{"rendered":"\n<p class=\"has-text-align-right wp-block-paragraph\"><sub>Foto Prensa Libre: Hemeroteca PL<\/sub><\/p>\n\n\n\n<p class=\"has-text-align-justify has-text-color has-link-color wp-elements-1 wp-block-paragraph\" style=\"color:#000000\"><strong>Suben las muertes de ni\u00f1os por desnutrici\u00f3n aguda; Salud ejecuta menos del 25% del presupuesto para combatirla<\/strong><\/p>\n\n\n\n<p class=\"has-text-color has-link-color wp-elements-2 wp-block-paragraph\" style=\"color:#000000\"><strong>Ana Luc\u00eda Ola*<\/strong><\/p>\n\n\n\n<p class=\"has-text-color has-link-color wp-elements-3 wp-block-paragraph\" style=\"color:#000000\"><strong><em><a href=\"https:\/\/www.prensalibre.com\/guatemala\/comunitario\/suben-las-muertes-de-ninos-por-desnutricion-aguda-salud-ejecuta-menos-del-25-del-presupuesto-para-combatirla\/\">Prensa Libre<\/a><\/em>, 11-7-2026<\/strong><\/p>\n\n\n\n<p class=\"has-text-color has-link-color wp-elements-4 wp-block-paragraph\" style=\"color:#000000\"><strong><em><a href=\"https:\/\/correspondenciadeprensa.com\/\">Correspondencia de Prensa<\/a><\/em>, 16-7-2026<\/strong><\/p>\n\n\n\n<p class=\"has-text-align-justify has-text-color has-link-color wp-elements-5 wp-block-paragraph\" style=\"color:#000000\">El Ministerio de Salud reporta la muerte de 16 menores de 5 a\u00f1os por <em><a href=\"https:\/\/www.prensalibre.com\/tema\/desnutricion-aguda\/\">desnutrici\u00f3n aguda<\/a><\/em>. El registro es hasta el 27 de junio. Esto refleja un aumento del 14.3% con respecto al mismo per\u00edodo del a\u00f1o pasado, cuando fallecieron 14 ni\u00f1os.<\/p>\n\n\n\n<p class=\"has-text-align-justify has-text-color has-link-color wp-elements-6 wp-block-paragraph\" style=\"color:#000000\">Mientras los decesos aumentan, la ejecuci\u00f3n presupuestaria del programa que atiende la mortalidad infantil y la desnutrici\u00f3n, a cargo de la cartera, no supera el 25%.<\/p>\n\n\n\n<p class=\"has-text-align-justify has-text-color has-link-color wp-elements-7 wp-block-paragraph\" style=\"color:#000000\">Las muertes ocurrieron en seis departamentos: San Marcos, Huehuetenango, Escuintla, Chiquimula, Pet\u00e9n y Alta Verapaz. Este \u00faltimo concentra el 43.7% de los casos.<\/p>\n\n\n\n<p class=\"has-text-align-justify has-text-color has-link-color wp-elements-8 wp-block-paragraph\" style=\"color:#000000\">Es un comportamiento distinto al del a\u00f1o pasado, cuando los fallecimientos se registraron en 10 departamentos y Jutiapa, Escuintla, San Marcos y Zacapa ten\u00edan las cifras m\u00e1s elevadas.<\/p>\n\n\n\n<p class=\"has-text-align-justify has-text-color has-link-color wp-elements-9 wp-block-paragraph\" style=\"color:#000000\">Los municipios de <a href=\"https:\/\/www.prensalibre.com\/guatemala\/comunitario\/alta-verapaz-se-ha-convertido-en-el-epicentro-de-la-desnutricion-aguda\/\"><em>Alta Verapaz,<\/em><\/a> donde han ocurrido las muertes son Fray Bartolom\u00e9 de las Casas, San Pedro Carch\u00e1, Santa Catalina La Tinta y Santa Mar\u00eda Cahab\u00f3n.<\/p>\n\n\n\n<p class=\"has-text-align-justify has-text-color has-link-color wp-elements-10 wp-block-paragraph\" style=\"color:#000000\">El 87.5% de los ni\u00f1os fallecidos por desnutrici\u00f3n aguda ten\u00edan menos de dos a\u00f1osy el mismo porcentaje present\u00f3 un cuadro severo, en el que se identificaron casos con kwashiorkor y marasmo. El 69% de los menores eran mujeres.<\/p>\n\n\n\n<p class=\"has-text-align-justify has-text-color has-link-color wp-elements-11 wp-block-paragraph\" style=\"color:#000000\">Seg\u00fan el registro de Salud, un ni\u00f1o muri\u00f3 en el Instituto Guatemalteco de Seguridad Social (IGSS), tres en su domicilio y 12 en un hospital p\u00fablico. La situaci\u00f3n es similar a la del a\u00f1o pasado.<\/p>\n\n\n\n<p class=\"has-text-align-justify has-text-color has-link-color wp-elements-12 wp-block-paragraph\" style=\"color:#000000\">El informe <em>Comparaci\u00f3n de la carga epidemiol\u00f3gica de casos de desnutrici\u00f3n aguda: morbilidad y mortalidad<\/em> en el per\u00edodo 2024-2026, elaborado por la Secretar\u00eda de Seguridad Alimentaria y Nutricional de la Presidencia de la Rep\u00fablica (Ses\u00e1n), indica que son varios los factores que influyen para llegar a un desenlace fatal en los casos de ni\u00f1os con desnutrici\u00f3n aguda.<\/p>\n\n\n\n<p class=\"has-text-align-justify has-text-color has-link-color wp-elements-13 wp-block-paragraph\" style=\"color:#000000\">Despu\u00e9s de analizar las causas de muerte de menores en el 2025, se concluy\u00f3 que en el 24% de los casos las familias no reconocieron el riesgo que afrontaba el ni\u00f1o al presentar un cuadro agudo de desnutrici\u00f3n. En la misma proporci\u00f3n hubo demora en decidir si se buscaba o no atenci\u00f3n m\u00e9dica para el paciente.<\/p>\n\n\n\n<p class=\"has-text-align-justify has-text-color has-link-color wp-elements-14 wp-block-paragraph\" style=\"color:#000000\">En el <em><a href=\"https:\/\/www.prensalibre.com\/guatemala\/comunitario\/fallas-en-hospitales-y-atencion-tardia-marcaron-muertes-de-ninos-por-desnutricion-aguda\/\">43% de los casos se evidenciaron fallas en la atenci\u00f3n que los menores recibieron en los servicios de salud<\/a><\/em>.<\/p>\n\n\n\n<p class=\"has-text-align-justify has-text-color has-link-color wp-elements-15 wp-block-paragraph\" style=\"color:#000000\">De acuerdo con Luz Mar\u00eda Cabrera Orozco, especialista en Asuntos Humanitarios y Emergencias de World Vision Guatemala, la desnutrici\u00f3n aguda infantil es una problem\u00e1tica que debe preocupar y alertar a la sociedad, pues cada muerte representa una p\u00e9rdida prevenible.<\/p>\n\n\n\n<p class=\"has-text-align-justify has-text-color has-link-color wp-elements-16 wp-block-paragraph\" style=\"color:#000000\">Se\u00f1ala que la desnutrici\u00f3n aguda no se debe \u00fanicamente a la falta de alimentos, sino tambi\u00e9n a factores como enfermedades infecciosas, acceso limitado a agua potable, saneamiento, servicios de salud, pr\u00e1cticas de alimentaci\u00f3n y pobreza.<\/p>\n\n\n\n<p class=\"has-text-align-justify has-text-color has-link-color wp-elements-17 wp-block-paragraph\" style=\"color:#000000\">Cabrera indica que las muertes reportadas por Salud, todav\u00eda pueden requerir procesos posteriores de revisi\u00f3n y validaci\u00f3n. Pero m\u00e1s all\u00e1 del n\u00famero de casos, la situaci\u00f3n evidencia la vulnerabilidad de muchas familias y la necesidad de fortalecer la detecci\u00f3n temprana, la atenci\u00f3n oportuna y las acciones coordinadas para prevenir estas muertes evitables y proteger el derecho de la ni\u00f1ez a crecer y desarrollarse plenamente.<\/p>\n\n\n\n<p class=\"has-text-color has-link-color wp-elements-18 wp-block-paragraph\" style=\"color:#000000\"><strong>Registro de casos<\/strong><\/p>\n\n\n\n<p class=\"has-text-align-justify has-text-color has-link-color wp-elements-19 wp-block-paragraph\" style=\"color:#000000\">Los casos de ni\u00f1os menores de 5 a\u00f1os diagnosticados con desnutrici\u00f3n aguda al 27 de junio suman 11 mil 242. Hay una disminuci\u00f3n de 8.8% en comparaci\u00f3n con el reporte del 2025, cuando el acumulado era de 12 mil 336.<\/p>\n\n\n\n<p class=\"has-text-align-justify has-text-color has-link-color wp-elements-20 wp-block-paragraph\" style=\"color:#000000\">Siete de cada 10 casos identificados corresponden a menores de entre seis meses y tres a\u00f1os. Los departamentos con las tasas de mayor incidencia son Suchitep\u00e9quez, Retalhuleu y Escuintla.<\/p>\n\n\n\n<p class=\"has-text-align-justify has-text-color has-link-color wp-elements-21 wp-block-paragraph\" style=\"color:#000000\">El an\u00e1lisis de la tendencia de la desnutrici\u00f3n aguda, publicado en el Sistema de Informaci\u00f3n Nacional de Seguridad Alimentaria y Nutricional de Guatemala (Siinsan), indica que el comportamiento hist\u00f3rico de los casos reportados en las primeras semanas del a\u00f1o supera el comportamiento hist\u00f3rico de los eventos. Sin embargo, se observa una estabilizaci\u00f3n a partir de marzo. Es el mismo patr\u00f3n observado en el 2024 y el 2025.<\/p>\n\n\n\n<p class=\"has-text-align-justify has-text-color has-link-color wp-elements-22 wp-block-paragraph\" style=\"color:#000000\">Tambi\u00e9n se reporta que el 53.5% de los ni\u00f1os con desnutrici\u00f3n aguda a quienes se les ha dado seguimiento se ha recuperado.<\/p>\n\n\n\n<p class=\"has-text-color has-link-color wp-elements-23 wp-block-paragraph\" style=\"color:#000000\"><strong>Baja ejecuci\u00f3n<\/strong><\/p>\n\n\n\n<p class=\"has-text-align-justify has-text-color has-link-color wp-elements-24 wp-block-paragraph\" style=\"color:#000000\">El Ministerio de Salud tiene a su cargo el programa Prevenci\u00f3n de la Mortalidad de la Ni\u00f1ez y de la Desnutrici\u00f3n Cr\u00f3nica, que involucra acciones dentro de la Ventana de los Mil D\u00edas \u2014abarca desde el embarazo hasta los dos a\u00f1os del ni\u00f1o\u2014, como monitoreo del crecimiento, dotaci\u00f3n de micronutrientes, atenci\u00f3n de infecciones respiratorias y enfermedades diarreicas, vacunaci\u00f3n, as\u00ed como diagn\u00f3stico y tratamiento de la desnutrici\u00f3n aguda.<\/p>\n\n\n\n<p class=\"has-text-align-justify has-text-color has-link-color wp-elements-25 wp-block-paragraph\" style=\"color:#000000\">Para cubrir el programa, la cartera tiene un presupuesto vigente de Q1 mil 110.5 millones y, al 9 de julio, la ejecuci\u00f3n era del 24.81%. Entre las distintas actividades que realiza, la dotaci\u00f3n de micronutrientes y la vacunaci\u00f3n son las m\u00e1s rezagadas. Adem\u00e1s, a estas se les restaron Q1.5 millones del presupuesto asignado al principio del a\u00f1o.<\/p>\n\n\n\n<p class=\"has-text-align-justify has-text-color has-link-color wp-elements-26 wp-block-paragraph\" style=\"color:#000000\">Nuria Mej\u00eda, de la Coordinaci\u00f3n de ONG y Cooperativas (Congecoop), indica que la ni\u00f1ez contin\u00faa enfermando y falleciendo por situaciones que se pueden prevenir, en este caso por desnutrici\u00f3n aguda, y que el Ministerio de Salud sigue enfocando mayores recursos en la curaci\u00f3n, rubro al que destina el 46% de su presupuesto, mientras que solo el 32% se dirige a la prevenci\u00f3n de enfermedades.<\/p>\n\n\n\n<p class=\"has-text-align-justify has-text-color has-link-color wp-elements-27 wp-block-paragraph\" style=\"color:#000000\">Agrega que, para mejorar los indicadores de salud del pa\u00eds, es importante que la cartera dirija esfuerzos a ampliar la cobertura y llegar a los territorios m\u00e1s alejados de los centros urbanos con acciones de prevenci\u00f3n y promoci\u00f3n de la salud, para prevenir la desnutrici\u00f3n infantil.<\/p>\n\n\n\n<p class=\"has-text-align-justify has-text-color has-link-color wp-elements-28 wp-block-paragraph\" style=\"color:#000000\">\u00abLa desnutrici\u00f3n aguda puede prevenirse y tratarse cuando los casos se identifican a tiempo y las ni\u00f1as y los ni\u00f1os reciben atenci\u00f3n adecuada. Por eso, cada d\u00eda cuenta para evitar que m\u00e1s familias enfrenten la p\u00e9rdida de un hijo o una hija por una condici\u00f3n prevenible\u00bb, indica, por su parte, Cabrera.<\/p>\n\n\n\n<p class=\"has-text-align-justify has-text-color has-link-color wp-elements-29 wp-block-paragraph\" style=\"color:#000000\">Menciona que la respuesta a la problem\u00e1tica no debe venir de una sola instituci\u00f3n, sino que requiere de una articulaci\u00f3n de distintos sectores.<\/p>\n\n\n\n<p class=\"has-text-align-justify has-text-color has-link-color wp-elements-30 wp-block-paragraph\" style=\"color:#000000\">Para ello, es importante mantener la b\u00fasqueda activa de casos, reforzar la vigilancia nutricional comunitaria, promover pr\u00e1cticas adecuadas de alimentaci\u00f3n, cuidado e higiene, facilitar el acceso a agua segura y asegurar que las familias puedan acudir oportunamente a los servicios de salud cuando aparecen se\u00f1ales de alerta.<\/p>\n\n\n\n<p class=\"has-text-align-justify has-text-color has-link-color wp-elements-31 wp-block-paragraph\" style=\"color:#000000\">Se le solicit\u00f3 al Ministerio de Salud informaci\u00f3n respecto a los casos y ejecuci\u00f3n presupuestaria para combatir la desnutrici\u00f3n aguda, pero al cierre de esta nota, no hab\u00eda respondido.<\/p>\n\n\n\n<p class=\"has-text-align-justify has-text-color has-link-color wp-elements-32 wp-block-paragraph\" style=\"color:#000000\"><strong>*Ana Luc\u00eda Ola<\/strong>: Periodista de Prensa Libre especializada en temas comunitarios, con \u00e9nfasis en Salud y Educaci\u00f3n, con 17 a\u00f1os de experiencia. Reconocida con el Premio de Prensa Libre en categor\u00eda Reportaje, en 2019. Premio de la UPANA por Informar a la poblaci\u00f3n guatemalteca sobre la realidad en nutrici\u00f3n y desnutrici\u00f3n en el pa\u00eds, en 2019. Diplomada El periodismo en la era digital como agente y l\u00edder de la transformaci\u00f3n digital impartido por el Tecnol\u00f3gico de Monterrey.<\/p>\n\n\n\n<p class=\"wp-block-paragraph\"><\/p>\n","protected":false},"excerpt":{"rendered":"<p>El Ministerio de Salud reporta la muerte de 16 menores de 5 a\u00f1os por desnutrici\u00f3n aguda. El registro es hasta el 27 de junio. Esto refleja un aumento del 14.3% con respecto al mismo per\u00edodo del a\u00f1o pasado, cuando fallecieron 14 ni\u00f1os.<\/p>\n","protected":false},"author":102520410,"featured_media":53997,"comment_status":"closed","ping_status":"","sticky":false,"template":"","format":"standard","meta":{"_coblocks_attr":"","_coblocks_dimensions":"","_coblocks_responsive_height":"","_coblocks_accordion_ie_support":"","advanced_seo_description":"","jetpack_seo_html_title":"","jetpack_seo_noindex":false,"jetpack_seo_schema_type":"","_jetpack_newsletter_access":"","_jetpack_dont_email_post_to_subs":false,"_jetpack_newsletter_tier_id":0,"_jetpack_memberships_contains_paywalled_content":false,"_wpcom_ai_launchpad_first_post":false,"_jetpack_feature_clip_id":0,"_jetpack_memberships_contains_paid_content":false,"footnotes":"","jetpack_post_was_ever_published":false},"categories":[22197],"tags":[17212,703611256],"class_list":["post-53991","post","type-post","status-publish","format-standard","has-post-thumbnail","hentry","category-guatemala","tag-america-latina","tag-desnutricion-infantil","fallback-thumbnail"],"jetpack_likes_enabled":false,"jetpack_sharing_enabled":true,"jetpack_shortlink":"https:\/\/wp.me\/p7lt2C-e2P","amp_enabled":true,"jetpack_featured_media_url":"https:\/\/i0.wp.com\/correspondenciadeprensa.com\/wp-content\/uploads\/2026\/07\/Guatemala16072026.jpg?fit=1360%2C658&ssl=1","_links":{"self":[{"href":"https:\/\/correspondenciadeprensa.com\/index.php?rest_route=\/wp\/v2\/posts\/53991","targetHints":{"allow":["GET"]}}],"collection":[{"href":"https:\/\/correspondenciadeprensa.com\/index.php?rest_route=\/wp\/v2\/posts"}],"about":[{"href":"https:\/\/correspondenciadeprensa.com\/index.php?rest_route=\/wp\/v2\/types\/post"}],"author":[{"embeddable":true,"href":"https:\/\/correspondenciadeprensa.com\/index.php?rest_route=\/wp\/v2\/users\/102520410"}],"replies":[{"embeddable":true,"href":"https:\/\/correspondenciadeprensa.com\/index.php?rest_route=%2Fwp%2Fv2%2Fcomments&post=53991"}],"version-history":[{"count":6,"href":"https:\/\/correspondenciadeprensa.com\/index.php?rest_route=\/wp\/v2\/posts\/53991\/revisions"}],"predecessor-version":[{"id":53998,"href":"https:\/\/correspondenciadeprensa.com\/index.php?rest_route=\/wp\/v2\/posts\/53991\/revisions\/53998"}],"wp:featuredmedia":[{"embeddable":true,"href":"https:\/\/correspondenciadeprensa.com\/index.php?rest_route=\/wp\/v2\/media\/53997"}],"wp:attachment":[{"href":"https:\/\/correspondenciadeprensa.com\/index.php?rest_route=%2Fwp%2Fv2%2Fmedia&parent=53991"}],"wp:term":[{"taxonomy":"category","embeddable":true,"href":"https:\/\/correspondenciadeprensa.com\/index.php?rest_route=%2Fwp%2Fv2%2Fcategories&post=53991"},{"taxonomy":"post_tag","embeddable":true,"href":"https:\/\/correspondenciadeprensa.com\/index.php?rest_route=%2Fwp%2Fv2%2Ftags&post=53991"}],"curies":[{"name":"wp","href":"https:\/\/api.w.org\/{rel}","templated":true}]}}