{"id":53982,"date":"2026-07-16T20:00:00","date_gmt":"2026-07-16T18:00:00","guid":{"rendered":"https:\/\/correspondenciadeprensa.com\/?p=53982"},"modified":"2026-07-16T18:54:27","modified_gmt":"2026-07-16T16:54:27","slug":"cuba-la-historia-la-escribimos-nosotros-cinco-anos-despues-del-11j-la-protesta-sigue-viva-eltoque","status":"publish","type":"post","link":"https:\/\/correspondenciadeprensa.com\/?p=53982","title":{"rendered":"Cuba &#8211; \u00abLa historia la escribimos nosotros\u00bb: cinco a\u00f1os despu\u00e9s del 11J, la protesta sigue viva. [elTOQUE]"},"content":{"rendered":"\n<p class=\"has-text-color has-link-color wp-elements-1 wp-block-paragraph\" style=\"color:#000000\"><strong>\u00abLa historia la escribimos nosotros\u00bb: cinco a\u00f1os despu\u00e9s del 11J, la protesta sigue viva en Cuba<\/strong><\/p>\n\n\n\n<p class=\"has-text-color has-link-color wp-elements-2 wp-block-paragraph\" style=\"color:#000000\"><strong>Ra\u00fal Medina Orama y Marleidy Mu\u00f1oz<\/strong><\/p>\n\n\n\n<p class=\"has-text-color has-link-color wp-elements-3 wp-block-paragraph\" style=\"color:#000000\"><strong><em><a href=\"https:\/\/eltoque.com\/un-lustro-despues-cuba-sigue-protestando-11j\">elTOQUE<\/a><\/em>, 11-7-2026<\/strong><\/p>\n\n\n\n<p class=\"has-text-color has-link-color wp-elements-4 wp-block-paragraph\" style=\"color:#000000\"><strong><em><a href=\"https:\/\/correspondenciadeprensa.com\/\">Correspondencia de Prensa<\/a><\/em>, 16-7-2026<\/strong><\/p>\n\n\n\n<p class=\"has-text-align-justify has-text-color has-link-color wp-elements-5 wp-block-paragraph\" style=\"color:#000000\">El\u00edas Rizo Le\u00f3n ten\u00eda 16 a\u00f1os cuando subi\u00f3 a una patrulla volcada en la esquina de Toyo (municipio Diez de Octubre, La Habana) y onde\u00f3 sobre el veh\u00edculo una bandera cubana manchada con su sangre. Era el 11 de julio de 2021. La imagen de un adolescente sobre un veh\u00edculo policial derribado por la multitud, con la bandera ensangrentada al viento, recorri\u00f3 el mundo en cuesti\u00f3n de horas y se convirti\u00f3 en uno de los s\u00edmbolos m\u00e1s reconocibles del hist\u00f3rico estallido social conocido como \u00ab11J\u00bb.<\/p>\n\n\n\n<p class=\"has-text-align-justify has-text-color has-link-color wp-elements-6 wp-block-paragraph\" style=\"color:#000000\">Semanas despu\u00e9s, con la Seguridad del Estado tras su rastro, <em><a href=\"https:\/\/eltoque.com\/nino-de-la-bandera-de-toyo-11j-esta-libre\" target=\"_blank\" rel=\"noopener\">Rizo Le\u00f3n se escondi\u00f3 con ayuda de su madre<\/a><\/em>, quien se neg\u00f3 a entregarlo a pesar de las presiones de los agentes del Ministerio del Interior (Minint). En agosto de 2021, huy\u00f3 del pa\u00eds junto a su familia rumbo a Rusia y termin\u00f3 exiliado en Espa\u00f1a, evitando as\u00ed <em><a href=\"https:\/\/eltoque.com\/lo-que-no-cuenta-humberto-lopez-sobre-los-juicios-de-toyo-y-la-guinera-ii\" target=\"_blank\" rel=\"noopener\">el proceso judicial<\/a><\/em> que alcanz\u00f3 a cientos de quienes protestaron el 11 de julio. Muchos contin\u00faan encerrados.<\/p>\n\n\n\n<p class=\"has-text-align-justify has-text-color has-link-color wp-elements-7 wp-block-paragraph\" style=\"color:#000000\">\u00abCinco a\u00f1os despu\u00e9s, podemos decir que lo que cambi\u00f3 en Cuba fue el miedo. Ya nadie puede decir que el pueblo no es capaz de levantarse\u00bb, dice El\u00edas Rizo a <em>elTOQUE<\/em>. \u00abEl r\u00e9gimen sigue igual o m\u00e1s represivo, pero perdi\u00f3 el monopolio psicol\u00f3gico\u00bb, agrega el joven.<\/p>\n\n\n\n<p class=\"has-text-align-justify has-text-color has-link-color wp-elements-8 wp-block-paragraph\" style=\"color:#000000\">Para quienes salieron a la calle aquel d\u00eda, dice, la vida cambi\u00f3 para siempre: \u00abMuchos sufrieron c\u00e1rcel o exilio, pero ganaron algo irreversible, la certeza de que la dictadura puede temblar cuando la gente se une. El 11J fue una grieta que no se ha cerrado\u00bb.<\/p>\n\n\n\n<p class=\"has-text-align-justify has-text-color has-link-color wp-elements-9 wp-block-paragraph\" style=\"color:#000000\">Las protestas que se desarrollaron sobre todo el 11 y 12 de julio de 2021 rompieron una de las im\u00e1genes m\u00e1s cuidadosamente construidas por la propaganda oficial cubana durante m\u00e1s de seis d\u00e9cadas: la de un pueblo leal e incondicional a \u00abla Revoluci\u00f3n\u00bb.<\/p>\n\n\n\n<p class=\"has-text-align-justify has-text-color has-link-color wp-elements-10 wp-block-paragraph\" style=\"color:#000000\">Miles de personas salieron a las calles en decenas de ciudades para exigir servicios esenciales y gritar \u00abLibertad\u00bb, \u00abPatria y Vida\u00bb y \u00abNo tenemos miedo\u00bb, entre otras consignas que cuestionaban el poder omn\u00edmodo del Partido Comunista. En las multitudes hab\u00eda madres, jubilados, j\u00f3venes estudiantes, trabajadores y personas sin militancia pol\u00edtica previa al 11J que compart\u00edan el mismo hartazgo ante la escasez y la falta de libertades civiles y pol\u00edticas.<\/p>\n\n\n\n<p class=\"has-text-align-justify has-text-color has-link-color wp-elements-11 wp-block-paragraph\" style=\"color:#000000\">Horas despu\u00e9s de que comenzaran las protestas, Miguel D\u00edaz-Canel \u2014el presidente designado por el general Ra\u00fal Castro\u2014 lanz\u00f3 su conocida \u00aborden de combate\u00bb contra los manifestantes y llam\u00f3 a los partidarios del Gobierno a salir a las calles a enfrentarlos.<\/p>\n\n\n\n<p class=\"has-text-align-justify has-text-color has-link-color wp-elements-12 wp-block-paragraph\" style=\"color:#000000\">El r\u00e9gimen intent\u00f3 aislar al pa\u00eds con cortes de Internet y restricciones a las comunicaciones, pero las im\u00e1genes lograron salir de la isla. El mundo vio a agentes de distintas ramas del Minint <em><a href=\"https:\/\/www.facebook.com\/eltoquecom\/videos\/735303889356521\/\" target=\"_blank\" rel=\"noopener\">disparar y detener a manifestantes<\/a><\/em>, a civiles afines al Gobierno actuar junto a las fuerzas represivas, y a fuerzas especiales del ej\u00e9rcito y la polic\u00eda propinar golpes a personas ya reducidas.<\/p>\n\n\n\n<p class=\"has-text-align-justify has-text-color has-link-color wp-elements-13 wp-block-paragraph\" style=\"color:#000000\">La represi\u00f3n dej\u00f3, adem\u00e1s, la <em><a href=\"https:\/\/eltoque.com\/disparo-a-diubis-laurencio-no-justifica-legitima-defensa-policial\" target=\"_blank\" rel=\"noopener\">muerte del manifestante Diubis Laurencio Tejeda<\/a><\/em>, abatido por un disparo en la espalda durante las protestas en La G\u00fcinera. Organizaciones de derechos humanos documentaron decenas de heridos y <em><a href=\"https:\/\/www.omct.org\/es\/recursos\/reportes\/tortura-y-criminalizaci%C3%B3n-de-la-protesta-en-cuba\" target=\"_blank\" rel=\"noopener\">denuncias de torturas y desapariciones forzadas<\/a><\/em>.<\/p>\n\n\n\n<p class=\"has-text-align-justify has-text-color has-link-color wp-elements-14 wp-block-paragraph\" style=\"color:#000000\">Las huellas de aquellas jornadas no se han borrado. Seg\u00fan datos de la organizaci\u00f3n Justicia 11J, al menos 1 600 personas fueron detenidas tras las protestas y 337 contin\u00faan privadas de libertad por aquellas manifestaciones. Entre quienes permanecen recluidos, 167 personas recibieron sanciones de diez a\u00f1os o m\u00e1s y la pena m\u00e1s alta impuesta alcanza los 22 a\u00f1os, <em><a href=\"https:\/\/eltoque.com\/sedicion-en-cuba-nueva-cara-de-la-represion-politica\" target=\"_blank\" rel=\"noopener\">por supuesta \u00absedici\u00f3n\u00bb<\/a><\/em>.<\/p>\n\n\n\n<p class=\"has-text-align-justify has-text-color has-link-color wp-elements-15 wp-block-paragraph\" style=\"color:#000000\">Ese patr\u00f3n represivo no se detuvo con el paso de los a\u00f1os. \u00abSeguimos viendo que la respuesta del Estado a la protesta p\u00fablica y a la exigencia de rendici\u00f3n de cuentas es la represi\u00f3n. Es una pol\u00edtica sistem\u00e1tica y generalizada\u00bb, dijo a <a href=\"https:\/\/www.martinoticias.com\/a\/amnist%C3%ADa-internacional-el-11j-hizo-las-protestas-en-cuba-m%C3%A1s-sistem%C3%A1ticas-y-visibles-video\/470503.html\" target=\"_blank\" rel=\"noopener\"><em>Mart\u00ed Noticias<\/em><\/a> Joanna Cilano, investigadora regional para el Caribe de Amnist\u00eda Internacional, con motivo del quinto aniversario.<\/p>\n\n\n\n<p class=\"has-text-align-justify has-text-color has-link-color wp-elements-16 wp-block-paragraph\" style=\"color:#000000\">La experta afirma que durante el \u00faltimo lustro continuaron ocurriendo \u00abdetenciones arbitrarias, desapariciones forzadas, el uso indebido del derecho penal [para castigar el disenso], patrones de vigilancia contra activistas, defensores de derechos humanos y periodistas, as\u00ed como la imposici\u00f3n de penas excesivamente desproporcionadas\u00bb.<\/p>\n\n\n\n<p class=\"has-text-align-justify has-text-color has-link-color wp-elements-17 wp-block-paragraph\" style=\"color:#000000\">Cilano sum\u00f3 a la lista la detenci\u00f3n de ni\u00f1os, ni\u00f1as y adolescentes que han participado en protestas y \u00abun patr\u00f3n de represi\u00f3n contra creadores de contenido digital y sus familiares, con el objetivo de generar miedo, intimidaci\u00f3n y silenciar las voces cr\u00edticas\u00bb.<\/p>\n\n\n\n<p class=\"has-text-align-justify has-text-color has-link-color wp-elements-18 wp-block-paragraph\" style=\"color:#000000\">La cercan\u00eda del quinto aniversario ha vuelto a traducirse en presi\u00f3n sobre quienes protagonizaron aquellas jornadas o sus familiares. \u00abAs\u00ed amanec\u00ed, dos agentes en mi puerta. Hoy no puedes salir. As\u00ed vivimos los que exigimos libertad y vida digna\u00bb, <em><a href=\"https:\/\/www.facebook.com\/wilber.aguilera.146\/posts\/pfbid0bim3wGkUoCL2dS8cJFJkMDssSfhfeAYgu9rEspVrq1cYFkbeLiTwCc4JCjtew8q1l\" target=\"_blank\" rel=\"noopener\">escribi\u00f3 el 2 de julio<\/a><\/em> en Facebook Wilber Aguilar Bravo, padre del preso pol\u00edtico Walnier Luis Aguilar Rivera, sobre la vigilancia que miembros de la Polic\u00eda pol\u00edtica mantienen frente a su vivienda.<\/p>\n\n\n\n<p class=\"has-text-align-justify has-text-color has-link-color wp-elements-19 wp-block-paragraph\" style=\"color:#000000\">Pese a la presi\u00f3n, asegur\u00f3 que continuar\u00e1 denunciando la situaci\u00f3n de su hijo, condenado a 12 a\u00f1os de c\u00e1rcel, y del resto de los presos pol\u00edticos en Cuba: \u00abPrefiero luchar por mi verdad que vivir en la mentira\u00bb, escribi\u00f3 el padre, \u00abla raz\u00f3n y la verdad nunca ser\u00e1n delito\u00bb.<\/p>\n\n\n\n<p class=\"has-text-align-justify has-text-color has-link-color wp-elements-20 wp-block-paragraph\" style=\"color:#000000\">Sin embargo, ninguna de esas presiones ha logrado apagar la impronta del estallido del 2021. La ONG Justicia 11J registr\u00f3 al menos 614 <em><a href=\"https:\/\/eltoque.com\/ultimas-noticias-de-las-protestas-en-cuba\" target=\"_blank\" rel=\"noopener\">protestas p\u00fablicas en Cuba<\/a><\/em> en lo que va de 2026, 222 de ellas solo en junio, y al menos 34 en la primera semana de julio.<\/p>\n\n\n\n<p class=\"has-text-align-justify has-text-color has-link-color wp-elements-21 wp-block-paragraph\" style=\"color:#000000\">\u00abAunque desde entonces no ha ocurrido un levantamiento popular masivo y simult\u00e1neo en decenas de localidades del pa\u00eds como el 11 de julio de 2021, miles de cubanos contin\u00faan expresando su descontento de maneras diversas: manifestaciones callejeras espont\u00e1neas, cacerolazos, bloqueos de v\u00edas, carteles antigubernamentales\u00bb, se\u00f1al\u00f3 la organizaci\u00f3n en <em><a href=\"https:\/\/www.facebook.com\/reel\/1052093507414031\" target=\"_blank\" rel=\"noopener\">un comunicado<\/a><\/em>, en el que atribuye ese pulso constante al \u00abprofundo malestar social y la persistencia de las demandas de libertad, derechos y mejores condiciones de vida\u00bb.<\/p>\n\n\n\n<p class=\"has-text-align-justify has-text-color has-link-color wp-elements-22 wp-block-paragraph\" style=\"color:#000000\">Quienes protagonizaron las protestas de 2021 coinciden en que algo cambi\u00f3 de manera irreversible, incluso si el aparato represivo sigue intacto. \u00abFue un parteaguas en la percepci\u00f3n del cubano de su propia realidad. El pueblo se dio cuenta luego de esa fecha que tiene poder\u00bb, dice a <em>elTOQUE<\/em> Andy Garc\u00eda Lorenzo, condenado por el 11J a cuatro a\u00f1os (pena que cumpli\u00f3 \u00edntegramente en julio de 2025) y residente en Santa Clara.<\/p>\n\n\n\n<p class=\"has-text-align-justify has-text-color has-link-color wp-elements-23 wp-block-paragraph\" style=\"color:#000000\">\u00abCreo que el cubano sue\u00f1a que se repita el 11 de julio, pero un poquito m\u00e1s grande. Algo que defina completamente el futuro de Cuba\u00bb, opina.<\/p>\n\n\n\n<p class=\"has-text-align-justify has-text-color has-link-color wp-elements-24 wp-block-paragraph\" style=\"color:#000000\">Garc\u00eda fue interrogado y amenazado apenas unos d\u00edas antes de nuestra conversaci\u00f3n con \u00e9l, el 24 de junio, algo que atribuye directamente a la cercan\u00eda del aniversario: \u00abEl 11 de julio opac\u00f3 por completo la fecha del r\u00e9gimen [del 26 de julio, aniversario del <em><a href=\"https:\/\/eltoque.com\/la-historia-me-absolvera-un-libro-disidente\" target=\"_blank\" rel=\"noopener\">ataque armado al cuartel Moncada<\/a><\/em>]. Por eso ellos tratan de presionar para sembrar el temor\u00bb.<\/p>\n\n\n\n<p class=\"has-text-align-justify has-text-color has-link-color wp-elements-25 wp-block-paragraph\" style=\"color:#000000\">Lo que no quiere el Gobierno, dice Andy Garc\u00eda, es que se repita: \u00abEllos esperan que pueda suceder otro nuevo 11 de julio, o que los mismos participantes lo celebren, o que el pueblo cubano lo celebre\u00bb.<\/p>\n\n\n\n<p class=\"has-text-align-justify has-text-color has-link-color wp-elements-26 wp-block-paragraph\" style=\"color:#000000\">El\u00edas Rizo, el adolescente de la bandera en Toyo, coincide con Garc\u00eda en que la protesta ya no cabe solo en la calle. \u00abCuando digo que cinco a\u00f1os despu\u00e9s seguimos protestando, no hablo solo de estar en la calle, hablo de algo m\u00e1s profundo\u00bb, dice desde Espa\u00f1a.<\/p>\n\n\n\n<p class=\"has-text-align-justify has-text-color has-link-color wp-elements-27 wp-block-paragraph\" style=\"color:#000000\">\u00abLos que est\u00e1n presos resisten cada d\u00eda desde la c\u00e1rcel. Los que est\u00e1n en Cuba resisten sobreviviendo y hablando cuando pueden. Y los que estamos fuera protestamos con nuestra voz, con nuestro trabajo, con nuestra memoria\u00bb.<\/p>\n\n\n\n<p class=\"has-text-align-justify has-text-color has-link-color wp-elements-28 wp-block-paragraph\" style=\"color:#000000\">Sobre la imagen que lo hizo conocido, El\u00edas dice sentir dos cosas a la vez: \u00abOrgullo porque ese momento dej\u00f3 claro que el miedo pod\u00eda romperse y que la dignidad pod\u00eda imponerse incluso en medio del caos. Y dolor porque s\u00e9 lo que vino despu\u00e9s, la c\u00e1rcel, el exilio, las familias partidas, la represi\u00f3n multiplicada\u00bb.<\/p>\n\n\n\n<p class=\"has-text-align-justify has-text-color has-link-color wp-elements-29 wp-block-paragraph\" style=\"color:#000000\">\u00abLa historia no est\u00e1 escrita\u00bb, cierra, \u00abla escribimos nosotros cuando decimos que ya basta de dictadura en Cuba\u00bb.<\/p>\n\n\n\n<p class=\"has-text-align-justify has-text-color has-link-color wp-elements-30 wp-block-paragraph\" style=\"color:#000000\">Betty Guerra Perdomo, prima de los hermanos Jorge y Nadir Mart\u00edn Perdomo, condenados a ocho y seis a\u00f1os de c\u00e1rcel por manifestarse el 11J en San Jos\u00e9 de las Lajas (Mayabeque), describe estos cinco a\u00f1os en los mismos t\u00e9rminos contradictorios.<\/p>\n\n\n\n<p class=\"has-text-align-justify has-text-color has-link-color wp-elements-31 wp-block-paragraph\" style=\"color:#000000\">\u00abHan sido duros. El dolor, la rabia, la frustraci\u00f3n, las injusticias, las denuncias y las enfermedades siguen presentes. Pero tambi\u00e9n han estado marcados por el aprendizaje, la hermandad, el amor y una fe inquebrantable\u00bb, dice Guerra Perdomo. \u00abSomos una familia que batalla contra un r\u00e9gimen sin alma, pero tenemos la certeza de que la luz y el bien prevalecer\u00e1n alg\u00fan d\u00eda\u00bb.<\/p>\n\n\n\n<p class=\"has-text-align-justify has-text-color has-link-color wp-elements-32 wp-block-paragraph\" style=\"color:#000000\">En diciembre de 2021, Betty fund\u00f3 el proyecto <em><a href=\"https:\/\/x.com\/PresosCuba\" target=\"_blank\" rel=\"noopener\">Presos Pol\u00edticos de Cuba<\/a><\/em> para visibilizar en redes sociales, adem\u00e1s del caso de sus primos, el de cientos de personas presas por motivos pol\u00edticos en ese momento. Las cifras de quienes est\u00e1n tras las rejas por el 11J y otras causas pol\u00edticas no han dejado de crecer y oscilan entre <em><a href=\"https:\/\/justicia11j.org\" target=\"_blank\" rel=\"noopener\">823<\/a><\/em> y <em><a href=\"https:\/\/www.prisonersdefenders.org\/2026\/07\/09\/aniversario-11j-regimen-cuba-nuevos-records-represion-1306-prisioneros-politicos-40-menores\/\" target=\"_blank\" rel=\"noopener\">m\u00e1s de 1 300<\/a><\/em>, seg\u00fan las estimaciones de distintas organizaciones independientes.<\/p>\n\n\n\n<p class=\"has-text-align-justify has-text-color has-link-color wp-elements-33 wp-block-paragraph\" style=\"color:#000000\">Su compromiso, dice Betty, no ha cambiado: \u00abMe est\u00e1 prohibido callar, y mientras uno solo de ellos siga preso, ah\u00ed estar\u00e9 yo levantando mi voz por su liberaci\u00f3n. Abandonarlos ser\u00eda un crimen\u00bb.<\/p>\n\n\n\n<p class=\"has-text-align-justify has-text-color has-link-color wp-elements-34 wp-block-paragraph\" style=\"color:#000000\">Cinco a\u00f1os despu\u00e9s del 11 de julio de 2021, el balance que arrojan las cifras, los testimonios y los casos de prisi\u00f3n pol\u00edtica abiertos durante las \u00faltimas semanas de manifestaciones apunta en una sola direcci\u00f3n: la represi\u00f3n del Estado no ces\u00f3, pero tampoco las protestas. Entre la c\u00e1rcel, el exilio y la calle, miles de cubanos demuestran que aquel estallido social no fue un hecho aislado que qued\u00f3 en el pasado, sino el punto de partida de una resistencia que contin\u00faa.<\/p>\n\n\n\n<p class=\"wp-block-paragraph\"><\/p>\n","protected":false},"excerpt":{"rendered":"<p>Las huellas de aquellas jornadas no se han borrado. Seg\u00fan datos de la organizaci\u00f3n Justicia 11J, al menos 1 600 personas fueron detenidas tras las protestas y 337 contin\u00faan privadas de libertad por aquellas manifestaciones. Entre quienes permanecen recluidos, 167 personas recibieron sanciones de diez a\u00f1os o m\u00e1s y la pena m\u00e1s alta impuesta alcanza los 22 a\u00f1os, por supuesta \u00absedici\u00f3n\u00bb.<\/p>\n","protected":false},"author":102520410,"featured_media":53989,"comment_status":"closed","ping_status":"","sticky":false,"template":"","format":"standard","meta":{"_coblocks_attr":"","_coblocks_dimensions":"","_coblocks_responsive_height":"","_coblocks_accordion_ie_support":"","advanced_seo_description":"","jetpack_seo_html_title":"","jetpack_seo_noindex":false,"jetpack_seo_schema_type":"","_jetpack_newsletter_access":"","_jetpack_dont_email_post_to_subs":false,"_jetpack_newsletter_tier_id":0,"_jetpack_memberships_contains_paywalled_content":false,"_wpcom_ai_launchpad_first_post":false,"_jetpack_feature_clip_id":0,"_jetpack_memberships_contains_paid_content":false,"footnotes":"","jetpack_post_was_ever_published":false},"categories":[16719],"tags":[17212,703607373,703604856,703611255,703605027,703604855],"class_list":["post-53982","post","type-post","status-publish","format-standard","has-post-thumbnail","hentry","category-cuba","tag-america-latina","tag-patria-y-vida","tag-miguel-diaz-canel","tag-policia-politica","tag-presos-politicos","tag-raul-castro","fallback-thumbnail"],"jetpack_likes_enabled":false,"jetpack_sharing_enabled":true,"jetpack_shortlink":"https:\/\/wp.me\/p7lt2C-e2G","amp_enabled":true,"jetpack_featured_media_url":"https:\/\/i0.wp.com\/correspondenciadeprensa.com\/wp-content\/uploads\/2026\/07\/Cuba16072026.jpg?fit=1305%2C659&ssl=1","_links":{"self":[{"href":"https:\/\/correspondenciadeprensa.com\/index.php?rest_route=\/wp\/v2\/posts\/53982","targetHints":{"allow":["GET"]}}],"collection":[{"href":"https:\/\/correspondenciadeprensa.com\/index.php?rest_route=\/wp\/v2\/posts"}],"about":[{"href":"https:\/\/correspondenciadeprensa.com\/index.php?rest_route=\/wp\/v2\/types\/post"}],"author":[{"embeddable":true,"href":"https:\/\/correspondenciadeprensa.com\/index.php?rest_route=\/wp\/v2\/users\/102520410"}],"replies":[{"embeddable":true,"href":"https:\/\/correspondenciadeprensa.com\/index.php?rest_route=%2Fwp%2Fv2%2Fcomments&post=53982"}],"version-history":[{"count":7,"href":"https:\/\/correspondenciadeprensa.com\/index.php?rest_route=\/wp\/v2\/posts\/53982\/revisions"}],"predecessor-version":[{"id":53990,"href":"https:\/\/correspondenciadeprensa.com\/index.php?rest_route=\/wp\/v2\/posts\/53982\/revisions\/53990"}],"wp:featuredmedia":[{"embeddable":true,"href":"https:\/\/correspondenciadeprensa.com\/index.php?rest_route=\/wp\/v2\/media\/53989"}],"wp:attachment":[{"href":"https:\/\/correspondenciadeprensa.com\/index.php?rest_route=%2Fwp%2Fv2%2Fmedia&parent=53982"}],"wp:term":[{"taxonomy":"category","embeddable":true,"href":"https:\/\/correspondenciadeprensa.com\/index.php?rest_route=%2Fwp%2Fv2%2Fcategories&post=53982"},{"taxonomy":"post_tag","embeddable":true,"href":"https:\/\/correspondenciadeprensa.com\/index.php?rest_route=%2Fwp%2Fv2%2Ftags&post=53982"}],"curies":[{"name":"wp","href":"https:\/\/api.w.org\/{rel}","templated":true}]}}