{"id":52881,"date":"2026-05-14T19:49:47","date_gmt":"2026-05-14T17:49:47","guid":{"rendered":"https:\/\/correspondenciadeprensa.com\/?p=52881"},"modified":"2026-05-14T19:49:47","modified_gmt":"2026-05-14T17:49:47","slug":"israel-disolucion-del-parlamento-que-sucedio-con-la-coalicion-de-benjamin-netanyahu-y-cuales-son-los-proximos-pasos-infobae","status":"publish","type":"post","link":"https:\/\/correspondenciadeprensa.com\/?p=52881","title":{"rendered":"Israel &#8211; Disoluci\u00f3n del parlamento: qu\u00e9 sucedi\u00f3 con la coalici\u00f3n de Benjamin Netanyahu y cu\u00e1les son los pr\u00f3ximos pasos. [Infobae]"},"content":{"rendered":"\n<p class=\"has-text-align-right wp-block-paragraph\"><sub>El primer ministro israel\u00ed, Benjamin Netanyahu, el ministro de Finanzas, Bezalel Smotrich, el ministro de Defensa, Israel Katz, y el ministro de Seguridad Nacional, Itamar Ben-Gvir, participan en un debate durante el pleno de la Knesset, el parlamento israel\u00ed, en Jerusal\u00e9n, el 23-7-2025. REUTERS\/Ronen Zvulun<\/sub><\/p>\n\n\n\n<p class=\"has-text-color has-link-color wp-elements-1 wp-block-paragraph\" style=\"color:#000000\"><strong>Infobae, 13-5-2026<\/strong><\/p>\n\n\n\n<p class=\"has-text-color has-link-color wp-elements-2 wp-block-paragraph\" style=\"color:#000000\"><strong>Correspondencia de Prensa, 14-5-2026<\/strong><\/p>\n\n\n\n<p class=\"has-text-align-justify has-text-color has-link-color wp-elements-3 wp-block-paragraph\" style=\"color:#000000\"><strong>Disoluci\u00f3n del parlamento en Israel: qu\u00e9 sucedi\u00f3 con la coalici\u00f3n de Benjamin Netanyahu y cu\u00e1les son los pr\u00f3ximos pasos<\/strong><\/p>\n\n\n\n<p class=\"has-text-align-justify has-text-color has-link-color wp-elements-4 wp-block-paragraph\" style=\"color:#000000\">El partido Likud present\u00f3 un proyecto para disolver la Kn\u00e9set y fijar comicios anticipados tras la ruptura de los acuerdos con sus socios ultraortodoxos<\/p>\n\n\n\n<p class=\"has-text-align-justify has-text-color has-link-color wp-elements-5 wp-block-paragraph\" style=\"color:#000000\">La coalici\u00f3n gobernante de Israel present\u00f3 este mi\u00e9rcoles un proyecto de ley para <em><a href=\"https:\/\/www.infobae.com\/america\/mundo\/2026\/05\/14\/la-coalicion-del-gobierno-de-israel-propuso-disolver-el-parlamento-y-anticipar-las-elecciones\/\" target=\"_blank\" rel=\"noopener\">disolver el Parlamento<\/a><\/em> -la Kn\u00e9set- y convocar elecciones anticipadas, en una maniobra impulsada por el partido Likud del primer ministro Benjam\u00edn Netanyahu para mantener el control sobre el calendario electoral. El texto fue firmado por los l\u00edderes de los seis grupos parlamentarios que integran la coalici\u00f3n.<\/p>\n\n\n\n<p class=\"has-text-align-justify has-text-color has-link-color wp-elements-6 wp-block-paragraph\" style=\"color:#000000\">La propuesta establece que la fecha de los comicios ser\u00e1 fijada por el Comit\u00e9 de la C\u00e1mara de la Kn\u00e9set, con un m\u00ednimo de 90 d\u00edas y un m\u00e1ximo de cinco meses tras la aprobaci\u00f3n de la ley. Las elecciones deben celebrarse, en cualquier caso, antes del 27 de octubre, fecha en que conclu\u00eda el mandato legislativo en curso.<\/p>\n\n\n\n<p class=\"has-text-color has-link-color wp-elements-7 wp-block-paragraph\" style=\"color:#000000\"><strong>La crisis con los partidos ultraortodoxos<\/strong><\/p>\n\n\n\n<p class=\"has-text-align-justify has-text-color has-link-color wp-elements-8 wp-block-paragraph\" style=\"color:#000000\">La presentaci\u00f3n del proyecto es consecuencia directa de una ruptura con los socios ultraortodoxos de la coalici\u00f3n. El martes, el rabino Dov Lando, l\u00edder espiritual del partido Degel HaTorah, orden\u00f3 a sus legisladores actuar para disolver la Kn\u00e9set \u201ccuanto antes\u201d, declarando: \u201cYa no tenemos confianza en Netanyahu\u201d. Tras esas palabras, la corriente lituana del partido Juda\u00edsmo Unido de la Tor\u00e1 (UTJ, por sus siglas en ingl\u00e9s) dej\u00f3 de coordinar votos con la coalici\u00f3n.<\/p>\n\n\n\n<p class=\"has-text-align-justify has-text-color has-link-color wp-elements-9 wp-block-paragraph\" style=\"color:#000000\">Los partidos Haredi acusan a Netanyahu de no haber cumplido su promesa de aprobar una ley que exima permanentemente a los j\u00f3venes ultraortodoxos que estudian en yeshivas \u2014seminarios religiosos\u2014 del servicio militar obligatorio. El primer ministro hab\u00eda pasado semanas intentando evitar que esos partidos apoyaran los esfuerzos disolutivos, mientras aseguraba que las negociaciones sobre un proyecto de ley de compromiso continuaban. Su anuncio de que la legislaci\u00f3n no ser\u00eda aprobada antes de las elecciones elimin\u00f3 el principal incentivo para que los partidos Haredi mantuvieran la coalici\u00f3n en pie.<\/p>\n\n\n\n<p class=\"has-text-color has-link-color wp-elements-10 wp-block-paragraph\" style=\"color:#000000\"><strong>La maniobra para controlar el proceso<\/strong><\/p>\n\n\n\n<p class=\"has-text-align-justify has-text-color has-link-color wp-elements-11 wp-block-paragraph\" style=\"color:#000000\">La fragilidad de la mayor\u00eda parlamentaria qued\u00f3 expuesta horas antes de la presentaci\u00f3n del proyecto. La coalici\u00f3n retir\u00f3 todos los proyectos de ley programados para lecturas preliminares en la Kn\u00e9set, incluyendo una controvertida ley de nombramientos que otorgar\u00eda al gobierno autoridad casi exclusiva para designar y destituir a altos funcionarios \u2014entre ellos el fiscal general, el jefe del Estado Mayor de las Fuerzas de Defensa de Israel (FDI), el director del Shin Bet y el comisionado de Polic\u00eda\u2014. La oposici\u00f3n hab\u00eda retirado previamente sus propios proyectos para evidenciar que la coalici\u00f3n carec\u00eda de mayor\u00eda para sacarlos adelante.<\/p>\n\n\n\n<p class=\"has-text-align-justify has-text-color has-link-color wp-elements-12 wp-block-paragraph\" style=\"color:#000000\">Fue el jefe de disciplina de la coalici\u00f3n, Ofir Katz, quien present\u00f3 formalmente el proyecto de disoluci\u00f3n, con el respaldo de legisladores de UTJ, Shas, Nueva Esperanza, Sionismo Religioso y Otzma Yehudit. La jugada busc\u00f3 anticiparse a los partidos opositores, que el martes ya hab\u00edan anunciado su propia iniciativa de disoluci\u00f3n y presionado al presidente de la Kn\u00e9set, Amir Ohana, para celebrar una votaci\u00f3n preliminar ese mismo mi\u00e9rcoles.<\/p>\n\n\n\n<p class=\"has-text-color has-link-color wp-elements-13 wp-block-paragraph\" style=\"color:#000000\"><strong>Las posiciones sobre la fecha electoral<\/strong><\/p>\n\n\n\n<p class=\"has-text-align-justify has-text-color has-link-color wp-elements-14 wp-block-paragraph\" style=\"color:#000000\">Al interior de la coalici\u00f3n persisten diferencias sobre cu\u00e1ndo convocar los comicios. Degel HaTorah aspira a celebrarlos el 1 de septiembre, mientras que su socio Shas prefiere el 15 de septiembre, durante las fiestas jud\u00edas de Altas Horas, con la expectativa de que una mayor participaci\u00f3n entre los votantes tradicionales y religiosos beneficie al partido, seg\u00fan inform\u00f3 el ministro Arye Deri. En contraste, funcionarios del Likud y del Partido Sionismo Religioso consideran que una elecci\u00f3n a principios de septiembre ser\u00eda un error.<\/p>\n\n\n\n<p class=\"has-text-align-justify has-text-color has-link-color wp-elements-15 wp-block-paragraph\" style=\"color:#000000\">El ministro de Finanzas, Bezalel Smotrich, que acaba de aprobar el \u00faltimo presupuesto estatal del per\u00edodo legislativo, enfrenta el riesgo de que su partido quede por debajo del umbral electoral y presiona para posponer los comicios hasta el 27 de octubre. Allegados a Netanyahu tambi\u00e9n buscan dilatar el proceso el mayor tiempo posible, con la expectativa de acumular logros militares y diplom\u00e1ticos que mejoren su posici\u00f3n ante los votantes.<\/p>\n\n\n\n<p class=\"has-text-color has-link-color wp-elements-16 wp-block-paragraph\" style=\"color:#000000\"><strong>El escenario opositor y el estado de las encuestas<\/strong><\/p>\n\n\n\n<p class=\"has-text-align-justify has-text-color has-link-color wp-elements-17 wp-block-paragraph\" style=\"color:#000000\">La oposici\u00f3n, por su parte, tambi\u00e9n respalda la disoluci\u00f3n de la Kn\u00e9set, lo que hace que la aprobaci\u00f3n del proyecto sea considerada pr\u00e1cticamente inevitable. Bajo las normas parlamentarias, la votaci\u00f3n preliminar no puede celebrarse antes del lunes, y seg\u00fan medios israel\u00edes, el texto podr\u00eda someterse a votaci\u00f3n el 20 de mayo.<\/p>\n\n\n\n<p class=\"has-text-align-justify has-text-color has-link-color wp-elements-18 wp-block-paragraph\" style=\"color:#000000\">Un sondeo del canal p\u00fablico <em>Kan <\/em>publicado el martes situ\u00f3 al Likud en primer lugar en intenci\u00f3n de voto, con 26 esca\u00f1os proyectados sobre los 120 de la Kn\u00e9set \u2014frente a los 32 que obtuvo en el parlamento saliente\u2014. Le sigue la alianza Beyahad (Juntos), la lista conjunta formada el mes pasado por el l\u00edder opositor Yair Lapid, del partido centrista Yesh Atid, y el ex primer ministro Naftali Bennett. La coalici\u00f3n obtendr\u00eda 25 esca\u00f1os, seguida de Yashar (Recto), la formaci\u00f3n de centroderecha del ex jefe militar Gadi Eisenkot, considerado un posible aliado de Lapid y Bennett.<\/p>\n\n\n\n<p class=\"has-text-align-justify has-text-color has-link-color wp-elements-19 wp-block-paragraph\" style=\"color:#000000\">Las encuestas recientes proyectan que los partidos de oposici\u00f3n podr\u00edan obtener mayor\u00eda en la Kn\u00e9set, aunque varios l\u00edderes opositores \u2014incluido Bennett\u2014 han descartado formar gobierno con apoyo de partidos \u00e1rabes, lo que podr\u00eda impedir al bloque anti-Netanyahu alcanzar una mayor\u00eda gobernante incluso si obtiene m\u00e1s esca\u00f1os.<\/p>\n\n\n\n<p class=\"has-text-color has-link-color wp-elements-20 wp-block-paragraph\" style=\"color:#000000\"><strong>Netanyahu: elecciones con juicio pendiente y diagn\u00f3stico de c\u00e1ncer<\/strong><\/p>\n\n\n\n<p class=\"has-text-align-justify has-text-color has-link-color wp-elements-21 wp-block-paragraph\" style=\"color:#000000\">Netanyahu, de 76 a\u00f1os, gobern\u00f3 Israel durante m\u00e1s de 18 a\u00f1os en total desde 1996, m\u00e1s que cualquier otro primer ministro en la historia del pa\u00eds. Enfrenta un largo proceso por corrupci\u00f3n y revel\u00f3 recientemente que fue sometido a una cirug\u00eda por c\u00e1ncer de pr\u00f3stata. Confirm\u00f3 que tiene intenci\u00f3n de presentarse nuevamente a las elecciones.<\/p>\n\n\n\n<p class=\"has-text-align-justify has-text-color has-link-color wp-elements-22 wp-block-paragraph\" style=\"color:#000000\">Lapid y Bennett han anunciado que sus ejes de campa\u00f1a ser\u00e1n la creaci\u00f3n de una comisi\u00f3n nacional de investigaci\u00f3n sobre los ataques del 7 de octubre de 2023 \u2014para determinar responsabilidades por el d\u00eda m\u00e1s mort\u00edfero de la historia de Israel\u2014 y la aprobaci\u00f3n de una ley que someta a los jud\u00edos ultraortodoxos al servicio militar obligatorio. Lapid calific\u00f3 el reciente alto al fuego acordado con Ir\u00e1n como \u201cun desastre pol\u00edtico\u201d.<\/p>\n","protected":false},"excerpt":{"rendered":"<p>La coalici\u00f3n gobernante de Israel present\u00f3 este mi\u00e9rcoles un proyecto de ley para disolver el Parlamento -la Kn\u00e9set- y convocar elecciones anticipadas, en una maniobra impulsada por el partido Likud del primer ministro Benjam\u00edn Netanyahu para mantener el control sobre el calendario electoral.<\/p>\n","protected":false},"author":102520410,"featured_media":52887,"comment_status":"closed","ping_status":"","sticky":false,"template":"","format":"standard","meta":{"_coblocks_attr":"","_coblocks_dimensions":"","_coblocks_responsive_height":"","_coblocks_accordion_ie_support":"","advanced_seo_description":"","jetpack_seo_html_title":"","jetpack_seo_noindex":false,"jetpack_seo_schema_type":"","_jetpack_newsletter_access":"","_jetpack_dont_email_post_to_subs":false,"_jetpack_newsletter_tier_id":0,"_jetpack_memberships_contains_paywalled_content":false,"_wpcom_ai_launchpad_first_post":false,"_jetpack_feature_clip_id":0,"_jetpack_memberships_contains_paid_content":false,"footnotes":"","jetpack_post_was_ever_published":false},"categories":[9937],"tags":[17212,703611168,840443,703607482,703611169],"class_list":["post-52881","post","type-post","status-publish","format-standard","has-post-thumbnail","hentry","category-israel","tag-america-latina","tag-bezalel-smotrich","tag-likud","tag-naftali-bennett","tag-yesh-atid","fallback-thumbnail"],"jetpack_likes_enabled":false,"jetpack_sharing_enabled":true,"jetpack_shortlink":"https:\/\/wp.me\/p7lt2C-dKV","amp_enabled":true,"jetpack_featured_media_url":"https:\/\/i0.wp.com\/correspondenciadeprensa.com\/wp-content\/uploads\/2026\/05\/Israel14052026.jpg?fit=1072%2C535&ssl=1","_links":{"self":[{"href":"https:\/\/correspondenciadeprensa.com\/index.php?rest_route=\/wp\/v2\/posts\/52881","targetHints":{"allow":["GET"]}}],"collection":[{"href":"https:\/\/correspondenciadeprensa.com\/index.php?rest_route=\/wp\/v2\/posts"}],"about":[{"href":"https:\/\/correspondenciadeprensa.com\/index.php?rest_route=\/wp\/v2\/types\/post"}],"author":[{"embeddable":true,"href":"https:\/\/correspondenciadeprensa.com\/index.php?rest_route=\/wp\/v2\/users\/102520410"}],"replies":[{"embeddable":true,"href":"https:\/\/correspondenciadeprensa.com\/index.php?rest_route=%2Fwp%2Fv2%2Fcomments&post=52881"}],"version-history":[{"count":5,"href":"https:\/\/correspondenciadeprensa.com\/index.php?rest_route=\/wp\/v2\/posts\/52881\/revisions"}],"predecessor-version":[{"id":52886,"href":"https:\/\/correspondenciadeprensa.com\/index.php?rest_route=\/wp\/v2\/posts\/52881\/revisions\/52886"}],"wp:featuredmedia":[{"embeddable":true,"href":"https:\/\/correspondenciadeprensa.com\/index.php?rest_route=\/wp\/v2\/media\/52887"}],"wp:attachment":[{"href":"https:\/\/correspondenciadeprensa.com\/index.php?rest_route=%2Fwp%2Fv2%2Fmedia&parent=52881"}],"wp:term":[{"taxonomy":"category","embeddable":true,"href":"https:\/\/correspondenciadeprensa.com\/index.php?rest_route=%2Fwp%2Fv2%2Fcategories&post=52881"},{"taxonomy":"post_tag","embeddable":true,"href":"https:\/\/correspondenciadeprensa.com\/index.php?rest_route=%2Fwp%2Fv2%2Ftags&post=52881"}],"curies":[{"name":"wp","href":"https:\/\/api.w.org\/{rel}","templated":true}]}}