{"id":52708,"date":"2026-05-01T20:52:26","date_gmt":"2026-05-01T18:52:26","guid":{"rendered":"https:\/\/correspondenciadeprensa.com\/?p=52708"},"modified":"2026-05-01T20:52:26","modified_gmt":"2026-05-01T18:52:26","slug":"palestina-el-derecho-al-retorno-nunca-desaparecera-dossier","status":"publish","type":"post","link":"https:\/\/correspondenciadeprensa.com\/?p=52708","title":{"rendered":"Palestina \u2013 \u201cEl derecho al retorno nunca desaparecer\u00e1\u201d. [Dossier]"},"content":{"rendered":"\n<p class=\"has-text-align-right wp-block-paragraph\"><sub>Los palestinos revitalizan las aldeas despobladas de las zonas de 1948 durante el D\u00eda de la Independencia de Israel, el 22 de abril de 2026. [Naif Zaidani\/The New Arab]<\/sub><\/p>\n\n\n\n<p class=\"has-text-color has-link-color wp-elements-351b8d886ade42e10c9d8fb78c492187 wp-block-paragraph\" style=\"color:#000000\"><strong>\u201cEl derecho al retorno nunca desaparecer\u00e1: as\u00ed lo demuestran las manifestaciones organizadas en los pueblos palestinos de 1948\u201d.<\/strong><\/p>\n\n\n\n<p class=\"has-text-color has-link-color wp-elements-4844d9678506f43731d3eabc0691b243 wp-block-paragraph\" style=\"color:#000000\"><strong>Naif Zaydani (Ha\u00effa) <\/strong><\/p>\n\n\n\n<p class=\"has-text-color has-link-color wp-elements-35723d6cdfe24b09dbc9db1246c85299 wp-block-paragraph\" style=\"color:#000000\"><strong><em><a href=\"https:\/\/www.newarab.com\/news\/nakba-events-held-1948-palestinian-villages-stress-return\">The New Arabe<\/a><\/em>, 23-4-2026<\/strong><\/p>\n\n\n\n<p class=\"has-text-color has-link-color wp-elements-8a1c7dad2a47b302c2191ca999ff2802 wp-block-paragraph\" style=\"color:#000000\"><strong>Traducci\u00f3n al franc\u00e9s y edici\u00f3n de <em><a href=\"https:\/\/alencontre.org\/moyenorient\/palestine\/le-droit-au-retour-ne-disparaitra-jamais-les-manifestations-organisees-dans-les-villages-palestiniens-de-1948-le-montrent.html\">A l\u2019encontre<\/a><\/em>, 24-4-2026<\/strong><\/p>\n\n\n\n<p class=\"has-text-color has-link-color wp-elements-d01ac98ecd49872cddac1d0cfb6e55bd wp-block-paragraph\" style=\"color:#000000\"><strong>Traducci\u00f3n de <em><a href=\"https:\/\/correspondenciadeprensa.com\/\">Correspondencia de Prensa<\/a><\/em>, 1-5-2026<\/strong><\/p>\n\n\n\n<p class=\"has-text-align-justify has-text-color has-link-color wp-elements-822baa7e02255e83f815de65ee4c19b9 wp-block-paragraph\" style=\"color:#000000\">Las aldeas palestinas despobladas desde 1948 y situadas en el interior de Israel organizaron una serie de actos el mi\u00e9rcoles 22 de abril, en los que manifestaron su compromiso con el derecho al retorno, a la tierra y a la transmisi\u00f3n de la memoria colectiva entre generaciones, con el fin de conmemorar la Nakba palestina [la \u00abcat\u00e1strofe\u00bb], v\u00e9ase la obra de Ilan Papp\u00e9 <em>La limpieza \u00e9tnica de Palestina<\/em>].<\/p>\n\n\n\n<p class=\"has-text-align-justify has-text-color has-link-color wp-elements-b4cd85624b00e078afa960e7dd0b3dd9 wp-block-paragraph\" style=\"color:#000000\">Las restricciones impuestas por Israel [prohibici\u00f3n de manifestaciones de m\u00e1s de 1000 personas], justificadas por el estado de emergencia, impidieron la celebraci\u00f3n de la marcha central anual organizada por la Asociaci\u00f3n por la Defensa de los Derechos de las Personas Desplazadas. Es el segundo a\u00f1o consecutivo en que se proh\u00edbe la marcha. La Asociaci\u00f3n propuso entonces que la marcha se celebrara de forma virtual [mesa redonda por Zoom], junto con visitas a lugares hist\u00f3ricos y actividades locales en los distintos pueblos.<\/p>\n\n\n\n<p class=\"has-text-align-justify has-text-color has-link-color wp-elements-5cac213e92701586b90d30e65752ac04 wp-block-paragraph\" style=\"color:#000000\">En al-Damun [situado en el subdistrito de Haifa, a 11 km de Acre], donde estuvo <em>The New Arab<\/em>, las escenas y las emociones resultaban conmovedoras.<\/p>\n\n\n\n<p class=\"has-text-align-justify has-text-color has-link-color wp-elements-911de516f70d14f79763dd738ce833b6 wp-block-paragraph\" style=\"color:#000000\">Los habitantes de m\u00e1s edad expresaron su nostalgia al relatar sus recuerdos, mientras que los ni\u00f1os mostraban una conciencia incipiente y los mayores observaban a los m\u00e1s j\u00f3venes dibujar la bandera palestina. Otros jugaban con sus juguetes en el suelo, mientras personas de todas las edades se reun\u00edan cerca de la fuente de agua, que sigue siendo testigo de un pueblo que en su d\u00eda estuvo lleno de vida [y que en 1944-45 reun\u00eda a unas 1300 personas], o paseaban entre las ruinas de las casas. Algunos participantes compartieron platos tradicionales que tra\u00edan el aroma del pasado, mientras que otros asistieron a actuaciones art\u00edsticas, en particular dibujos y m\u00fasica que reflejaban el esp\u00edritu nacional.<\/p>\n\n\n\n<p class=\"has-text-color has-link-color wp-elements-ab3cc4f492b22ea97854e7762865e8fe wp-block-paragraph\" style=\"color:#000000\"><strong>Sentido de la narraci\u00f3n<\/strong><\/p>\n\n\n\n<p class=\"has-text-align-justify has-text-color has-link-color wp-elements-bc9758e205db0c128311e3802b275c32 wp-block-paragraph\" style=\"color:#000000\">Mohammad Asaad Murshid, nacido en al-Damun, lleva mucho tiempo acompa\u00f1ando a las familias que regresan y a los visitantes en visitas guiadas por las ruinas. Este a\u00f1o avanzaba m\u00e1s lentamente, pero segu\u00eda decidido a dar testimonio y a mantener vivas tanto la esperanza como la acci\u00f3n.<\/p>\n\n\n\n<p class=\"has-text-align-justify has-text-color has-link-color wp-elements-784e40634dba4562553e5373f28ca310 wp-block-paragraph\" style=\"color:#000000\">Declar\u00f3 a <em>The New Arab <\/em>que su memoria a\u00fan conservaba v\u00edvidos recuerdos de cuando ten\u00eda ocho a\u00f1os, en 1948, as\u00ed como de los relatos transmitidos por su padre y sus familiares.<\/p>\n\n\n\n<p class=\"has-text-align-justify has-text-color has-link-color wp-elements-6cffbb967bb0886860c50f47b22bb3ad wp-block-paragraph\" style=\"color:#000000\">\u00abCuando nos fuimos en 1948, yo ten\u00eda ocho a\u00f1os. Aqu\u00ed hab\u00eda una gran era para trillar el trigo, y es ah\u00ed donde comienzan mis recuerdos. Le pregunt\u00e9 a mi padre por un avi\u00f3n que volaba encima nuestro, y \u00e9l me dijo que no tuviera miedo; era el avi\u00f3n de la tregua [declarada entre el 11 de junio y el 8 de julio de 1948, bajo la direcci\u00f3n del mediador Folke Bernadotte; esta tregua permiti\u00f3 un refuerzo militar de las fuerzas sionistas \u2014entre otras cosas, la recepci\u00f3n de armas suministradas por Checoslovaquia, \u00a1ya que la URSS necesitaba d\u00f3lares!\u2014, y la ofensiva volvi\u00f3 a comenzar el 9 de julio]\u00bb.<\/p>\n\n\n\n<p class=\"has-text-align-justify has-text-color has-link-color wp-elements-1d5a7a0fae29d575cc77c1052077ad17 wp-block-paragraph\" style=\"color:#000000\">\u00abEra de tarde y, de repente, cayeron bombas cerca de la casa de mi t\u00edo. Su hija, Basma Khalil Abu Ali, muri\u00f3, y su madre y sus hermanas resultaron heridas. Fuimos desplazados y dispersados. Fuimos a Sakhnin, Al-Rama y Sajur y vivimos en varios lugares antes de instalarnos en Kabul [cerca de Acre]\u00bb, a\u00f1adi\u00f3.<\/p>\n\n\n\n<p class=\"has-text-align-justify has-text-color has-link-color wp-elements-d1ded6a272732b28754591ee3c8edba6 wp-block-paragraph\" style=\"color:#000000\">\u00abEl objetivo de estas actividades conmemorativas es dar a conocer a las nuevas generaciones los lugares emblem\u00e1ticos de al-Damun. Es nuestro pueblo, nuestra propiedad, y lo abandonamos contra nuestra voluntad. No ten\u00edamos armas para resistir, y est\u00e1bamos trabajando en nuestros campos de trigo y en nuestras eras cuando tuvo lugar el ataque. Tenemos derecho a regresar a esta tierra bendita, y estamos convencidos de que volveremos\u00bb, declar\u00f3 Mohammad Asaad Murshid.<\/p>\n\n\n\n<p class=\"has-text-align-justify has-text-color has-link-color wp-elements-6747152bcb64570324fe33cf344f93cf wp-block-paragraph\" style=\"color:#000000\">\u00abHemos venido a nuestro pueblo para ver c\u00f3mo ha cambiado. Nac\u00ed en el exterior en 1949. Mi familia se reparti\u00f3 entre Tamra y Kabul, dos ciudades de Galilea situadas cerca del pueblo despoblado de la regi\u00f3n de Acre. No hay nada comparable a al-Damun. Nos dijeron que all\u00ed hab\u00eda de todo, y esperamos volver\u00bb, declar\u00f3 Wafeeqa Murad.<\/p>\n\n\n\n<p class=\"has-text-align-justify has-text-color has-link-color wp-elements-45f2b20b70531cd48bb987df11720ba1 wp-block-paragraph\" style=\"color:#000000\">En primavera, Ahmed Mohammad Rayan declar\u00f3 a <em>The New Arab<\/em> que visitaba con regularidad el \u00abpueblo de sus padres, abuelos y bisabuelos para reafirmar que el derecho al retorno no es negociable y no se debilita con el tiempo\u00bb<\/p>\n\n\n\n<p class=\"has-text-align-justify has-text-color has-link-color wp-elements-61a5ffad99a05a3db95c67310428e178 wp-block-paragraph\" style=\"color:#000000\">\u00abSeguimos luchando para que este pueblo vuelva a manos de sus habitantes. Al-Damun era un pueblo estrat\u00e9gico, muy importante y desarrollado para su \u00e9poca, con un molino de harina y una almazara (molino donde se procesa el aceite de oliva). El agua de este manantial se ha secado de tanto llorar la separaci\u00f3n de sus habitantes, y a\u00fan nos espera. Las piedras hablan y dicen: Vuelvan, pueblo nuestro; vuelvan, habitantes de Al-Damun que beb\u00edan de mi agua. Volveremos, si dios quiere\u00bb.<\/p>\n\n\n\n<p class=\"has-text-color has-link-color wp-elements-b1b080dfb241e11807c78175c35f5e99 wp-block-paragraph\" style=\"color:#000000\"><strong>Dos mensajes clave<\/strong><\/p>\n\n\n\n<p class=\"has-text-align-justify has-text-color has-link-color wp-elements-010214563525eb11697a38303660bffe wp-block-paragraph\" style=\"color:#000000\">\u00abHay dos mensajes clave\u00bb, declar\u00f3 el Dr. Khaled Anabtawi, jefe del departamento estrat\u00e9gico y pol\u00edtico de la Autoridad Palestina, a <em>The New Arab<\/em> mientras asist\u00eda al evento.<\/p>\n\n\n\n<p class=\"has-text-align-justify has-text-color has-link-color wp-elements-f780a13f757d7a0e522e5c07a83cef37 wp-block-paragraph\" style=\"color:#000000\">\u00abEn primer lugar, el derecho al retorno tiene una duraci\u00f3n ilimitada. Se trata de un derecho leg\u00edtimo y fundamental, as\u00ed como de un pilar central del proyecto nacional palestino, de nuestra identidad y de nuestra imaginaci\u00f3n pol\u00edtica. La cuesti\u00f3n del retorno y el desplazamiento nos lleva de vuelta al punto de partida: no se trata solo de un conflicto sobre la tierra, las fronteras o las religiones, sino tambi\u00e9n de un conflicto que afecta a un pueblo, del cual m\u00e1s del 70 % fue desplazado y expulsado de sus tierras en 1948 en el marco de un proyecto colonialista. Ese es el punto de partida y la ra\u00edz del conflicto\u00bb.<\/p>\n\n\n\n<p class=\"has-text-align-justify has-text-color has-link-color wp-elements-9d234df3b71146fb92e814518487a469 wp-block-paragraph\" style=\"color:#000000\">La segunda cuesti\u00f3n, seg\u00fan Anabtawi, se refiere a los palestinos desplazados dentro de su propio pa\u00eds. \u00abComo es sabido, entre el 20 % y el 25 % de los palestinos que viven en Israel son desplazados dentro del pa\u00eds, lo que significa que son refugiados que han sido expulsados de sus pueblos, pero que no abandonaron el territorio de 1948, sino que se trasladaron a otras zonas. Son ciudadanos del Estado de Israel, pero las autoridades israel\u00edes se obstinan en impedir el regreso a sus pueblos y en negarles su derecho al retorno. Esto demuestra que la cuesti\u00f3n no es de car\u00e1cter demogr\u00e1fico. Son ciudadanos del Estado, y su retorno no alterar\u00eda el equilibrio demogr\u00e1fico. Significar\u00eda m\u00e1s bien el reconocimiento por parte de las autoridades israel\u00edes de sus derechos sobre esta tierra y de la injusticia hist\u00f3rica. Debemos insistir en la memoria y en la toma de conciencia, as\u00ed como en la necesidad de cuestionar el discurso sionista en todo momento, pues es el fundamento de nuestra identidad pol\u00edtica en este pa\u00eds.\u00bb<\/p>\n\n\n\n<p class=\"has-text-align-justify has-text-color has-link-color wp-elements-09580e94d37e2620c7258bd27e85064e wp-block-paragraph\" style=\"color:#000000\">Durante un discurso pronunciado en al-Damun, el padre Abuna Simon Khoury, cuya familia fue expulsada del pueblo, declar\u00f3: \u00abEl sonido de las campanas de la iglesia seguir\u00e1 mezcl\u00e1ndose con el de la llamada a la oraci\u00f3n hasta el D\u00eda del Juicio. Estamos aqu\u00ed a pesar de que la causa palestina se haya convertido en objeto de explotaci\u00f3n por parte de aquellos cuya conciencia est\u00e1 fallando. Somos un pueblo que ha sido oprimido y despojado, pero seguimos aqu\u00ed. Nuestra presencia aqu\u00ed hoy es la prueba de nuestro regreso. Seg\u00fan el derecho internacional, tenemos derecho a volver a nuestras tierras. No somos migrantes, sino personas desplazadas. Somos un pueblo poderoso, somos fuertes, y le decimos al mundo entero que volveremos. Y hoy hemos vuelto\u00bb.<\/p>\n\n\n\n<p class=\"has-text-color has-link-color wp-elements-b9ec8e380ef7037af6721c97794fe4d2 wp-block-paragraph\" style=\"color:#000000\"><strong>Restricciones, amenazas y la bandera palestina<\/strong><\/p>\n\n\n\n<p class=\"has-text-align-justify has-text-color has-link-color wp-elements-c02835f83fb2ce457490d7c9866c28f4 wp-block-paragraph\" style=\"color:#000000\">El abogado Nidal Othman, miembro del comit\u00e9 de al-Damun, declar\u00f3 a <em>The New Arab<\/em> que la marcha nacional del retorno organizada por el Comit\u00e9 por la Defensa de los Derechos de los Desplazados deb\u00eda realizarse inicialmente desde Tamra hasta al-Damun.<\/p>\n\n\n\n<p class=\"has-text-align-justify has-text-color has-link-color wp-elements-369a8d70aa3fb1e853d658496eb7fb45 wp-block-paragraph\" style=\"color:#000000\">\u00abSin embargo, debido a la situaci\u00f3n de seguridad y al temor a que hubiera restos de cohetes a lo largo de los itinerarios que pudieran causar lesiones a las personas, as\u00ed como a las restricciones impuestas por la polic\u00eda, la Asociaci\u00f3n prefiri\u00f3 organizar visitas y marchas locales. En nuestro programa, afirmamos que el retorno es un derecho al que no renunciaremos\u00bb.<\/p>\n\n\n\n<p class=\"has-text-align-justify has-text-color has-link-color wp-elements-35e6285984786c8dd864d27208be89b9 wp-block-paragraph\" style=\"color:#000000\">El investigador Khaled Awad, miembro de la Asociaci\u00f3n por la Defensa de los Derechos de las Personas Desplazadas, tambi\u00e9n habl\u00f3 con <em>The New Arab<\/em> sobre las dificultades que afectaron a los preparativos de la marcha principal y la decisi\u00f3n de realizarla de forma virtual.<\/p>\n\n\n\n<p class=\"has-text-align-justify has-text-color has-link-color wp-elements-cdfa03d560fd91e8b5977336f337f8d3 wp-block-paragraph\" style=\"color:#000000\">\u00abLas circunstancias excepcionales de los dos \u00faltimos a\u00f1os nos han obligado a pasar de una marcha tradicional a una mesa redonda en l\u00ednea, en particular la guerra y las pol\u00edticas del ministro Itamar Ben Gvir, as\u00ed como la discriminaci\u00f3n racial. No queremos poner en peligro a la gente. Nuestra responsabilidad nacional nos obliga a proteger la seguridad de nuestro pueblo. No es posible organizar la marcha como en a\u00f1os anteriores, teniendo en cuenta las pol\u00edticas de Ben Gvir, las restricciones sobre el n\u00famero de participantes [m\u00e1ximo de 1000] y la prohibici\u00f3n de enarbolar la bandera palestina\u00bb.<\/p>\n\n\n\n<p class=\"has-text-align-justify has-text-color has-link-color wp-elements-8b07fba1636198176c315bb5af4cec70 wp-block-paragraph\" style=\"color:#000000\">Agreg\u00f3 que la marcha se basaba fundamentalmente en la bandera. \u00abRetirarla y poner en guardia contra el despliegue de la misma sabotea la marcha. La confrontaci\u00f3n fue evidente el a\u00f1o pasado, cuando Ben Gvir amenaz\u00f3 con asaltar la marcha si se desplegaba la bandera palestina. Consideramos que podr\u00edan producirse masacres, y por eso no organizamos la marcha tradicional\u00bb.<\/p>\n\n\n\n<p class=\"has-text-align-justify has-text-color has-link-color wp-elements-05574a92274515259facb845ce92d257 wp-block-paragraph\" style=\"color:#000000\">A pesar de ello, Khaled Awad destac\u00f3 que la asociaci\u00f3n sigue desarrollando nuevas herramientas. \u00abHemos creado un nuevo proyecto y una nueva estrategia que consiste en visitar los pueblos despoblados, ya que la marcha central no tiene lugar. Vamos a seguir as\u00ed, aunque m\u00e1s adelante retomemos la marcha tradicional\u00bb.<\/p>\n\n\n\n<p class=\"has-text-align-justify has-text-color has-link-color wp-elements-79bc85f4c8470bc9e3427f7b20c77f83 wp-block-paragraph\" style=\"color:#000000\">A\u00f1adi\u00f3 que ya se han puesto en marcha programas, con coordinaci\u00f3n, equipos y apoyo.<\/p>\n\n\n\n<p class=\"has-text-align-justify has-text-color has-link-color wp-elements-7af3565daabdc9d48ab9e231e21265cf wp-block-paragraph\" style=\"color:#000000\">\u00abGracias a nuestra plataforma y a la marcha digital, nuestro objetivo es transmitir el mensaje a todo el mundo, tanto dentro como fuera del pa\u00eds, junto con seminarios y diversas actividades. Hoy celebramos el 29.\u00ba aniversario de la Marcha del Retorno y el 78.\u00ba aniversario de la Nakba, y las actividades continuar\u00e1n hasta el 15 de mayo, fecha oficial de la Nakba\u00bb, declar\u00f3.<\/p>\n\n\n\n<p class=\"has-text-align-center has-text-color has-link-color wp-elements-0ed1d6f6c310facdef13d6d2bc74272e wp-block-paragraph\" style=\"color:#000000\"><strong>***<\/strong><\/p>\n\n\n\n<p class=\"has-text-color has-link-color wp-elements-0bfdbd1f7d4946eca581e135ae6b7c05 wp-block-paragraph\" style=\"color:#000000\"><strong>Por segundo a\u00f1o consecutivo, la marcha del D\u00eda de la Nakba fue cancelada debido a las restricciones impuestas por la polic\u00eda israel\u00ed<\/strong><\/p>\n\n\n\n<p class=\"has-text-color has-link-color wp-elements-f52af52369f590307ce349308d79066e wp-block-paragraph\" style=\"color:#000000\"><strong>Jack Khoury y Yair Foldes<\/strong><\/p>\n\n\n\n<p class=\"has-text-color has-link-color wp-elements-b466824475be88eccc4ccf259ea924be wp-block-paragraph\" style=\"color:#000000\"><strong><em><a href=\"https:\/\/www.haaretz.com\/israel-news\/israel-politics\/2026-04-23\/ty-article\/.premium\/for-the-second-year-in-a-row-nakba-day-march-canceled-due-to-police-limits\/0000019d-b727-db3c-a1ff-f7a725800000\">Haaretz<\/a><\/em>, 23-4-2026<\/strong><\/p>\n\n\n\n<p class=\"has-text-color has-link-color wp-elements-49cfc1f801ddbd1b1e10b064bfa0a978 wp-block-paragraph\" style=\"color:#000000\"><strong>Edici\u00f3n y traducci\u00f3n al franc\u00e9s de A l\u2019encontre, 24-4-2026<\/strong><\/p>\n\n\n\n<p class=\"has-text-color has-link-color wp-elements-970ec34851ae63804d9d94fb62e7655d wp-block-paragraph\" style=\"color:#000000\"><strong>Traducci\u00f3n de Correspondencia de Prensa<\/strong><\/p>\n\n\n<div class=\"wp-block-image\">\n<figure class=\"aligncenter size-large\"><img data-recalc-dims=\"1\" loading=\"lazy\" decoding=\"async\" width=\"656\" height=\"325\" data-attachment-id=\"52720\" data-permalink=\"https:\/\/correspondenciadeprensa.com\/?attachment_id=52720\" data-orig-file=\"https:\/\/i0.wp.com\/correspondenciadeprensa.com\/wp-content\/uploads\/2026\/05\/Palestina01052026-II.jpg?fit=1060%2C525&amp;ssl=1\" data-orig-size=\"1060,525\" data-comments-opened=\"0\" data-image-meta=\"{&quot;aperture&quot;:&quot;0&quot;,&quot;credit&quot;:&quot;&quot;,&quot;camera&quot;:&quot;&quot;,&quot;caption&quot;:&quot;&quot;,&quot;created_timestamp&quot;:&quot;0&quot;,&quot;copyright&quot;:&quot;&quot;,&quot;focal_length&quot;:&quot;0&quot;,&quot;iso&quot;:&quot;0&quot;,&quot;shutter_speed&quot;:&quot;0&quot;,&quot;title&quot;:&quot;&quot;,&quot;orientation&quot;:&quot;1&quot;}\" data-image-title=\"Palestina01052026 II\" data-image-description=\"\" data-image-caption=\"\" data-large-file=\"https:\/\/i0.wp.com\/correspondenciadeprensa.com\/wp-content\/uploads\/2026\/05\/Palestina01052026-II.jpg?fit=656%2C325&amp;ssl=1\" src=\"https:\/\/i0.wp.com\/correspondenciadeprensa.com\/wp-content\/uploads\/2026\/05\/Palestina01052026-II.jpg?resize=656%2C325&#038;ssl=1\" alt=\"\" class=\"wp-image-52720\" srcset=\"https:\/\/i0.wp.com\/correspondenciadeprensa.com\/wp-content\/uploads\/2026\/05\/Palestina01052026-II.jpg?resize=1024%2C507&amp;ssl=1 1024w, https:\/\/i0.wp.com\/correspondenciadeprensa.com\/wp-content\/uploads\/2026\/05\/Palestina01052026-II.jpg?resize=300%2C149&amp;ssl=1 300w, https:\/\/i0.wp.com\/correspondenciadeprensa.com\/wp-content\/uploads\/2026\/05\/Palestina01052026-II.jpg?resize=768%2C380&amp;ssl=1 768w, https:\/\/i0.wp.com\/correspondenciadeprensa.com\/wp-content\/uploads\/2026\/05\/Palestina01052026-II.jpg?w=1060&amp;ssl=1 1060w\" sizes=\"auto, (max-width: 656px) 100vw, 656px\" \/><figcaption class=\"wp-element-caption\"><sub>Ni\u00f1os en un acto en el pueblo deshabitado de al-Damun, el 22-4-2026. [Naif Zaidani\/The New Arab]<\/sub><\/figcaption><\/figure>\n<\/div>\n\n\n<p class=\"wp-block-paragraph\"><\/p>\n\n\n\n<p class=\"has-text-align-justify has-text-color has-link-color wp-elements-2b1959131d3b60fb2b4efb4ae8340d86 wp-block-paragraph\" style=\"color:#000000\">Por segundo a\u00f1o consecutivo, los organizadores de una marcha prevista para el mi\u00e9rcoles 22 de abril con motivo del D\u00eda de la Nakba cancelaron el acto alegando las restricciones impuestas por la polic\u00eda.<\/p>\n\n\n\n<p class=\"has-text-align-justify has-text-color has-link-color wp-elements-664623351fce931469e7d1c988f4be6c wp-block-paragraph\" style=\"color:#000000\">La polic\u00eda, esgrimiendo lo que calific\u00f3 de motivos de seguridad, exigi\u00f3 que la participaci\u00f3n en la marcha se limitara a 1000 personas, frente a las 20 000 o 30 000 que habitualmente se movilizan. Asimismo, prohibi\u00f3 el despliegue de la bandera palestina. Esta \u00faltima medida refleja el endurecimiento de la represi\u00f3n contra el izamiento de la bandera desde la llegada de Itamar Ben-Gvir al cargo de ministro de Seguridad Nacional, si bien los tribunales a\u00fan no se han pronunciado sobre la legalidad de dicha prohibici\u00f3n.<\/p>\n\n\n\n<p class=\"has-text-align-justify has-text-color has-link-color wp-elements-540250d513616237a2922314417ee3bf wp-block-paragraph\" style=\"color:#000000\">En lugar de la marcha, a trav\u00e9s de Zoom se retransmiti\u00f3 una mesa redonda en la que participaron personalidades, artistas e historiadores para hablar sobre la Nakba. Adem\u00e1s, se organizaron actos locales en Galilea y en el centro del pa\u00eds para conmemorar el 78.\u00ba aniversario de la Nakba.<\/p>\n\n\n\n<p class=\"has-text-align-justify has-text-color has-link-color wp-elements-6dcc9cb591380eae5214de1e8095e4bd wp-block-paragraph\" style=\"color:#000000\">La marcha, que durante 26 a\u00f1os se hab\u00eda celebrado y solo fue cancelada dos veces en los \u00faltimos a\u00f1os debido a la pandemia de COVID-19, deb\u00eda tener lugar en terrenos agr\u00edcolas al sudeste de Acre, donde se encuentran ruinas de la aldea palestina de al-Damun, cuyos habitantes fueron expulsados en 1948.<\/p>\n\n\n\n<p class=\"has-text-align-justify has-text-color has-link-color wp-elements-c44c46d56a22ecdeaf7d71be853c6a23 wp-block-paragraph\" style=\"color:#000000\">Los militantes palestinos entrevistados por <em>Haaretz<\/em> recordaron que la polic\u00eda hab\u00eda autorizado a varios miles de personas a participar en la marcha en la regi\u00f3n de Shefa Amr en 2024, a pesar de que, en aquel momento, hab\u00eda una campa\u00f1a militar limitada en curso en el norte contra Hezbol\u00e1. Afirmaron que el endurecimiento de las restricciones indica que Ben-Gvir ha reforzado su control sobre la polic\u00eda.<\/p>\n\n\n\n<p class=\"has-text-align-justify has-text-color has-link-color wp-elements-2df7fe5a5715c69168e02ab4da6a6d69 wp-block-paragraph\" style=\"color:#000000\">El Comit\u00e9 por la Defensa de los Derechos de los Desplazados, organizador de la marcha, declar\u00f3 que llevaba varios meses prepar\u00e1ndola, aunque la incertidumbre sobre el fin de la guerra con Ir\u00e1n y Hezbol\u00e1 hab\u00eda dificultado los preparativos, al igual que la incertidumbre sobre la prolongaci\u00f3n del alto el fuego con Ir\u00e1n.<\/p>\n\n\n\n<p class=\"has-text-align-justify has-text-color has-link-color wp-elements-4c5e8dd34f781a0dbf96d102faaba237 wp-block-paragraph\" style=\"color:#000000\">Los frecuentes cambios en la situaci\u00f3n de seguridad no les dejaron a los organizadores de la marcha tiempo suficiente para impugnar judicialmente el l\u00edmite impuesto sobre el n\u00famero de participantes impuesto por la polic\u00eda.<\/p>\n\n\n\n<p class=\"has-text-align-justify has-text-color has-link-color wp-elements-0a63c638e381afe158fc9242d896b034 wp-block-paragraph\" style=\"color:#000000\">El comit\u00e9 declar\u00f3 que sustituir la marcha por una mesa redonda en l\u00ednea no supon\u00eda un retroceso en su lucha por el derecho al retorno. M\u00e1s bien pon\u00eda de relieve sus esfuerzos por perpetuar la memoria colectiva, incluso ante las restricciones.<\/p>\n\n\n\n<p class=\"has-text-align-justify has-text-color has-link-color wp-elements-d1531577791846df998c4870bed11370 wp-block-paragraph\" style=\"color:#000000\">\u00abLa Nakba no es solo un recuerdo hist\u00f3rico, sino una realidad que perdura\u00bb, declar\u00f3 el comit\u00e9. \u00abEl retorno no es solo un s\u00edmbolo o un recuerdo, sino un derecho fundamental que no caduca\u00bb.<\/p>\n\n\n\n<p class=\"has-text-align-justify has-text-color has-link-color wp-elements-c9a2a45e177f6d4a1a664c1e96609935 wp-block-paragraph\" style=\"color:#000000\">A pesar de la anulaci\u00f3n de la marcha, a lo largo del d\u00eda se celebraron varios actos en zonas agr\u00edcolas y parques construidos sobre las ruinas de pueblos cuyos habitantes fueron desplazados en 1948. Entre ellos se incluyeron desfiles, proyecciones de pel\u00edculas, actividades educativas para ni\u00f1os y visitas guiadas, bajo el t\u00edtulo \u00abRegreso al pueblo\u00bb. Varias generaciones participaron en algunas de estas actividades: personas mayores que vivieron la Nakba llevaron a sus hijos, nietos y, en ocasiones, incluso a sus bisnietos para compartir sus relatos personales sobre la evacuaci\u00f3n forzosa.<\/p>\n\n\n\n<p class=\"has-text-align-justify has-text-color has-link-color wp-elements-06cc35040758cfd4fb6de173fdeb046e wp-block-paragraph\" style=\"color:#000000\">Paralelamente a los actos locales, se retransmiti\u00f3 la mesa redonda en l\u00ednea desde la sede hist\u00f3rica de la Asociaci\u00f3n de \u00c1rabes de Jaffa; a la que asistieron unas treinta personas, entre ellas muchos jud\u00edos. Entre los ponentes se encontraba el presidente del Comit\u00e9 Superior de Supervisi\u00f3n \u00c1rabe, el exdiputado Jamal Zahalka [miembro del Knesset de 2003 a 2019, como miembro del partido Balad].<\/p>\n\n\n\n<p class=\"has-text-align-justify has-text-color has-link-color wp-elements-afa7131c6592da2714094c0e4d202795 wp-block-paragraph\" style=\"color:#000000\">\u00abNos reunimos para manifestar nuestro compromiso con el derecho al retorno, un derecho natural y moral en nuestra calidad de propietarios de la casa y de la tierra. Es parte del derecho general de los palestinos a la liberaci\u00f3n, la independencia y el retorno. No olvidaremos ni perdonaremos; seguiremos reivindicando el derecho al retorno hasta que lo consigamos\u00bb, declar\u00f3 Jamal Zahalka. \u00abNuestro presente no es menos cruel que la Nakba\u00bb, agreg\u00f3, refiri\u00e9ndose a las acciones del ej\u00e9rcito israel\u00ed en la Franja de Gaza durante los \u00faltimos dos a\u00f1os y medio y a la creciente violencia contra los palestinos en Cisjordania perpetrada por colonos y soldados.<\/p>\n\n\n\n<p class=\"has-text-align-justify has-text-color has-link-color wp-elements-b7ffe804bbb66b2ac0eae4b2dcbecc72 wp-block-paragraph\" style=\"color:#000000\">Salwa Salem-Copty, presidenta del Comit\u00e9 de Personas Desplazadas y descendiente de los refugiados de la aldea de Ma\u2019alul, en la Baja Galilea, destruida en 1948, tambi\u00e9n form\u00f3 parte del panel. \u00abEstamos aqu\u00ed no solo para recordar, sino para afirmar que las aldeas de las que fuimos expulsados siguen vivas en nosotros. Nadie se march\u00f3 por voluntad propia, y nosotros \u2014los nietos y los hijos de los refugiados\u2014 conservamos ese recuerdo. Este acto es un mensaje que demuestra que el pueblo no olvida y se mantiene fiel a sus derechos. El retorno no es un concepto te\u00f3rico, sino un derecho que defendemos. No importa el tiempo que pase\u00bb.<\/p>\n\n\n\n<p class=\"has-text-align-justify has-text-color has-link-color wp-elements-83f2394c877df4ddbb597bff8475bf17 wp-block-paragraph\" style=\"color:#000000\">La polic\u00eda israel\u00ed respondi\u00f3 que \u00abconsidera el derecho a manifestar como la piedra angular de un <em><a href=\"https:\/\/www.haaretz.com\/opinion\/2026-04-21\/ty-article-opinion\/.premium\/as-former-leaders-of-israels-military-we-know-the-country-has-been-hijacked\/0000019d-ab44-d45b-a39f-ef46cbf50000\">Estado democr\u00e1tico<\/a><\/em> [<em>Haaretz<\/em> remite aqu\u00ed, para marcar distancias, a un art\u00edculo que cita a dirigentes militares que afirman que el pa\u00eds ha sido tomado como reh\u00e9n por sectores que reescriben la historia] y autoriza las manifestaciones siempre que se desarrollen dentro del respeto a la ley\u00bb. La polic\u00eda a\u00f1adi\u00f3 que \u00abal presentar la solicitud durante la guerra y de conformidad con las directivas del Comando del Frente Interno vigentes en aquel momento, se definieron y comunicaron a los organizadores de la marcha una serie de condiciones con el fin de garantizar la seguridad p\u00fablica\u00bb. Y ello a pesar de que las restricciones en tiempo de guerra eran mucho m\u00e1s estrictas y no permit\u00edan una concentraci\u00f3n de 1000 personas [lo que revela el verdadero sentido de la decisi\u00f3n].<\/p>\n","protected":false},"excerpt":{"rendered":"<p>Las aldeas palestinas despobladas desde 1948 y situadas en el interior de Israel organizaron una serie de actos el mi\u00e9rcoles 22 de abril, en los que manifestaron su compromiso con el derecho al retorno, a la tierra y a la transmisi\u00f3n de la memoria colectiva entre generaciones, con el fin de conmemorar la Nakba palestina.<\/p>\n","protected":false},"author":102520410,"featured_media":52719,"comment_status":"closed","ping_status":"","sticky":false,"template":"","format":"standard","meta":{"_coblocks_attr":"","_coblocks_dimensions":"","_coblocks_responsive_height":"","_coblocks_accordion_ie_support":"","_crdt_document":"","advanced_seo_description":"","jetpack_seo_html_title":"","jetpack_seo_noindex":false,"_jetpack_newsletter_access":"","_jetpack_dont_email_post_to_subs":false,"_jetpack_newsletter_tier_id":0,"_jetpack_memberships_contains_paywalled_content":false,"_jetpack_memberships_contains_paid_content":false,"footnotes":"","jetpack_post_was_ever_published":false},"categories":[9937,55667],"tags":[17212,703611160,950465,1086647],"class_list":{"0":"post-52708","1":"post","2":"type-post","3":"status-publish","4":"format-standard","5":"has-post-thumbnail","6":"hentry","7":"category-israel","8":"category-palestina","9":"tag-america-latina","10":"tag-itamar-ben-gvir","11":"tag-nakba","12":"tag-retorno","14":"fallback-thumbnail"},"jetpack_featured_media_url":"https:\/\/i0.wp.com\/correspondenciadeprensa.com\/wp-content\/uploads\/2026\/05\/Palestina01052026-I.jpg?fit=1038%2C517&ssl=1","jetpack_likes_enabled":false,"jetpack_sharing_enabled":true,"jetpack_shortlink":"https:\/\/wp.me\/p7lt2C-dI8","amp_enabled":true,"_links":{"self":[{"href":"https:\/\/correspondenciadeprensa.com\/index.php?rest_route=\/wp\/v2\/posts\/52708","targetHints":{"allow":["GET"]}}],"collection":[{"href":"https:\/\/correspondenciadeprensa.com\/index.php?rest_route=\/wp\/v2\/posts"}],"about":[{"href":"https:\/\/correspondenciadeprensa.com\/index.php?rest_route=\/wp\/v2\/types\/post"}],"author":[{"embeddable":true,"href":"https:\/\/correspondenciadeprensa.com\/index.php?rest_route=\/wp\/v2\/users\/102520410"}],"replies":[{"embeddable":true,"href":"https:\/\/correspondenciadeprensa.com\/index.php?rest_route=%2Fwp%2Fv2%2Fcomments&post=52708"}],"version-history":[{"count":13,"href":"https:\/\/correspondenciadeprensa.com\/index.php?rest_route=\/wp\/v2\/posts\/52708\/revisions"}],"predecessor-version":[{"id":52723,"href":"https:\/\/correspondenciadeprensa.com\/index.php?rest_route=\/wp\/v2\/posts\/52708\/revisions\/52723"}],"wp:featuredmedia":[{"embeddable":true,"href":"https:\/\/correspondenciadeprensa.com\/index.php?rest_route=\/wp\/v2\/media\/52719"}],"wp:attachment":[{"href":"https:\/\/correspondenciadeprensa.com\/index.php?rest_route=%2Fwp%2Fv2%2Fmedia&parent=52708"}],"wp:term":[{"taxonomy":"category","embeddable":true,"href":"https:\/\/correspondenciadeprensa.com\/index.php?rest_route=%2Fwp%2Fv2%2Fcategories&post=52708"},{"taxonomy":"post_tag","embeddable":true,"href":"https:\/\/correspondenciadeprensa.com\/index.php?rest_route=%2Fwp%2Fv2%2Ftags&post=52708"}],"curies":[{"name":"wp","href":"https:\/\/api.w.org\/{rel}","templated":true}]}}