{"id":52698,"date":"2026-05-01T20:26:31","date_gmt":"2026-05-01T18:26:31","guid":{"rendered":"https:\/\/correspondenciadeprensa.com\/?p=52698"},"modified":"2026-05-01T20:26:31","modified_gmt":"2026-05-01T18:26:31","slug":"cuba-toda-la-libertad-para-una-isla-secuestrada-raymar-aguado","status":"publish","type":"post","link":"https:\/\/correspondenciadeprensa.com\/?p=52698","title":{"rendered":"Cuba &#8211; Toda la libertad para una isla secuestrada. [Raymar Aguado]"},"content":{"rendered":"\n<p class=\"has-text-align-right wp-block-paragraph\"><sub>Regla, La Habana. Foto: Emilio Belin.<\/sub><\/p>\n\n\n\n<p class=\"has-text-color has-link-color wp-elements-bdf949a4d0dbf6143d22b08c7e27f57b wp-block-paragraph\" style=\"color:#000000\"><em><a href=\"https:\/\/revistaelestornudo.com\/author\/rayaguado\/\"><strong>Raymar Aguado<\/strong><\/a><\/em><\/p>\n\n\n\n<p class=\"has-text-color has-link-color wp-elements-5845a07a5ca4fccec1f717fbabbb3fec wp-block-paragraph\" style=\"color:#000000\"><strong><em><a href=\"https:\/\/revistaelestornudo.com\/cuba-geopolitica-imperialismo-guerra-crisis-fetichismo-izquierda-opinion\/\">Revista El estornudo<\/a><\/em>, 28-4-2026<\/strong><\/p>\n\n\n\n<p class=\"has-text-color has-link-color wp-elements-d8737d71a2e5bc480de4d906a051cb86 wp-block-paragraph\" style=\"color:#000000\"><strong><em><a href=\"https:\/\/correspondenciadeprensa.com\/\">Correspondencia de Prensa<\/a><\/em>, 1-5-2026<\/strong><\/p>\n\n\n\n<p class=\"has-text-align-justify has-text-color has-link-color wp-elements-461ef77842e53419b0604771646383de wp-block-paragraph\" style=\"color:#000000\">En la obra&nbsp;<em><a href=\"https:\/\/www.fabelostudio.com\/index.php?r=gallery%2Fview&amp;galleryName=on+wood&amp;id=9611\" target=\"_blank\" rel=\"noreferrer noopener\">Petromundo<\/a><\/em>&nbsp;(2005), el artista cubano Roberto Fabelo representa un globo terr\u00e1queo cuya superficie est\u00e1 construida con casquillos de bala y otros fragmentos de proyectiles. Formula as\u00ed una cr\u00edtica al reducto de aniquilaci\u00f3n al que estamos sujetos; explora y denuncia el belicismo impulsado, en muchas zonas del planeta, por las potencias del capitalismo tard\u00edo y su l\u00f3gica invariable de conquista territorial con fines extractivos.&nbsp;<\/p>\n\n\n\n<p class=\"has-text-align-justify has-text-color has-link-color wp-elements-968e47845e073c1437fd51ec47ea619f wp-block-paragraph\" style=\"color:#000000\">La pieza, que forma parte de la serie&nbsp;<em>Mundos<\/em>&nbsp;\u2014donde Fabelo tambi\u00e9n aborda las hambrunas, la desertificaci\u00f3n, la caza indiscriminada y otras problem\u00e1ticas globales\u2014, reconoce el universo de aniquilaci\u00f3n en que se encuentra el ser humano contempor\u00e1neo, producto de la desvalorizaci\u00f3n del sujeto con respecto al capital y los distintos juegos de poder.&nbsp;<em>Petromundo<\/em>&nbsp;es un se\u00f1alamiento a la normalizaci\u00f3n de la guerra y el ciclo de exterminio seg\u00fan el cual la vida se mide en d\u00f3lares por barril de petr\u00f3leo.&nbsp;<\/p>\n\n\n\n<p class=\"has-text-align-justify has-text-color has-link-color wp-elements-d73f82656cbfd36fd171518b3ba1e3f5 wp-block-paragraph\" style=\"color:#000000\">La crisis sist\u00e9mica que tiene al l\u00edmite las estructuras de la democracia liberal luego de la estocada ofrecida por la pandemia de COVID-19, desat\u00f3 nuevas pugnas geopol\u00edticas que han estallado en un clima de tensi\u00f3n b\u00e9lica constante \u2014seg\u00fan diversas fuentes, habr\u00eda entre 50 y 60 conflictos armados en curso. El impacto del complejo militar-industrial estadounidense en las pol\u00edticas globales, y la relevancia de empresas como RTX, Boeing, Northrop Grumman o Lockheed Martin en la venta de insumos militares, desestabiliza cualquier af\u00e1n pacificador para el mundo.&nbsp;<\/p>\n\n\n\n<p class=\"has-text-align-justify has-text-color has-link-color wp-elements-85e16eef18c744be1461a6d4c393c229 wp-block-paragraph\" style=\"color:#000000\">Se estima que solo en 2024 m\u00e1s de un bill\u00f3n de d\u00f3lares fue dispuesto en fuerza militar por el gobierno de Washington, alrededor del 3.4 por ciento del PIB estadounidense. Durante 2025 se mantuvo el orden de magnitud. Para el a\u00f1o fiscal 2026, alrededor de 901 mil millones de d\u00f3lares fueron aprobados como presupuesto militar, un monto al que presumiblemente se sumar\u00e1n nuevas erogaciones.&nbsp;<\/p>\n\n\n\n<p class=\"has-text-align-justify has-text-color has-link-color wp-elements-b307838a265cf8e611da0619bd0dce3a wp-block-paragraph\" style=\"color:#000000\">Tras presiones de la Casa Blanca, las naciones de la OTAN tambi\u00e9n se plantean gastos sin precedentes. En junio de 2025, los 32 miembros de la alianza atl\u00e1ntica acordaron llevar el gasto de defensa por pa\u00eds hasta el cinco por ciento del PIB para 2035, con una f\u00f3rmula de 3.5 por ciento para gasto militar estricto y 1.5 por ciento adicional para \u00e1mbitos como infraestructura cr\u00edtica, resiliencia e innovaci\u00f3n.&nbsp;<\/p>\n\n\n\n<p class=\"has-text-align-justify has-text-color has-link-color wp-elements-b4a6584f3ecc0dd87e14b4b6f5be0bcf wp-block-paragraph\" style=\"color:#000000\">Complejizan a\u00fan m\u00e1s el escenario global los n\u00fameros estratosf\u00e9ricos que destinan al sector militar potencias como Rusia y China, con partidas en 2024 de unos 150 mil y 246 mil millones de d\u00f3lares, respectivamente. En 2025, fueron unos 245 mil 700 millones, seg\u00fan presupuesto oficial chino \u2014aunque otras estimaciones sit\u00faan el gasto real en torno a 251 mil 300 millones\u2014, y 186 mil 200 millones de d\u00f3lares por parte de Rusia.<\/p>\n\n\n\n<p class=\"has-text-color has-link-color wp-elements-d655d0bc25e7c9d6d2f7e83909029201 wp-block-paragraph\" style=\"color:#000000\"><strong>Conocer el todo para construir lo nuestro<\/strong><\/p>\n\n\n\n<p class=\"has-text-align-justify has-text-color has-link-color wp-elements-ca1543b147a97d122c9e44af39305b59 wp-block-paragraph\" style=\"color:#000000\">El asentamiento de \u00e9lites econ\u00f3micas y pol\u00edticas, el crecimiento desigual cada vez m\u00e1s acentuado y el nuevo auge autoritario, conducen a la normalizaci\u00f3n de pr\u00e1cticas y sistemas ideol\u00f3gicos que sirven a la conflictividad. Florecen convenientes enemigos en los discursos de los diferentes poderes globales, mientras en diversas geograf\u00edas se imponen, entre el hambre y los bombardeos, condiciones de supervivencia. De Hait\u00ed a Sud\u00e1n, de&nbsp;<em><a href=\"https:\/\/revistaelestornudo.com\/etiqueta\/conflicto-israel-palestina\/\" target=\"_blank\" rel=\"noreferrer noopener\">Palestina<\/a><\/em>&nbsp;a El Congo, de Yemen a Etiop\u00eda, de Somalia a L\u00edbano, del Sahel a Ucrania, de Siria a Myanmar o Ir\u00e1n; se impone hacer justicia, pero la atenci\u00f3n medi\u00e1tica de las hegemon\u00edas comunicacionales solo se centra en ciertos casos.&nbsp;<\/p>\n\n\n\n<p class=\"has-text-align-justify has-text-color has-link-color wp-elements-e7c93b8c0bf866ff849b7c29c9561986 wp-block-paragraph\" style=\"color:#000000\">Por ejemplo, tras la intervenci\u00f3n estadounidense en Venezuela y la guerra contra Ir\u00e1n, la propaganda occidental intent\u00f3 enfocar los hechos simplemente como consecuencia de problemas internos en esos pa\u00edses, de sus habitantes y los reg\u00edmenes del apresado Nicol\u00e1s Maduro y el asesinado Al\u00ed Khamenei. En cambio, resultan cuestiones geopol\u00edticas de gran escala, que han expuesto una vez la violencia que promueve el presidente del pa\u00eds m\u00e1s poderoso del mundo. Una intervenci\u00f3n militar, sea donde sea, es cuesti\u00f3n de toda la comunidad internacional y nadie deber\u00eda estar exento de posicionarse ante una arbitrariedad que viola todo tipo de orden. Es de una ingenuidad terrible pensar que tales acontecimientos solo incumben a los pa\u00edses agredidos y que solo sus nacionales tienen el derecho a opinar leg\u00edtimamente. M\u00e1s a\u00fan cuando, en lo que va de su segundo mandato, Estados Unidos ha bombardeado&nbsp;<em><a href=\"https:\/\/www.youtube.com\/watch?v=_mTZw5sHymM\" target=\"_blank\" rel=\"noreferrer noopener\">al menos siete pa\u00edses<\/a><\/em>.&nbsp;<\/p>\n\n\n\n<p class=\"has-text-align-justify has-text-color has-link-color wp-elements-c7101ee0f29a154573a1921cfa57cf6f wp-block-paragraph\" style=\"color:#000000\">Por su parte, Cuba se halla a las puertas de un cambio hist\u00f3rico. Luego de d\u00e9cadas bajo el yugo del r\u00e9gimen castrista, la zarabanda del 2026 anuncia la reestructuraci\u00f3n de la pol\u00edtica nacional. Pero este impulso de renovaci\u00f3n y aspiraciones democr\u00e1ticas intenta ser secuestrado por determinados&nbsp;<em>lobbies<\/em>&nbsp;a los que poco o nada les importa el bienestar y el futuro del pueblo cubano. La isla, de un modo rom\u00e1ntico y maquiav\u00e9lico, existe actualmente como sistema narrativo para extremistas ideol\u00f3gicos y como ejemplo conveniente para oportunistas que ven ventajas en el sufrimiento de millones.&nbsp;<\/p>\n\n\n\n<p class=\"has-text-align-justify has-text-color has-link-color wp-elements-5a598a86c67f8e4af422ee035165be3c wp-block-paragraph\" style=\"color:#000000\">Para la extrema derecha, Cuba representa \u00abel fracaso del \u201ccomunismo\u201d\u00bb, y como tal debe existir y persistir \u2014sancionada, empobrecida y hambreada\u2014, porque es la forma de \u00abdemostrar\u00bb que el capitalismo es, supuestamente, el \u00fanico modelo leg\u00edtimo dentro del mundo contempor\u00e1neo. Para la izquierda estalinista, enamorada de todo af\u00e1n autoritario que se diga opuesto a las pol\u00edticas de Estados Unidos y sus aliados, la mayor de las Antillas no es m\u00e1s que un souvenir ideol\u00f3gico, una postal de viaje, un paisaje en videos de redes sociales donde fabulan alg\u00fan tipo de \u00abresistencia antiimperialista\u00bb, \u00abconstrucci\u00f3n socialista\u00bb, \u00abconciencia revolucionaria\u00bb y otras distorsiones por el estilo que sirven solo para satisfacer deseos trasnochados y, en no pocos casos, intereses personalistas muy marcados.&nbsp;<\/p>\n\n\n\n<p class=\"has-text-align-justify has-text-color has-link-color wp-elements-c8c4b7df69047e9a0c55a34cf1bbc099 wp-block-paragraph\" style=\"color:#000000\">Estamos en un tiempo hist\u00f3rico de renovaci\u00f3n nacional. D\u00e9cadas de crisis, cerraz\u00f3n y miedo tienen a este pueblo inerme. Se impone la responsabilidad pol\u00edtica de entender al mundo para construir Cuba. Un pa\u00eds de todos y para todos los cubanos y cubanas.<\/p>\n\n\n\n<p class=\"has-text-color has-link-color wp-elements-176a53cbff3e6c16ac2e8aae53640605 wp-block-paragraph\" style=\"color:#000000\"><strong>La Cuba mitol\u00f3gica frente a un mundo en rebeli\u00f3n<\/strong><\/p>\n\n\n\n<p class=\"has-text-align-justify has-text-color has-link-color wp-elements-c929065c4c61ea17c3053650b38ccbf3 wp-block-paragraph\" style=\"color:#000000\">El fetiche pol\u00edtico en torno a Cuba tiene nicho en dis\u00edmiles zonas de la narrativa internacional donde, como anteriormente expuse, la isla y quienes la habitamos somos simples objetos de experimentaci\u00f3n ideol\u00f3gica. Ese constructo polarizado constituye, simplemente, un escal\u00f3n legitimador de formas preconcebidas de analizar los escenarios posibles, siempre dentro del binarismo que impuso la Guerra Fr\u00eda. Cuba no logra ser, en ese reducto, m\u00e1s que \u00abel \u00faltimo basti\u00f3n moral de la lucha antiimperialista\u00bb o \u00abel cad\u00e1ver andante del comunismo\u00bb. Dos posibilidades carentes de cualquier objetividad y descre\u00eddas del elemento principal para cualquier an\u00e1lisis de ese tipo: la&nbsp;<em>realpolitik<\/em>.&nbsp;<\/p>\n\n\n\n<p class=\"has-text-align-justify has-text-color has-link-color wp-elements-bcf8df0b564872559989cbd1a60dce51 wp-block-paragraph\" style=\"color:#000000\">Para, supuestamente, romper el cerco econ\u00f3mico impuesto por el gobierno de Estados Unidos contra Cuba, ayudar a paliar la crisis econ\u00f3mica y dar al mundo una lecci\u00f3n moral, zarp\u00f3 de M\u00e9xico el pasado marzo la llamada Flotilla Nuestra Am\u00e9rica. Pero nada m\u00e1s alejado de la realidad. Mientras la inmensa mayor\u00eda del pueblo cubano padec\u00eda las condiciones extremas en que se encuentra el pa\u00eds, esos paladines del internacionalismo disfrutaron de todos los privilegios que les ofreci\u00f3 el poder pol\u00edtico, desde hospedajes en hoteles de lujo hasta toures fetichizantes por sitios hist\u00f3ricos de La Habana. M\u00e1s que impactar directamente en la poblaci\u00f3n, la Flotilla pas\u00f3 desapercibida y solo consigui\u00f3 blanquear \u2014gracias a toneladas de contenido para redes sociales\u2014 el rostro del r\u00e9gimen a ojos de una parte de la opini\u00f3n internacional al tiempo que, probablemente, gener\u00f3 mayor afiliaci\u00f3n entre los cubanos hacia apuestas pol\u00edticas reaccionarias.<\/p>\n\n\n\n<p class=\"has-text-align-justify has-text-color has-link-color wp-elements-42ef3d148c763bc247379e0428e22a44 wp-block-paragraph\" style=\"color:#000000\">En lo que nunca repararon quienes sostuvieron el show fue en que este pueblo no necesita ni quiso ninguna \u00abFlotilla de solidaridad con Cuba\u00bb, porque entiende que al interior de ese supuesto acto de internacionalismo solo existe un apoyo expl\u00edcito y descarado al gobierno cubano. El pueblo de Cuba no quiere ni necesita ninguna muestra \u00absolidaria\u00bb que legitime a los dictadores que lo oprimen. No necesita un&nbsp;<em>performance<\/em>&nbsp;que cuesta cientos de miles de d\u00f3lares mientras millones permanecen hambreados junto a la opulencia en que nada la burgues\u00eda militar\/partidista que dirige el pa\u00eds. No queremos que los&nbsp;<em>tankies<\/em>&nbsp;descarados, que irrespetan a todo un pueblo sumido en la desesperaci\u00f3n, vengan a hacer turismo ideol\u00f3gico en \u00abel para\u00edso socialista\u00bb que nunca existi\u00f3.&nbsp;<\/p>\n\n\n\n<p class=\"has-text-align-justify has-text-color has-link-color wp-elements-15217628b7cad28a7ece17d7821a9c0c wp-block-paragraph\" style=\"color:#000000\">De igual modo, en un gesto de terrible oportunismo, los principales voceros de la Flotilla buscaron equiparar la situaci\u00f3n de Cuba con la de Gaza como medio de justificaci\u00f3n para su traves\u00eda mar\u00edtima. Esa vileza constituy\u00f3 la plataforma mediante la cual los l\u00edderes&nbsp;<em>tankies<\/em>&nbsp;de la Flotilla y la propia dictadura castrista pretendieron usurpar gran parte del capital pol\u00edtico de la izquierda internacional, relegando incluso a un segundo plano cuestiones m\u00e1s urgentes. El genocidio en Palestina y el apartheid sionista no pueden ser un comod\u00edn, una carta que se usa a la ligera. Tal parece que a los voceros de la Flotilla Nuestra Am\u00e9rica y al gobierno cubano eso les import\u00f3 poco o nada. Si esa \u00abizquierda\u00bb trasnochada tuviera un poco de dignidad, entender\u00eda que la postura m\u00e1s \u00e9tica respecto a los conflictos en cualquier regi\u00f3n es escuchar la voz de sus pueblos, no de sus gobernantes. El mismo truco de comparar Cuba con Gaza lo utiliza la extrema derecha para deslegitimar cualquier apoyo al pueblo palestino. Los&nbsp;<em>tankies<\/em>&nbsp;estalinistas y la extrema derecha imperialista padecen del mismo mal: el oportunismo ideol\u00f3gico que les garantiza alacenas llenas e incontables privilegios.&nbsp;<\/p>\n\n\n\n<p class=\"has-text-align-justify has-text-color has-link-color wp-elements-dcf53e891e0d313dfa39e58218425f7b wp-block-paragraph\" style=\"color:#000000\">Lo que a los flotilleros no interes\u00f3 mostrar de Cuba son los altos \u00edndices de empobrecimiento, la desasistencia social y las brechas de clase cada vez m\u00e1s notables, como tampoco la escalada represiva, la poblaci\u00f3n penal y un sinn\u00famero de opresiones del r\u00e9gimen castrista. Tampoco fue su inter\u00e9s analizar la estructura econ\u00f3mica de capitalismo centralizado que impone la burgues\u00eda militar\/partidista en el poder, ni los niveles de corrupci\u00f3n y la nula transparencia en la gesti\u00f3n econ\u00f3mica de la isla. Tampoco se cuestionaron por qu\u00e9 un gobierno supuestamente socialista mantiene un C\u00f3digo de Trabajo antiobrero, el salario m\u00ednimo m\u00e1s bajo de la regi\u00f3n respecto a la tasa cambiaria oficial y un programa de gobierno que parece redactado por los mism\u00edsimos arquitectos del neoliberalismo: el&nbsp;<em><a href=\"https:\/\/www.presidencia.gob.cu\/media\/filer\/public\/2025\/10\/24\/programa_de_gobierno_para_corregir_distorsiones_y_reimpulsar_la_economia_2025.pdf\" target=\"_blank\" rel=\"noreferrer noopener\">\u00abPrograma de Gobierno para Corregir Distorsiones e Impulsar la Econom\u00eda\u00bb<\/a><\/em>, que se present\u00f3 a finales de 2025 y result\u00f3 ser b\u00e1sicamente la licitaci\u00f3n de m\u00e1s violencia institucional contra la poblaci\u00f3n cubana.&nbsp;<\/p>\n\n\n\n<p class=\"has-text-align-justify has-text-color has-link-color wp-elements-7f1af231818ee323aadfa3422442c22b wp-block-paragraph\" style=\"color:#000000\">Ese panfleto de casi 90 p\u00e1ginas, m\u00e1s all\u00e1 de ofrecer alg\u00fan tipo de alternativa a la terrible crisis que padece la isla, promueve un principio de producci\u00f3n y \u00abcrecimiento econ\u00f3mico\u00bb basado en recortes del gasto p\u00fablico y el fomento de la actividad parasitaria de empresas y capitales extranjeros. La respuesta \u00absocialista\u00bb a la hecatombe actual que propone el castrismo se limita a paquetazos, la disminuci\u00f3n de subvenciones y la desprotecci\u00f3n ciudadana, as\u00ed como el enfoque en sectores tan poco estrat\u00e9gicos en las circunstancias actuales como \u00abciencia e innovaci\u00f3n, la comunicaci\u00f3n social y la transformaci\u00f3n digital\u00bb \u2014para sostener el discurso de plaza sitiada mediante el t\u00edpico comod\u00edn del bloqueo econ\u00f3mico estadounidense.<\/p>\n\n\n\n<p class=\"has-text-align-justify has-text-color has-link-color wp-elements-b76f2bc52326449e2ccf119d9329fa6d wp-block-paragraph\" style=\"color:#000000\">En ning\u00fan lugar del documente se establece un plan de acci\u00f3n y\/o medidas que puedan arrojar un poco de luz sobre la supuesta efectividad del proceso. En cambio, se utiliza un tono perogrullero, triunfalista en que las citas de Ra\u00fal Castro o D\u00edaz-Canel tienen m\u00e1s relieve que las presuntas consecuencias de estas medidas en la vida de las cubanas y los cubanos. Una nueva pantomima en la larga lista del burocratismo y la violencia pol\u00edtica del castrismo.&nbsp;<\/p>\n\n\n\n<p class=\"has-text-align-justify has-text-color has-link-color wp-elements-0ea71c73d730289148acd00515cf79c3 wp-block-paragraph\" style=\"color:#000000\">Por otra parte, est\u00e1 el poco rigor de much\u00edsimos medios y actores de la oposici\u00f3n que se quejan de las medidas del gobierno \u00abcomunista\u00bb mientras apoyan administraciones como la de&nbsp;<em><a href=\"https:\/\/revistaelestornudo.com\/javier-milei-argentina-elecciones-ultraderecha-populismo-perfil\/\" target=\"_blank\" rel=\"noreferrer noopener\">Milei<\/a><\/em>, Noboa o&nbsp;<em><a href=\"https:\/\/revistaelestornudo.com\/etiqueta\/donald-trump\/\" target=\"_blank\" rel=\"noreferrer noopener\">Trump<\/a><\/em>, basadas tambi\u00e9n en el recorte del gasto p\u00fablico y las subvenciones, los paquetazos en sectores claves como salud o educaci\u00f3n, la apertura al extractivismo empresarial extranjero y el establecimiento prioritario del \u00abcrecimiento econ\u00f3mico\u00bb por encima de la dignidad de vida de los pueblos. El castrismo lleva d\u00e9cadas implementando medidas neoliberales y formulando su econom\u00eda en las mismas claves del capitalismo can\u00edbal al que responden los reg\u00edmenes favoritos de esa oposici\u00f3n que repite de memoria el mantra del \u00abcomunismo castrista\u00bb como si fuera la tabla de multiplicar.&nbsp;<\/p>\n\n\n\n<p class=\"has-text-align-justify has-text-color has-link-color wp-elements-c83cec8acea5e04ff7ea0ea6319c882e wp-block-paragraph\" style=\"color:#000000\">Esos grupos son los mismos que hacen esc\u00e1ndalos cuando desde cualquier otro lugar del mundo se apoya al r\u00e9gimen castrista, pero no se cansan de alabar y reivindicar extremistas como Pinochet, Videla, Netanyahu, Trump, Milei,&nbsp;<a href=\"https:\/\/revistaelestornudo.com\/la-bukelemania-cubana\/\" target=\"_blank\" rel=\"noreferrer noopener\"><em>Bukele<\/em><\/a>, Abascal, Kast, Meloni, Reagan, Thatcher, Meier, Churchill y una larga lista de personajes que o no tienen mucho que envidiarle a Castro o fueron, sin mucho debate, peores. Lamentablemente, la coherencia es un bien escaso por estos lares y donde se dice digo rectifican Diego a conveniencia del discurso&nbsp;<em>mainstream<\/em>&nbsp;del momento.&nbsp;<\/p>\n\n\n\n<p class=\"has-text-align-justify has-text-color has-link-color wp-elements-91f554f73803a764e0898d4417ec115c wp-block-paragraph\" style=\"color:#000000\">La lucha por una Cuba sin dictadura no puede aislarse del paso que dicta el mundo contempor\u00e1neo. Tantas d\u00e9cadas de castrismo y de cubanocentrismo han fomentado cierta idea de la exclusividad. Tanto la redundancia triunfalista del r\u00e9gimen como el victimismo conveniente de parte de la oposici\u00f3n han creado la idea de que Cuba y su gente son el rojo en la diana. \u00abTenemos la Revoluci\u00f3n m\u00e1s grande del hemisferio\u00bb gritan de un lado. \u00abSufrimos una de las dictaduras m\u00e1s terribles del mundo\u00bb sostienen del otro. Mientras, la realidad queda dispersa entre tantas fabulaciones y la idea pol\u00edtica alrededor de Cuba atrapada entre La Habana y Miami, entre el castrismo y la extrema derecha.&nbsp;<\/p>\n\n\n\n<p class=\"has-text-align-justify has-text-color has-link-color wp-elements-88fb1bcf0330404b98337b339218d91e wp-block-paragraph\" style=\"color:#000000\">No existen luchas aisladas. Los ejemplos de los \u00faltimos a\u00f1os en Serbia, Madagascar, Marruecos, Nepal, Bulgaria, Per\u00fa, Indonesia, Ir\u00e1n, Argentina, Ecuador, Estados Unidos, as\u00ed como los movimientos propalestinos alrededor del mundo, y tantos y tantos m\u00e1s, nos demuestran que la resistencia popular es la \u00fanica v\u00eda para combatir la opresi\u00f3n y conseguir la dignidad. No necesitamos imperios salvadores, ni l\u00edderes o lideresas, mucho menos a quienes a\u00f1oran el sue\u00f1o rojo del gulag sovi\u00e9tico. Necesitamos emancipaci\u00f3n popular, autonom\u00eda, solidaridad y conciencia c\u00edvica. La lucha no se basa en la absurda dicotom\u00eda entre imperialismo versus supuestas \u00abalternativas\u00bb autoritarias. Esa ficci\u00f3n polarizada es solo un esquema m\u00e1s de control en manos de los distintos poderes. Ambos son modelos asesinos, empobrecedores y tir\u00e1nicos. La lucha es por la emancipaci\u00f3n y la dignidad de los pueblos.<\/p>\n\n\n\n<p class=\"has-text-align-justify has-text-color has-link-color wp-elements-c31b82bbcdf0cafc728e19b0acefa895 wp-block-paragraph\" style=\"color:#000000\">Cada revuelta popular es una victoria contra el imperio del poder, contra la obsoleta ilusi\u00f3n democr\u00e1tica y los caducos sentimientos de \u00abrevoluciones\u00bb toreadas por oligarcas y tiranos. No existen muestras aisladas de rebeld\u00eda. Sea en Nepal, Ecuador, Argentina, Sri Lanka, Estados Unidos, Serbia, Italia, el Estado espa\u00f1ol, Venezuela, Yemen o los territorios palestinos ocupados, geograf\u00edas que para la mayor\u00eda de cubanos parecen distantes, insignificantes o id\u00edlicas, o sea en Gibara, Santiago de Cuba, El G\u00fcirito, Los Caneyes, La Habana, Mor\u00f3n o Villa Clara, lugares m\u00e1s nuestros.<\/p>\n\n\n\n<p class=\"has-text-align-justify has-text-color has-link-color wp-elements-7775bed8e1ea1d8147bce4129267e135 wp-block-paragraph\" style=\"color:#000000\">Cada victoria popular es de todos los pueblos, as\u00ed como cada derrota. Cada vida arrebatada en&nbsp;<em><a href=\"https:\/\/revistaelestornudo.com\/israel-palestina-tierra-cananea-toda-idealogia-exterminio\/\" target=\"_blank\" rel=\"noreferrer noopener\">Gaza<\/a><\/em>&nbsp;es nuestra tambi\u00e9n, como cada v\u00edctima de ICE [Servicio de Inmigraci\u00f3n y Control de Aduanas] en Estados Unidos, cada muerto del narcotr\u00e1fico, cada preso pol\u00edtico, cada oprimido por el totalitarismo, cada ciudadano pisoteado por \u00abla democracia\u00bb. El hambre del mundo es nuestra hambre y la lucha no puede identificar fronteras. El Poder, esa \u00abbestia magn\u00edfica\u00bb, es la ilusi\u00f3n que imponen las clases dominantes para hacernos obviar que nosotros, las mayor\u00edas, somos su terror m\u00e1s presente.&nbsp;<\/p>\n\n\n\n<p class=\"has-text-align-justify has-text-color has-link-color wp-elements-8db54d59b522e426f9603b07653d74ef wp-block-paragraph\" style=\"color:#000000\">Esta es \u00abla guerra de todos los estados contra toda la gente\u00bb, como definieron&nbsp;<em><a href=\"https:\/\/biblioteca.clacso.edu.ar\/clacso\/gt\/20101018012422\/8holloway.pdf\" target=\"_blank\" rel=\"noreferrer noopener\">John Holloway y Elo\u00edsa Pel\u00e1ez<\/a><\/em><em>.<\/em> El Estado con sus estructuras de opresi\u00f3n, el Estado como entidad construida por y para el poder, el Estado como noci\u00f3n olig\u00e1rquica, el Estado como constructo fronterizo y segregador, el Estado como praxis inexistente dentro de la globalizaci\u00f3n del capitalismo imperialista, el Estado como el supuesto trozo soberano donde operan las maquinarias de la industria del sometimiento. Siempre la lucha es por la emancipaci\u00f3n de los pueblos y por la ruptura del sistema. Pueden disfrazarla de lo que quieran, puede que ni siquiera la entiendan quienes la llevan a cabo. Puede incluso ser una ilusi\u00f3n comprada en Burger King o Krusty Krab. Pero siempre romper\u00e1 con las l\u00f3gicas de control que impone la maquinaria del poder.&nbsp;<\/p>\n\n\n\n<p class=\"has-text-color has-link-color wp-elements-46c238e0501c5d0ce5e205bb1ac00653 wp-block-paragraph\" style=\"color:#000000\"><\/p>\n","protected":false},"excerpt":{"rendered":"<p>Estamos en un tiempo hist\u00f3rico de renovaci\u00f3n nacional. D\u00e9cadas de crisis, cerraz\u00f3n y miedo tienen a este pueblo inerme. Se impone la responsabilidad pol\u00edtica de entender al mundo para construir Cuba. Un pa\u00eds de todos y para todos los cubanos y cubanas.<\/p>\n","protected":false},"author":102520410,"featured_media":52701,"comment_status":"closed","ping_status":"","sticky":false,"template":"","format":"standard","meta":{"_coblocks_attr":"","_coblocks_dimensions":"","_coblocks_responsive_height":"","_coblocks_accordion_ie_support":"","_crdt_document":"","advanced_seo_description":"","jetpack_seo_html_title":"","jetpack_seo_noindex":false,"_jetpack_newsletter_access":"","_jetpack_dont_email_post_to_subs":false,"_jetpack_newsletter_tier_id":0,"_jetpack_memberships_contains_paywalled_content":false,"_jetpack_memberships_contains_paid_content":false,"footnotes":"","jetpack_post_was_ever_published":false},"categories":[16719],"tags":[17212,1996474,703611158,703605407,703611159],"class_list":{"0":"post-52698","1":"post","2":"type-post","3":"status-publish","4":"format-standard","5":"has-post-thumbnail","6":"hentry","7":"category-cuba","8":"tag-america-latina","9":"tag-castrismo","10":"tag-complejo-militar-industrial","11":"tag-estalinismo","12":"tag-flotilla-nuestra-america","14":"fallback-thumbnail"},"jetpack_featured_media_url":"https:\/\/i0.wp.com\/correspondenciadeprensa.com\/wp-content\/uploads\/2026\/05\/Cuba01052026.jpg?fit=1181%2C611&ssl=1","jetpack_likes_enabled":false,"jetpack_sharing_enabled":true,"jetpack_shortlink":"https:\/\/wp.me\/p7lt2C-dHY","amp_enabled":true,"_links":{"self":[{"href":"https:\/\/correspondenciadeprensa.com\/index.php?rest_route=\/wp\/v2\/posts\/52698","targetHints":{"allow":["GET"]}}],"collection":[{"href":"https:\/\/correspondenciadeprensa.com\/index.php?rest_route=\/wp\/v2\/posts"}],"about":[{"href":"https:\/\/correspondenciadeprensa.com\/index.php?rest_route=\/wp\/v2\/types\/post"}],"author":[{"embeddable":true,"href":"https:\/\/correspondenciadeprensa.com\/index.php?rest_route=\/wp\/v2\/users\/102520410"}],"replies":[{"embeddable":true,"href":"https:\/\/correspondenciadeprensa.com\/index.php?rest_route=%2Fwp%2Fv2%2Fcomments&post=52698"}],"version-history":[{"count":8,"href":"https:\/\/correspondenciadeprensa.com\/index.php?rest_route=\/wp\/v2\/posts\/52698\/revisions"}],"predecessor-version":[{"id":52707,"href":"https:\/\/correspondenciadeprensa.com\/index.php?rest_route=\/wp\/v2\/posts\/52698\/revisions\/52707"}],"wp:featuredmedia":[{"embeddable":true,"href":"https:\/\/correspondenciadeprensa.com\/index.php?rest_route=\/wp\/v2\/media\/52701"}],"wp:attachment":[{"href":"https:\/\/correspondenciadeprensa.com\/index.php?rest_route=%2Fwp%2Fv2%2Fmedia&parent=52698"}],"wp:term":[{"taxonomy":"category","embeddable":true,"href":"https:\/\/correspondenciadeprensa.com\/index.php?rest_route=%2Fwp%2Fv2%2Fcategories&post=52698"},{"taxonomy":"post_tag","embeddable":true,"href":"https:\/\/correspondenciadeprensa.com\/index.php?rest_route=%2Fwp%2Fv2%2Ftags&post=52698"}],"curies":[{"name":"wp","href":"https:\/\/api.w.org\/{rel}","templated":true}]}}