{"id":52633,"date":"2026-04-23T19:49:40","date_gmt":"2026-04-23T17:49:40","guid":{"rendered":"https:\/\/correspondenciadeprensa.com\/?p=52633"},"modified":"2026-04-23T19:49:40","modified_gmt":"2026-04-23T17:49:40","slug":"uruguay-no-hay-condenas-por-explotacion-laboral-aunque-hay-indicios-y-estudios-de-que-existe-trabajo-forzoso-busqueda","status":"publish","type":"post","link":"https:\/\/correspondenciadeprensa.com\/?p=52633","title":{"rendered":"Uruguay &#8211; No hay condenas por explotaci\u00f3n laboral, aunque hay indicios y estudios de que existe trabajo forzoso. [B\u00fasqueda]"},"content":{"rendered":"\n<p class=\"has-text-align-right wp-block-paragraph\"><sub>FOTO Nicol\u00e1s Celaya \/ adhocFOTOS<\/sub><\/p>\n\n\n\n<p class=\"has-text-color has-link-color wp-elements-af36b8b93f1d1e78d3c3df17da1013e3 wp-block-paragraph\" style=\"color:#000000\"><strong>Uruguay no tiene condenas por explotaci\u00f3n laboral, aunque hay indicios y estudios de que existe trabajo forzoso<\/strong><\/p>\n\n\n\n<p class=\"has-text-color has-link-color wp-elements-f504e1cdd7aa42089f1a0fc7be5bc58b wp-block-paragraph\" style=\"color:#000000\"><strong>Macarena Saavedra*<\/strong><\/p>\n\n\n\n<p class=\"has-text-color has-link-color wp-elements-80ce32bc11a270568cc847ae1aaf0d0e wp-block-paragraph\" style=\"color:#000000\"><strong><em><a href=\"https:\/\/www.busqueda.com.uy\/informacion\/uruguay-no-tiene-condenas-explotacion-laboral-aunque-hay-indicios-y-estudios-que-existe-trabajo-forzoso-n5412438\">B\u00fasqueda<\/a><\/em>, 23-4-2026<\/strong><\/p>\n\n\n\n<p class=\"has-text-color has-link-color wp-elements-be4cf0fa49c1a568aafb9d0c68f7c86d wp-block-paragraph\" style=\"color:#000000\"><strong><em><a href=\"https:\/\/correspondenciadeprensa.com\/\">Correspondencia de Prensa<\/a><\/em>, 23-4-2026<\/strong><\/p>\n\n\n\n<p class=\"has-text-align-justify has-text-color has-link-color wp-elements-c487febd502eca8326bc6e97c4f7314d wp-block-paragraph\" style=\"color:#000000\">El inspector de Trabajo dijo que el pa\u00eds debe prepararse \u201cde forma inmediata\u201d porque el aumento de la inmigraci\u00f3n por pol\u00edticas de pa\u00edses vecinos \u201cgenera condiciones\u201d para el desarrollo de ese tipo de trata de personas<\/p>\n\n\n\n<p class=\"has-text-align-justify has-text-color has-link-color wp-elements-dd5fafd81421f4bad0326a6715cc2c14 wp-block-paragraph\" style=\"color:#000000\">A pesar de tener desde hace casi una d\u00e9cada un marco legal espec\u00edfico para combatir la trata de personas, Uruguay no registra hasta ahora condenas judiciales por ese delito vinculadas a casos con fines de explotaci\u00f3n laboral.<\/p>\n\n\n\n<p class=\"has-text-align-justify has-text-color has-link-color wp-elements-3d3463f86f4d8e40b638429377da709d wp-block-paragraph\" style=\"color:#000000\">Actualmente, al menos dos investigaciones fiscales avanzan en esa direcci\u00f3n: un caso que fue detectado en 2022 en la industria de la explotaci\u00f3n de piedras semipreciosas en el departamento de Artigas con migrantes venezolanos \u2014donde el Ministerio P\u00fablico se acerca a presentar la acusaci\u00f3n contra los imputados\u2014 y otra en una empresa citr\u00edcola y forestal de Paysand\u00fa, con ciudadanos peruanos y argentinos.<\/p>\n\n\n\n<p class=\"has-text-align-justify has-text-color has-link-color wp-elements-9e92c7ef8c5d4f48343edf897b0ac8d4 wp-block-paragraph\" style=\"color:#000000\">La ausencia de sentencias en la Justicia de trata laboral contrasta con distintos indicios que fueron relevados en investigaciones acad\u00e9micas, en informes y en actuaciones administrativas que sugieren la existencia de situaciones de trabajo forzoso o de explotaci\u00f3n laboral en el pa\u00eds.<\/p>\n\n\n\n<p class=\"has-text-align-justify has-text-color has-link-color wp-elements-2498e5c03afc8113d5fbc79d90d56d47 wp-block-paragraph\" style=\"color:#000000\">Uno de los factores que pueden explicar la situaci\u00f3n es el hist\u00f3rico enfoque en la trata de mujeres con fines de explotaci\u00f3n sexual, que concentr\u00f3 las pol\u00edticas p\u00fablicas y dej\u00f3 en un segundo plano la dimensi\u00f3n laboral del delito, dijo a B\u00fasqueda Luc\u00eda Remersaro, docente del Instituto de Derecho Penal y Criminolog\u00eda de la Facultad de Derecho de la Universidad de la Rep\u00fablica (Udelar) que se ha especializado en el tema. La abogada puso como ejemplo que en Montevideo las fiscal\u00edas encargadas de dirigir las investigaciones frente a denuncias de trata de personas son las especializadas en delitos sexuales, y que el Consejo Nacional de Prevenci\u00f3n y Combate a la Trata y la Explotaci\u00f3n de Personas es liderado por el Instituto Nacional de las Mujeres (Inmujeres).<\/p>\n\n\n\n<p class=\"has-text-align-justify has-text-color has-link-color wp-elements-b0b80adec61c01f02d0803fbb61f9975 wp-block-paragraph\" style=\"color:#000000\">\u201cHay cuestiones que no se van a observar\u201d, dijo, y sostuvo que el dise\u00f1o institucional \u201cmuestra que el foco est\u00e1 en perseguir la explotaci\u00f3n sexual\u201d. Lo mismo se\u00f1ala la extensa investigaci\u00f3n sobre la trata realizada por la ONG El Paso en 2020 con el apoyo de la Uni\u00f3n Europea, que plantea que la laboral \u201ces casi invisible para autoridades, operadoras y operadores sociales, comunicadores y comunicadoras y la ciudadan\u00eda en general\u201d.<\/p>\n\n\n\n<p class=\"has-text-color has-link-color wp-elements-35260c518aa4d1361817202f217dd0e5 wp-block-paragraph\" style=\"color:#000000\"><strong>\u201cPoca concientizaci\u00f3n\u201d y \u201cfalta de articulaci\u00f3n\u201d<\/strong><\/p>\n\n\n\n<p class=\"has-text-align-justify has-text-color has-link-color wp-elements-7f3ecb3bb452a1cb2eab75ee52b7894b wp-block-paragraph\" style=\"color:#000000\">Remersaro considera que la trata con fines de explotaci\u00f3n laboral es una problem\u00e1tica que \u201cest\u00e1 totalmente invisibilizada\u201d y \u201chay poca concientizaci\u00f3n\u201d. Uno de los principales problemas, indic\u00f3, es la falta de articulaci\u00f3n entre los organismos encargados de la detecci\u00f3n y la persecuci\u00f3n penal, que se refleja, por ejemplo, en la falta de un protocolo espec\u00edfico entre la inspecci\u00f3n de trabajo y la Fiscal\u00eda.<\/p>\n\n\n\n<p class=\"has-text-align-justify has-text-color has-link-color wp-elements-1dd75496559580439f6e2e939e14bbfa wp-block-paragraph\" style=\"color:#000000\">En 2010, la relatora especial del Consejo de Derechos Humanos de Naciones Unidas, Joy Ngozi Ezeilo, advert\u00eda que la trata de personas exist\u00eda en Uruguay, pero segu\u00eda siendo un \u201cfen\u00f3meno invisible\u201d para las autoridades y la ciudadan\u00eda.<\/p>\n\n\n\n<p class=\"has-text-align-justify has-text-color has-link-color wp-elements-0d76ac143818610b083919de9a16d0fd wp-block-paragraph\" style=\"color:#000000\">Remersaro forma parte del equipo de la Udelar, conformado tambi\u00e9n por los abogados Daniel Zubillaga y Luc\u00eda Giudice, que comenz\u00f3 a trabajar en 2024 en la realizaci\u00f3n de un reporte sobre las caracter\u00edsticas sociales, econ\u00f3micas y normativas de la trata de personas con fines de explotaci\u00f3n laboral en Uruguay para \u201cmapear\u201d el fen\u00f3meno. En ese proceso se encontraron con que, sumado a la falta de condenas judiciales de responsables de trata con fines de explotaci\u00f3n laboral, no existen estudios sistem\u00e1ticos que permitan dimensionar con precisi\u00f3n la magnitud de la problem\u00e1tica, aunque s\u00ed hay estudios que realizaron aproximaciones parciales.<\/p>\n\n\n\n<p class=\"has-text-align-justify has-text-color has-link-color wp-elements-ba18f449884029c22300782925307157 wp-block-paragraph\" style=\"color:#000000\">El reporte es realizado en paralelo por universidades de otros seis pa\u00edses \u2014Espa\u00f1a, Italia, Portugal, Paraguay, Brasil, Argentina\u2014 y es financiado por la Uni\u00f3n Europea. A partir de ese trabajo y del conocimiento que adquirieron sobre la trata de personas con fines de explotaci\u00f3n laboral, entre el 9 y el 19 de marzo dictaron una capacitaci\u00f3n a funcionarios del Ministerio de Trabajo y Seguridad Social y esta semana a fiscales y funcionarios de la Fiscal\u00eda General de la Naci\u00f3n.<\/p>\n\n\n\n<p class=\"has-text-align-justify has-text-color has-link-color wp-elements-e83ae850bde10083cb8723b30cfe8157 wp-block-paragraph\" style=\"color:#000000\">\u201cEse fue un paso muy importante en la capacitaci\u00f3n\u201d, dijo a B\u00fasqueda el inspector general de Trabajo, Luis Puig.<\/p>\n\n\n\n<p class=\"has-text-align-justify has-text-color has-link-color wp-elements-36402637e0d53f96a7b4a538673ea248 wp-block-paragraph\" style=\"color:#000000\">Para Remersaro, la labor del inspector \u201ces clave\u201d, porque \u201cson la primera l\u00ednea\u201d para identificar situaciones de trata. \u201cSi no lo ven con los ojos penales que se est\u00e1 cometiendo un delito, los casos nunca se terminan judicializando\u201d, explic\u00f3. Seg\u00fan se\u00f1al\u00f3, muchas veces se trata de \u201cuna suerte de derecho laboral aparente\u201d, porque son relaciones de trabajo que en la superficie parecen formales, pero \u201cno hay condiciones de trabajo m\u00ednimas\u201d y de eso \u201cun fiscal es dif\u00edcil que se entere\u201d.<\/p>\n\n\n\n<p class=\"has-text-color has-link-color wp-elements-2425b5244887fd5669df8eee0db59267 wp-block-paragraph\" style=\"color:#000000\"><strong>La relaci\u00f3n entre migraci\u00f3n y trata<\/strong><\/p>\n\n\n\n<p class=\"has-text-align-justify has-text-color has-link-color wp-elements-635302e9677ed99383b714fe694e4b14 wp-block-paragraph\" style=\"color:#000000\">El componente migratorio es un elemento central, porque quienes dejan atr\u00e1s sus pa\u00edses lo hacen como una estrategia de supervivencia en busca de mejorar sus condiciones de vida. Eso, en muchos casos, est\u00e1 por encima de riesgos, como ser v\u00edctimas de trata. Reciben propuestas de trabajos \u201cdesvalorizados\u201d y en \u201ccondiciones de precariedad\u201d, que en el caso de la trata con fines de explotaci\u00f3n laboral en Uruguay se da sobre todo en el \u00e1mbito dom\u00e9stico en el caso de las mujeres y en los sectores de la construcci\u00f3n, agr\u00edcola, forestal y pesquero en los hombres, plantea la investigaci\u00f3n que hizo la ONG El Paso.<\/p>\n\n\n\n<p class=\"has-text-align-justify has-text-color has-link-color wp-elements-7ceff0cd00f552c82893042c35c8ef1d wp-block-paragraph\" style=\"color:#000000\">Seg\u00fan un informe que realiz\u00f3 la Embajada de Estados Unidos \u2014a partir de informaci\u00f3n que proporcion\u00f3 el gobierno y la sociedad civil\u2014, trabajadores extranjeros, especialmente provenientes de Argentina, Bolivia, Brasil, Cuba, Rep\u00fablica Dominicana, Paraguay y Venezuela son sometidos a trabajo forzoso en Uruguay, en construcci\u00f3n, servicio dom\u00e9stico, servicios de limpieza, cuidado de personas mayores, tiendas mayoristas, industrias textiles, restaurantes, agricultura, pesca y procesamiento de madera.<\/p>\n\n\n\n<p class=\"has-text-align-justify has-text-color has-link-color wp-elements-12b933b06cd72bbb7b8647b370efa36a wp-block-paragraph\" style=\"color:#000000\">Estos casos se dan en un contexto de un aumento de la inmigraci\u00f3n en el pa\u00eds. Seg\u00fan el \u00faltimo censo del Instituto Nacional de Estad\u00edstica, de 2023, los inmigrantes son m\u00e1s de 120.000 y representan el 3,5% de la poblaci\u00f3n.<\/p>\n\n\n\n<p class=\"has-text-align-justify has-text-color has-link-color wp-elements-aa9ff8f303dfb64f89de976bc3cf55fa wp-block-paragraph\" style=\"color:#000000\">\u201cLa migraci\u00f3n va a seguir creciendo\u201d, dijo Puig, sobre todo por \u201cla legislaci\u00f3n que se est\u00e1 aplicando en Argentina y se empieza a aplicar en Chile\u201d. En su opini\u00f3n, \u201ces probable que muchos de esos migrantes vengan a Uruguay\u201d y, por eso, \u201cel Estado y la sociedad uruguaya deben prepararse de forma inmediata para esa situaci\u00f3n\u201d.<\/p>\n\n\n\n<p class=\"has-text-align-justify has-text-color has-link-color wp-elements-1033119c2dcd3119ac3043d97c398ad1 wp-block-paragraph\" style=\"color:#000000\">El inspector nacional de Trabajo se\u00f1al\u00f3 que \u201cson bienvenidos los trabajadores migrantes\u201d, que deben tener los mismos derechos que los nacidos en Uruguay y \u201cno puede aprovecharse su situaci\u00f3n de vulnerabilidad para bajar salarios, condiciones de trabajo o protecci\u00f3n social\u201d. Para Puig, \u201cese es un peligro latente\u201d frente al aumento de la inmigraci\u00f3n, \u201cno necesariamente tiene que generar un aumento de situaciones de trata, pero genera condiciones para que eso pueda desarrollarse\u201d.<\/p>\n\n\n\n<p class=\"has-text-align-justify has-text-color has-link-color wp-elements-b00f838ca2f431340efd3e4ba518c0b6 wp-block-paragraph\" style=\"color:#000000\"><strong>*Macarena Saavedra<\/strong> es periodista de Informaci\u00f3n Nacional en B\u00fasqueda desde setiembre de 2022. Tambi\u00e9n es productora del programa <em>Doble Click<\/em> de Radio DelSol. Antes trabaj\u00f3 como periodista en <em>El Observador<\/em> y <em>Telemundo<\/em>, y como productora period\u00edstica en el programa <em>Vespertinas <\/em>de Canal 4.<\/p>\n","protected":false},"excerpt":{"rendered":"<p>El inspector nacional de Trabajo se\u00f1al\u00f3 que \u201cson bienvenidos los trabajadores migrantes\u201d, que deben tener los mismos derechos que los nacidos en Uruguay y \u201cno puede aprovecharse su situaci\u00f3n de vulnerabilidad para bajar salarios, condiciones de trabajo o protecci\u00f3n social\u201d.<\/p>\n","protected":false},"author":102520410,"featured_media":52637,"comment_status":"closed","ping_status":"","sticky":false,"template":"","format":"standard","meta":{"_coblocks_attr":"","_coblocks_dimensions":"","_coblocks_responsive_height":"","_coblocks_accordion_ie_support":"","_crdt_document":"","advanced_seo_description":"","jetpack_seo_html_title":"","jetpack_seo_noindex":false,"_jetpack_newsletter_access":"","_jetpack_dont_email_post_to_subs":false,"_jetpack_newsletter_tier_id":0,"_jetpack_memberships_contains_paywalled_content":false,"_jetpack_memberships_contains_paid_content":false,"footnotes":"","jetpack_post_was_ever_published":false},"categories":[12693],"tags":[17212,703605872,703604962,1071298],"class_list":{"0":"post-52633","1":"post","2":"type-post","3":"status-publish","4":"format-standard","5":"has-post-thumbnail","6":"hentry","7":"category-uruguay","8":"tag-america-latina","9":"tag-derechos-humanos","10":"tag-inmigracion","11":"tag-trata-de-personas","13":"fallback-thumbnail"},"jetpack_featured_media_url":"https:\/\/i0.wp.com\/correspondenciadeprensa.com\/wp-content\/uploads\/2026\/04\/Uruguay23042026.jpg?fit=875%2C418&ssl=1","jetpack_likes_enabled":false,"jetpack_sharing_enabled":true,"jetpack_shortlink":"https:\/\/wp.me\/p7lt2C-dGV","amp_enabled":true,"_links":{"self":[{"href":"https:\/\/correspondenciadeprensa.com\/index.php?rest_route=\/wp\/v2\/posts\/52633","targetHints":{"allow":["GET"]}}],"collection":[{"href":"https:\/\/correspondenciadeprensa.com\/index.php?rest_route=\/wp\/v2\/posts"}],"about":[{"href":"https:\/\/correspondenciadeprensa.com\/index.php?rest_route=\/wp\/v2\/types\/post"}],"author":[{"embeddable":true,"href":"https:\/\/correspondenciadeprensa.com\/index.php?rest_route=\/wp\/v2\/users\/102520410"}],"replies":[{"embeddable":true,"href":"https:\/\/correspondenciadeprensa.com\/index.php?rest_route=%2Fwp%2Fv2%2Fcomments&post=52633"}],"version-history":[{"count":5,"href":"https:\/\/correspondenciadeprensa.com\/index.php?rest_route=\/wp\/v2\/posts\/52633\/revisions"}],"predecessor-version":[{"id":52639,"href":"https:\/\/correspondenciadeprensa.com\/index.php?rest_route=\/wp\/v2\/posts\/52633\/revisions\/52639"}],"wp:featuredmedia":[{"embeddable":true,"href":"https:\/\/correspondenciadeprensa.com\/index.php?rest_route=\/wp\/v2\/media\/52637"}],"wp:attachment":[{"href":"https:\/\/correspondenciadeprensa.com\/index.php?rest_route=%2Fwp%2Fv2%2Fmedia&parent=52633"}],"wp:term":[{"taxonomy":"category","embeddable":true,"href":"https:\/\/correspondenciadeprensa.com\/index.php?rest_route=%2Fwp%2Fv2%2Fcategories&post=52633"},{"taxonomy":"post_tag","embeddable":true,"href":"https:\/\/correspondenciadeprensa.com\/index.php?rest_route=%2Fwp%2Fv2%2Ftags&post=52633"}],"curies":[{"name":"wp","href":"https:\/\/api.w.org\/{rel}","templated":true}]}}