{"id":52587,"date":"2026-04-21T20:15:10","date_gmt":"2026-04-21T18:15:10","guid":{"rendered":"https:\/\/correspondenciadeprensa.com\/?p=52587"},"modified":"2026-04-21T20:15:10","modified_gmt":"2026-04-21T18:15:10","slug":"brasil-sindicatos-6-congreso-de-la-csp-conlutas-dossier","status":"publish","type":"post","link":"https:\/\/correspondenciadeprensa.com\/?p=52587","title":{"rendered":"Brasil \/ Sindicatos \u2013 6\u00b0 Congreso de la CSP-Conlutas. [Dossier]"},"content":{"rendered":"\n<p class=\"has-text-color has-link-color wp-elements-7005181bb97d0e403b05eaf0ebfe86c3 wp-block-paragraph\" style=\"color:#000000\"><strong>El balance aprobado celebra veinte a\u00f1os de lucha y reafirma la independencia de clase ante los retos futuros<\/strong><\/p>\n\n\n\n<p class=\"has-text-color has-link-color wp-elements-8ec7288573c50e9576d8c6743a21faf0 wp-block-paragraph\" style=\"color:#000000\"><strong><em><a href=\"https:\/\/cspconlutas.org.br\/n\/20284\/balanco-aprovado-celebra-20-anos-de-luta-e-reafirma-independencia-de-classe-diante-dos-desafios-futuros\">CSP-Conlutas<\/a><\/em>, 21-4-2026<\/strong><\/p>\n\n\n\n<p class=\"has-text-color has-link-color wp-elements-6abd3c60a71d61fa027616aadbfcf551 wp-block-paragraph\" style=\"color:#000000\"><strong>Traducci\u00f3n de <em><a href=\"https:\/\/correspondenciadeprensa.com\/\">Correspondencia de Prensa<\/a><\/em>, 21-4-2026<\/strong><\/p>\n\n\n\n<p class=\"has-text-align-justify has-text-color has-link-color wp-elements-dec4c36e4c9ab3fcc6a0f3db1cbac1cc wp-block-paragraph\" style=\"color:#000000\">El balance de los 20 a\u00f1os de CSP-Conlutas, debatido y votado durante la tercera jornada del 6.\u00ba Congreso, se caracteriz\u00f3 por un tono que combinaba la reflexi\u00f3n cr\u00edtica con el orgullo por la trayectoria construida.<\/p>\n\n\n\n<p class=\"has-text-align-justify has-text-color has-link-color wp-elements-27f866595d344984308ec76036bef841 wp-block-paragraph\" style=\"color:#000000\">A lo largo de las intervenciones, qued\u00f3 de manifiesto un sentimiento com\u00fan entre los delegados y delegadas: la central naci\u00f3 como una alternativa de clase, independiente de gobiernos y patrones, y logr\u00f3 mantenerse viva y activa incluso en un contexto dif\u00edcil para la organizaci\u00f3n de la clase trabajadora. Al mismo tiempo, surgieron diferencias sobre los l\u00edmites de esta trayectoria y los caminos a seguir en el pr\u00f3ximo per\u00edodo.<\/p>\n\n\n\n<p class=\"has-text-align-justify has-text-color has-link-color wp-elements-8cfeccdd25274e81dde2a79ceddb8adf wp-block-paragraph\" style=\"color:#000000\">La posici\u00f3n que sali\u00f3 victoriosa por amplia mayor\u00eda de los delegados y delegadas fue la defendida por el Bloque Obrero y Popular y presentada por la profesora y dirigente de SindRede-BH, Vanessa Portugal, quien destac\u00f3 precisamente ese orgullo colectivo.<\/p>\n\n\n\n<p class=\"has-text-color has-link-color wp-elements-3bdf2bcf93c37cb48a9ed8c15b27131d wp-block-paragraph\" style=\"color:#000000\">El balance parti\u00f3 de la realidad concreta: un per\u00edodo sin un gran avance de la clase, marcado por el avance de la extrema derecha y por la pol\u00edtica de conciliaci\u00f3n del frente amplio y la cooptaci\u00f3n de sectores del movimiento. Aun as\u00ed, la constataci\u00f3n fue que la CSP-Conlutas no retrocedi\u00f3.<\/p>\n\n\n\n<p class=\"has-text-align-justify has-text-color has-link-color wp-elements-657846ab6e6904a04eb95157c2a3a839 wp-block-paragraph\" style=\"color:#000000\">Sigui\u00f3 presente en las huelgas, las movilizaciones y las principales luchas del pa\u00eds, manteniendo su independencia pol\u00edtica frente a todos los gobiernos y patrones y ampliando su actuaci\u00f3n en diferentes sectores, desde el movimiento obrero hasta los pueblos ind\u00edgenas, los quilombolas, las mujeres y los y las trabajadoras y trabajadores precarios. Tambi\u00e9n se destac\u00f3 el papel internacionalista de la central, con acciones de solidaridad con pueblos en lucha a lo largo de su historia, como Hait\u00ed, Palestina y Ucrania.<\/p>\n\n\n\n<p class=\"has-text-align-justify has-text-color has-link-color wp-elements-6b81cd79aecd8cf14cc454a56345e307 wp-block-paragraph\" style=\"color:#000000\">En este sentido, el balance aprobado reafirma que, a pesar de las dificultades y los grandes desaf\u00edos que se avecinan, la actuaci\u00f3n fue acertada y debe ser motivo de fortalecimiento para el futuro.<\/p>\n\n\n\n<p class=\"has-text-align-justify has-text-color has-link-color wp-elements-f7d8d90598fcb78cae6ab646f7055e17 wp-block-paragraph\" style=\"color:#000000\">\u00abConscientes de los retos existentes, la CSP-Conlutas reafirma su vocaci\u00f3n de organizaci\u00f3n sindical, popular, internacionalista y democr\u00e1tica desde la base, y seguir\u00e1 buscando la unidad de todos los sectores combativos de los movimientos sindicales, populares, de lucha contra la opresi\u00f3n y juveniles, en una misma organizaci\u00f3n nacional como alternativa de direcci\u00f3n para la clase trabajadora brasile\u00f1a y, sobre todo, en la lucha por superar el capitalismo y construir una nueva sociedad socialista\u00bb, afirma la resoluci\u00f3n.<\/p>\n\n\n\n<p class=\"has-text-align-justify has-text-color has-link-color wp-elements-856ef99558f314f08496fc7581abe541 wp-block-paragraph\" style=\"color:#000000\">Otras posiciones suscitaron cr\u00edticas y advertencias. El MSFR, presentado por Dalmo, reconoci\u00f3 la importancia de la central, pero consider\u00f3 que se hab\u00eda producido un debilitamiento a lo largo del tiempo y defendi\u00f3 cambios en la din\u00e1mica interna y un mayor acercamiento a las bases.<\/p>\n\n\n\n<p class=\"has-text-align-justify has-text-color has-link-color wp-elements-e708f83342a75d4c934d5821cccc5251 wp-block-paragraph\" style=\"color:#000000\">El MRT, a trav\u00e9s de Pablito, llam\u00f3 la atenci\u00f3n sobre los errores pol\u00edticos que, seg\u00fan esta corriente, limitaron el crecimiento de la central. Destac\u00f3 la necesidad de ampliar la presencia en sectores estrat\u00e9gicos de la clase trabajadora, como los trabajadores de aplicaciones y los subcontratados, adem\u00e1s de revisar las valoraciones realizadas en momentos clave de la coyuntura.<\/p>\n\n\n\n<p class=\"has-text-align-justify has-text-color has-link-color wp-elements-4fc8f7c3ecab7a696300933943d8b0ca wp-block-paragraph\" style=\"color:#000000\">Por su parte, el MPR-MRS, con Vitor, present\u00f3 una cr\u00edtica m\u00e1s dura, afirmando que la central se habr\u00eda alejado de sus principios originales al adoptar, seg\u00fan \u00e9l, una postura conciliadora frente al Gobierno, lo que habr\u00eda contribuido a un proceso de debilitamiento.<\/p>\n\n\n\n<p class=\"has-text-align-justify has-text-color has-link-color wp-elements-11d08fba0328f5f657cec3c60637686c wp-block-paragraph\" style=\"color:#000000\">A pesar de las diferencias, el debate sobre el balance dej\u00f3 claro que la historia de la CSP-Conlutas es motivo de orgullo para quienes la construyeron. Son dos d\u00e9cadas de una central que se ha mantenido firme en la defensa de la independencia de clase, actuando en las luchas y tratando de organizar a los trabajadores en un per\u00edodo marcado por ataques y retrocesos. El balance aprobado expresa esa confianza: la de que, a pesar de todos los obst\u00e1culos, la experiencia acumulada constituye una base s\u00f3lida para seguir construyendo una alternativa de lucha en el pa\u00eds.<\/p>\n\n\n\n<p class=\"has-text-align-center has-text-color has-link-color wp-elements-0ed1d6f6c310facdef13d6d2bc74272e wp-block-paragraph\" style=\"color:#000000\"><strong>***<\/strong><\/p>\n\n\n\n<p class=\"has-text-color has-link-color wp-elements-82fc43dab703be8eb89bfb72b8f8b066 wp-block-paragraph\" style=\"color:#000000\"><strong>La resoluci\u00f3n define tareas para fortalecer la organizaci\u00f3n e incorporar a nuevos sectores de la clase<\/strong><\/p>\n\n\n\n<p class=\"has-text-color has-link-color wp-elements-c52dbccfc3fed687e8511bfb87028114 wp-block-paragraph\" style=\"color:#000000\"><strong><em><a href=\"https:\/\/cspconlutas.org.br\/n\/20285\/resolucao-aponta-tarefas-para-fortalecer-organizacao-e-incorporar-novos-setores-da-classe\">CSP-Conlutas<\/a><\/em>, 21-4-2026 <\/strong><\/p>\n\n\n\n<figure class=\"wp-block-image size-large\"><img data-recalc-dims=\"1\" loading=\"lazy\" decoding=\"async\" width=\"656\" height=\"160\" data-attachment-id=\"52596\" data-permalink=\"https:\/\/correspondenciadeprensa.com\/?attachment_id=52596\" data-orig-file=\"https:\/\/i0.wp.com\/correspondenciadeprensa.com\/wp-content\/uploads\/2026\/04\/Conlutas21042026-II.jpg?fit=1170%2C285&amp;ssl=1\" data-orig-size=\"1170,285\" data-comments-opened=\"0\" data-image-meta=\"{&quot;aperture&quot;:&quot;0&quot;,&quot;credit&quot;:&quot;&quot;,&quot;camera&quot;:&quot;&quot;,&quot;caption&quot;:&quot;&quot;,&quot;created_timestamp&quot;:&quot;0&quot;,&quot;copyright&quot;:&quot;&quot;,&quot;focal_length&quot;:&quot;0&quot;,&quot;iso&quot;:&quot;0&quot;,&quot;shutter_speed&quot;:&quot;0&quot;,&quot;title&quot;:&quot;&quot;,&quot;orientation&quot;:&quot;0&quot;}\" data-image-title=\"Conlutas21042026 II\" data-image-description=\"\" data-image-caption=\"\" data-large-file=\"https:\/\/i0.wp.com\/correspondenciadeprensa.com\/wp-content\/uploads\/2026\/04\/Conlutas21042026-II.jpg?fit=656%2C160&amp;ssl=1\" src=\"https:\/\/i0.wp.com\/correspondenciadeprensa.com\/wp-content\/uploads\/2026\/04\/Conlutas21042026-II.jpg?resize=656%2C160&#038;ssl=1\" alt=\"\" class=\"wp-image-52596\" srcset=\"https:\/\/i0.wp.com\/correspondenciadeprensa.com\/wp-content\/uploads\/2026\/04\/Conlutas21042026-II.jpg?resize=1024%2C249&amp;ssl=1 1024w, https:\/\/i0.wp.com\/correspondenciadeprensa.com\/wp-content\/uploads\/2026\/04\/Conlutas21042026-II.jpg?resize=300%2C73&amp;ssl=1 300w, https:\/\/i0.wp.com\/correspondenciadeprensa.com\/wp-content\/uploads\/2026\/04\/Conlutas21042026-II.jpg?resize=768%2C187&amp;ssl=1 768w, https:\/\/i0.wp.com\/correspondenciadeprensa.com\/wp-content\/uploads\/2026\/04\/Conlutas21042026-II.jpg?w=1170&amp;ssl=1 1170w\" sizes=\"auto, (max-width: 656px) 100vw, 656px\" \/><\/figure>\n\n\n\n<p class=\"wp-block-paragraph\"><\/p>\n\n\n\n<p class=\"has-text-align-justify has-text-color has-link-color wp-elements-a2d740b74f46f08259572badbee3d42c wp-block-paragraph\" style=\"color:#000000\">La votaci\u00f3n de la resoluci\u00f3n sobre Organizaci\u00f3n y Estructura Sindical fue otro momento de intenso debate, que puso de manifiesto la diversidad de posturas y la b\u00fasqueda de v\u00edas para reforzar la actuaci\u00f3n de la CSP-Conlutas ante los desaf\u00edos actuales del mundo laboral. En total, se presentaron cuatro propuestas, y la tesis del Bloque Obrero y Popular fue aprobada por amplia mayor\u00eda.<\/p>\n\n\n\n<p class=\"has-text-align-justify has-text-color has-link-color wp-elements-993e88a60fa441320e9506176b4a05b7 wp-block-paragraph\" style=\"color:#000000\">En defensa de la propuesta ganadora, el dirigente del Sindicato de Metal\u00fargicos de SJC y regi\u00f3n, Weller Gon\u00e7alves, destac\u00f3 los impactos de la precarizaci\u00f3n y de la reforma laboral, se\u00f1alando la necesidad de fortalecer la organizaci\u00f3n colectiva y el trabajo de base, as\u00ed como de ampliar la actuaci\u00f3n junto a los sectores desorganizados, y de hacer frente a la ideolog\u00eda neoliberal que busca atacar la conciencia y la organizaci\u00f3n sindical de los trabajadores.<\/p>\n\n\n\n<p class=\"has-text-align-justify has-text-color has-link-color wp-elements-0218bfc3429621ced4f4dc31dfa277b9 wp-block-paragraph\" style=\"color:#000000\">Afirm\u00f3 adem\u00e1s que el financiamiento de las entidades debe decidirse democr\u00e1ticamente por las propias categor\u00edas en asambleas democr\u00e1ticas. En este sentido, defendi\u00f3 la legitimidad del cobro de la Contribuci\u00f3n de negociaci\u00f3n\/asistencia (descuento de 2 % efectuado una sola vez que permite financiar las movilizaciones sindicales por salario, ndt) que se aplicar\u00e1 a toda categor\u00eda beneficiada por un acuerdo o una movilizaci\u00f3n. Diferenci\u00e1ndola del antiguo Impuesto Sindical, que era una imposici\u00f3n del gobierno para vincular a los sindicatos al Estado, Weller explic\u00f3 que la Contribuci\u00f3n de negociaci\u00f3n debe ser decidida democr\u00e1ticamente por los trabajadores, con total independencia de los gobiernos y los empresarios.<\/p>\n\n\n\n<p class=\"has-text-align-justify has-text-color has-link-color wp-elements-733dc94a5a8688e36b36bae2d3e564d8 wp-block-paragraph\" style=\"color:#000000\">El profesor Anderson Nogueira Alves, del MFSTR\/SOB, hizo hincapi\u00e9 en la importancia de ampliar la central a toda la clase trabajadora en toda su diversidad, incluyendo a los sectores precarios y oprimidos. Destac\u00f3 especialmente a la poblaci\u00f3n LGBTQIAPN+, adem\u00e1s de proponer la creaci\u00f3n de un sector ambiental.<\/p>\n\n\n\n<p class=\"has-text-align-justify has-text-color has-link-color wp-elements-c54d74b51bda338dfeeb704d0416bc0b wp-block-paragraph\" style=\"color:#000000\">La profesora Mar\u00e9 present\u00f3 la propuesta de resoluci\u00f3n del MRT, abog\u00f3 por una mayor democracia interna y rechaz\u00f3 cualquier alianza de las listas sindicales con sectores de la burocracia. Propuso adem\u00e1s la rotaci\u00f3n en los cargos de direcci\u00f3n como forma de hacer frente a la burocratizaci\u00f3n y ampliar la participaci\u00f3n de las bases en las decisiones.<\/p>\n\n\n\n<p class=\"has-text-align-justify has-text-color has-link-color wp-elements-00a2d6621633a7f7b87940b871c7bbd4 wp-block-paragraph\" style=\"color:#000000\">Manuel Ov\u00eddio, del MRS\/MPR, defendi\u00f3 que el fortalecimiento de la central pasa por la lucha contra el imperialismo, los gobiernos y los empresarios, adem\u00e1s de la renovaci\u00f3n de su direcci\u00f3n mediante la rotaci\u00f3n. Tambi\u00e9n se posicion\u00f3 en contra de la adopci\u00f3n de la Contribuci\u00f3n de negociaci\u00f3n.<\/p>\n","protected":false},"excerpt":{"rendered":"<p>\u00abConscientes de los retos existentes, la CSP-Conlutas reafirma su vocaci\u00f3n de organizaci\u00f3n sindical, popular, internacionalista y democr\u00e1tica desde la base, y seguir\u00e1 buscando la unidad de todos los sectores combativos de los movimientos sindicales, populares, de lucha contra la opresi\u00f3n y juveniles, en una misma organizaci\u00f3n nacional como alternativa de direcci\u00f3n para la clase trabajadora brasile\u00f1a y, sobre todo, en la lucha por superar el capitalismo y construir una nueva sociedad socialista\u00bb.<\/p>\n","protected":false},"author":102520410,"featured_media":52594,"comment_status":"closed","ping_status":"","sticky":false,"template":"","format":"standard","meta":{"_coblocks_attr":"","_coblocks_dimensions":"","_coblocks_responsive_height":"","_coblocks_accordion_ie_support":"","_crdt_document":"","advanced_seo_description":"","jetpack_seo_html_title":"","jetpack_seo_noindex":false,"_jetpack_newsletter_access":"","_jetpack_dont_email_post_to_subs":false,"_jetpack_newsletter_tier_id":0,"_jetpack_memberships_contains_paywalled_content":false,"_jetpack_memberships_contains_paid_content":false,"footnotes":"","jetpack_post_was_ever_published":false},"categories":[703610854,337028],"tags":[17212,703605703,703606489,703605081,179214],"class_list":{"0":"post-52587","1":"post","2":"type-post","3":"status-publish","4":"format-standard","5":"has-post-thumbnail","6":"hentry","7":"category-brasil","8":"category-sindicatos","9":"tag-america-latina","10":"tag-internacionalismo","11":"tag-lucha-de-clases","12":"tag-palestina","13":"tag-ucrania","15":"fallback-thumbnail"},"jetpack_featured_media_url":"https:\/\/i0.wp.com\/correspondenciadeprensa.com\/wp-content\/uploads\/2026\/04\/Conlutas21042026.jpg?fit=1170%2C530&ssl=1","jetpack_likes_enabled":false,"jetpack_sharing_enabled":true,"jetpack_shortlink":"https:\/\/wp.me\/p7lt2C-dGb","amp_enabled":true,"_links":{"self":[{"href":"https:\/\/correspondenciadeprensa.com\/index.php?rest_route=\/wp\/v2\/posts\/52587","targetHints":{"allow":["GET"]}}],"collection":[{"href":"https:\/\/correspondenciadeprensa.com\/index.php?rest_route=\/wp\/v2\/posts"}],"about":[{"href":"https:\/\/correspondenciadeprensa.com\/index.php?rest_route=\/wp\/v2\/types\/post"}],"author":[{"embeddable":true,"href":"https:\/\/correspondenciadeprensa.com\/index.php?rest_route=\/wp\/v2\/users\/102520410"}],"replies":[{"embeddable":true,"href":"https:\/\/correspondenciadeprensa.com\/index.php?rest_route=%2Fwp%2Fv2%2Fcomments&post=52587"}],"version-history":[{"count":8,"href":"https:\/\/correspondenciadeprensa.com\/index.php?rest_route=\/wp\/v2\/posts\/52587\/revisions"}],"predecessor-version":[{"id":52597,"href":"https:\/\/correspondenciadeprensa.com\/index.php?rest_route=\/wp\/v2\/posts\/52587\/revisions\/52597"}],"wp:featuredmedia":[{"embeddable":true,"href":"https:\/\/correspondenciadeprensa.com\/index.php?rest_route=\/wp\/v2\/media\/52594"}],"wp:attachment":[{"href":"https:\/\/correspondenciadeprensa.com\/index.php?rest_route=%2Fwp%2Fv2%2Fmedia&parent=52587"}],"wp:term":[{"taxonomy":"category","embeddable":true,"href":"https:\/\/correspondenciadeprensa.com\/index.php?rest_route=%2Fwp%2Fv2%2Fcategories&post=52587"},{"taxonomy":"post_tag","embeddable":true,"href":"https:\/\/correspondenciadeprensa.com\/index.php?rest_route=%2Fwp%2Fv2%2Ftags&post=52587"}],"curies":[{"name":"wp","href":"https:\/\/api.w.org\/{rel}","templated":true}]}}