{"id":52454,"date":"2026-04-09T20:31:36","date_gmt":"2026-04-09T18:31:36","guid":{"rendered":"https:\/\/correspondenciadeprensa.com\/?p=52454"},"modified":"2026-04-09T20:31:36","modified_gmt":"2026-04-09T18:31:36","slug":"venezuela-trabajadores-y-estudiantes-en-la-calle-contra-el-salario-responsable-de-delcy-rodriguez-dossier","status":"publish","type":"post","link":"https:\/\/correspondenciadeprensa.com\/?p=52454","title":{"rendered":"Venezuela \u2013 Trabajadores y estudiantes en la calle contra el salario \u201cresponsable\u201d de Delcy Rodr\u00edguez. [Dossier]"},"content":{"rendered":"\n<p class=\"has-text-align-justify has-text-color has-link-color wp-elements-1 wp-block-paragraph\" style=\"color:#050000\"><strong>Trabajadores no le compran el salario \u201cresponsable\u201d a Delcy Rodr\u00edguez y se lanzan a la calle para marchar a Miraflores<\/strong><\/p>\n\n\n\n<p class=\"has-text-color has-link-color wp-elements-2 wp-block-paragraph\" style=\"color:#050000\"><strong><em><a href=\"https:\/\/efectococuyo.com\/la-humanidad\/trabajadores-no-le-compran-el-salario-responsable-a-delcy-rodriguez-y-se-lanzan-a-la-calle-para-marchar-a-miraflores\/\">Efecto Cocuyo<\/a><\/em>, 9-4-2026<\/strong><\/p>\n\n\n\n<p class=\"has-text-color has-link-color wp-elements-3 wp-block-paragraph\" style=\"color:#050000\"><strong><em><a href=\"https:\/\/correspondenciadeprensa.com\/\">Correspondencia de Prensa<\/a><\/em>, 9-4-2026<\/strong><\/p>\n\n\n\n<p class=\"has-text-align-justify has-text-color has-link-color wp-elements-4 wp-block-paragraph\" style=\"color:#050000\"><strong>Sindicalistas y ciudadanos se concentran en Plaza Venezuela con la intenci\u00f3n de movilizarse al centro de la capital.<\/strong><\/p>\n\n\n\n<p class=\"has-text-align-justify has-text-color has-link-color wp-elements-5 wp-block-paragraph\" style=\"color:#050000\">Cientos de trabajadores, sindicalistas, docentes, jubilados y estudiantes se concentran desde temprano este jueves en Plaza Venezuela para marchar hacia el Palacio de Miraflores, en exigencia de un salario digno y rechazo al anuncio de un \u201cincremento responsable\u201d hecho por la mandataria encargada Delcy Rodr\u00edguez.<\/p>\n\n\n\n<p class=\"has-text-align-justify has-text-color has-link-color wp-elements-6 wp-block-paragraph\" style=\"color:#050000\">La movilizaci\u00f3n, convocada por la Coalici\u00f3n Sindical Nacional y diversos gremios, se inici\u00f3 alrededor de las 9:00 a.m. Los manifestantes consideran insuficiente e impreciso el ajuste salarial anunciado para el 1 de mayo, ya que Delcy Rodr\u00edguez no revel\u00f3 el monto del aumento ni una fecha concreta de implementaci\u00f3n efectiva.<\/p>\n\n\n\n<p class=\"has-text-align-justify has-text-color has-link-color wp-elements-7 wp-block-paragraph\" style=\"color:#050000\">\u201cEl salario no tiene color pol\u00edtico. Estamos aqu\u00ed exigiendo respuestas a los hermanos Rodr\u00edguez\u201d, afirm\u00f3 Jos\u00e9 Patines, dirigente sindical de la Canciller\u00eda y uno de los voceros principales de la marcha, en declaraciones a los medios que cubren la movilizaci\u00f3n.<\/p>\n\n\n\n<p class=\"has-text-align-justify has-text-color has-link-color wp-elements-8 wp-block-paragraph\" style=\"color:#050000\">Los trabajadores denuncian que el salario m\u00ednimo actual ronda los 130 bol\u00edvares (menos de un d\u00f3lar), lo que ha convertido los ingresos en \u201csalarios de hambre\u201d tras cuatro a\u00f1os congelados.<\/p>\n\n\n\n<p class=\"has-text-align-justify has-text-color has-link-color wp-elements-9 wp-block-paragraph\" style=\"color:#050000\">Este mi\u00e9rcoles, en un mensaje a la naci\u00f3n, Rodr\u00edguez reconoci\u00f3 \u201cerrores propios del pasado\u201d y prometi\u00f3 un \u201cincremento responsable\u201d de salarios a partir del 1 de mayo, acompa\u00f1ado de la creaci\u00f3n de una comisi\u00f3n para el di\u00e1logo laboral. Sin embargo, el anuncio fue recibido con escepticismo por los sectores laborales, que lo interpretan como una maniobra para desmovilizar la protesta.<\/p>\n\n\n\n<p class=\"has-text-align-justify has-text-color has-link-color wp-elements-10 wp-block-paragraph\" style=\"color:#050000\">En paralelo, el chavismo, a trav\u00e9s de Diosdado Cabello, convoc\u00f3 una marcha oficialista para este mismo d\u00eda, con el argumento de conmemorar los 20 a\u00f1os de la Ley de Consejos Comunales y \u201cdefender la paz\u201d.<\/p>\n\n\n\n<p class=\"has-text-align-justify has-text-color has-link-color wp-elements-11 wp-block-paragraph\" style=\"color:#050000\">Cuerpos policiales han instalado barricadas en las v\u00edas de acceso hacia el centro de la capital y desde temprano los alrededores del Palacio Presidencial de Miraflores est\u00e1n fuertemente custodiados por cuerpos de seguridad.<\/p>\n\n\n\n<p class=\"has-text-align-justify has-text-color has-link-color wp-elements-12 wp-block-paragraph\" style=\"color:#050000\">Los organizadores aseguraron haber cumplido con todos los permisos y advirtieron que mantendr\u00e1n la presi\u00f3n hasta obtener respuestas concretas sobre salarios, prestaciones sociales y respeto a los derechos laborales.<\/p>\n\n\n\n<p class=\"has-text-align-justify has-text-color has-link-color wp-elements-13 wp-block-paragraph\" style=\"color:#050000\">Hasta el momento, la marcha avanza por las principales avenidas del centro de Caracas rumbo a Miraflores, donde los manifestantes esperan ser recibidos o al menos obtener un pronunciamiento oficial. La protesta de hoy marca un nuevo cap\u00edtulo en el creciente descontento laboral que ha venido escalando en las \u00faltimas semanas en Venezuela.<\/p>\n\n\n\n<p class=\"has-text-align-center has-text-color has-link-color wp-elements-14 wp-block-paragraph\" style=\"color:#050000\"><strong>***<\/strong><\/p>\n\n\n\n<p class=\"has-text-color has-link-color wp-elements-15 wp-block-paragraph\" style=\"color:#050000\"><strong>Gobierno oprime marcha de trabajadores por salarios y pensiones<\/strong> <\/p>\n\n\n\n<p class=\"has-text-color has-link-color wp-elements-16 wp-block-paragraph\" style=\"color:#050000\"><strong><em><a href=\"https:\/\/www.elnacional.com\/2026\/04\/gobierno-oprime-marcha-de-trabajadores-por-salarios-y-pensiones\/\">El Nacional<\/a><\/em>, 9-4-2026<\/strong><\/p>\n\n\n<div class=\"wp-block-image\">\n<figure class=\"aligncenter size-large\"><img data-recalc-dims=\"1\" loading=\"lazy\" decoding=\"async\" width=\"656\" height=\"322\" data-attachment-id=\"52462\" data-permalink=\"https:\/\/correspondenciadeprensa.com\/?attachment_id=52462\" data-orig-file=\"https:\/\/i0.wp.com\/correspondenciadeprensa.com\/wp-content\/uploads\/2026\/04\/Venezuela09042026-II.jpg?fit=1178%2C578&amp;ssl=1\" data-orig-size=\"1178,578\" data-comments-opened=\"0\" data-image-title=\"Venezuela09042026 II\" data-image-description=\"\" data-image-caption=\"\" data-large-file=\"https:\/\/i0.wp.com\/correspondenciadeprensa.com\/wp-content\/uploads\/2026\/04\/Venezuela09042026-II.jpg?fit=656%2C322&amp;ssl=1\" src=\"https:\/\/i0.wp.com\/correspondenciadeprensa.com\/wp-content\/uploads\/2026\/04\/Venezuela09042026-II.jpg?resize=656%2C322&#038;ssl=1\" alt=\"\" class=\"wp-image-52462\" srcset=\"https:\/\/i0.wp.com\/correspondenciadeprensa.com\/wp-content\/uploads\/2026\/04\/Venezuela09042026-II.jpg?resize=1024%2C502&amp;ssl=1 1024w, https:\/\/i0.wp.com\/correspondenciadeprensa.com\/wp-content\/uploads\/2026\/04\/Venezuela09042026-II.jpg?resize=300%2C147&amp;ssl=1 300w, https:\/\/i0.wp.com\/correspondenciadeprensa.com\/wp-content\/uploads\/2026\/04\/Venezuela09042026-II.jpg?resize=768%2C377&amp;ssl=1 768w, https:\/\/i0.wp.com\/correspondenciadeprensa.com\/wp-content\/uploads\/2026\/04\/Venezuela09042026-II.jpg?w=1178&amp;ssl=1 1178w\" sizes=\"auto, (max-width: 656px) 100vw, 656px\" \/><figcaption class=\"wp-element-caption\"><sub>La movilizaci\u00f3n comenz\u00f3 alrededor de las 11:00 de la ma\u00f1ana desde Plaza Venezuela | Foto: PROVEA<\/sub><\/figcaption><\/figure>\n<\/div>\n\n\n<p class=\"has-text-color has-link-color wp-elements-17 wp-block-paragraph\" style=\"color:#050000\"><\/p>\n\n\n\n<p class=\"has-text-align-justify has-text-color has-link-color wp-elements-18 wp-block-paragraph\" style=\"color:#050000\">Funcionarios policiales ingresaron a la marcha para amedrentar a los participantes, mientras que en la avenida Universidad se registr\u00f3 otro despliegue de seguridad para impedir el avance hacia la sede del Ejecutivo<\/p>\n\n\n\n<p class=\"has-text-align-justify has-text-color has-link-color wp-elements-19 wp-block-paragraph\" style=\"color:#050000\">Trabajadores, gremios y sindicatos <em><a href=\"https:\/\/www.elnacional.com\/2026\/04\/sindicatos-reiteran-convocatoria-de-movilizacion-para-el-9-de-abril\/\" target=\"_blank\" rel=\"noreferrer noopener\">marchan este jueves hacia el Palacio de Miraflores,<\/a><\/em> en el centro de Caracas, para exigir un aumento de salarios y pensiones, en medio del deterioro del ingreso m\u00ednimo que se mantiene congelado desde 2022. El gobierno ha decidido oprimirla para contener su objetivo.<\/p>\n\n\n\n<p class=\"has-text-align-justify has-text-color has-link-color wp-elements-20 wp-block-paragraph\" style=\"color:#050000\">La movilizaci\u00f3n comenz\u00f3 alrededor de las 11:00 am desde Plaza Venezuela. A las 11:26 am, la movilizaci\u00f3n avanzaba sin contratiempos a la altura del Parque Los Caobos, en direcci\u00f3n a la avenida M\u00e9xico, en Bellas Artes.<\/p>\n\n\n\n<p class=\"has-text-align-justify has-text-color has-link-color wp-elements-21 wp-block-paragraph\" style=\"color:#050000\">Minutos despu\u00e9s, a las 11:32 am, los manifestantes encontraron un piquete policial que bloqueaba el paso hacia la avenida M\u00e9xico, por lo que desviaron la movilizaci\u00f3n hacia la avenida Bol\u00edvar para retomar la ruta prevista.<\/p>\n\n\n\n<p class=\"has-text-align-justify has-text-color has-link-color wp-elements-22 wp-block-paragraph\" style=\"color:#050000\">Seg\u00fan reportes de la ONG Caleidoscopio Humano, funcionarios policiales habr\u00edan ingresado a la marcha para amedrentar a los participantes, mientras que en la avenida Universidad se registr\u00f3 otro despliegue de seguridad para impedir el avance hacia Miraflores.<\/p>\n\n\n\n<p class=\"has-text-align-justify has-text-color has-link-color wp-elements-23 wp-block-paragraph\" style=\"color:#050000\">A las 11:40 am, efectivos antimotines tambi\u00e9n bloquearon el paso en La Candelaria. Pese a los obst\u00e1culos, los manifestantes lograron continuar, divididos en dos grupos: uno avanzando por la avenida Universidad y otro por la Bol\u00edvar, con la intenci\u00f3n de llegar a la sede del Ejecutivo.<\/p>\n\n\n\n<p class=\"has-text-align-justify has-text-color has-link-color wp-elements-24 wp-block-paragraph\" style=\"color:#050000\">\u201c\u00a1Esbirros, la historia los juzgar\u00e1!\u201d, \u201c\u00a1Jalabolas!\u201d, \u201c\u00a1Cobardes!\u201d, les gritaron los ciudadanos a los funcionarios que imped\u00edan su derecho a la protesta.<\/p>\n\n\n\n<p class=\"has-text-align-justify has-text-color has-link-color wp-elements-25 wp-block-paragraph\" style=\"color:#050000\">Los ciudadanos lograron sortear los piquetes policiales hasta la Plaza El Venezolano, donde decenas de funcionarios impidieron que la movilizaci\u00f3n continuara. En un video difundido por Provea se observa cuando un agente golpea con su escudo al fot\u00f3grafo Sergio Gonz\u00e1lez.<\/p>\n\n\n\n<p class=\"has-text-color has-link-color wp-elements-26 wp-block-paragraph\" style=\"color:#050000\">&#8211;<em><a href=\"https:\/\/x.com\/_Provea\/status\/2042304442238976164\">Tuit de Provea desde la marcha<\/a><\/em>.<\/p>\n\n\n\n<p class=\"has-text-align-justify has-text-color has-link-color wp-elements-27 wp-block-paragraph\" style=\"color:#050000\">Tambi\u00e9n se report\u00f3 que el cuerpo de seguridad lanz\u00f3 gases lacrim\u00f3genos para dispersar la movilizaci\u00f3n en la avenida Universidad, en momentos en los que los manifestantes intentaban romper un piquete.<\/p>\n\n\n\n<p class=\"has-text-color has-link-color wp-elements-28 wp-block-paragraph\" style=\"color:#050000\">&#8211;<em><a href=\"https:\/\/x.com\/BitEcoVe\/status\/2042299437611958477?ref_src=twsrc%5Etfw%7Ctwcamp%5Etweetembed%7Ctwterm%5E2042299437611958477%7Ctwgr%5Edf952a82605412f27cb76844d9ce67f6d96652b1%7Ctwcon%5Es1_&amp;ref_url=https%3A%2F%2Fwww.elnacional.com%2F2026%2F04%2Fgobierno-oprime-marcha-de-trabajadores-por-salarios-y-pensiones%2F\">Tuit de Bit\u00e1cora Econ\u00f3mica Venezuela<\/a><\/em>.<\/p>\n\n\n\n<p class=\"has-text-align-justify has-text-color has-link-color wp-elements-29 wp-block-paragraph\" style=\"color:#050000\">En otro video difundido por Viva la UCV se observa c\u00f3mo un funcionario intenta someter a un manifestante, mientras otro interviene para evitar la agresi\u00f3n.<\/p>\n\n\n\n<p class=\"has-text-color has-link-color wp-elements-30 wp-block-paragraph\" style=\"color:#050000\"><strong>Aumento salarial el 1\u00b0 de mayo<\/strong><\/p>\n\n\n\n<p class=\"has-text-align-justify has-text-color has-link-color wp-elements-31 wp-block-paragraph\" style=\"color:#050000\">La movilizaci\u00f3n ocurre un d\u00eda despu\u00e9s de que la presidenta interina, Delcy Rodr\u00edguez, anunci\u00f3 <em><a href=\"https:\/\/www.elnacional.com\/2026\/04\/delcy-rodriguez-anuncia-aumento-del-salario-a-partir-del-1-de-mayo\/\" target=\"_blank\" rel=\"noreferrer noopener\">un aumento salarial que entrar\u00e1 en vigencia el pr\u00f3ximo 1\u00b0 de mayo,<\/a><\/em> sin precisar el monto ni el mecanismo para su c\u00e1lculo.<\/p>\n\n\n\n<p class=\"has-text-align-justify has-text-color has-link-color wp-elements-32 wp-block-paragraph\" style=\"color:#050000\">El salario m\u00ednimo en Venezuela permanece fijado en 130 bol\u00edvares mensuales desde marzo de 2022.Aunque entonces equival\u00eda a unos 30 d\u00f3lares, actualmente representa cerca de 27 centavos de d\u00f3lar al cambio oficial del Banco Central de Venezuela.<\/p>\n\n\n\n<p class=\"has-text-align-justify has-text-color has-link-color wp-elements-33 wp-block-paragraph\" style=\"color:#050000\">En los \u00faltimos a\u00f1os, el r\u00e9gimen ha priorizado el pago de bonificaciones sin incidencia en prestaciones laborales, que suman alrededor de 160 d\u00f3lares mensuales solo para empleados p\u00fablicos.<\/p>\n\n\n\n<p class=\"has-text-align-justify has-text-color has-link-color wp-elements-34 wp-block-paragraph\" style=\"color:#050000\">Esta pol\u00edtica ha sido cuestionada por sindicatos, que exigen aumentos salariales formales, respeto a las contrataciones colectivas y el cese de la persecuci\u00f3n contra dirigentes gremiales.<\/p>\n\n\n\n<p class=\"has-text-align-justify has-text-color has-link-color wp-elements-35 wp-block-paragraph\" style=\"color:#050000\">Esta es la cuarta protesta por reivindicaciones salariales en lo que va de a\u00f1o y la primera que tiene como destino el Palacio de Miraflores. La convocatoria coincide con una movilizaci\u00f3n promovida por el chavismo en las mismas zonas de Caracas, en supuesto respaldo a la \u201cpaz\u201d y para conmemorar los 20 a\u00f1os de los consejos comunales.<\/p>\n","protected":false},"excerpt":{"rendered":"<p>Cientos de trabajadores, sindicalistas, docentes, jubilados y estudiantes se concentran desde temprano este jueves en Plaza Venezuela para marchar hacia el Palacio de Miraflores, en exigencia de un salario digno y rechazo al anuncio de un \u201cincremento responsable\u201d hecho por la mandataria encargada Delcy Rodr\u00edguez.<\/p>\n","protected":false},"author":102520410,"featured_media":52461,"comment_status":"closed","ping_status":"","sticky":false,"template":"","format":"standard","meta":{"_coblocks_attr":"","_coblocks_dimensions":"","_coblocks_responsive_height":"","_coblocks_accordion_ie_support":"","advanced_seo_description":"","jetpack_seo_html_title":"","jetpack_seo_noindex":false,"jetpack_seo_schema_type":"","_jetpack_newsletter_access":"","_jetpack_dont_email_post_to_subs":false,"_jetpack_newsletter_tier_id":0,"_jetpack_memberships_contains_paywalled_content":false,"_wpcom_ai_launchpad_first_post":false,"_jetpack_feature_clip_id":0,"_jetpack_memberships_contains_paid_content":false,"footnotes":"","jetpack_post_was_ever_published":false},"categories":[337028,17923],"tags":[17212,703604839,188797690,703604964],"class_list":["post-52454","post","type-post","status-publish","format-standard","has-post-thumbnail","hentry","category-sindicatos","category-venezuela","tag-america-latina","tag-chavismo","tag-delcy-rodriguez","tag-salarios","fallback-thumbnail"],"jetpack_likes_enabled":false,"jetpack_sharing_enabled":true,"jetpack_shortlink":"https:\/\/wp.me\/p7lt2C-dE2","amp_enabled":true,"jetpack_featured_media_url":"https:\/\/i0.wp.com\/correspondenciadeprensa.com\/wp-content\/uploads\/2026\/04\/Venezuela09042026-I.jpg?fit=780%2C359&ssl=1","_links":{"self":[{"href":"https:\/\/correspondenciadeprensa.com\/index.php?rest_route=\/wp\/v2\/posts\/52454","targetHints":{"allow":["GET"]}}],"collection":[{"href":"https:\/\/correspondenciadeprensa.com\/index.php?rest_route=\/wp\/v2\/posts"}],"about":[{"href":"https:\/\/correspondenciadeprensa.com\/index.php?rest_route=\/wp\/v2\/types\/post"}],"author":[{"embeddable":true,"href":"https:\/\/correspondenciadeprensa.com\/index.php?rest_route=\/wp\/v2\/users\/102520410"}],"replies":[{"embeddable":true,"href":"https:\/\/correspondenciadeprensa.com\/index.php?rest_route=%2Fwp%2Fv2%2Fcomments&post=52454"}],"version-history":[{"count":8,"href":"https:\/\/correspondenciadeprensa.com\/index.php?rest_route=\/wp\/v2\/posts\/52454\/revisions"}],"predecessor-version":[{"id":52464,"href":"https:\/\/correspondenciadeprensa.com\/index.php?rest_route=\/wp\/v2\/posts\/52454\/revisions\/52464"}],"wp:featuredmedia":[{"embeddable":true,"href":"https:\/\/correspondenciadeprensa.com\/index.php?rest_route=\/wp\/v2\/media\/52461"}],"wp:attachment":[{"href":"https:\/\/correspondenciadeprensa.com\/index.php?rest_route=%2Fwp%2Fv2%2Fmedia&parent=52454"}],"wp:term":[{"taxonomy":"category","embeddable":true,"href":"https:\/\/correspondenciadeprensa.com\/index.php?rest_route=%2Fwp%2Fv2%2Fcategories&post=52454"},{"taxonomy":"post_tag","embeddable":true,"href":"https:\/\/correspondenciadeprensa.com\/index.php?rest_route=%2Fwp%2Fv2%2Ftags&post=52454"}],"curies":[{"name":"wp","href":"https:\/\/api.w.org\/{rel}","templated":true}]}}