{"id":52203,"date":"2026-03-17T18:37:44","date_gmt":"2026-03-17T17:37:44","guid":{"rendered":"https:\/\/correspondenciadeprensa.com\/?p=52203"},"modified":"2026-03-17T18:37:44","modified_gmt":"2026-03-17T17:37:44","slug":"nicaragua-paises-de-la-onu-alarmados-por-aumento-de-la-represion-confidencial","status":"publish","type":"post","link":"https:\/\/correspondenciadeprensa.com\/?p=52203","title":{"rendered":"Nicaragua &#8211; Pa\u00edses de la ONU \u201calarmados\u201d por aumento de la represi\u00f3n. [Confidencial]"},"content":{"rendered":"\n<p class=\"has-text-color has-link-color wp-elements-6ad9406f6e199cf90f2d11c85e50d76b wp-block-paragraph\" style=\"color:#000000\"><strong>Pa\u00edses de la ONU \u201calarmados\u201d por aumento de la represi\u00f3n en Nicaragua\u00a0<\/strong><\/p>\n\n\n\n<p class=\"has-text-color has-link-color wp-elements-b1ebada8d7a22c391e22cb0899b06159 wp-block-paragraph\" style=\"color:#000000\"><strong><em><a href=\"https:\/\/confidencial.digital\/nacion\/paises-de-la-onu-alarmados-por-aumento-de-la-represion-en-nicaragua\/\">Redacci\u00f3n Confidencial<\/a><\/em>, 16-3-2026<\/strong><\/p>\n\n\n\n<p class=\"has-text-color has-link-color wp-elements-3b6706f97eaf343752af6fcb2f06d0e6 wp-block-paragraph\" style=\"color:#000000\"><strong><em><a href=\"https:\/\/correspondenciadeprensa.com\/\">Correspondencia de Prensa<\/a><\/em>, 17-3-2026<\/strong><\/p>\n\n\n\n<p class=\"has-text-align-justify has-text-color has-link-color wp-elements-f95aaee3829eae44745b294e9cfbc9a4 wp-block-paragraph\" style=\"color:#000000\"><em>El informe del Grupo de Expertos sobre Nicaragua fue presentado ante el Consejo de Derechos Humanos de la ONU y respaldado por los pa\u00edses<\/em><\/p>\n\n\n\n<p class=\"has-text-align-justify has-text-color has-link-color wp-elements-8e07f6f8682c5606833b1868644ca018 wp-block-paragraph\" style=\"color:#000000\">M\u00e1s de una decena de pa\u00edses expresaron estar \u201calarmados por los resultados\u201d del nuevo informe del Grupo de Expertos en Derechos Humanos sobre Nicaragua (GHREN), presentado ante el Consejo de Derechos Humanos de la ONU. El documento expone c\u00f3mo el r\u00e9gimen de Daniel Ortega y Rosario Murillo utiliz\u00f3 <a href=\"https:\/\/confidencial.digital\/nacion\/rosario-murillo-creo-maquinaria-de-espionaje-contra-exiliados-en-cinco-paises\/\" target=\"_blank\" rel=\"noreferrer noopener\"><em>recursos del Estado para sostener la represi\u00f3n en Nicaragua<\/em><\/a> y extender una red de vigilancia e inteligencia destinada a perseguir a nicarag\u00fcenses en el exilio.<\/p>\n\n\n\n<p class=\"has-text-align-justify has-text-color has-link-color wp-elements-dc0e1413f38299b87252835f9c8221b0 wp-block-paragraph\" style=\"color:#000000\">En un di\u00e1logo interactivo celebrado en Ginebra, el lunes 16 de marzo de 2026, durante el 61\u00ba per\u00edodo de sesiones del Consejo, el GHREN inst\u00f3 al r\u00e9gimen nicarag\u00fcense a \u201cdesmantelar la arquitectura de la represi\u00f3n\u201d.<\/p>\n\n\n\n<p class=\"has-text-align-justify has-text-color has-link-color wp-elements-789e78b89b49ca555c344caa4db346f3 wp-block-paragraph\" style=\"color:#000000\">\u201cHemos documentado la conexi\u00f3n funcional entre la estructura paralela del partido Sandinista en el Estado, el desv\u00edo de fondos p\u00fablicos, su encubrimiento contable y las graves violaciones de los derechos humanos en Nicaragua\u201d, declar\u00f3 el presidente del Grupo de Expertos, Jan-Michael Simon, en una presentaci\u00f3n en el Consejo de Derechos Humanos de la ONU.<\/p>\n\n\n\n<p class=\"has-text-align-justify has-text-color has-link-color wp-elements-4e049f2da20646df8d3901e62d36baea wp-block-paragraph\" style=\"color:#000000\">Las representaciones de Costa Rica, Canad\u00e1, Chile, Brasil, Paraguay y Espa\u00f1a condenaron las violaciones de derechos humanos registradas en el pa\u00eds.<\/p>\n\n\n\n<p class=\"has-text-align-justify has-text-color has-link-color wp-elements-fd78db1e2928fdaf17a8730f0fdb358d wp-block-paragraph\" style=\"color:#000000\">Espa\u00f1a denunci\u00f3 la \u201cconsolidaci\u00f3n de un sistema de control f\u00e9rreo\u201d que elimina los derechos humanos en el pa\u00eds y \u201cextiende su arquitectura de acoso y amenazas al exterior\u201d.<\/p>\n\n\n\n<p class=\"has-text-align-justify has-text-color has-link-color wp-elements-817c9b7d959f00f9592bf235b32a70ea wp-block-paragraph\" style=\"color:#000000\">\u201cNos preocupan las conclusiones del Grupo sobre el hostigamiento a nicarag\u00fcenses en el exilio, incluyendo incidentes ocurridos en nuestro territorio\u201d, denunci\u00f3 la representante espa\u00f1ola, Clara Cabrera.<\/p>\n\n\n\n<p class=\"has-text-color has-link-color wp-elements-e704f8e1b5b761029052aba60f34e601 wp-block-paragraph\" style=\"color:#000000\"><strong>Costa Rica \u201cconsternada\u201d tras hallazgos del GHREN<\/strong><\/p>\n\n\n\n<p class=\"has-text-align-justify has-text-color has-link-color wp-elements-d763f45ccc1e41a693342eef65cd74e6 wp-block-paragraph\" style=\"color:#000000\">El GHREN determin\u00f3 que Rosario Murillo encabeza una cadena de \u201cmando vertical\u201d que coordina una amplia <a href=\"https:\/\/confidencial.digital\/nacion\/asi-funciono-el-saqueo-de-dinero-publico-para-financiar-el-aparato-represivo-en-nicaragua\/\" target=\"_blank\" rel=\"noreferrer noopener\"><em>red de vigilancia e inteligencia, creada para determinar qu\u00e9 nicarag\u00fcenses exiliados deben ser perseguidos<\/em><\/a> estableciendo \u201ccategor\u00edas de amenaza\u201d.<\/p>\n\n\n\n<p class=\"has-text-align-justify has-text-color has-link-color wp-elements-8b9f4f209b74c1a6cb4eb206d8fe8448 wp-block-paragraph\" style=\"color:#000000\">Costa Rica \u2014pa\u00eds de acogida de nicarag\u00fcenses que han huido de la represi\u00f3n\u2014, afirm\u00f3 que se siente \u201cconsternada por la represi\u00f3n transnacional\u201d documentada en este informe por el Grupo de Expertos, particularmente por los \u201cactos de vigilancia, hostigamiento f\u00edsico y digital y las amenazas que sufren nicarag\u00fcenses en el exilio, perpetrados por redes de inteligencia vinculadas al Estado nicarag\u00fcense\u201d de acuerdo con el informe.<\/p>\n\n\n\n<p class=\"has-text-align-justify has-text-color has-link-color wp-elements-261f0d5aa1090aa305b4ecb60000034e wp-block-paragraph\" style=\"color:#000000\">\u201cLa investigaci\u00f3n del asesinato de Roberto Samcam en San Jos\u00e9 en junio de 2025 apunta a motivaciones pol\u00edticas, como lo indica el informe del GHREN (\u2026) las autoridades han activado algunos mecanismos institucionales para proveer salvaguardias para las personas exiliadas\u201d, afirm\u00f3 Roberto C\u00e9spedes, delegado de Costa Rica.&nbsp;<\/p>\n\n\n\n<p class=\"has-text-align-justify has-text-color has-link-color wp-elements-4a55cc8e6ed0808020eb7821a89d9878 wp-block-paragraph\" style=\"color:#000000\">Viviane Ferreira, en representaci\u00f3n de Brasil, extern\u00f3 que su Gobierno observa con \u201cinquietud el persistente deterioro del Estado de Derecho y de las garant\u00edas democr\u00e1ticas\u201d en Nicaragua.&nbsp;&nbsp;<\/p>\n\n\n\n<p class=\"has-text-align-justify has-text-color has-link-color wp-elements-6337626a4422701c3a9d3421a75318be wp-block-paragraph\" style=\"color:#000000\">\u201cEl informe se\u00f1ala patrones persistentes de violaciones graves de los derechos humanos, incluyendo detenciones arbitrarias, desapariciones forzadas y restricciones al debido proceso\u201d, dijo Ferreira, tras invitar a la dictadura nicarag\u00fcense a \u201cponer fin a las violaciones de los derechos humanos\u201d.&nbsp;<\/p>\n\n\n\n<p class=\"has-text-align-justify has-text-color has-link-color wp-elements-8f79b7de32ee46051e06371fd85fc674 wp-block-paragraph\" style=\"color:#000000\">Alexandra Salazar, en representaci\u00f3n del Servicio Internacional para los Derechos Humanos (ISHR, por sus siglas en ingl\u00e9s), record\u00f3 que en el pa\u00eds el r\u00e9gimen mantiene a 46 personas encarceladas por motivos pol\u00edticos, quienes se encuentran en un \u201centorno torturante, con aislamiento prolongado, violencia f\u00edsica y negaci\u00f3n deliberada de atenci\u00f3n m\u00e9dica\u201d.&nbsp;<\/p>\n\n\n\n<p class=\"has-text-color has-link-color wp-elements-b647f7b5c42eadef68effbab5f98cad9 wp-block-paragraph\" style=\"color:#000000\"><strong>Canad\u00e1 llama a \u201ccesar persecuci\u00f3n\u201d<\/strong><\/p>\n\n\n\n<p class=\"has-text-align-justify has-text-color has-link-color wp-elements-649673066c77945d8ef5fa4a15a55bc7 wp-block-paragraph\" style=\"color:#000000\">La delegaci\u00f3n de Canad\u00e1, que habl\u00f3 en nombre de un grupo de pa\u00edses, pidi\u00f3 al Consejo de Derechos Humanos de la ONU \u201chacer un seguimiento y apoyar en los esfuerzos de rendici\u00f3n de cuentas\u201d.&nbsp;<\/p>\n\n\n\n<p class=\"has-text-align-justify has-text-color has-link-color wp-elements-38be993e974bf2087dc5906ddf520623 wp-block-paragraph\" style=\"color:#000000\">\u201cPreocupantes son las noticias de asesinatos y ataques f\u00edsicos contra exiliados y esos incidentes deben ser investigados en profundidad y r\u00e1pidamente de conformidad con la legislaci\u00f3n nacional. Instamos al Gobierno de Nicaragua cesar de inmediato la persecuci\u00f3n\u201d, mencion\u00f3 la delegada canadiense, Patricia Lyn McCullagh.&nbsp;<\/p>\n\n\n\n<p class=\"has-text-align-justify has-text-color has-link-color wp-elements-c253e52de3e61f9e167472b6a7014a6a wp-block-paragraph\" style=\"color:#000000\">Desde el inicio de su mandato, el Grupo ha enviado 21 cartas solicitando informaci\u00f3n al r\u00e9gimen, pero \u201cno han respondido\u201d.<\/p>\n\n\n\n<p class=\"has-text-align-justify has-text-color has-link-color wp-elements-55cee427f2f90d79d7d6d6f902b41f24 wp-block-paragraph\" style=\"color:#000000\">\u201cPerseguimos con preocupaci\u00f3n los hallazgos del informe que nuevamente documentan patrones persistentes de violaciones de derechos humanos que incluyen detenciones arbitrarias, desapariciones forzadas, restricciones al espacio c\u00edvico y privaci\u00f3n arbitraria de la nacionalidad\u201d, se\u00f1al\u00f3 Mar\u00eda Paz Florenzano, de Chile.&nbsp;<\/p>\n\n\n\n<p class=\"has-text-align-justify has-text-color has-link-color wp-elements-51bec1b369bb963260e9a898d0c45550 wp-block-paragraph\" style=\"color:#000000\">Mario Ra\u00fal Cano, de Paraguay, afirm\u00f3 que la \u201c<a href=\"https:\/\/confidencial.digital\/nacion\/hrw-constitucion-chamuca-intensifico-la-deriva-autoritaria-en-nicaragua\/\" target=\"_blank\" rel=\"noreferrer noopener\"><em>consolidaci\u00f3n de las reformas constitucionales<\/em><\/a>\u201d, permitieron al r\u00e9gimen Ortega Murillo \u201cun rango supremo a la concentraci\u00f3n del poder, lo que socava principios democr\u00e1ticos\u201d.&nbsp;<\/p>\n\n\n\n<p class=\"has-text-align-justify has-text-color has-link-color wp-elements-a1acbee96525fb3cd3c9cf86a9918413 wp-block-paragraph\" style=\"color:#000000\">\u201cLas represiones, persecuciones y desapariciones se han vuelto pr\u00e1cticas sistem\u00e1ticas\u201d, denunci\u00f3 Cano.&nbsp;<\/p>\n\n\n\n<p class=\"has-text-color has-link-color wp-elements-5af1c6a65e8814ba8670fbabd614c131 wp-block-paragraph\" style=\"color:#000000\"><strong>Deterioro de derechos humanos es \u201cconstante\u201d&nbsp;<\/strong><\/p>\n\n\n\n<p class=\"has-text-align-justify has-text-color has-link-color wp-elements-301b5845c5f86e364f735cc72955a125 wp-block-paragraph\" style=\"color:#000000\">Los otros pa\u00edses que apoyaron el informe del GHREN y condenaron el autoritarismo del r\u00e9gimen son:<\/p>\n\n\n\n<p class=\"has-text-align-justify has-text-color has-link-color wp-elements-a6806bf407199b58bc9d05cdb3eda5af wp-block-paragraph\" style=\"color:#000000\">-Letonia: en representaci\u00f3n de los pa\u00edses n\u00f3rdicos y b\u00e1lticos, se\u00f1al\u00f3 que \u201cla situaci\u00f3n en el pa\u00eds sigue deterior\u00e1ndose\u201d.<\/p>\n\n\n\n<p class=\"has-text-align-justify has-text-color has-link-color wp-elements-ea85b21d91c0f8913410cb5a49247e6d wp-block-paragraph\" style=\"color:#000000\">-Uni\u00f3n Europea: mostr\u00f3 preocupaci\u00f3n por el \u201cdeterioro constante de la democracia\u201d en Nicaragua.&nbsp;<\/p>\n\n\n\n<p class=\"has-text-align-justify has-text-color has-link-color wp-elements-b91a05751ff07331102168a7ccd93ab7 wp-block-paragraph\" style=\"color:#000000\">-Argentina: su delegado dijo que el informe \u201cnos grita con una claridad que duele\u201d y que \u201cen Nicaragua se han cometido prima facie cr\u00edmenes de lesa humanidad\u201d.&nbsp;<\/p>\n\n\n\n<p class=\"has-text-align-justify has-text-color has-link-color wp-elements-23deb35123420ce5e4d7eb96490c3eab wp-block-paragraph\" style=\"color:#000000\">-Georgia: denunci\u00f3 la \u201cviolencia de g\u00e9nero y sexual para impedir que las mujeres se manifiesten ni participen en actividades pol\u00edticas\u201d.<\/p>\n\n\n\n<p class=\"has-text-align-justify has-text-color has-link-color wp-elements-6bc8cb22d5372efd525781d8c8c0cfe4 wp-block-paragraph\" style=\"color:#000000\">-Uruguay: rechaz\u00f3 la \u201cpol\u00edtica de privaci\u00f3n arbitraria de la nacionalidad como herramienta de represi\u00f3n\u201d.&nbsp;<\/p>\n\n\n\n<p class=\"has-text-align-justify has-text-color has-link-color wp-elements-fb8763c7b35ef7c27b75f3beb15d9fa2 wp-block-paragraph\" style=\"color:#000000\">-Chipre: dijo que la \u201crepresi\u00f3n tambi\u00e9n tiene consecuencias para los exiliados\u201d.&nbsp;<\/p>\n\n\n\n<p class=\"has-text-align-justify has-text-color has-link-color wp-elements-46534e26af695074aed5bea784c2b599 wp-block-paragraph\" style=\"color:#000000\">-Polonia: se\u00f1al\u00f3 que en el pa\u00eds \u201clos estudiantes tienen miedo de decir lo que piensan, se obliga a los periodistas a exiliarse y las familias, ya no saben si van a ver otra vez a sus seres queridos\u201d.<\/p>\n\n\n\n<p class=\"has-text-align-justify has-text-color has-link-color wp-elements-11e7f09be8912ceaaf16c809b44108ff wp-block-paragraph\" style=\"color:#000000\">-Rep\u00fablica Dominicana: subray\u00f3 sobre la \u201cimportancia de garantizar el respeto del Estado de derecho, la independencia de las instituciones y del debido proceso\u201d.&nbsp;<\/p>\n\n\n\n<p class=\"has-text-align-justify has-text-color has-link-color wp-elements-100a64cf26bf8417965cc38b9af86b7e wp-block-paragraph\" style=\"color:#000000\">-Per\u00fa: se\u00f1al\u00f3 que la represi\u00f3n tiene \u201csus implicancias para la estabilidad democr\u00e1tica y la vigencia del Estado de derecho en nuestro hemisferio\u201d.<\/p>\n\n\n\n<p class=\"has-text-align-justify has-text-color has-link-color wp-elements-ca7c73d08ae7fd8ff4ce6e337e80d6de wp-block-paragraph\" style=\"color:#000000\">-Reino Unido: advirti\u00f3 que se necesita \u201cescrutinio, una vigilancia internacional\u201d.<\/p>\n\n\n\n<p class=\"has-text-align-justify has-text-color has-link-color wp-elements-45832475aa32ea0e4bd49178995e5373 wp-block-paragraph\" style=\"color:#000000\">-Ucrania: pidi\u00f3 \u201crendici\u00f3n de cuentas por violaciones de derechos humanos\u201d.&nbsp;<\/p>\n\n\n\n<p class=\"has-text-align-justify has-text-color has-link-color wp-elements-4f9e9af6ec1eb6ae07e5da0069bd122c wp-block-paragraph\" style=\"color:#000000\">China fue el \u00fanico pa\u00eds que rechaz\u00f3 el informe. La delegaci\u00f3n china defendi\u00f3 al r\u00e9gimen y afirm\u00f3 que su pa\u00eds \u201ccelebra los esfuerzos del gobierno de Nicaragua para promover y proteger los derechos humanos\u201d.<\/p>\n\n\n\n<p class=\"has-text-align-justify has-text-color has-link-color wp-elements-5c3155957fb812fe47713843e8115804 wp-block-paragraph\" style=\"color:#000000\">El informe fue presentado en cumplimiento de la resoluci\u00f3n 58\/18 del Consejo, mediante la cual se renov\u00f3 por dos a\u00f1os el mandato del Grupo de Expertos y se le solicit\u00f3 entregar un informe exhaustivo en esta sesi\u00f3n.&nbsp;<\/p>\n","protected":false},"excerpt":{"rendered":"<p>El documento expone c\u00f3mo el r\u00e9gimen de Daniel Ortega y Rosario Murillo utiliz\u00f3 recursos del Estado para sostener la represi\u00f3n en Nicaragua y extender una red de vigilancia e inteligencia destinada a perseguir a nicarag\u00fcenses en el exilio.<\/p>\n","protected":false},"author":102520410,"featured_media":52209,"comment_status":"closed","ping_status":"","sticky":false,"template":"","format":"standard","meta":{"_coblocks_attr":"","_coblocks_dimensions":"","_coblocks_responsive_height":"","_coblocks_accordion_ie_support":"","_crdt_document":"","advanced_seo_description":"","jetpack_seo_html_title":"","jetpack_seo_noindex":false,"_jetpack_newsletter_access":"","_jetpack_dont_email_post_to_subs":false,"_jetpack_newsletter_tier_id":0,"_jetpack_memberships_contains_paywalled_content":false,"_jetpack_memberships_contains_paid_content":false,"footnotes":"","jetpack_post_was_ever_published":false},"categories":[703605966,162301],"tags":[17212,703605872,703611106,1593654,703607623],"class_list":{"0":"post-52203","1":"post","2":"type-post","3":"status-publish","4":"format-standard","5":"has-post-thumbnail","6":"hentry","7":"category-derechos-humanos","8":"category-nicaragua","9":"tag-america-latina","10":"tag-derechos-humanos","11":"tag-ghren","12":"tag-murillo","13":"tag-ortega","15":"fallback-thumbnail"},"jetpack_featured_media_url":"https:\/\/i0.wp.com\/correspondenciadeprensa.com\/wp-content\/uploads\/2026\/03\/Nicaragua17032025.jpg?fit=798%2C393&ssl=1","jetpack_likes_enabled":false,"jetpack_sharing_enabled":true,"jetpack_shortlink":"https:\/\/wp.me\/p7lt2C-dzZ","amp_enabled":true,"_links":{"self":[{"href":"https:\/\/correspondenciadeprensa.com\/index.php?rest_route=\/wp\/v2\/posts\/52203","targetHints":{"allow":["GET"]}}],"collection":[{"href":"https:\/\/correspondenciadeprensa.com\/index.php?rest_route=\/wp\/v2\/posts"}],"about":[{"href":"https:\/\/correspondenciadeprensa.com\/index.php?rest_route=\/wp\/v2\/types\/post"}],"author":[{"embeddable":true,"href":"https:\/\/correspondenciadeprensa.com\/index.php?rest_route=\/wp\/v2\/users\/102520410"}],"replies":[{"embeddable":true,"href":"https:\/\/correspondenciadeprensa.com\/index.php?rest_route=%2Fwp%2Fv2%2Fcomments&post=52203"}],"version-history":[{"count":6,"href":"https:\/\/correspondenciadeprensa.com\/index.php?rest_route=\/wp\/v2\/posts\/52203\/revisions"}],"predecessor-version":[{"id":52210,"href":"https:\/\/correspondenciadeprensa.com\/index.php?rest_route=\/wp\/v2\/posts\/52203\/revisions\/52210"}],"wp:featuredmedia":[{"embeddable":true,"href":"https:\/\/correspondenciadeprensa.com\/index.php?rest_route=\/wp\/v2\/media\/52209"}],"wp:attachment":[{"href":"https:\/\/correspondenciadeprensa.com\/index.php?rest_route=%2Fwp%2Fv2%2Fmedia&parent=52203"}],"wp:term":[{"taxonomy":"category","embeddable":true,"href":"https:\/\/correspondenciadeprensa.com\/index.php?rest_route=%2Fwp%2Fv2%2Fcategories&post=52203"},{"taxonomy":"post_tag","embeddable":true,"href":"https:\/\/correspondenciadeprensa.com\/index.php?rest_route=%2Fwp%2Fv2%2Ftags&post=52203"}],"curies":[{"name":"wp","href":"https:\/\/api.w.org\/{rel}","templated":true}]}}