{"id":52142,"date":"2026-03-09T21:33:25","date_gmt":"2026-03-09T20:33:25","guid":{"rendered":"https:\/\/correspondenciadeprensa.com\/?p=52142"},"modified":"2026-03-09T21:33:25","modified_gmt":"2026-03-09T20:33:25","slug":"uruguay-mujeres-miles-de-mujeres-marcharon-frente-a-la-violencia-machista-las-desigualdades-de-genero-y-la-amenaza-imperial-stephanie-demirdjian","status":"publish","type":"post","link":"https:\/\/correspondenciadeprensa.com\/?p=52142","title":{"rendered":"Uruguay \/ Mujeres &#8211; Miles de mujeres marcharon frente a la violencia machista, las desigualdades de g\u00e9nero y la \u201camenaza imperial\u201d. [Stephanie Demirdjian]"},"content":{"rendered":"\n<p class=\"has-text-align-right wp-block-paragraph\"><sub>Movilizaci\u00f3n por el 8M, el 8 de marzo, en el Centro de Montevideo. Foto: Laura Sosa<\/sub><\/p>\n\n\n\n<p class=\"has-text-align-justify has-text-color has-link-color wp-elements-b3e6ff9e18fa34fffc055ccb9e7dc01d wp-block-paragraph\" style=\"color:#010000\"><strong>8M contra el viento y en marea: miles de mujeres marcharon frente a la violencia machista, las desigualdades de g\u00e9nero y la \u201camenaza imperial\u201d.<\/strong><\/p>\n\n\n\n<p class=\"has-text-align-justify has-text-color has-link-color wp-elements-7ebdd787fa2cce93fcaa0b9cdf30a161 wp-block-paragraph\" style=\"color:#010000\"><strong><em><a href=\"https:\/\/ladiaria.com.uy\/feminismos\/articulo\/2026\/3\/8m-contra-el-viento-y-en-marea-miles-de-mujeres-marcharon-frente-a-la-violencia-machista-las-desigualdades-de-genero-y-la-amenaza-imperial\/\">La Diaria<\/a><\/em>, 9-3-2026<\/strong><\/p>\n\n\n\n<p class=\"has-text-align-justify has-text-color has-link-color wp-elements-c8ec0d3c6f621aed1f0f6353e12f976c wp-block-paragraph\" style=\"color:#010000\"><strong><em><a href=\"https:\/\/correspondenciadeprensa.com\/\">Correspondencia de Prensa<\/a><\/em>, 9-3-2026<\/strong><\/p>\n\n\n\n<p class=\"has-text-align-justify has-text-color has-link-color wp-elements-389af727bb2d39a1d5e31079217d201d wp-block-paragraph\" style=\"color:#010000\"><strong>En Montevideo, la movilizaci\u00f3n reuni\u00f3 los reclamos de distintos colectivos que denunciaron las deudas del Estado uruguayo con las mujeres, ni\u00f1as, ni\u00f1os y adolescentes, a la vez que condenaron la \u201cagresi\u00f3n belicista\u201d y la \u201cdestrucci\u00f3n fascista\u201d en otras partes del mundo.<\/strong><\/p>\n\n\n\n<p class=\"has-text-align-justify has-text-color has-link-color wp-elements-f315b57ca290f6b002c8ac9b9b903f36 wp-block-paragraph\" style=\"color:#010000\">El pron\u00f3stico del tiempo anunciaba viento intenso para la tarde de este domingo, pero en el Centro de Montevideo se vivi\u00f3 m\u00e1s bien como un tornado. Si hay algo que sabemos las feministas, hist\u00f3ricamente, es luchar contra viento y marea: las distintas formas de violencia basada en g\u00e9nero, las desigualdades estructurales en todos los \u00e1mbitos de la vida, los sistemas de justicia sesgados, la discriminaci\u00f3n y la exclusi\u00f3n de algunos espacios y, m\u00e1s recientemente, los coletazos de la ultraderecha global. Este 8 de marzo en Uruguay hab\u00eda viento pero, esta vez, las mujeres <em>\u00e9ramos la marea<\/em>.<\/p>\n\n\n\n<p class=\"has-text-align-justify has-text-color has-link-color wp-elements-a0591a619563fc3abf1d19e41950ab12 wp-block-paragraph\" style=\"color:#010000\">La principal convocatoria en la capital estaba fijada para las 17.00 en la plaza Independencia, aunque un rato antes el movimiento en la avenida 18 de Julio ya daba la pauta de que no era un domingo cualquiera. Unos minutos despu\u00e9s de la hora fijada, en el punto de encuentro ya hab\u00eda decenas de grupitos de mujeres de distintas edades, algunas identificadas con colectivos y organizaciones, otras autoconvocadas entre amigas o familiares o colegas o compa\u00f1eras de estudio. Todas, sin excepciones, ten\u00edan un distintivo violeta: una vincha, un pa\u00f1uelo, la remera, pinceladas de <em>glitter<\/em> en los ojos o alg\u00fan otro accesorio a tono. Tambi\u00e9n hab\u00eda varones acompa\u00f1ando: eran minor\u00eda, pero lo suficientemente notorios \u2013quiz\u00e1s m\u00e1s que otras veces\u2013 para ser nombrados en esta cr\u00f3nica.<\/p>\n\n\n\n<p class=\"has-text-align-justify has-text-color has-link-color wp-elements-6b087774c97061356cf1b1683a7a36a0 wp-block-paragraph\" style=\"color:#010000\">El clima, en general, era de celebraci\u00f3n: por encontrarse, por estar juntas, por dar las mismas peleas. Entre la multitud se avizoraba un cartel chiquito, hecho a base de alguna caja rota de cart\u00f3n, que dec\u00eda en marcador negro: \u201cEstoy viva\u201d. Solo eso y todo eso. Pienso que para nosotras decirnos vivas tambi\u00e9n es una celebraci\u00f3n.<\/p>\n\n\n\n<p class=\"has-text-align-justify has-text-color has-link-color wp-elements-929d9cd51f8dbdf150954ed798d35f49 wp-block-paragraph\" style=\"color:#010000\">No faltaron las consignas sororas de siempre \u2013\u201chermana, yo te creo\u201d, \u201cme cuidan mis amigas\u201d\u2013, pero se sumaron otras, como una que dec\u00eda entre brillitos: \u201cSoy gracias a las mujeres que me sostuvieron\u201d.<\/p>\n\n\n\n<p class=\"has-text-align-justify has-text-color has-link-color wp-elements-ffcdb23c7048bd84827a7f14c03ae7d8 wp-block-paragraph\" style=\"color:#010000\">A las 17.43, Tamara Abracinskas, vocera de V\u00eda al 8M, record\u00f3 la consigna elegida este a\u00f1o por la plataforma que nuclea a una treintena de colectivos: \u201c8M: Acci\u00f3n feminista antiimperialista. Por la soberan\u00eda de los pueblos. \u00a1No pasar\u00e1n!\u201d. Luego, integrantes del Movimiento de Mujeres Kurdas y del Movimiento Organizado de Mujeres y Disidencias en Calle expresaron sus reivindicaciones, y hubo una intervenci\u00f3n art\u00edstica de Cirqueras Feministas.<\/p>\n\n\n\n<p class=\"has-text-align-justify has-text-color has-link-color wp-elements-75c3211344486f222ca6e20302f21817 wp-block-paragraph\" style=\"color:#010000\">A las 18.00, tres representantes de V\u00eda al 8M leyeron la proclama. Varios kil\u00f3metros despu\u00e9s, volver\u00edan a leerla, esta vez de forma colectiva, en la explanada de la Universidad de la Rep\u00fablica, donde finaliz\u00f3 la movilizaci\u00f3n.<\/p>\n\n\n\n<p class=\"has-text-align-justify has-text-color has-link-color wp-elements-b23080a36f6d8f3f162090da9cae47ae wp-block-paragraph\" style=\"color:#010000\">La marcha empez\u00f3 a las 18.25 al ritmo de c\u00e1nticos feministas cl\u00e1sicos y tambores. A lo largo del recorrido, se fueron sumando otras organizaciones que llamaron a concentrar en distintos puntos de 18 de Julio. En la Plaza del Entrevero, por ejemplo, las integrantes de Proyecto Ikove hab\u00edan intervenido el espacio con dos recipientes de pl\u00e1stico transparentes: en uno invitaban a poner una pelotita azul \u201csi alguna manifestaci\u00f3n de violencia sexual afect\u00f3 tu vida\u201d; en el otro hab\u00eda que participar \u201csi el Estado se hizo cargo de reparar esa violencia sexual\u201d. El primero ten\u00eda muchas pelotitas; el segundo estaba vac\u00edo.<\/p>\n\n\n\n<p class=\"has-text-align-justify has-text-color has-link-color wp-elements-44f4c54cbac0674189e4b291a1a53e62 wp-block-paragraph\" style=\"color:#010000\">Unos metros m\u00e1s adelante, en plaza Libertad, concentraron la Coordinadora de Feminismos \u2013que se moviliz\u00f3 \u201cpor las mujeres del mundo en resistencia, defendiendo la tierra, el agua y la vida, y ante el odio y la violencia patriarcal\u201d\u2013 y \u00bfD\u00f3nde Est\u00e1n Nuestras Gurisas? \u2013que convoc\u00f3 a marchar \u201cpor las gurisas desaparecidas, hasta que aparezcan todas\u201d\u2013.<\/p>\n\n\n\n<p class=\"has-text-align-justify has-text-color has-link-color wp-elements-6d2b644111b226b4d68c51797166219c wp-block-paragraph\" style=\"color:#010000\">Otro punto \u00e1lgido de la marcha fue cuando atraves\u00f3 la Intendencia de Montevideo: en la explanada, integrantes de Madres y Familiares de Detenidos Desaparecidos alzaban carteles con los rostros de las mujeres que fueron desaparecidas en la \u00faltima dictadura c\u00edvico-militar. Ese suele ser el \u00fanico tramo que se recorre cada a\u00f1o en silencio.<\/p>\n\n\n\n<p class=\"has-text-color has-link-color wp-elements-82afc24c4a02577e18a7438339ec4fd2 wp-block-paragraph\" style=\"color:#010000\"><strong>V\u00eda al 8M: urgencias en Uruguay y \u201csolidaridad internacional feminista\u201d<\/strong><\/p>\n\n\n\n<p class=\"has-text-align-justify has-text-color has-link-color wp-elements-502f75847ec93d32e552a09dfe2bca15 wp-block-paragraph\" style=\"color:#010000\">La proclama de V\u00eda al 8M puso el foco en las \u201creivindicaciones m\u00e1s urgentes\u201d en nuestro pa\u00eds: \u201cSalud, trabajo, vivienda, educaci\u00f3n y acceso a la cultura, por salarios dignos, por seguridad social justa y solidaria, por una justicia con recursos, por pol\u00edticas reales contra la violencia basada en g\u00e9nero\u201d.<\/p>\n\n\n\n<p class=\"has-text-align-justify has-text-color has-link-color wp-elements-c8a46d078c1629ec1d604c670b817fc5 wp-block-paragraph\" style=\"color:#010000\">Entre las demandas por una \u201cdebida redistribuci\u00f3n de la riqueza\u201d, la plataforma apoy\u00f3 la propuesta de \u201cgravar a trav\u00e9s de un impuesto a las grandes fortunas\u201d y denunci\u00f3 \u201cun sistema que naturaliza salarios sumergidos, que nos excluye cada d\u00eda m\u00e1s del sistema formal para pasar a condiciones laborales informales y precarizadas, exponiendo a las mujeres y diversidades en su salud f\u00edsica y autonom\u00eda por la excesiva sobrecarga de cuidados no remunerados, mientras protege los privilegios del 1% m\u00e1s rico\u201d.<\/p>\n\n\n\n<p class=\"has-text-align-justify has-text-color has-link-color wp-elements-50607b60a54c47150bc12902484dd88a wp-block-paragraph\" style=\"color:#010000\">A su vez, los colectivos exigieron \u201cmayor presupuesto para la educaci\u00f3n\u201d y aseguraron que es una \u201ctarea urgente\u201d fortalecer el Sistema Nacional Integral de Cuidados \u201ccon condiciones laborales y contractuales justas para las trabajadoras\u201d. Tambi\u00e9n reivindicaron la \u201clucha feminista por las que ya no est\u00e1n\u201d, en referencia a \u201ctodas las mujeres ex presas pol\u00edticas, exiliadas, detenidas desaparecidas que lucharon en clandestinidad durante la \u00faltima dictadura c\u00edvico militar\u201d, \u201clas mujeres ind\u00edgenas que lucharon contra el primer terrorismo de Estado perpetrado por el primer presidente de la Rep\u00fablica, Fructuoso Rivera\u201d, y \u201clas ni\u00f1as, adolescentes y adultas desaparecidas en democracia\u201d. \u201cDenunciamos la violencia patriarcal que hay detr\u00e1s de cada desaparici\u00f3n, la existencia de redes de narcotr\u00e1fico, explotaci\u00f3n sexual y trata en nuestros territorios, y la responsabilidad y complicidad de un Estado omiso que no busca a las gurisas\u201d, gritaron, la primera vez entre aplausos de la multitud.<\/p>\n\n\n\n<p class=\"has-text-align-justify has-text-color has-link-color wp-elements-3dabd2313e0671e85e449057dc9d4ed8 wp-block-paragraph\" style=\"color:#010000\">Tambi\u00e9n se\u00f1alaron \u201cla situaci\u00f3n de mujeres y disidencias privadas de libertad, que viven en hacinamiento, con problemas edilicios y vulneraci\u00f3n de sus derechos humanos fundamentales\u201d, y se\u00f1alaron que \u201clas instituciones del Estado no otorgan garant\u00edas para las infancias y adolescencias bajo su cuidado\u201d, en clara alusi\u00f3n a la situaci\u00f3n en los centros del Instituto del Ni\u00f1o y Adolescente del Uruguay.<\/p>\n\n\n\n<p class=\"has-text-align-justify has-text-color has-link-color wp-elements-4c2afd6911836bf534fe09967a9f9f57 wp-block-paragraph\" style=\"color:#010000\">Por otra parte, afirmaron que, \u201csin presupuesto, la Ley 19.580 [de violencia basada en g\u00e9nero] no tiene significado\u201d. \u201cSe requieren servicios p\u00fablicos para asesorar y patrocinar a las compa\u00f1eras, juzgados especializados, formaci\u00f3n espec\u00edfica para las personas que trabajan en los servicios estatales, entre otros\u201d, se\u00f1alaron.<\/p>\n\n\n\n<p class=\"has-text-align-justify has-text-color has-link-color wp-elements-9569627a6987d05fa3500367863f3fad wp-block-paragraph\" style=\"color:#010000\">En paralelo, exigieron \u201cpresupuesto debidamente etiquetado para la ley de salud sexual y reproductiva y para la ley de salud mental\u201d, y \u201cprogramas estatales que solucionen el problema de la vivienda para mujeres pertenecientes a hogares monomarentales y en particular para mujeres en situaci\u00f3n de violencia basada en g\u00e9nero y sus hijos e hijas\u201d.<\/p>\n\n\n\n<p class=\"has-text-align-justify has-text-color has-link-color wp-elements-27d8a9aa03c9a1806c73078bfa5ba2e8 wp-block-paragraph\" style=\"color:#010000\">Con los ojos puestos en el resto del mundo, la plataforma tambi\u00e9n defini\u00f3 la jornada como \u201cun d\u00eda de solidaridad internacional feminista\u201d. \u201cLa humanidad, el planeta y nuestra Abya Yala est\u00e1n bajo la amenaza del amo imperial y su agresi\u00f3n belicista. Sabemos que la guerra es la \u00faltima expresi\u00f3n del patriarcado, del capitalismo depredador, del colonialismo y del imperialismo en su fase decadente. Por eso rechazamos las guerras por el control de territorios y el saqueo de bienes naturales, y rechazamos la violencia patriarcal que ejercen sobre los cuerpos y los pueblos\u201d, pronunciaron las activistas.<\/p>\n\n\n\n<p class=\"has-text-align-justify has-text-color has-link-color wp-elements-c8e27ff7358e849066e52272af0b4ab7 wp-block-paragraph\" style=\"color:#010000\">En ese sentido, expresaron solidaridad con \u201clas mujeres venezolanas, cubanas, haitianas, sudanesas, iran\u00edes, kurdas, libanesas, afganas y todas las que resisten las m\u00faltiples violencias sobre sus cuerpos y su autonom\u00eda, que cuidan el tejido familiar y comunitario desgarrado por los bloqueos y las guerras, y luchan para que sus hijes y sus pueblos puedan vivir\u201d. Al mismo tiempo, se solidarizaron con \u201clos movimientos populares de Estados Unidos que junto a las poblaciones migrantes resisten la brutalidad represiva del ICE\u201d y con \u201clas mujeres palestinas que junto a su pueblo siguen resistiendo la ocupaci\u00f3n colonial, el <em>apartheid<\/em> y esta fase perversa de genocidio y limpieza \u00e9tnica continua bajo el infame plan imperial de [Donald] Trump\u201d. En esa l\u00ednea, exigieron que Uruguay \u201ccorte todo tipo de relaciones con el Estado genocida de Israel para acabar con la impunidad de sus cr\u00edmenes\u201d.<\/p>\n\n\n\n<p class=\"has-text-align-justify has-text-color has-link-color wp-elements-b67bd61e1e89fe036a7fb0b6032bd1dd wp-block-paragraph\" style=\"color:#010000\">Al cierre, V\u00eda al 8M record\u00f3 que la lucha feminista \u201ctambi\u00e9n es goce, disfrute y creatividad\u201d para \u201ccuestionar y enfrentar al sistema opresor y patriarcal\u201d, y celebr\u00f3 su \u201ccapacidad colectiva de crear futuros donde el cuidado de la vida y la diversidad est\u00e9 al centro\u201d.<\/p>\n\n\n\n<p class=\"has-text-color has-link-color wp-elements-6ca9d857360b039a80120992f2fe5152 wp-block-paragraph\" style=\"color:#010000\"><strong>Intersocial Feminista: las desigualdades ante un \u201cEstado ausente\u201d<\/strong><\/p>\n\n\n\n<p class=\"has-text-align-justify has-text-color has-link-color wp-elements-0817baef6d586f7c72288ec7c562b333 wp-block-paragraph\" style=\"color:#010000\">La Intersocial Feminista tambi\u00e9n llam\u00f3 a concentrar desde plaza Independencia. En su proclama, publicada en redes sociales, puso el foco en las violencias y desigualdades de g\u00e9nero que se profundizan cuando no hay apoyo del Estado. As\u00ed, los colectivos que la conforman recordaron que, en setiembre de 2025, el secretario de Presidencia, Alejandro S\u00e1nchez, \u201cen nombre del presidente de la Rep\u00fablica, se comprometi\u00f3 a instalar una mesa de trabajo para revisar de punta a punta el sistema de respuesta\u201d a la violencia de g\u00e9nero, pero \u201cno fueron convocadas nunca m\u00e1s\u201d.<\/p>\n\n\n\n<p class=\"has-text-align-justify has-text-color has-link-color wp-elements-dcaa33c44950c6578be2f22450273d12 wp-block-paragraph\" style=\"color:#010000\">\u201cA la gravedad de la violencia de g\u00e9nero se suma un contexto de desigualdades persistentes\u201d, agrega el texto, como la carga desigual de los cuidados, \u201cbrechas salariales y dependencias econ\u00f3micas\u201d, la \u201cfalta de apoyo del Estado\u201d a \u201clas madres de hijos\/as con discapacidad que exigen el aumento de asistentes personales\u201d y el pedido de las mujeres que viven en asentamientos para implementar \u201cuna renta b\u00e1sica universal que les garantice el desarrollo personal\u201d.<\/p>\n\n\n\n<p class=\"has-text-align-justify has-text-color has-link-color wp-elements-508192c3b4d9b51fa84e9010a700652b wp-block-paragraph\" style=\"color:#010000\">Tambi\u00e9n denunciaron la \u201csituaci\u00f3n de especial vulnerabilidad\u201d de las mujeres migrantes, \u201csin servicios acordes a sus diferentes necesidades\u201d, y exigieron la derogaci\u00f3n del art\u00edculo 74 de la ley de urgente consideraci\u00f3n, \u201cque ha encerrado a decenas de mujeres en la c\u00e1rcel por unos gramos de marihuana\u201d, as\u00ed como de la ley de tenencia compartida, que obliga a ni\u00f1as y ni\u00f1os \u201ca convivir con sus abusadores\u201d.<\/p>\n\n\n\n<p class=\"has-text-align-justify has-text-color has-link-color wp-elements-6abca39ed6ecaf3b91da0524acfdbd91 wp-block-paragraph\" style=\"color:#010000\">Fronteras afuera, condenaron \u201cla destrucci\u00f3n de poblaciones enteras en manos de gobiernos de corte fascista\u201d, con menci\u00f3n especial a Gaza, Ir\u00e1n y L\u00edbano; la \u201clenta y obscena operaci\u00f3n colonial instalada en Hait\u00ed hace 200 a\u00f1os destruyendo generaciones enteras de mujeres\u201d, y el \u201csiniestro bloqueo a Cuba que trae como consecuencia hambre a su poblaci\u00f3n y muerte a sus enfermos ante la imposibilidad de ning\u00fan tiempo de abastecimiento\u201d. \u201cLa vida de las afganas, ucranianas, nigerianas, todas sometidas a terribles situaciones de violencia, masacres, dominio absoluto de sus vidas, no son menos valiosas por no estar en las noticias\u201d, agrega la proclama, y concluye: \u201cEn medio de esta realidad cruel, las feministas tenemos el desaf\u00edo y la potencia de mostrar que otro camino, otra vida y otra convivencia son posibles\u201d.<\/p>\n","protected":false},"excerpt":{"rendered":"<p>\u00abLa guerra es la \u00faltima expresi\u00f3n del patriarcado, del capitalismo depredador, del colonialismo y del imperialismo en su fase decadente. Por eso rechazamos las guerras por el control de territorios y el saqueo de bienes naturales, y rechazamos la violencia patriarcal que ejercen sobre los cuerpos y los pueblos\u201d.<\/p>\n","protected":false},"author":102520410,"featured_media":52149,"comment_status":"closed","ping_status":"","sticky":false,"template":"","format":"standard","meta":{"_coblocks_attr":"","_coblocks_dimensions":"","_coblocks_responsive_height":"","_coblocks_accordion_ie_support":"","_crdt_document":"","advanced_seo_description":"","jetpack_seo_html_title":"","jetpack_seo_noindex":false,"_jetpack_newsletter_access":"","_jetpack_dont_email_post_to_subs":false,"_jetpack_newsletter_tier_id":0,"_jetpack_memberships_contains_paywalled_content":false,"_jetpack_memberships_contains_paid_content":false,"footnotes":"","jetpack_post_was_ever_published":false},"categories":[376665,14037,12693],"tags":[703605652,17212,703611097,703605605,703604911],"class_list":{"0":"post-52142","1":"post","2":"type-post","3":"status-publish","4":"format-standard","5":"has-post-thumbnail","6":"hentry","7":"category-genero","8":"category-mujeres","9":"category-uruguay","10":"tag-8-de-marzo","11":"tag-america-latina","12":"tag-feminismos","13":"tag-iran","14":"tag-montevideo","16":"fallback-thumbnail"},"jetpack_featured_media_url":"https:\/\/i0.wp.com\/correspondenciadeprensa.com\/wp-content\/uploads\/2026\/03\/Uruguay09032026.jpg?fit=1204%2C591&ssl=1","jetpack_likes_enabled":false,"jetpack_sharing_enabled":true,"jetpack_shortlink":"https:\/\/wp.me\/p7lt2C-dz0","amp_enabled":true,"_links":{"self":[{"href":"https:\/\/correspondenciadeprensa.com\/index.php?rest_route=\/wp\/v2\/posts\/52142","targetHints":{"allow":["GET"]}}],"collection":[{"href":"https:\/\/correspondenciadeprensa.com\/index.php?rest_route=\/wp\/v2\/posts"}],"about":[{"href":"https:\/\/correspondenciadeprensa.com\/index.php?rest_route=\/wp\/v2\/types\/post"}],"author":[{"embeddable":true,"href":"https:\/\/correspondenciadeprensa.com\/index.php?rest_route=\/wp\/v2\/users\/102520410"}],"replies":[{"embeddable":true,"href":"https:\/\/correspondenciadeprensa.com\/index.php?rest_route=%2Fwp%2Fv2%2Fcomments&post=52142"}],"version-history":[{"count":7,"href":"https:\/\/correspondenciadeprensa.com\/index.php?rest_route=\/wp\/v2\/posts\/52142\/revisions"}],"predecessor-version":[{"id":52150,"href":"https:\/\/correspondenciadeprensa.com\/index.php?rest_route=\/wp\/v2\/posts\/52142\/revisions\/52150"}],"wp:featuredmedia":[{"embeddable":true,"href":"https:\/\/correspondenciadeprensa.com\/index.php?rest_route=\/wp\/v2\/media\/52149"}],"wp:attachment":[{"href":"https:\/\/correspondenciadeprensa.com\/index.php?rest_route=%2Fwp%2Fv2%2Fmedia&parent=52142"}],"wp:term":[{"taxonomy":"category","embeddable":true,"href":"https:\/\/correspondenciadeprensa.com\/index.php?rest_route=%2Fwp%2Fv2%2Fcategories&post=52142"},{"taxonomy":"post_tag","embeddable":true,"href":"https:\/\/correspondenciadeprensa.com\/index.php?rest_route=%2Fwp%2Fv2%2Ftags&post=52142"}],"curies":[{"name":"wp","href":"https:\/\/api.w.org\/{rel}","templated":true}]}}