{"id":52124,"date":"2026-03-09T20:52:55","date_gmt":"2026-03-09T19:52:55","guid":{"rendered":"https:\/\/correspondenciadeprensa.com\/?p=52124"},"modified":"2026-03-09T20:52:55","modified_gmt":"2026-03-09T19:52:55","slug":"colombia-claves-del-nuevo-senado-2026-2030-gana-el-pacto-y-crece-el-uribismo-la-silla-vacia","status":"publish","type":"post","link":"https:\/\/correspondenciadeprensa.com\/?p=52124","title":{"rendered":"Colombia &#8211; Claves del nuevo Senado 2026-2030: gana el Pacto y crece el uribismo. [La Silla Vac\u00eda]"},"content":{"rendered":"\n<p class=\"has-text-align-right wp-block-paragraph\"><sub>Gr\u00e1fico elaborado por La Silla Vac\u00eda en base a datos de Registradur\u00eda.<\/sub><\/p>\n\n\n\n<p class=\"has-text-color has-link-color wp-elements-5c14a043b5d0059762da395a9124f337 wp-block-paragraph\" style=\"color:#010000\"><strong>Jerson Ortiz<\/strong><\/p>\n\n\n\n<p class=\"has-text-color has-link-color wp-elements-0363a4db91f6f6b0a7b3bd36c233ea14 wp-block-paragraph\" style=\"color:#010000\"><strong><em><a href=\"https:\/\/www.lasillavacia.com\/silla-nacional\/claves-del-nuevo-senado-2026-2030-gana-el-pacto-y-crece-el-uribismo\/\">La Silla Vac\u00eda<\/a><\/em>, 9-3-2026<\/strong><\/p>\n\n\n\n<p class=\"has-text-color has-link-color wp-elements-c7fccaac39a004e0a3d107585d7af24f wp-block-paragraph\" style=\"color:#010000\"><strong><em><a href=\"https:\/\/correspondenciadeprensa.com\/\">Correspondencia de Prensa<\/a><\/em>, 9-3-2026<\/strong><\/p>\n\n\n\n<p class=\"has-text-align-justify has-text-color has-link-color wp-elements-42455c2af9a02ce8c7138b3b4285c95c wp-block-paragraph\" style=\"color:#010000\">M\u00e1s de la mitad de los colombianos habilitados vot\u00f3 para el Senado. Con casi 21 millones de votos, la elecci\u00f3n legislativa tuvo la participaci\u00f3n m\u00e1s alta desde 1990.&nbsp; Y de m\u00e1s de mil candidatos en 26 listas llegaron 102 a las curules del nuevo Senado que legislar\u00e1 entre 2026 y 2030.&nbsp;<\/p>\n\n\n\n<p class=\"has-text-align-justify has-text-color has-link-color wp-elements-9b30f2fe07297ff82d1cc38d76fbb5fb wp-block-paragraph\" style=\"color:#010000\">Estas son las principales proyecciones de La Silla Vac\u00eda a partir del preconteo de la Registradur\u00eda.<\/p>\n\n\n\n<p class=\"has-text-color has-link-color wp-elements-2a4fca718448ea5a0fb8e2677050b8ed wp-block-paragraph\" style=\"color:#010000\"><strong>1- El Pacto se ratifica como la principal fuerza pol\u00edtica de Colombia<\/strong><\/p>\n\n\n\n<p class=\"has-text-align-justify has-text-color has-link-color wp-elements-2ad3a68b51bfe26e37b7c74ec15a8413 wp-block-paragraph\" style=\"color:#010000\">De las 102 sillas del Senado, 26 van a quedar en manos del Pacto Hist\u00f3rico. Veinticinco en la lista cerrada, gracias a los 4.4 millones de votos que lleva el oficialismo (con el 99% de las mesas contadas) y la otra con la curul ind\u00edgena que se llev\u00f3 Martha Peralta.&nbsp;<\/p>\n\n\n\n<p class=\"has-text-align-justify has-text-color has-link-color wp-elements-1fc31c88c8dfa592b4465bfe0d83256d wp-block-paragraph\" style=\"color:#010000\">As\u00ed, el partido unificador de la izquierda se consolida como el m\u00e1s votado al Senado apalancado por una consulta interna en octubre con la que defini\u00f3 el orden de su lista, con el empuje de la candidatura de Iv\u00e1n Cepeda y el remate del gobierno de Gustavo Petro.&nbsp;<\/p>\n\n\n\n<p class=\"has-text-align-justify has-text-color has-link-color wp-elements-409d05b5628c67f94fd4d57c4d9f3cce wp-block-paragraph\" style=\"color:#010000\">Frente hace 4 a\u00f1os, el Pacto supera con ventajas sus expectativas. En 2022 obtuvo 2.8 millones de votos teniendo a Petro en la consulta. Esta vez, sin Cepeda en el tarjet\u00f3n de consultas, aument\u00f3 1.5 millones.&nbsp;<\/p>\n\n\n\n<p class=\"has-text-align-justify has-text-color has-link-color wp-elements-ed75c4ce2c97c6ec46d21dad37ea096e wp-block-paragraph\" style=\"color:#010000\">Gan\u00f3 en 12 de los 32 departamentos con votaciones clave en Bogot\u00e1, Valle, Atl\u00e1ntico y la regi\u00f3n Pac\u00edfico.&nbsp;<\/p>\n\n\n\n<p class=\"has-text-align-justify has-text-color has-link-color wp-elements-eec025d12b1d2aa89a7bbbf8d600d9a6 wp-block-paragraph\" style=\"color:#010000\">Con esos 26 senadores el Pacto compensa el vac\u00edo de los 5 votos que pierde con la salida del escenario pol\u00edtico de Comunes. Con un cuarto del Senado tiene c\u00f3mo empezar desde ahora una campa\u00f1a m\u00e1s decidida por Iv\u00e1n Cepeda.&nbsp;<\/p>\n\n\n\n<p class=\"has-text-color has-link-color wp-elements-e6b601ac918c4a6e8ca55dd91a70faff wp-block-paragraph\" style=\"color:#010000\"><strong>2- Uribe jal\u00f3 y el CD creci\u00f3, pero la dispersi\u00f3n de la derecha les cobr\u00f3&nbsp;<\/strong><\/p>\n\n\n\n<p class=\"has-text-align-justify has-text-color has-link-color wp-elements-b8d54ce65410fc240a67137e8c4e852a wp-block-paragraph\" style=\"color:#010000\">El Centro Democr\u00e1tico gan\u00f3 cuatro curules frente a 2022, pas\u00f3 de 13 a 17. La f\u00f3rmula de volver a lista cerrada con el expresidente \u00c1lvaro Uribe V\u00e9lez funcion\u00f3, aunque no como preve\u00edan en el partido.&nbsp;<\/p>\n\n\n\n<p class=\"has-text-align-justify has-text-color has-link-color wp-elements-e6e0dca65f68d31df111c6072e7a5022 wp-block-paragraph\" style=\"color:#010000\">Internamente las cuentas estaban en llegar a las 20 curules jalonadas, adem\u00e1s de Uribe, por la presencia de Paloma Valencia en la consulta de la derecha. La transferencia fue casi exacta. La diferencia entre los votos de Paloma y los de la lista fue de unos 200 mil votos.&nbsp;<\/p>\n\n\n\n<p class=\"has-text-align-justify has-text-color has-link-color wp-elements-cf9e5947e9ed3c44c125bcf5b2d649e7 wp-block-paragraph\" style=\"color:#010000\">El Centro Democr\u00e1tico gan\u00f3 en cuatro departamentos: Antioquia, el patio de Uribe; Casanare, donde es fuerte Alirio Barrera; Meta, donde la gobernadora es del partido; y Santander, donde el antipetrismo domina.&nbsp;<\/p>\n\n\n\n<p class=\"has-text-align-justify has-text-color has-link-color wp-elements-182dcd64ccb62c49eb2ae6c382ed8205 wp-block-paragraph\" style=\"color:#010000\">Al uribismo, en todo caso, le hizo mella la dispersi\u00f3n de la derecha pura y dura. Entre las listas de Salvaci\u00f3n Nacional, apadrinada por Abelardo de la Espriella, y Creemos, del alcalde de Medell\u00edn, Federico Gutierrez, sumaron unos 900 mil votos. En el caso del primero, m\u00e1s de 696 mil para superar el umbral y sacar al menos tres curules; y en el segundo, aunque sin curules, una contada de estructura para Fico.&nbsp;<\/p>\n\n\n\n<p class=\"has-text-align-justify has-text-color has-link-color wp-elements-79456f23c16f83d98b536fb199148481 wp-block-paragraph\" style=\"color:#010000\">Si el Centro Democr\u00e1tico hubiera sumado esos votos de las vertientes el Pacto a\u00fan habr\u00eda sido mayor\u00eda, pero por apenas una o dos curules.&nbsp;<\/p>\n\n\n\n<p class=\"has-text-color has-link-color wp-elements-a50ed13749806f4b8098a73959e28174 wp-block-paragraph\" style=\"color:#010000\"><strong>3- Si Cepeda llega a la presidencia, podr\u00eda tener una mayor\u00eda<\/strong><\/p>\n\n\n\n<p class=\"has-text-align-justify has-text-color has-link-color wp-elements-f45a74ca4bacf51bdf5d5f6ab7a8135f wp-block-paragraph\" style=\"color:#010000\">La posibilidad de que Iv\u00e1n Cepeda gane la Presidencia abre el interrogante de si puede o no llegar a tener mayor\u00edas en el Senado para avanzar sus propuestas. A la luz de los resultados, en un ejercicio de posturas pol\u00edticas, la respuesta es que puede llegar al umbral de los 52 votos que se requieren.&nbsp;<\/p>\n\n\n\n<p class=\"has-text-align-justify has-text-color has-link-color wp-elements-395356974090b22e899947620420efb2 wp-block-paragraph\" style=\"color:#010000\">Las cuentas van as\u00ed. Adem\u00e1s de las 26 curules del Pacto, un eventual gobierno continuista puede empezar a pescar apoyos en partidos afines como el Liberal o el Verde y trayendo a operadores del Conservador y La U.&nbsp;<\/p>\n\n\n\n<p class=\"has-text-align-justify has-text-color has-link-color wp-elements-506c26bd4ef1d9fe675422077a649471 wp-block-paragraph\" style=\"color:#010000\">De los 13 liberales que van elegidos hasta ahora, al menos 7 o trabajaron en llave con el gobierno Petro o pueden sentarse a negociar sin problema. Son:<\/p>\n\n\n\n<p class=\"has-text-align-justify has-text-color has-link-color wp-elements-5f25403e8d43d7c995517c892fb05b8a wp-block-paragraph\" style=\"color:#010000\">-Mar\u00eda Eugenia Lopera: la tercera m\u00e1s votada en la lista, que actualmente es representante a la C\u00e1mara. Durante estos 4 a\u00f1os, Lopera acompa\u00f1\u00f3 al gobierno Petro en debates cruciales como la reforma a la salud, pensional y laboral. Ella lidera a las \u201cSin Piedad\u201d, el grupo de representantes liberales que vot\u00f3 con Petro y recibi\u00f3 a cambio representaci\u00f3n burocr\u00e1tica.&nbsp;<\/p>\n\n\n\n<p class=\"has-text-align-justify has-text-color has-link-color wp-elements-b235ef0b338fc7671076c00e4f9b1094 wp-block-paragraph\" style=\"color:#010000\">-Yessid Pulgar: el hermano del condenado Eduardo Pulgar. En este periodo, los Pulgar apoyaron en el Congreso a Petro a trav\u00e9s de la senadora Claudia P\u00e9rez, cu\u00f1ada de Pulgar.&nbsp;<\/p>\n\n\n\n<p class=\"has-text-align-justify has-text-color has-link-color wp-elements-19c2c3ce6122529a4a2a46aa626a9932 wp-block-paragraph\" style=\"color:#010000\">-Camilo Torres: sobrino de Euclides Torres, quien ayud\u00f3 a financiar la precampa\u00f1a de Petro. Los Torres han ayudado al gobierno Petro a trav\u00e9s de Pedro Fl\u00f3rez, quien repite en Senado en la lista del Pacto, y el representante a la C\u00e1mara Dolcey Torres, hermano de Euclides.<\/p>\n\n\n\n<p class=\"has-text-align-justify has-text-color has-link-color wp-elements-d8a460eef379a44973192f178694fe5d wp-block-paragraph\" style=\"color:#010000\">-Leonardo de Jes\u00fas Gallego: representante a la C\u00e1mara que da el salto. Es del Valle y en el gobierno Petro ayud\u00f3 a sacar adelante la primera reforma tributaria e hizo parte de la Comisi\u00f3n de Acusaciones en las que no avanzaron las investigaciones contra el presidente.<\/p>\n\n\n\n<p class=\"has-text-align-justify has-text-color has-link-color wp-elements-d2e3119249228be544abba1541494464 wp-block-paragraph\" style=\"color:#010000\">-Oscar S\u00e1nchez: representante a la C\u00e1mara de Cundinamarca. Vot\u00f3 a favor todas las reformas sociales de Petro y fue aliado cuando presidi\u00f3 la Comisi\u00f3n Primera. Tuvo el apoyo en campa\u00f1a de Mauricio Jaramillo, el hermano del ministro de Salud, Guillermo Alfonso, y se benefici\u00f3 del clientelismo asociado a los Equinos B\u00e1sicos de Salud.&nbsp;<\/p>\n\n\n\n<p class=\"has-text-align-justify has-text-color has-link-color wp-elements-887382caf26c023c378afc7c1ba1b1fb wp-block-paragraph\" style=\"color:#010000\">-Fabio Am\u00edn: senador de C\u00f3rdoba. Apoy\u00f3 al gobierno de principio a fin. Hizo campa\u00f1a destacando como logros compartidos las reformas laboral y pensional.&nbsp;<\/p>\n\n\n\n<p class=\"has-text-align-justify has-text-color has-link-color wp-elements-778cbffadd95e81124554b41c41a55bb wp-block-paragraph\" style=\"color:#010000\">-\u00c1lvaro Monedero: representante a la C\u00e1mara del Valle. Aliado del gobierno en los temas econ\u00f3micos, clave en la reforma tributaria y las dem\u00e1s reformas sociales.&nbsp;<\/p>\n\n\n\n<p class=\"has-text-align-justify has-text-color has-link-color wp-elements-d6f9b645a575de44d3abc444fd94426d wp-block-paragraph\" style=\"color:#010000\">-Laura Fortich: senadora de Atl\u00e1ntico y acompa\u00f1ante de las reformas de Petro.&nbsp;<\/p>\n\n\n\n<p class=\"has-text-align-justify has-text-color has-link-color wp-elements-148a3c88ffdb92fff95b720ac5ec1c05 wp-block-paragraph\" style=\"color:#010000\">Cepeda, si gana y sigue la estrategia de Petro, puede traer de su lado a 8 de 11 senadores de la lista Verde. As\u00ed:<\/p>\n\n\n\n<p class=\"has-text-align-justify has-text-color has-link-color wp-elements-5662ccfa75e73ad43e3ad7349499a39d wp-block-paragraph\" style=\"color:#010000\">-Andrea Padilla, la animalista y ambientalista que acompa\u00f1\u00f3 al gobierno.&nbsp;<\/p>\n\n\n\n<p class=\"has-text-align-justify has-text-color has-link-color wp-elements-67625f332cf3a9ce0aa77f711c64c6db wp-block-paragraph\" style=\"color:#010000\">-Los tres aliados de Carlos Amaya, el gobernador de Boyac\u00e1: Jhon Amaya, Duvalier S\u00e1nchez y Eduardo Enriquez.&nbsp;<\/p>\n\n\n\n<p class=\"has-text-align-justify has-text-color has-link-color wp-elements-efa5d8a6471711305375a4993149dd05 wp-block-paragraph\" style=\"color:#010000\">-Ariel \u00c1vila, senador, y aliado con Cepeda en causas como los debates sobre la parapol\u00edtica.&nbsp;<\/p>\n\n\n\n<p class=\"has-text-align-justify has-text-color has-link-color wp-elements-3a04aca299b53e97466d926f390e1f0c wp-block-paragraph\" style=\"color:#010000\">-Wilber Escobar: representante a la C\u00e1mara de Caldas de la l\u00ednea de Mauricio Lizcano. Ha acompa\u00f1ado las causas de Petro.&nbsp;<\/p>\n\n\n\n<p class=\"has-text-align-justify has-text-color has-link-color wp-elements-03d268efd275237aea994528e860c946 wp-block-paragraph\" style=\"color:#010000\">-Gustavo Moreno, senador de la casa de Juan Fernando Cristo, quien ha apoyado las causas del gobierno y tiene burocracia en la Unidad de V\u00edctimas.&nbsp;<\/p>\n\n\n\n<p class=\"has-text-align-justify has-text-color has-link-color wp-elements-db9c5de902152f5e664ece19e9400dbf wp-block-paragraph\" style=\"color:#010000\">-Jos\u00e9 Gutenberg Macea, es del equipo de la actual representante a la C\u00e1mara, Karime Cote, quien tambi\u00e9n ha votado con Petro en el Congreso.&nbsp;<\/p>\n\n\n\n<p class=\"has-text-align-justify has-text-color has-link-color wp-elements-8543b394ec0e5bcf9707dec97eb34ce8 wp-block-paragraph\" style=\"color:#010000\">Las cuentas de servilleta en un eventual gobierno de Cepeda tienen espacio en La U y Conservadores. M\u00e1s all\u00e1 de que esos partidos puedan operar desde la independencia, por dentro tienen fichas que se pueden inclinar a apoyar al gobierno que les d\u00e9 espacios burocr\u00e1ticos.&nbsp;<\/p>\n\n\n\n<p class=\"has-text-align-justify has-text-color has-link-color wp-elements-7525d4024ad8edeb64587c2bac92d440 wp-block-paragraph\" style=\"color:#010000\">En La U, por ejemplo, de 9 senadores, 5 se dejan hablar. Son:&nbsp;<\/p>\n\n\n\n<p class=\"has-text-align-justify has-text-color has-link-color wp-elements-04f4d1dcd46f34363ac5b8a0c1cedfbe wp-block-paragraph\" style=\"color:#010000\">-Los actuales senadores Antonio Correa, Jhonny Besayle y Jos\u00e9 Alfredo Gnecco, que en este periodo acompa\u00f1aron iniciativas oficiales. Correa fue el articulador porque es el m\u00e1s petrista de La U.&nbsp;<\/p>\n\n\n\n<p class=\"has-text-align-justify has-text-color has-link-color wp-elements-2756917ab261e3f44a43679de1b4a23e wp-block-paragraph\" style=\"color:#010000\">-Los actuales representantes Wilmer Carrillo y Ana Paola Garc\u00eda, que votaron las reformas sociales.&nbsp;<\/p>\n\n\n\n<p class=\"has-text-align-justify has-text-color has-link-color wp-elements-6d5793eae0b82df7fa8d383d72b1e956 wp-block-paragraph\" style=\"color:#010000\">-Y la posibilidad de sumar a Mar\u00eda Irma Nore\u00f1a, esposa del alcalde de Pereira, Mauricio Salazar, a quien el presupuesto nacional le servir\u00eda para terminar su mandato local.&nbsp;<\/p>\n\n\n\n<p class=\"has-text-color has-link-color wp-elements-6a76b05bee51491a2dcd64b0d551edad wp-block-paragraph\" style=\"color:#010000\">Mientras que entre los conservadores, de los 11 senadores al menos 4 podr\u00edan estar.<\/p>\n\n\n\n<p class=\"has-text-align-justify has-text-color has-link-color wp-elements-4f36bbdb24307675533355c0848a1d6e wp-block-paragraph\" style=\"color:#010000\">-Los actuales senadores Liliana Benavides y Miguel Barreto, que hicieron parte del tr\u00edo, con Carlos Trujillo, que se la jug\u00f3 por Petro de principio a fin.&nbsp;<\/p>\n\n\n\n<p class=\"has-text-align-justify has-text-color has-link-color wp-elements-719f1160cf9bd8a3de0c36fbc0ef877e wp-block-paragraph\" style=\"color:#010000\">-Los dos representantes Wadith Manzur y Daniel Restrepo, heredero de Trujillo, que tambi\u00e9n estuvieron en los momentos clave de las reformas.&nbsp;<\/p>\n\n\n\n<p class=\"has-text-align-justify has-text-color has-link-color wp-elements-99ca278209121b05d2f9819d48489dde wp-block-paragraph\" style=\"color:#010000\">Sumando esos potenciales apoyos, un hipot\u00e9tico gobierno de Cepeda puede llegar a 52 senadores. Y a esos se les puede sumar la otra curul ind\u00edgena que qued\u00f3 en manos del Aico un partido que se identifica con las causas progresistas.&nbsp;<\/p>\n\n\n\n<p class=\"has-text-align-justify has-text-color has-link-color wp-elements-e0f998338a861199b9b57ad1862074b2 wp-block-paragraph\" style=\"color:#010000\">Esa eventual mayor\u00eda en todo caso quedar\u00eda sujeta a que Cepeda, o su gobierno, decidiera pactar pol\u00edtica y burocr\u00e1ticamente. Una mayor\u00eda de igual modo fr\u00e1gil si la oposici\u00f3n no entra y apuesta por hacer un bloque ideol\u00f3gico.&nbsp;<\/p>\n\n\n\n<p class=\"has-text-color has-link-color wp-elements-7140c20e7cd9cc980392717b9746b4c5 wp-block-paragraph\" style=\"color:#010000\"><strong>4- Abelardo salv\u00f3 patria, pero raspando<\/strong><\/p>\n\n\n\n<p class=\"has-text-align-justify has-text-color has-link-color wp-elements-c1f70a384dc8b7e91727505674a3bd88 wp-block-paragraph\" style=\"color:#010000\">Abelardo de la Espriella asumi\u00f3 el reto de contarse fuera de las consultas y le sali\u00f3 bien. Apadrin\u00f3 la lista de Salvaci\u00f3n Nacional, la apod\u00f3 la del tigre, y llev\u00e1ndose a los candidatos a sus giras consigui\u00f3 que el partido superara el umbral.&nbsp;La meta era pasar de los 1.5 millones de votos.<\/p>\n\n\n\n<p class=\"has-text-align-justify has-text-color has-link-color wp-elements-acddd4db08dcc70d495f1739f5663631 wp-block-paragraph\" style=\"color:#010000\">Con los cerca de 700 mil votos, Salvaci\u00f3n aspira a por lo menos a tres curules: Enrique G\u00f3mez, Sara Castellanos y Germ\u00e1n Rodr\u00edguez. Los tres recogen los s\u00edmbolos y valores con los que Abelardo est\u00e1 conquistando a la derecha: patria, cristianos y militares.&nbsp;<\/p>\n\n\n\n<p class=\"has-text-align-justify has-text-color has-link-color wp-elements-bc0ba22ff809b7df4cf4fdab8a33949b wp-block-paragraph\" style=\"color:#010000\">Aunque se trat\u00f3 de una lista abierta, el endose de De la Espriella se vio en que unos 120 mil votos fueron \u00fanicamente por el logo del partido, es decir, por la instrucci\u00f3n de pintarla como la lista del tigre. Que literalmente lo es porque Salvaci\u00f3n convirti\u00f3 su logo del siglo pasado en una tigre y unas garras.&nbsp;<\/p>\n\n\n\n<p class=\"has-text-align-justify has-text-color has-link-color wp-elements-2b8e060a1164d43d52d6d59f8d67d46c wp-block-paragraph\" style=\"color:#010000\">As\u00ed, Salvaci\u00f3n pas\u00f3 de 30 mil votos en 2022 a 700 mil en 2026 para darle a De a Espriella silla propia bancada en el Congreso. Es la manera en la que va a cantar victoria para restarle fuerza a la idea de que Paloma Valencia le va a quitar espacio con el resultado de la consulta.&nbsp;<\/p>\n\n\n\n<p class=\"has-text-align-justify has-text-color has-link-color wp-elements-dbf99429561494714e218a32021efc32 wp-block-paragraph\" style=\"color:#010000\">Pero De la Espriella tambi\u00e9n perdi\u00f3. Busc\u00f3 darle un empuj\u00f3n a la lista al Senado de Creemos, la de Federico Guti\u00e9rrez, y esa ni siquiera logr\u00f3 el umbral. Asi, entre las dos listas pintadas de tigre no hubo m\u00e1s de un mill\u00f3n de votos.<\/p>\n\n\n\n<p class=\"has-text-align-justify has-text-color has-link-color wp-elements-d3f8ec1dce8a5ea886d36c88c8f35e03 wp-block-paragraph\" style=\"color:#010000\">Adem\u00e1s, actuales congresistas que se le plegaron en el camino como Carlos Fernando Motoa, Lina Garrido o Miguel Polo Polo tampoco lograron curul.<\/p>\n\n\n\n<p class=\"has-text-color has-link-color wp-elements-5f067f9f88cdbf88049640f6b9108699 wp-block-paragraph\" style=\"color:#010000\"><strong>5- El antipetrismo no alcanz\u00f3 para todos<\/strong><\/p>\n\n\n\n<p class=\"has-text-align-justify has-text-color has-link-color wp-elements-580f9d9b8f64cbec5b13ce5a26326f34 wp-block-paragraph\" style=\"color:#010000\">Opositores vocales del gobierno Petro se quedaron fuera del Congreso. Los casos m\u00e1s sonoros est\u00e1n en Cambio Radical. El partido de Germ\u00e1n Vargas Lleras fue uno de los m\u00e1s golpeados de la jornada: pas\u00f3 de 10 a 7 senadores.&nbsp;<\/p>\n\n\n\n<p class=\"has-text-align-justify has-text-color has-link-color wp-elements-ad962b03fce597235d4c111dfbadc8a0 wp-block-paragraph\" style=\"color:#010000\">Entre los quemados est\u00e1n Carlos Fernando Motoa, quien busc\u00f3 venderse como el de Vargas y fue la cabeza de lista. Siempre con un discurso radical contra el gobierno. Y tambi\u00e9n la representante Lina Garrido, llanera, que desde el atril de la C\u00e1mara no escatim\u00f3 esfuerzos en cuestionar a Petro y sus ministros, especialmente Armando Benedetti.&nbsp;<\/p>\n\n\n\n<p class=\"has-text-align-justify has-text-color has-link-color wp-elements-cf0012fbe717606bdd913c6d4b4a7675 wp-block-paragraph\" style=\"color:#010000\">Efra\u00edn \u201cFincho\u201d Cepeda tambi\u00e9n perdi\u00f3. Busc\u00f3 dejarle su curul al representante Armando Zabara\u00edn, pero el endose no funcion\u00f3.&nbsp;<\/p>\n\n\n\n<p class=\"has-text-align-justify has-text-color has-link-color wp-elements-a1eb90c342e74b8262f0c4150e76f8e3 wp-block-paragraph\" style=\"color:#010000\">Maria Paz Gaviria, la hija del expresidente C\u00e9sar Gaviria y jefe del Partido Liberal tambi\u00e9n se quem\u00f3. Como cara del gavirismo, el ala mas cr\u00edtica del partido dentro al gobierno Petro, su fracaso es doloroso para los cercanos a las directivas actuales.\u00a0<\/p>\n\n\n\n<p class=\"has-text-align-justify has-text-color has-link-color wp-elements-8c3db50b5af74ff3fae0949059396efb wp-block-paragraph\" style=\"color:#010000\">Entre los conservadores tampoco prosper\u00f3 el intento de Hern\u00e1n Andrade por volver al Congreso. El veterano huilense busc\u00f3 recoger las banderas de su hermana, Esperanza, que fue una de las archivadores de la reforma a la salud.&nbsp;<\/p>\n\n\n\n<p class=\"has-text-align-justify has-text-color has-link-color wp-elements-f132f19186a973a754de3f38a4d3d1ec wp-block-paragraph\" style=\"color:#010000\">En La U, Juan Felipe Lemos, que se hab\u00eda ganado la cabeza de la lista por ayudar a hundir la reforma tributaria, tampoco pudo convertir sus posturas t\u00e9cnicas desde la oposici\u00f3n en votos suficientes.&nbsp;<\/p>\n\n\n\n<p class=\"has-text-color has-link-color wp-elements-24ad4e078e46165a2679f7c17be3db33 wp-block-paragraph\" style=\"color:#010000\"><strong>6- Los tradicionales petristas crecieron<\/strong><\/p>\n\n\n\n<p class=\"has-text-align-justify has-text-color has-link-color wp-elements-be65d94cd6d692936edec151a78588db wp-block-paragraph\" style=\"color:#010000\">Congresistas de partidos tradicionales que acompa\u00f1aron a Petro crecieron s\u00fabitamente. Empujados por maquinarias locales y por la burocracia nacional sorprendieron con votaciones de m\u00e1s de 100 mil votos.&nbsp;<\/p>\n\n\n\n<p class=\"has-text-align-justify has-text-color has-link-color wp-elements-ee67657e2feb817055b7c0c1a069f0d8 wp-block-paragraph\" style=\"color:#010000\">Son los casos de Mar\u00eda Eugenia Lopera, la representante liberal, que, adem\u00e1s de su trabajo propio, tuvo detr\u00e1s a unas siete f\u00f3rmulas ganadoras en la C\u00e1mara. Y cont\u00f3 con el respaldo de los salientes senadores Jhon Jairo Rold\u00e1n y Juan Diego Echavarr\u00eda.&nbsp;<\/p>\n\n\n\n<p class=\"has-text-align-justify has-text-color has-link-color wp-elements-18fb124f561ebb0791386c68770ee76a wp-block-paragraph\" style=\"color:#010000\">A Lopera le han dado juego burocr\u00e1tico en el Ministerio de Salud.&nbsp;<\/p>\n\n\n\n<p class=\"has-text-align-justify has-text-color has-link-color wp-elements-605edec077f64c52d161bb2886c5f456 wp-block-paragraph\" style=\"color:#010000\">Wadith Manzur, en medio de sus l\u00edos por el esc\u00e1ndalo de Gesti\u00f3n del Riesgo, tambi\u00e9n subi\u00f3.&nbsp; Con cuotas en Ferrocarriles y proyectos del Ministerio del Interior, aument\u00f3 su votaci\u00f3n en llave con otros operadores pol\u00edticos como Ape Cuello del Cesar y Juan Loreto G\u00f3mez de La Guajira.&nbsp;<\/p>\n\n\n\n<p class=\"has-text-align-justify has-text-color has-link-color wp-elements-b3020fa209cbe75118b5f99b00c17055 wp-block-paragraph\" style=\"color:#010000\">Similar es el caso de Wilmer Carrillo de La U. Aunque su fortaleza fue el gobernador de Norte de Santander, William Villamizar, al representante tambi\u00e9n le sirvi\u00f3 transar con el gobierno pescar votos afuera y sentar un golpe en la mesa de La U, que es dominada por el bloque de Dilian Francisca Toro.&nbsp;<\/p>\n\n\n\n<p class=\"has-text-align-justify has-text-color has-link-color wp-elements-5461be75cabfd342a214ee4cfcae2f05 wp-block-paragraph\" style=\"color:#010000\">Justo en La U, al senador Antonio Correa ser aliado del gobierno tambi\u00e9n le dio para salvar su curul. Se movi\u00f3 entre C\u00f3rdoba y Bol\u00edvar para meterse entre el bloque de Dilian Toro y el de sus compa\u00f1eros con poder en las gobernaciones.&nbsp;<\/p>\n\n\n\n<p class=\"has-text-color has-link-color wp-elements-8fc8d4049d0a59d3a11e962310f16f60 wp-block-paragraph\" style=\"color:#010000\"><strong>7- El centro de opini\u00f3n qued\u00f3 maltrecho<\/strong><\/p>\n\n\n\n<p class=\"has-text-align-justify has-text-color has-link-color wp-elements-ecf8bfa7ba0433a93989448593dfe90a wp-block-paragraph\" style=\"color:#010000\">Cuatro representantes de la denominada bancada independiente de la C\u00e1mara intentaron dar el salto al Senado esperanzados en el voto de opini\u00f3n: Katerine Miranda, Juan Sebasti\u00e1n G\u00f3mez, Cristian Avenda\u00f1o y Jennifer Pedraza.&nbsp;<\/p>\n\n\n\n<p class=\"has-text-align-justify has-text-color has-link-color wp-elements-45b86cf8b421493d31f5fc8f0b25ecfc wp-block-paragraph\" style=\"color:#010000\">De los cuatro, tres perdieron, y solo Pedraza triunf\u00f3. Miranda y Avenda\u00f1o quedaron lejos de la pelea de los 11 verdes que salieron a flote. G\u00f3mez vivi\u00f3 un escenario similar a\u00fan siendo cabeza al Senado del Nuevo Liberalismo.&nbsp;<\/p>\n\n\n\n<p class=\"has-text-align-justify has-text-color has-link-color wp-elements-4f7e0b05bcd2fba9e38d4d33b54d544a wp-block-paragraph\" style=\"color:#010000\">Pedraza venci\u00f3 porque sac\u00f3 78 mil votos y porque su partido, Dignidad, supo desde el principio que ten\u00eda que aliarse con otros para pasar el umbral. Los 200 mil que sacaron los tres senadores del partido cristiano, Mira, le ayudaron a Pedraza a cumplir con el m\u00ednimo y entrar a la repartici\u00f3n de curules.&nbsp;<\/p>\n\n\n\n<p class=\"has-text-align-justify has-text-color has-link-color wp-elements-8752e01f24811fb7dcde41c72d2c6162 wp-block-paragraph\" style=\"color:#010000\">Otro palo en el voto de opini\u00f3n es el de la senadora Ang\u00e9lica Lozano, quien buscaba su cuarto periodo. A la bogotana no le dio para llegar cuando menos a los 40 mil y qued\u00f3 relegada en la lista, luego de haber estado 8 a\u00f1os en el Senado. Al representante liberal Juan Carlos Lozada tampoco le alcanz\u00f3 para saltar al Senado, a pesar de sus banderas de ambientalistas.<\/p>\n","protected":false},"excerpt":{"rendered":"<p>M\u00e1s de la mitad de los colombianos habilitados vot\u00f3 para el Senado. Con casi 21 millones de votos, la elecci\u00f3n legislativa tuvo la participaci\u00f3n m\u00e1s alta desde 1990.\u00a0 Y de m\u00e1s de mil candidatos en 26 listas llegaron 102 a las curules del nuevo Senado que legislar\u00e1 entre 2026 y 2030.\u00a0<\/p>\n","protected":false},"author":102520410,"featured_media":52126,"comment_status":"closed","ping_status":"","sticky":false,"template":"","format":"standard","meta":{"_coblocks_attr":"","_coblocks_dimensions":"","_coblocks_responsive_height":"","_coblocks_accordion_ie_support":"","_crdt_document":"","advanced_seo_description":"","jetpack_seo_html_title":"","jetpack_seo_noindex":false,"_jetpack_newsletter_access":"","_jetpack_dont_email_post_to_subs":false,"_jetpack_newsletter_tier_id":0,"_jetpack_memberships_contains_paywalled_content":false,"_jetpack_memberships_contains_paid_content":false,"footnotes":"","jetpack_post_was_ever_published":false},"categories":[703610852],"tags":[17212,703611095,703610334,703608315,703606428],"class_list":{"0":"post-52124","1":"post","2":"type-post","3":"status-publish","4":"format-standard","5":"has-post-thumbnail","6":"hentry","7":"category-colombia","8":"tag-america-latina","9":"tag-cepeda","10":"tag-legislativas","11":"tag-petro","12":"tag-uribe","14":"fallback-thumbnail"},"jetpack_featured_media_url":"https:\/\/i0.wp.com\/correspondenciadeprensa.com\/wp-content\/uploads\/2026\/03\/Colombia09032026.jpg?fit=1226%2C618&ssl=1","jetpack_likes_enabled":false,"jetpack_sharing_enabled":true,"jetpack_shortlink":"https:\/\/wp.me\/p7lt2C-dyI","amp_enabled":true,"_links":{"self":[{"href":"https:\/\/correspondenciadeprensa.com\/index.php?rest_route=\/wp\/v2\/posts\/52124","targetHints":{"allow":["GET"]}}],"collection":[{"href":"https:\/\/correspondenciadeprensa.com\/index.php?rest_route=\/wp\/v2\/posts"}],"about":[{"href":"https:\/\/correspondenciadeprensa.com\/index.php?rest_route=\/wp\/v2\/types\/post"}],"author":[{"embeddable":true,"href":"https:\/\/correspondenciadeprensa.com\/index.php?rest_route=\/wp\/v2\/users\/102520410"}],"replies":[{"embeddable":true,"href":"https:\/\/correspondenciadeprensa.com\/index.php?rest_route=%2Fwp%2Fv2%2Fcomments&post=52124"}],"version-history":[{"count":9,"href":"https:\/\/correspondenciadeprensa.com\/index.php?rest_route=\/wp\/v2\/posts\/52124\/revisions"}],"predecessor-version":[{"id":52134,"href":"https:\/\/correspondenciadeprensa.com\/index.php?rest_route=\/wp\/v2\/posts\/52124\/revisions\/52134"}],"wp:featuredmedia":[{"embeddable":true,"href":"https:\/\/correspondenciadeprensa.com\/index.php?rest_route=\/wp\/v2\/media\/52126"}],"wp:attachment":[{"href":"https:\/\/correspondenciadeprensa.com\/index.php?rest_route=%2Fwp%2Fv2%2Fmedia&parent=52124"}],"wp:term":[{"taxonomy":"category","embeddable":true,"href":"https:\/\/correspondenciadeprensa.com\/index.php?rest_route=%2Fwp%2Fv2%2Fcategories&post=52124"},{"taxonomy":"post_tag","embeddable":true,"href":"https:\/\/correspondenciadeprensa.com\/index.php?rest_route=%2Fwp%2Fv2%2Ftags&post=52124"}],"curies":[{"name":"wp","href":"https:\/\/api.w.org\/{rel}","templated":true}]}}