{"id":52094,"date":"2026-03-08T09:57:57","date_gmt":"2026-03-08T08:57:57","guid":{"rendered":"https:\/\/correspondenciadeprensa.com\/?p=52094"},"modified":"2026-03-08T18:07:02","modified_gmt":"2026-03-08T17:07:02","slug":"ecuador-no-a-la-guerra-no-al-silencio-universitas","status":"publish","type":"post","link":"https:\/\/correspondenciadeprensa.com\/?p=52094","title":{"rendered":"Ecuador &#8211; \u00a1No a la guerra, no al silencio! [Universitas]"},"content":{"rendered":"\n<p class=\"has-text-align-right wp-block-paragraph\"><sub>Soldado que participa en operaciones conjuntas de EEUU y Ecuador contra \u00abnarcoterroristas\u00bb.<\/sub><\/p>\n\n\n\n<p class=\"has-text-color has-link-color wp-elements-229e9c77dbfcc860d74ed3b55c23f04f wp-block-paragraph\" style=\"color:#010000\"><strong>UNIVERSITAS*<\/strong><\/p>\n\n\n\n<p class=\"has-text-align-justify has-text-color has-link-color wp-elements-c95763ef842013007b19e59e09bde3c5 wp-block-paragraph\" style=\"color:#010000\"><strong>Colectivo de Trabajo y Pensamiento Cr\u00edtico, Facultad de Ciencias Sociales y Humanas<\/strong>,<strong> marzo de 2026<\/strong><\/p>\n\n\n\n<p class=\"has-text-color has-link-color wp-elements-c84eac7b9d524422e6525db9ea06c70d wp-block-paragraph\" style=\"color:#010000\"><strong><em><a href=\"https:\/\/correspondenciadeprensa.com\/\">Correspondencia de Prensa<\/a><\/em>, 8-3-2026<\/strong><\/p>\n\n\n\n<p class=\"has-text-color has-link-color has-text-align-justify wp-elements-f97113946f2b8aadc958db9793b04bcf wp-block-paragraph\" style=\"color:#010000\">Parece que estamos condenados al silencio, a la complicidad de quedarnos callados cuando la guerra ha llegado a nuestro suelo en forma de marines, expulsi\u00f3n de embajadas, persecuciones pol\u00edticas, violencia del narcoestado&#8230; asistimos al predominio de la l\u00f3gica de excepci\u00f3n y a la l\u00f3gica de la mafia como condici\u00f3n &#8216;democr\u00e1tica&#8217; que se entrecruzan y se complementan&#8230; nos retiran derechos, suspenden cuentas bancarias, nos imponen la l\u00f3gica de la guerra y no decimos nada&#8230;<\/p>\n\n\n\n<p class=\"has-text-color has-link-color has-text-align-justify wp-elements-f02fd30aa73a83d01178f924b91abd87 wp-block-paragraph\" style=\"color:#010000\">El nihilismo neoliberal ha logrado convertirnos en espectadores, miramos la realidad como si de un espect\u00e1culo se tratara, un objeto de consumo y las veleidosas descargas contra el sistema en redes, en forma de &#8216;me gusta&#8217;&#8230; catarsis del miedo y de impotencia&#8230; la realidad actual nos exige la lucha, la protesta, la denuncia. Volver a crear partidos para la transformaci\u00f3n social, para defender la vida, los \u00e1rboles, el agua, la palabra y el pensamiento&#8230;<\/p>\n\n\n\n<p class=\"has-text-color has-link-color has-text-align-justify wp-elements-76ca55e5273cc4c33159b786f7fe8018 wp-block-paragraph\" style=\"color:#010000\">&nbsp;El fascismo nos va arrastrando al disfrute de la venganza, del desquite, de la destrucci\u00f3n de las normas, de la legalidad, de los patrimonios, de los pueblos ind\u00edgenas. El proyecto neoreaccionario hace de la muerte un culto a favor del capitalismo planetario, donde todo se compra y se vende: valores humanos,&nbsp; territorios, cuerpos, dignidad&#8230; hagamos pol\u00edtica frente a la l\u00f3gica administrativa del despojo, de la destrucci\u00f3n y de la muerte. Hacer pol\u00edtica para defender la vida frente a la maquinaria de la guerra y la reducci\u00f3n de todo a simple objeto que se vende, se compra, se disfruta y se desecha&#8230; desechar la pol\u00edtica a favor de criterios cuantitativos, tecnocr\u00e1ticos y de eficiencia. No a la antipol\u00edtica de la l\u00f3gica de rendimiento.<\/p>\n\n\n\n<p class=\"has-text-color has-link-color wp-elements-510966daf1479ca65a6d972a5ffb5a72 wp-block-paragraph\" style=\"color:#010000\">\u00a1 NO A LA GUERRA !<\/p>\n\n\n\n<p class=\"has-text-color has-link-color wp-elements-e5c710731bc352047bb4f23a94480598 wp-block-paragraph\" style=\"color:#010000\">\u00a1 NO AL SILENCIO !<\/p>\n\n\n\n<p class=\"has-text-color has-link-color has-text-align-justify wp-elements-99d28e1a5df45383f33f5c169760db18 wp-block-paragraph\" style=\"color:#010000\"><strong>*Universitas<\/strong> es un colectivo formado por docentes y estudiantes de la Facultad de Ciencias Sociales y Humanas de la Universidad Central del Ecuador.<\/p>\n","protected":false},"excerpt":{"rendered":"<p>Parece que estamos condenados al silencio, a la complicidad de quedarnos callados cuando la guerra ha llegado a nuestro suelo en forma de marines, expulsi\u00f3n de embajadas, persecuciones pol\u00edticas, violencia del narcoestado&#8230; <\/p>\n","protected":false},"author":102520410,"featured_media":52095,"comment_status":"closed","ping_status":"","sticky":false,"template":"","format":"standard","meta":{"_coblocks_attr":"","_coblocks_dimensions":"","_coblocks_responsive_height":"","_coblocks_accordion_ie_support":"","_crdt_document":"","advanced_seo_description":"","jetpack_seo_html_title":"","jetpack_seo_noindex":false,"_jetpack_newsletter_access":"","_jetpack_dont_email_post_to_subs":false,"_jetpack_newsletter_tier_id":0,"_jetpack_memberships_contains_paywalled_content":false,"_jetpack_memberships_contains_paid_content":false,"footnotes":"","jetpack_post_was_ever_published":false},"categories":[5207],"tags":[703610923,703605092,703610006],"class_list":{"0":"post-52094","1":"post","2":"type-post","3":"status-publish","4":"format-standard","5":"has-post-thumbnail","6":"hentry","7":"category-ecuador","8":"tag-narcoterrorismo","9":"tag-estados-unidos","10":"tag-noboa","12":"fallback-thumbnail"},"jetpack_featured_media_url":"https:\/\/i0.wp.com\/correspondenciadeprensa.com\/wp-content\/uploads\/2026\/03\/Ecuador08032026a.jpg?fit=1024%2C531&ssl=1","jetpack_likes_enabled":false,"jetpack_sharing_enabled":true,"jetpack_shortlink":"https:\/\/wp.me\/p7lt2C-dye","amp_enabled":true,"_links":{"self":[{"href":"https:\/\/correspondenciadeprensa.com\/index.php?rest_route=\/wp\/v2\/posts\/52094","targetHints":{"allow":["GET"]}}],"collection":[{"href":"https:\/\/correspondenciadeprensa.com\/index.php?rest_route=\/wp\/v2\/posts"}],"about":[{"href":"https:\/\/correspondenciadeprensa.com\/index.php?rest_route=\/wp\/v2\/types\/post"}],"author":[{"embeddable":true,"href":"https:\/\/correspondenciadeprensa.com\/index.php?rest_route=\/wp\/v2\/users\/102520410"}],"replies":[{"embeddable":true,"href":"https:\/\/correspondenciadeprensa.com\/index.php?rest_route=%2Fwp%2Fv2%2Fcomments&post=52094"}],"version-history":[{"count":7,"href":"https:\/\/correspondenciadeprensa.com\/index.php?rest_route=\/wp\/v2\/posts\/52094\/revisions"}],"predecessor-version":[{"id":52108,"href":"https:\/\/correspondenciadeprensa.com\/index.php?rest_route=\/wp\/v2\/posts\/52094\/revisions\/52108"}],"wp:featuredmedia":[{"embeddable":true,"href":"https:\/\/correspondenciadeprensa.com\/index.php?rest_route=\/wp\/v2\/media\/52095"}],"wp:attachment":[{"href":"https:\/\/correspondenciadeprensa.com\/index.php?rest_route=%2Fwp%2Fv2%2Fmedia&parent=52094"}],"wp:term":[{"taxonomy":"category","embeddable":true,"href":"https:\/\/correspondenciadeprensa.com\/index.php?rest_route=%2Fwp%2Fv2%2Fcategories&post=52094"},{"taxonomy":"post_tag","embeddable":true,"href":"https:\/\/correspondenciadeprensa.com\/index.php?rest_route=%2Fwp%2Fv2%2Ftags&post=52094"}],"curies":[{"name":"wp","href":"https:\/\/api.w.org\/{rel}","templated":true}]}}