{"id":52013,"date":"2026-03-02T20:04:48","date_gmt":"2026-03-02T19:04:48","guid":{"rendered":"https:\/\/correspondenciadeprensa.com\/?p=52013"},"modified":"2026-03-02T20:14:04","modified_gmt":"2026-03-02T19:14:04","slug":"iran-no-a-los-bombardeos-estadounidenses-e-israelies-solidaires","status":"publish","type":"post","link":"https:\/\/correspondenciadeprensa.com\/?p=52013","title":{"rendered":"Ir\u00e1n &#8211; \u00a1No a los bombardeos estadounidenses e israel\u00edes! [Solidaires]"},"content":{"rendered":"\n<p class=\"has-text-align-right wp-block-paragraph\"><sub>Polic\u00eda iran\u00ed, Teher\u00e1n, 12-1-2026.<\/sub><\/p>\n\n\n\n<p class=\"has-text-align-justify has-text-color has-link-color wp-elements-1 wp-block-paragraph\" style=\"color:#010000\"><strong>Ir\u00e1n: \u00a1No a los bombardeos estadounidenses e israel\u00edes en Ir\u00e1n!<\/strong><\/p>\n\n\n\n<p class=\"has-text-align-justify has-text-color has-link-color wp-elements-2 wp-block-paragraph\" style=\"color:#010000\"><strong>\u00a1Apoyo a los explotados y oprimidos que luchan por acabar con el r\u00e9gimen iran\u00ed y lograr una sociedad basada en sus aspiraciones!<\/strong><\/p>\n\n\n\n<p class=\"has-text-color has-link-color wp-elements-3 wp-block-paragraph\" style=\"color:#010000\"><strong><em><a href=\"https:\/\/solidaires.org\/sinformer-et-agir\/actualites-et-mobilisations\/internationales\/non-aux-bombardements-americano-israeliens-sur-liran-soutien-a-la-population-iranienne-pour-en-finir-avec-le-regime-doppression\/\">Union Syndicale Solidaires<\/a><\/em>, Par\u00eds, 2-3-2026<\/strong><\/p>\n\n\n\n<p class=\"has-text-color has-link-color wp-elements-4 wp-block-paragraph\" style=\"color:#010000\"><strong>Traducci\u00f3n de <em><a href=\"https:\/\/correspondenciadeprensa.com\/\">Correspondencia de Prensa<\/a><\/em>, 2-3-2026<\/strong><\/p>\n\n\n\n<p class=\"has-text-align-justify has-text-color has-link-color wp-elements-5 wp-block-paragraph\" style=\"color:#010000\">Una avalancha mortal cay\u00f3 sobre Ir\u00e1n. Desde el primer d\u00eda, cerca de un centenar de ni\u00f1as murieron en su escuela. Fueron bombardeados hospitales y otros servicios p\u00fablicos. Acaba de comenzar una nueva guerra regional con su cuota de muertos y heridos.<\/p>\n\n\n\n<p class=\"has-text-align-justify has-text-color has-link-color wp-elements-6 wp-block-paragraph\" style=\"color:#010000\">Trump se presenta ante la poblaci\u00f3n iran\u00ed como el defensor de los derechos humanos y las libertades, mientras que en su propio pa\u00eds los vulnera alegremente. En realidad, Trump y su aliado Netanyahu quieren reinar como amos y se\u00f1ores sobre Oriente Medio y, para ello, acabar definitivamente con toda resistencia, como lo hicieron en Gaza. Los multimillonarios estadounidenses y su Gobierno tambi\u00e9n quieren poder acceder a los recursos de hidrocarburos de Ir\u00e1n, como antes de la revoluci\u00f3n que derroc\u00f3 al Sha en 1979. Con el incendio del Oriente Medio, Estados Unidos quiere atacar indirectamente a China, que se abastece de hidrocarburos iran\u00edes.<\/p>\n\n\n\n<p class=\"has-text-align-justify has-text-color has-link-color wp-elements-7 wp-block-paragraph\" style=\"color:#010000\">La Uni\u00f3n sindical Solidaires apoya plenamente las luchas de los explotados y oprimidos de los diversos pueblos de Ir\u00e1n, que quieren acabar con la creciente miseria de la gran mayor\u00eda de la poblaci\u00f3n, el acaparamiento de las riquezas por parte de los privilegiados del r\u00e9gimen y el terror que \u00e9ste impone.<\/p>\n\n\n\n<p class=\"has-text-align-justify has-text-color has-link-color wp-elements-8 wp-block-paragraph\" style=\"color:#010000\">-Solidaires se identifica con las movilizaciones del pueblo iran\u00ed, que exige, en particular:<\/p>\n\n\n\n<p class=\"has-text-align-justify has-text-color has-link-color wp-elements-9 wp-block-paragraph\" style=\"color:#010000\">&#8211; el fin inmediato de la represi\u00f3n;<\/p>\n\n\n\n<p class=\"has-text-align-justify has-text-color has-link-color wp-elements-10 wp-block-paragraph\" style=\"color:#010000\">&#8211; la liberaci\u00f3n de todas las personas detenidas por ejercer sus derechos fundamentales;<\/p>\n\n\n\n<p class=\"has-text-align-justify has-text-color has-link-color wp-elements-11 wp-block-paragraph\" style=\"color:#010000\">&#8211; el cese inmediato de las ejecuciones, la abolici\u00f3n de la pena de muerte y de la pr\u00e1ctica de la tortura;<\/p>\n\n\n\n<p class=\"has-text-align-justify has-text-color has-link-color wp-elements-12 wp-block-paragraph\" style=\"color:#010000\">&#8211; el respeto y el desarrollo de los derechos democr\u00e1ticos y sociales, en particular los de las mujeres, los trabajadores y las minor\u00edas nacionales y sexuales;<\/p>\n\n\n\n<p class=\"has-text-align-justify has-text-color has-link-color wp-elements-13 wp-block-paragraph\" style=\"color:#010000\">&#8211; la libertad de organizaci\u00f3n y de manifestaci\u00f3n.<\/p>\n\n\n\n<p class=\"has-text-align-justify has-text-color has-link-color wp-elements-14 wp-block-paragraph\" style=\"color:#010000\">Estas reivindicaciones son contrarias a los proyectos de los mon\u00e1rquicos, de Trump y de Netanyahu. Solo mediante la lucha podr\u00e1n obtenerse y podr\u00e1 surgir una sociedad que responda a las aspiraciones de la mayor\u00eda.<\/p>\n\n\n\n<p class=\"has-text-align-justify has-text-color has-link-color wp-elements-15 wp-block-paragraph\" style=\"color:#010000\">La emancipaci\u00f3n de los pueblos de Ir\u00e1n solo puede venir desde dentro del pa\u00eds. No puede basarse en un \u00absalvador supremo\u00bb [Pahlavi] que sue\u00f1a con convertirse en rey, heredero de una considerable fortuna robada por su familia a los pueblos de Ir\u00e1n, que llega en los camiones de los ej\u00e9rcitos estadounidense e israel\u00ed y que planea apropiarse de todos los poderes durante un per\u00edodo supuestamente provisorio.<\/p>\n\n\n\n<p class=\"has-text-align-justify has-text-color has-link-color wp-elements-16 wp-block-paragraph\" style=\"color:#010000\">Por todas estas razones,la Uni\u00f3n Sindical Solidaires apoya a las y los militantes que, tanto en Ir\u00e1n como en la di\u00e1spora, quieren acabar con la Rep\u00fablica Isl\u00e1mica de Ir\u00e1n y aspiran a una sociedad basada en la justicia social, la igualdad y la libertad.<\/p>\n","protected":false},"excerpt":{"rendered":"<p>La emancipaci\u00f3n de los pueblos de Ir\u00e1n solo puede venir desde dentro del pa\u00eds. La Uni\u00f3n sindical Solidaires apoya plenamente las luchas de los explotados y oprimidos de los diversos pueblos de Ir\u00e1n, que quieren acabar con la creciente miseria de la gran mayor\u00eda de la poblaci\u00f3n, el acaparamiento de las riquezas por parte de los privilegiados del r\u00e9gimen y el terror que \u00e9ste impone.<\/p>\n","protected":false},"author":102520410,"featured_media":52019,"comment_status":"closed","ping_status":"","sticky":false,"template":"","format":"standard","meta":{"_coblocks_attr":"","_coblocks_dimensions":"","_coblocks_responsive_height":"","_coblocks_accordion_ie_support":"","advanced_seo_description":"","jetpack_seo_html_title":"","jetpack_seo_noindex":false,"jetpack_seo_schema_type":"","_jetpack_newsletter_access":"","_jetpack_dont_email_post_to_subs":false,"_jetpack_newsletter_tier_id":0,"_jetpack_memberships_contains_paywalled_content":false,"_wpcom_ai_launchpad_first_post":false,"_jetpack_feature_clip_id":0,"_jetpack_memberships_contains_paid_content":false,"footnotes":"","jetpack_post_was_ever_published":false},"categories":[68395,6645,9937,129883],"tags":[17212,703609462,703611089,703605245,703609065,703604844],"class_list":["post-52013","post","type-post","status-publish","format-standard","has-post-thumbnail","hentry","category-estados-unidos","category-iran","category-israel","category-medio-oriente","tag-america-latina","tag-jamenei-2","tag-mullah","tag-netanyahu","tag-pahlavi","tag-trump","fallback-thumbnail"],"jetpack_likes_enabled":false,"jetpack_sharing_enabled":true,"jetpack_shortlink":"https:\/\/wp.me\/p7lt2C-dwV","amp_enabled":true,"jetpack_featured_media_url":"https:\/\/i0.wp.com\/correspondenciadeprensa.com\/wp-content\/uploads\/2026\/03\/Iran02032026a.jpg?fit=1200%2C577&ssl=1","_links":{"self":[{"href":"https:\/\/correspondenciadeprensa.com\/index.php?rest_route=\/wp\/v2\/posts\/52013","targetHints":{"allow":["GET"]}}],"collection":[{"href":"https:\/\/correspondenciadeprensa.com\/index.php?rest_route=\/wp\/v2\/posts"}],"about":[{"href":"https:\/\/correspondenciadeprensa.com\/index.php?rest_route=\/wp\/v2\/types\/post"}],"author":[{"embeddable":true,"href":"https:\/\/correspondenciadeprensa.com\/index.php?rest_route=\/wp\/v2\/users\/102520410"}],"replies":[{"embeddable":true,"href":"https:\/\/correspondenciadeprensa.com\/index.php?rest_route=%2Fwp%2Fv2%2Fcomments&post=52013"}],"version-history":[{"count":8,"href":"https:\/\/correspondenciadeprensa.com\/index.php?rest_route=\/wp\/v2\/posts\/52013\/revisions"}],"predecessor-version":[{"id":52022,"href":"https:\/\/correspondenciadeprensa.com\/index.php?rest_route=\/wp\/v2\/posts\/52013\/revisions\/52022"}],"wp:featuredmedia":[{"embeddable":true,"href":"https:\/\/correspondenciadeprensa.com\/index.php?rest_route=\/wp\/v2\/media\/52019"}],"wp:attachment":[{"href":"https:\/\/correspondenciadeprensa.com\/index.php?rest_route=%2Fwp%2Fv2%2Fmedia&parent=52013"}],"wp:term":[{"taxonomy":"category","embeddable":true,"href":"https:\/\/correspondenciadeprensa.com\/index.php?rest_route=%2Fwp%2Fv2%2Fcategories&post=52013"},{"taxonomy":"post_tag","embeddable":true,"href":"https:\/\/correspondenciadeprensa.com\/index.php?rest_route=%2Fwp%2Fv2%2Ftags&post=52013"}],"curies":[{"name":"wp","href":"https:\/\/api.w.org\/{rel}","templated":true}]}}