{"id":51642,"date":"2026-02-08T20:15:12","date_gmt":"2026-02-08T19:15:12","guid":{"rendered":"https:\/\/correspondenciadeprensa.com\/?p=51642"},"modified":"2026-02-08T20:15:12","modified_gmt":"2026-02-08T19:15:12","slug":"venezuela-ley-de-amnistia-excluye-presos-politicos-borra-crimenes-de-estado-y-carece-de-reparacion-y-verdad-dossier","status":"publish","type":"post","link":"https:\/\/correspondenciadeprensa.com\/?p=51642","title":{"rendered":"Venezuela &#8211; \u201cLey de Amnist\u00eda excluye presos pol\u00edticos, borra cr\u00edmenes de Estado y carece de reparaci\u00f3n y verdad\u201d. [Dossier]"},"content":{"rendered":"\n<p class=\"has-text-align-right wp-block-paragraph\"><sub>En la foto, Nicmer Evans<\/sub><\/p>\n\n\n\n<p class=\"has-text-color has-link-color wp-elements-1 wp-block-paragraph\" style=\"color:#010000\"><strong>Nicmer Evans: Ley de Amnist\u00eda excluye presos pol\u00edticos, borra cr\u00edmenes de Estado y carece de reparaci\u00f3n y verdad<\/strong><\/p>\n\n\n\n<p class=\"has-text-color has-link-color wp-elements-2 wp-block-paragraph\" style=\"color:#010000\"><strong><em><a href=\"https:\/\/www.aporrea.org\/ddhh\/n415355.html\">Aporrea<\/a><\/em>, 8-2-2026<\/strong><\/p>\n\n\n\n<p class=\"has-text-color has-link-color wp-elements-3 wp-block-paragraph\" style=\"color:#010000\"><strong><em><a href=\"https:\/\/correspondenciadeprensa.com\/\">Correspondencia de Prensa<\/a><\/em>, 8-2-2026<\/strong><\/p>\n\n\n\n<p class=\"has-text-align-justify has-text-color has-link-color wp-elements-4 wp-block-paragraph\" style=\"color:#010000\">El polit\u00f3logo, dirigente y excarcelado pol\u00edtico Nicmer Evans fij\u00f3 posici\u00f3n frente a la reciente propuesta de Ley de Amnist\u00eda promovida por el gobierno interino de Delcy Rodr\u00edguez. Seg\u00fan Evans, el texto legal presenta graves falencias que, lejos de buscar una reconciliaci\u00f3n nacional, pretenden borrar la responsabilidad estatal sobre las violaciones a los derechos humanos. El an\u00e1lisis del excarcelado pol\u00edtico subraya que el pre\u00e1mbulo de la norma comete el error de igualar los extremismos, desvirtuando la naturaleza de la crisis pol\u00edtica venezolana, y negando la amnist\u00eda a situaci\u00f3n que no pueden ser catalogadas de extremistas, como la opini\u00f3n o el disentir.<br><br>Para Evans, una amnist\u00eda genuina debe reparar los da\u00f1os causados a las v\u00edctimas. No puede convertirse en un mecanismo para \u00abvolver a condenar\u00bb a quienes ya sufrieron la c\u00e1rcel por motivos pol\u00edticos. El polit\u00f3logo advierte que el art\u00edculo 1 de la propuesta es una trampa jur\u00eddica. Esta cl\u00e1usula pretende que el beneficiario acepte el motivo de su condena previa, lo que implicar\u00eda un reconocimiento de delitos no cometidos para obtener la libertad.<br><br><strong>Exclusiones y vac\u00edos en el marco legal<br><\/strong><br>Un punto cr\u00edtico reside en el art\u00edculo 6 de la propuesta legal. Evans se\u00f1ala que este apartado enumera momentos pol\u00edticos espec\u00edficos, denominados \u00abhechos de violencia\u00bb, que excluyen a la gran mayor\u00eda de los presos pol\u00edticos actuales. Muchos ciudadanos est\u00e1n tras las rejas bajo cargos de \u00abinstigaci\u00f3n al odio\u00bb o \u00abterrorismo\u00bb fuera de esos lapsos. Esta redacci\u00f3n criminaliza autom\u00e1ticamente a quienes no encajan en el cronograma oficialista, dejando fuera casos militares y civiles de car\u00e1cter pol\u00edtico.<br><br>La preocupaci\u00f3n tambi\u00e9n se extiende al art\u00edculo 11, que propone \u00abeliminar\u00bb registros y antecedentes. Evans distingue que una cosa es suspender procesos judiciales y otra muy distinta es borrar el rastro del expediente. Eliminar estos registros impedir\u00eda investigaciones futuras, reparaciones o indemnizaciones por graves violaciones a los derechos humanos. Sin memoria documental, la justicia para los presos pol\u00edticos quedar\u00eda anulada permanentemente ante la ley.<br><br><strong>La ausencia de reparaci\u00f3n y verdad<br><\/strong><br>El dirigente enfatiza que la ley carece de elementos fundamentales para una transici\u00f3n democr\u00e1tica sana. El texto no menciona la devoluci\u00f3n o reparaci\u00f3n de bienes incautados o robados durante procedimientos ilegales. Para Evans, el Estado debe responder por el patrimonio saqueado a los perseguidos pol\u00edticos. Sin una restituci\u00f3n material, el da\u00f1o a las familias de los afectados permanece vigente a pesar de una eventual excarcelaci\u00f3n.<br><br>Finalmente, Evans denuncia que la propuesta omite la creaci\u00f3n de una comisi\u00f3n de la verdad con arbitraje internacional. Tampoco ofrece respuestas concretas sobre el paradero de los desaparecidos en contextos pol\u00edticos. La falta de transparencia y la ausencia de mediaci\u00f3n externa restan credibilidad a cualquier intento de pacificaci\u00f3n. Seg\u00fan el an\u00e1lisis, la ley actual solo sirve como un escudo de impunidad para los responsables de la represi\u00f3n.<br><br><strong>Propuestas para una amnist\u00eda integral y con justicia<\/strong><\/p>\n\n\n\n<p class=\"has-text-align-justify has-text-color has-link-color wp-elements-5 wp-block-paragraph\" style=\"color:#010000\">Evans, ante estas observaciones cr\u00edticas, formula propuestas fundamentales para transformar este proyecto en una herramienta de justicia verdadera. En primer lugar, para Evans resulta imperativo establecer una Comisi\u00f3n de la Verdad con arbitraje internacional. Este organismo garantizar\u00eda transparencia en el esclarecimiento de los hechos, evitando que el Estado act\u00fae como juez y parte. Asimismo, la normativa debe incluir un mecanismo de reparaci\u00f3n patrimonial que obligue a la devoluci\u00f3n inmediata de bienes incautados ilegalmente durante la persecuci\u00f3n pol\u00edtica.<br><br>Por otro lado, la reforma del art\u00edculo 1 debe eliminar cualquier prejuzgado de admisi\u00f3n de culpabilidad. Una amnist\u00eda democr\u00e1tica reconoce la naturaleza pol\u00edtica del juicio y no condiciona la libertad a una confesi\u00f3n forzada. Es vital tambi\u00e9n la preservaci\u00f3n de los antecedentes penales y registros judiciales para permitir futuras indemnizaciones. Borrar estos documentos, como sugiere el texto actual, solo garantiza la impunidad de los victimarios y bloquea el acceso a la justicia transicional.<br><br>Finalmente, el alcance de la ley debe ampliarse para incluir todos los casos de \u00abinstigaci\u00f3n al odio\u00bb y causas militares, sin limitarse a cronogramas arbitrarios. Solo mediante el reconocimiento total de los perseguidos y una respuesta clara sobre los desaparecidos, Venezuela podr\u00e1 transitar hacia una paz fundamentada en el derecho y no en la conveniencia pol\u00edtica.<\/p>\n\n\n\n<p class=\"has-text-align-center has-text-color has-link-color wp-elements-6 wp-block-paragraph\" style=\"color:#010000\"><strong>***<\/strong><\/p>\n\n\n\n<p class=\"has-text-align-justify has-text-color has-link-color wp-elements-7 wp-block-paragraph\" style=\"color:#010000\"><strong>20 ONG: Aportes urgentes de la sociedad civil al debate sobre la Ley de&nbsp;Amnist\u00eda<\/strong><\/p>\n\n\n\n<p class=\"has-text-color has-link-color wp-elements-8 wp-block-paragraph\" style=\"color:#010000\"><strong><em><a href=\"https:\/\/labpaz.org\/2026\/02\/04\/20-ong-aportes-urgentes-de-la-sociedad-civil-al-debate-sobre-la-ley-de-amnistia\/\">Laboratorio de Paz<\/a><\/em>, 4-2-2026<\/strong><\/p>\n\n\n<div class=\"wp-block-image\">\n<figure class=\"aligncenter size-large\"><img data-recalc-dims=\"1\" loading=\"lazy\" decoding=\"async\" width=\"656\" height=\"313\" data-attachment-id=\"51649\" data-permalink=\"https:\/\/correspondenciadeprensa.com\/?attachment_id=51649\" data-orig-file=\"https:\/\/i0.wp.com\/correspondenciadeprensa.com\/wp-content\/uploads\/2026\/02\/Venezuela08022026-II.jpg?fit=1228%2C586&amp;ssl=1\" data-orig-size=\"1228,586\" data-comments-opened=\"0\" data-image-title=\"Venezuela08022026 II\" data-image-description=\"\" data-image-caption=\"\" data-large-file=\"https:\/\/i0.wp.com\/correspondenciadeprensa.com\/wp-content\/uploads\/2026\/02\/Venezuela08022026-II.jpg?fit=656%2C313&amp;ssl=1\" src=\"https:\/\/i0.wp.com\/correspondenciadeprensa.com\/wp-content\/uploads\/2026\/02\/Venezuela08022026-II.jpg?resize=656%2C313&#038;ssl=1\" alt=\"\" class=\"wp-image-51649\" srcset=\"https:\/\/i0.wp.com\/correspondenciadeprensa.com\/wp-content\/uploads\/2026\/02\/Venezuela08022026-II.jpg?resize=1024%2C489&amp;ssl=1 1024w, https:\/\/i0.wp.com\/correspondenciadeprensa.com\/wp-content\/uploads\/2026\/02\/Venezuela08022026-II.jpg?resize=300%2C143&amp;ssl=1 300w, https:\/\/i0.wp.com\/correspondenciadeprensa.com\/wp-content\/uploads\/2026\/02\/Venezuela08022026-II.jpg?resize=768%2C366&amp;ssl=1 768w, https:\/\/i0.wp.com\/correspondenciadeprensa.com\/wp-content\/uploads\/2026\/02\/Venezuela08022026-II.jpg?resize=1200%2C573&amp;ssl=1 1200w, https:\/\/i0.wp.com\/correspondenciadeprensa.com\/wp-content\/uploads\/2026\/02\/Venezuela08022026-II.jpg?w=1228&amp;ssl=1 1228w\" sizes=\"auto, (max-width: 656px) 100vw, 656px\" \/><\/figure>\n<\/div>\n\n\n<p class=\"wp-block-paragraph\"><\/p>\n\n\n\n<p class=\"has-text-align-justify has-text-color has-link-color wp-elements-9 wp-block-paragraph\" style=\"color:#010000\">Las organizaciones defensoras de derechos humanos que suscribimos el presente comunicado manifestamos nuestro acuerdo con el anuncio realizado por la Vicepresidenta Ejecutiva, Delcy Rodr\u00edguez, sobre el inicio de un proceso de discusi\u00f3n para la elaboraci\u00f3n de una Ley de Amnist\u00eda que abarque el per\u00edodo 1999\u20132026, en tanto se trata de un tema urgente y de alto consenso nacional, vinculado a la superaci\u00f3n de la grave crisis de derechos humanos que atraviesa el pa\u00eds.<\/p>\n\n\n\n<p class=\"has-text-align-justify has-text-color has-link-color wp-elements-10 wp-block-paragraph\" style=\"color:#010000\">Consideramos que una Ley de Amnist\u00eda, debidamente concebida y discutida, puede constituir un instrumento relevante para avanzar en la restituci\u00f3n de derechos, la convivencia democr\u00e1tica y la reconstrucci\u00f3n del tejido social. Sin embargo, enfatizamos que el proceso de discusi\u00f3n y elaboraci\u00f3n de dicha ley no debe convertirse en un obst\u00e1culo ni en una justificaci\u00f3n para frenar o suspender la excarcelaci\u00f3n inmediata de las personas detenidas por motivos pol\u00edticos, quienes contin\u00faan privadas de libertad de manera arbitraria.<\/p>\n\n\n\n<p class=\"has-text-align-justify has-text-color has-link-color wp-elements-11 wp-block-paragraph\" style=\"color:#010000\">Es fundamental aclarar ante la opini\u00f3n p\u00fablica que la amnist\u00eda no equivale a un perd\u00f3n generalizado, ni supone impunidad, ni mucho menos olvido. Por el contrario, debe entenderse como una herramienta excepcional, enmarcada en est\u00e1ndares internacionales de derechos humanos, orientada a la liberaci\u00f3n de personas injustamente perseguidas y a la adopci\u00f3n de garant\u00edas de no repetici\u00f3n.<\/p>\n\n\n\n<p class=\"has-text-align-justify has-text-color has-link-color wp-elements-12 wp-block-paragraph\" style=\"color:#010000\">Reconocemos igualmente que un proceso de esta naturaleza requiere tiempo, consultas amplias y un debate serio y responsable. Si bien insistimos en que las excarcelaciones no deben paralizarse, tambi\u00e9n advertimos que el resultado final de la ley deber\u00eda ser, necesariamente, producto de un proceso progresivo, que debe privilegiar la participaci\u00f3n, la transparencia y el apego a las normas internacionales.<\/p>\n\n\n\n<p class=\"has-text-align-justify has-text-color has-link-color wp-elements-13 wp-block-paragraph\" style=\"color:#010000\">En este sentido, reiteramos que la eventual Ley de Amnist\u00eda ni es contraria, ni limita ni obstaculiza el funcionamiento de los mecanismos internacionales de justicia y protecci\u00f3n de derechos humanos, incluyendo aquellos de car\u00e1cter judicial, como la investigaci\u00f3n realizada actualmente por la Corte Penal Internacional (CPI). La vigencia del derecho internacional y las obligaciones del Estado venezolano en esta materia deben ser plenamente respetadas.<\/p>\n\n\n\n<p class=\"has-text-align-justify has-text-color has-link-color wp-elements-14 wp-block-paragraph\" style=\"color:#010000\">Consideramos indispensable que los organismos internacionales de derechos humanos, tales como la Oficina del Alto Comisionado de las Naciones Unidas para los Derechos Humanos (OACNUDH), la Comisi\u00f3n Interamericana de Derechos Humanos (CIDH) y la Corte Penal Internacional (CPI), tengan un rol activo en los procesos de consulta, definici\u00f3n de criterios y an\u00e1lisis de casos, en articulaci\u00f3n con las organizaciones nacionales de derechos humanos que, desde hace a\u00f1os, han documentado violaciones y acompa\u00f1ado a las v\u00edctimas.<\/p>\n\n\n\n<p class=\"has-text-align-justify has-text-color has-link-color wp-elements-15 wp-block-paragraph\" style=\"color:#010000\">Finalmente, subrayamos que, si bien la Ley de Amnist\u00eda constituye un primer paso urgente y de consenso nacional, este esfuerzo debe articularse con una agenda m\u00e1s amplia de transici\u00f3n democr\u00e1tica, que incluya memoria, verdad, justicia, reparaci\u00f3n integral a las v\u00edctimas, reformas institucionales y garant\u00edas efectivas de no repetici\u00f3n. Solo as\u00ed ser\u00e1 posible avanzar hacia una Venezuela verdaderamente democr\u00e1tica, en paz y con pleno respeto a los derechos humanos.<\/p>\n\n\n\n<p class=\"has-text-color has-link-color wp-elements-16 wp-block-paragraph\" style=\"color:#010000\"><strong>Exigencias<\/strong><\/p>\n\n\n\n<p class=\"has-text-align-justify has-text-color has-link-color wp-elements-17 wp-block-paragraph\" style=\"color:#010000\">En coherencia con lo anteriormente expuesto, las organizaciones y personas defensoras de derechos humanos exigimos:<\/p>\n\n\n\n<p class=\"has-text-align-justify has-text-color has-link-color wp-elements-18 wp-block-paragraph\" style=\"color:#010000\">-La continuaci\u00f3n inmediata y sin condicionamientos de las excarcelaciones de todas las personas detenidas arbitrariamente por motivos pol\u00edticos, sin supeditar este proceso a la discusi\u00f3n o aprobaci\u00f3n de la Ley de Amnist\u00eda.<\/p>\n\n\n\n<p class=\"has-text-align-justify has-text-color has-link-color wp-elements-19 wp-block-paragraph\" style=\"color:#010000\">-La publicaci\u00f3n oportuna y completa del anteproyecto de Ley de Amnist\u00eda, a fin de que pueda ser conocido, evaluado y debatido de manera informada por las v\u00edctimas, organizaciones de derechos humanos, la academia, sectores sociales y dem\u00e1s actores interesados.<\/p>\n\n\n\n<p class=\"has-text-align-justify has-text-color has-link-color wp-elements-20 wp-block-paragraph\" style=\"color:#010000\">-Un proceso de discusi\u00f3n amplio, plural, transparente y participativo, que incorpore de forma efectiva a las organizaciones nacionales de derechos humanos y a los mecanismos internacionales competentes, en particular la OACNUDH y otros \u00f3rganos del sistema internacional de protecci\u00f3n.<\/p>\n\n\n\n<p class=\"has-text-align-justify has-text-color has-link-color wp-elements-21 wp-block-paragraph\" style=\"color:#010000\">-La garant\u00eda expresa de que la Ley de Amnist\u00eda no promover\u00e1 impunidad, no impedir\u00e1 el acceso a la justicia ni limitar\u00e1 las obligaciones internacionales del Estado venezolano, ni el funcionamiento de los mecanismos internacionales de investigaci\u00f3n y rendici\u00f3n de cuentas, incluidos los de car\u00e1cter judicial.<\/p>\n\n\n\n<p class=\"has-text-align-justify has-text-color has-link-color wp-elements-22 wp-block-paragraph\" style=\"color:#010000\">-La articulaci\u00f3n de la Ley de Amnist\u00eda con una agenda integral de transici\u00f3n democr\u00e1tica, que incluya memoria, verdad, justicia, reparaci\u00f3n integral a las v\u00edctimas, reformas institucionales y garant\u00edas de no repetici\u00f3n<\/p>\n\n\n\n<p class=\"has-text-align-justify has-text-color has-link-color wp-elements-23 wp-block-paragraph\" style=\"color:#010000\">Reiteramos nuestra disposici\u00f3n a contribuir, desde una perspectiva de derechos humanos, a un proceso que permita avanzar hacia la libertad de las personas injustamente detenidas y hacia la construcci\u00f3n de una Venezuela democr\u00e1tica, plural y respetuosa de la dignidad humana.<\/p>\n\n\n\n<p class=\"has-text-color has-link-color wp-elements-24 wp-block-paragraph\" style=\"color:#010000\">Adhieren:<\/p>\n\n\n\n<p class=\"has-text-color has-link-color wp-elements-25 wp-block-paragraph\" style=\"color:#010000\"><em>Caleidoscopio Humano<br>Centro para la Apertura y el Desarrollo de Am\u00e9rica Latina (Cadal)<br>Cepaz<br>Civilis Derechos Humanos<br>Comit\u00e9 por la Libertad de los Luchadores Sociales y Presos Pol\u00edticos<br>Derechos Humanos de Venezuela en Movimiento<br>Foro Penal<br>Fundaredes<br>Gritemos con Br\u00edo<br>La Rep\u00fablica TV<br>La TV Calle<br>Laboratorio de Paz<br>Nosotras por Todas<br>Observatorio Global de Comunicaci\u00f3n y Democracia<br>Observatorio Venezolano de Violencias LGBTIQ+<br>Red de Derechos Humanos del estado Lara<br>Red de Derechos humanos en acci\u00f3n<br>Redes Ayuda<br>Transparencia Venezuela<br>Vicar\u00eda de DDHH Arquidi\u00f3cesis de Barquisimeto<\/em><\/p>\n","protected":false},"excerpt":{"rendered":"<p>Nicmer Evans denuncia que la propuesta omite la creaci\u00f3n de una comisi\u00f3n de la verdad con arbitraje internacional. Tampoco ofrece respuestas concretas sobre el paradero de los desaparecidos en contextos pol\u00edticos. La falta de transparencia y la ausencia de mediaci\u00f3n externa restan credibilidad a cualquier intento de pacificaci\u00f3n. Seg\u00fan el an\u00e1lisis, la ley actual solo sirve como un escudo de impunidad para los responsables de la represi\u00f3n.<\/p>\n","protected":false},"author":102520410,"featured_media":51647,"comment_status":"closed","ping_status":"","sticky":false,"template":"","format":"standard","meta":{"_coblocks_attr":"","_coblocks_dimensions":"","_coblocks_responsive_height":"","_coblocks_accordion_ie_support":"","advanced_seo_description":"","jetpack_seo_html_title":"","jetpack_seo_noindex":false,"jetpack_seo_schema_type":"","_jetpack_newsletter_access":"","_jetpack_dont_email_post_to_subs":false,"_jetpack_newsletter_tier_id":0,"_jetpack_memberships_contains_paywalled_content":false,"_wpcom_ai_launchpad_first_post":false,"_jetpack_feature_clip_id":0,"_jetpack_memberships_contains_paid_content":false,"footnotes":"","jetpack_post_was_ever_published":false},"categories":[703605966,17923],"tags":[17212,703607551,188797690,703605872],"class_list":["post-51642","post","type-post","status-publish","format-standard","has-post-thumbnail","hentry","category-derechos-humanos","category-venezuela","tag-america-latina","tag-corte-penal-internacional","tag-delcy-rodriguez","tag-derechos-humanos","fallback-thumbnail"],"jetpack_likes_enabled":false,"jetpack_sharing_enabled":true,"jetpack_shortlink":"https:\/\/wp.me\/p7lt2C-dqW","amp_enabled":true,"jetpack_featured_media_url":"https:\/\/i0.wp.com\/correspondenciadeprensa.com\/wp-content\/uploads\/2026\/02\/Venezuela08022026-I.jpg?fit=787%2C375&ssl=1","_links":{"self":[{"href":"https:\/\/correspondenciadeprensa.com\/index.php?rest_route=\/wp\/v2\/posts\/51642","targetHints":{"allow":["GET"]}}],"collection":[{"href":"https:\/\/correspondenciadeprensa.com\/index.php?rest_route=\/wp\/v2\/posts"}],"about":[{"href":"https:\/\/correspondenciadeprensa.com\/index.php?rest_route=\/wp\/v2\/types\/post"}],"author":[{"embeddable":true,"href":"https:\/\/correspondenciadeprensa.com\/index.php?rest_route=\/wp\/v2\/users\/102520410"}],"replies":[{"embeddable":true,"href":"https:\/\/correspondenciadeprensa.com\/index.php?rest_route=%2Fwp%2Fv2%2Fcomments&post=51642"}],"version-history":[{"count":7,"href":"https:\/\/correspondenciadeprensa.com\/index.php?rest_route=\/wp\/v2\/posts\/51642\/revisions"}],"predecessor-version":[{"id":51651,"href":"https:\/\/correspondenciadeprensa.com\/index.php?rest_route=\/wp\/v2\/posts\/51642\/revisions\/51651"}],"wp:featuredmedia":[{"embeddable":true,"href":"https:\/\/correspondenciadeprensa.com\/index.php?rest_route=\/wp\/v2\/media\/51647"}],"wp:attachment":[{"href":"https:\/\/correspondenciadeprensa.com\/index.php?rest_route=%2Fwp%2Fv2%2Fmedia&parent=51642"}],"wp:term":[{"taxonomy":"category","embeddable":true,"href":"https:\/\/correspondenciadeprensa.com\/index.php?rest_route=%2Fwp%2Fv2%2Fcategories&post=51642"},{"taxonomy":"post_tag","embeddable":true,"href":"https:\/\/correspondenciadeprensa.com\/index.php?rest_route=%2Fwp%2Fv2%2Ftags&post=51642"}],"curies":[{"name":"wp","href":"https:\/\/api.w.org\/{rel}","templated":true}]}}