{"id":50548,"date":"2025-11-13T20:10:27","date_gmt":"2025-11-13T19:10:27","guid":{"rendered":"https:\/\/correspondenciadeprensa.com\/?p=50548"},"modified":"2025-11-13T20:10:27","modified_gmt":"2025-11-13T19:10:27","slug":"mexico-estados-unidos-una-relacion-a-prueba-de-todo-rafael-rojas","status":"publish","type":"post","link":"https:\/\/correspondenciadeprensa.com\/?p=50548","title":{"rendered":"M\u00e9xico \/ Estados Unidos &#8211; \u00bfUna relaci\u00f3n a prueba de todo? [Rafael Rojas]"},"content":{"rendered":"\n<p class=\"has-text-align-right wp-block-paragraph\"><sub>Claudia Sheinbaum con Marco Rubio, septiembre de 2025.<\/sub><\/p>\n\n\n\n<p class=\"has-text-color has-link-color wp-elements-1 wp-block-paragraph\" style=\"color:#010000\"><strong>M\u00e9xico y Estados Unidos: \u00bfuna relaci\u00f3n a prueba de todo?<\/strong><\/p>\n\n\n\n<p class=\"has-text-color has-link-color wp-elements-2 wp-block-paragraph\" style=\"color:#010000\"><strong><em><a href=\"https:\/\/nuso.org\/articulo\/Mexico-Trump-Sheinbaum\/\">Nueva Sociedad<\/a><\/em>, noviembre de 2025<\/strong><\/p>\n\n\n\n<p class=\"has-text-color has-link-color wp-elements-3 wp-block-paragraph\" style=\"color:#010000\"><strong><em><a href=\"https:\/\/correspondenciadeprensa.com\/\">Correspondencia de Prensa<\/a><\/em>, 13-11-2025<\/strong><\/p>\n\n\n\n<p class=\"has-text-align-justify has-text-color has-link-color wp-elements-4 wp-block-paragraph\" style=\"color:#010000\"><strong>Claudia Sheinbaum sigue la l\u00ednea de su antecesor, Andr\u00e9s Manuel L\u00f3pez Obrador, de mantener la cooperaci\u00f3n estrat\u00e9gica con Washington en temas claves como comercio, migraci\u00f3n y lucha contra el narcotr\u00e1fico.\u00a0En siete a\u00f1os de gobierno de izquierda, M\u00e9xico ha buscado evitar la confrontaci\u00f3n ret\u00f3rica con la Casa Blanca pese a los exabruptos y acusaciones de Donald Trump.<\/strong><\/p>\n\n\n\n<p class=\"has-text-align-justify has-text-color has-link-color wp-elements-5 wp-block-paragraph\" style=\"color:#010000\">Recientemente, el titular de la Secretar\u00eda de Econom\u00eda de M\u00e9xico, Marcelo Ebrard, se present\u00f3 ante las dos c\u00e1maras del Congreso federal. All\u00ed, reiter\u00f3 la estrategia contenida en el Plan M\u00e9xico, eje de la pol\u00edtica interna y externa del gobierno de Claudia Sheinbaum y del llamado \u00absegundo piso\u00bb de la Cuarta Transformaci\u00f3n (4T), como el gobierno del Movimiento de Renovaci\u00f3n Nacional (Morena) denomina al <em><a href=\"https:\/\/nuso.org\/articulo\/lopez-obrador-mexico-cuarta-transformacion\/\" target=\"_blank\" rel=\"noreferrer noopener\">proceso comenzado por Andr\u00e9s Manuel L\u00f3pez Obrador<\/a><\/em> en 2018. Quien lea ese plan deber\u00e1 admitir que el n\u00facleo de dicha estrategia no es otro que la continuidad y el afianzamiento del proceso de integraci\u00f3n de M\u00e9xico con Am\u00e9rica del Norte.<\/p>\n\n\n\n<p class=\"has-text-align-justify has-text-color has-link-color wp-elements-6 wp-block-paragraph\" style=\"color:#010000\">Antes de la presentaci\u00f3n de Ebrard, el canciller Juan Ram\u00f3n de la Fuente y la presidenta Sheinbaum recibieron al secretario de Estado de Estados Unidos, Marco Rubio, en la Ciudad de M\u00e9xico. El gobierno mexicano reafirm\u00f3 en esos encuentros que la apuesta es lograr la menor situaci\u00f3n posible respecto de los aranceles estadounidenses, incrementar la colaboraci\u00f3n en control migratorio, seguridad fronteriza y combate al narcotr\u00e1fico, y salir bien librados de la revisi\u00f3n del T-MEC (Tratado entre M\u00e9xico, Estados Unidos y Canad\u00e1) en el verano boreal de 2026.<\/p>\n\n\n\n<p class=\"has-text-align-justify has-text-color has-link-color wp-elements-7 wp-block-paragraph\" style=\"color:#010000\">La evidencia de que la integraci\u00f3n norteamericana es la prioridad del gobierno de Sheinbaum no impide que las percepciones ideol\u00f3gicas sobre la 4T resulten cada vez m\u00e1s contradictorias. Ciertos gestos buscan un efecto compensatorio a su relaci\u00f3n con Washington, como aumentar el subsidio energ\u00e9tico a Cuba, rechazar el Premio Nobel de la Paz a la opositora venezolana Mar\u00eda Corina Machado o anunciar la inasistencia de la presidenta a la Cumbre de las Am\u00e9ricas en Rep\u00fablica Dominicana, en virtud de la exclusi\u00f3n de Venezuela, Nicaragua y Cuba.&nbsp;<\/p>\n\n\n\n<p class=\"has-text-align-justify has-text-color has-link-color wp-elements-8 wp-block-paragraph\" style=\"color:#010000\">Para el oficialismo, que se expresa en la cada vez m\u00e1s amplia red medi\u00e1tica progubernamental, esos gestos se presentan como prueba de que la doctrina del \u00abhumanismo mexicano\u00bb rige la pol\u00edtica exterior del gobierno de Sheinbaum. Para la oposici\u00f3n, por el contrario, constituyen la evidencia de que Morena buscar\u00eda, no la integraci\u00f3n a Canad\u00e1 y Estados Unidos, sino la homologaci\u00f3n entre el sistema pol\u00edtico mexicano y el cubano o el venezolano (que, dicho sea de paso, son distintos entre s\u00ed). Curiosamente, la indulgencia y el paternalismo con el que los gobiernos de Andr\u00e9s Manuel L\u00f3pez Obrador y Sheinbaum tratan a los autoritarismos caribe\u00f1os son percibidos por unos y otros como un proyecto coherente en uno u otro sentido, no como una forma de compensaci\u00f3n ideol\u00f3gica.&nbsp;<\/p>\n\n\n\n<p class=\"has-text-align-justify has-text-color has-link-color wp-elements-9 wp-block-paragraph\" style=\"color:#010000\">Sin embargo, las pol\u00edticas de Morena m\u00e1s cuestionadas en t\u00e9rminos democr\u00e1ticos, como la elecci\u00f3n directa por voto popular del poder judicial o la proyectada iniciativa de reforma electoral, supuestamente contraria a la representaci\u00f3n proporcional, no parecen inspirarse en Cuba ni en Venezuela, ni gravitan hacia esos dos reg\u00edmenes. El primero remite, en todo caso, a la experiencia boliviana, desastrosa seg\u00fan no pocos actores de la propia izquierda socialista e indigenista en ese pa\u00eds andino, y el segundo muy dif\u00edcilmente tenga que ver con dos pa\u00edses donde el pluripartidismo ha sido eliminado o severamente contrarrestado.<\/p>\n\n\n\n<p class=\"has-text-align-justify has-text-color has-link-color wp-elements-10 wp-block-paragraph\" style=\"color:#010000\">Lo que propone el Plan M\u00e9xico es mayor integraci\u00f3n con Estados Unidos y Canad\u00e1, econom\u00eda desregulada, aprovechamiento de la relocalizaci\u00f3n, incremento acelerado de la inversi\u00f3n y la transformaci\u00f3n de M\u00e9xico en una de las diez mayores econom\u00edas capitalistas del planeta y en uno de los cinco principales destinos tur\u00edsticos del mundo. No necesita decirlo expl\u00edcitamente, pero el Plan M\u00e9xico deja de lado cualquier intento de avanzar en una diversificaci\u00f3n internacional del comercio y las inversiones, sobre todo, orientada hacia una reconexi\u00f3n con China y el Sudeste asi\u00e1tico.<\/p>\n\n\n\n<p class=\"has-text-align-justify has-text-color has-link-color wp-elements-11 wp-block-paragraph\" style=\"color:#010000\">Tambi\u00e9n elude cualquier sinton\u00eda con el proyecto de los BRICS (Brasil, Rusia, India, China y Sud\u00e1frica) o con una relaci\u00f3n privilegiada con Brasil u otros gobiernos de la izquierda democr\u00e1tica latinoamericana, como reclaman con insistencia sectores reformistas de la 4T. La estrategia global del actual gobierno, tal y como describen Rafael Vel\u00e1zquez, Luz Araceli Gonz\u00e1lez Uresti y Jorge A. Schiavon en un dossier de&nbsp;<em><a href=\"https:\/\/revistafal.com\/la-gobernanza-global-a-80-anos-de-la-onu\/\" target=\"_blank\" rel=\"noreferrer noopener\">Foreign Affairs Latinoam\u00e9rica<\/a><\/em>, sigue suscribiendo la guerra comercial contra China -en septiembre <em><a href=\"https:\/\/www.bloomberg.com\/news\/articles\/2025-09-10\/mexico-busca-elevar-arancel-a-autos-hechos-en-asia-hasta-en-50\" target=\"_blank\" rel=\"noreferrer noopener\">se elevaron a 50% los aranceles<\/a><\/em> a autom\u00f3viles, autopartes y textiles del pa\u00eds asi\u00e1tico- y descuidando el v\u00ednculo con Europa y Am\u00e9rica Latina.<\/p>\n\n\n\n<p class=\"has-text-align-justify has-text-color has-link-color wp-elements-12 wp-block-paragraph\" style=\"color:#010000\">La fuerte apuesta por el bilateralismo entre Estados Unidos y M\u00e9xico ha debido sobrevivir a l\u00edderes supuestamente antit\u00e9ticos como Trump y L\u00f3pez Obrador-Sheinbaum, pero tambi\u00e9n al intenso cabildeo probolivariano que tiene lugar en las redes de Morena y la 4T. La presidenta Sheinbaum no solo tuvo que poner buena cara y recibir a Rubio, sino que el canciller De la Fuente debi\u00f3 escuchar en silencio que el Secretario de Estado de Estados Unidos defendiera los ataques con drones contra embarcaciones venezolanas en el Caribe y anunciara que \u00abvolver\u00edan a suceder\u00bb.<\/p>\n\n\n\n<p class=\"has-text-align-justify has-text-color has-link-color wp-elements-13 wp-block-paragraph\" style=\"color:#010000\">El s\u00f3lido v\u00ednculo bilateral parece sobrevivir a todo eso y a presiones m\u00e1s espec\u00edficas como la oposici\u00f3n de M\u00e9xico al embargo comercial de Estados Unidos contra Cuba. La presidenta Sheinbaum ha reiterado, con raz\u00f3n, que el subsidio energ\u00e9tico a la isla y la contrataci\u00f3n de m\u00e9dicos cubanos, dos operaciones que concentran el mayor volumen del nexo con La Habana, no amenazan el prioritario v\u00ednculo entre M\u00e9xico y Washington.&nbsp;80% del comercio exterior de M\u00e9xico est\u00e1 localizado en Estados Unidos. Pa\u00edses latinoamericanos como Brasil, Chile, Per\u00fa o Colombia est\u00e1n por debajo de 0,7%. La relaci\u00f3n comercial con Cuba se coloca muy por detr\u00e1s de esos indicadores regionales, lo que la hace pr\u00e1cticamente \u00ednfima dentro del intercambio econ\u00f3mico mexicano. La mayor presi\u00f3n de Estados Unidos sobre M\u00e9xico no se dirige a esos v\u00ednculos compensatorios sino a la cesi\u00f3n de soberan\u00eda en materias de seguridad, control migratorio y combate al crimen organizado.<\/p>\n\n\n\n<p class=\"has-text-align-justify has-text-color has-link-color wp-elements-14 wp-block-paragraph\" style=\"color:#010000\">La autonom\u00eda que M\u00e9xico pierde en esas \u00e1reas intenta ser recuperada con declaraciones a favor de Cuba, Nicaragua y Venezuela en \u00abla ma\u00f1anera\u00bb (conferencias de prensa matutinas como las que populariz\u00f3 L\u00f3pez Obrador) y con reiteraciones mec\u00e1nicas del principio de autodeterminaci\u00f3n de las naciones, que no alteran el n\u00facleo bilateralista de la pol\u00edtica exterior mexicana. En el a\u00f1o que lleva Sheinbaum gobernando se ha deportado a Estados Unidos m\u00e1s de 26 narcotraficantes, pertenecientes a los carteles de Sinaloa, Jalisco Nueva Generaci\u00f3n y el Noreste. Lo mismo ocurri\u00f3 con el capo chino del fentanilo Zhi Dong Zhang, conocido como Brother Wang, quien fue detenido en Cuba tras fugarse de M\u00e9xico y finalmente entregado por el gobierno mexicano a su vecino del norte. Tambi\u00e9n el gobierno mexicano ha contenido el flujo migratorio por sus fronteras y las caravanas de migrantes de Centroam\u00e9rica y el Caribe.<\/p>\n\n\n\n<p class=\"has-text-align-justify has-text-color has-link-color wp-elements-15 wp-block-paragraph\" style=\"color:#010000\">Durante este primer a\u00f1o, el gobierno de Sheinbaum ha logrado, a cambio, cuatro posposiciones de aranceles de parte de Estados Unidos y cada una ha sido celebrada como un \u00e9xito de la diplomacia mexicana. Para el actual gobierno de Morena, percibido por muchos de sus aliados en Europa y Am\u00e9rica Latina como ejemplo de proyecto \u00abnacional-popular\u00bb en la regi\u00f3n, es motivo de orgullo haber logrado una nueva pausa a los aranceles mientras Trump paraliza las negociaciones con Canad\u00e1.<\/p>\n\n\n\n<p class=\"has-text-align-justify has-text-color has-link-color wp-elements-16 wp-block-paragraph\" style=\"color:#010000\">No obstante, el bilateralismo, que es la prioridad de la pol\u00edtica exterior mexicana, tiene que sortear obst\u00e1culos en varios niveles simult\u00e1neos. A veces, estos provienen directamente del meollo neoproteccionista del gobierno de Trump, como el reciente <em><a href=\"https:\/\/elpais.com\/mexico\/2025-10-29\/sheinbaum-responde-a-ee-uu-por-la-cancelacion-de-rutas-aereas-en-el-felipe-angeles-mexico-no-es-pinata-de-nadie-a-mexico-se-le-respeta.html\" target=\"_blank\" rel=\"noreferrer noopener\">boicot a las aerol\u00edneas que operan en el Aeropuerto Felipe \u00c1ngeles<\/a><\/em>, obra emblem\u00e1tica de L\u00f3pez Obrador. Otras veces, se originan en la realidad dom\u00e9stica m\u00e1s inmediata.<\/p>\n\n\n\n<p class=\"has-text-align-justify has-text-color has-link-color wp-elements-17 wp-block-paragraph\" style=\"color:#010000\">El trasfondo de la presi\u00f3n de Estados Unidos sobre M\u00e9xico, en favor de una estrategia de combate al narcotr\u00e1fico m\u00e1s en\u00e9rgica, hace que cualquier grieta en la seguridad se preste para promover diferendos con Washington. Lo que se ha visto en d\u00edas recientes con el <em><a href=\"https:\/\/www.bbc.com\/mundo\/articles\/c4gkpy73vpmo\" target=\"_blank\" rel=\"noreferrer noopener\">asesinato del alcalde de&nbsp;Uruapan<\/a><\/em>, Carlos Manzo, ilustra muy bien esas din\u00e1micas. El crimen fue capitalizado por la Casa Blanca y tambi\u00e9n por la oposici\u00f3n mexicana, con el prop\u00f3sito de denunciar complicidades del gobierno de Claudia Sheinbaum con el narcotr\u00e1fico.<\/p>\n\n\n\n<p class=\"has-text-align-justify has-text-color has-link-color wp-elements-18 wp-block-paragraph\" style=\"color:#010000\">Cada vez que puede, el presidente Trump reitera el t\u00f3pico de que \u00abM\u00e9xico est\u00e1 controlado por el narcotr\u00e1fico\u00bb. Pero desde la \u00e9poca de L\u00f3pez Obrador, que se presentaba como amigo de Trump, las autoridades mexicanas se acostumbraron a no dar demasiado cr\u00e9dito a los dichos del presidente estadounidense. Se trata de una t\u00e1ctica de negaci\u00f3n racional o de subestimaci\u00f3n deliberaba, que cumple funciones defensivas, ya que libera a M\u00e9xico de la obligaci\u00f3n de responder a cada declaraci\u00f3n agresiva de Trump y evita contribuir a un clima de careo verbal con Estados Unidos en las redes sociales, como el que predomina en la relaci\u00f3n de Washington con Cuba o Venezuela.<\/p>\n\n\n\n<p class=\"has-text-align-justify has-text-color has-link-color wp-elements-19 wp-block-paragraph\" style=\"color:#010000\">En siete a\u00f1os de gobierno de izquierda, M\u00e9xico ha evitado rigurosamente ese estilo confrontativo en su relaci\u00f3n con la Casa Blanca. En estos momentos, ese talante negociador se enfrenta a su principal reto: las operaciones militares contra embarcaciones en el Caribe y el Pac\u00edfico, que ya suman 16, con cerca de 70 muertos. La presidenta Sheinbaum ha declarado su oposici\u00f3n a los ataques, aunque no con la contundencia del colombiano Gustavo Petro, y a fines de octubre pidi\u00f3 una cita con el embajador Ronald Johnson.<\/p>\n\n\n\n<p class=\"has-text-align-justify has-text-color has-link-color wp-elements-20 wp-block-paragraph\" style=\"color:#010000\">Sin embargo, luego de las declaraciones de Sheinbaum, el canciller De la Fuente y el secretario de Marina, Raymundo Morales, se reunieron con el embajador Johnson y acordaron profundizar la \u00abcooperaci\u00f3n mar\u00edtima\u00bb y \u00abfortalecer la coordinaci\u00f3n bilateral\u00bb en ese \u00e1mbito. De manera que luego de los \u00faltimos ataques en el Pac\u00edfico mexicano, la respuesta final ha sido un mayor compromiso de M\u00e9xico con la l\u00ednea punitiva que impulsa Estados Unidos y que supuestamente el gobierno de Morena desaprueba.<\/p>\n\n\n\n<p class=\"has-text-align-justify has-text-color has-link-color wp-elements-21 wp-block-paragraph\" style=\"color:#010000\">La frase con que la presidenta describe su esquema de relaci\u00f3n con Estados Unidos, \u00abcooperamos y nos coordinamos, pero no nos subordinamos\u00bb, en lo estrictamente bilateral solo reserva el \u00faltimo verbo a ciertos posicionamientos medi\u00e1ticos en las conferencias ma\u00f1aneras. Lo m\u00e1s sustantivo de la no subordinaci\u00f3n, sin embargo, queda diferido a otras \u00e1reas de la pol\u00edtica exterior, especialmente con Am\u00e9rica Latina y el Caribe. La m\u00e1s reciente concesi\u00f3n de asilo a la ex-primera ministra de Per\u00fa Betssy Ch\u00e1vez, como el asilo que en su momento concedi\u00f3 el gobierno de L\u00f3pez Obrador al ex-vicepresidente ecuatoriano Jorge Glass, apresado por fuerzas policiales ecuatorianas en el interior de la legaci\u00f3n diplom\u00e1tica, o al ex-presidente boliviano Evo Morales, es otra de las formas en que el gobierno mexicano intenta balancear ideol\u00f3gicamente su colaboraci\u00f3n militar con Estados Unidos.<\/p>\n\n\n\n<p class=\"has-text-align-justify has-text-color has-link-color wp-elements-22 wp-block-paragraph\" style=\"color:#010000\">La l\u00f3gica regional de esa pol\u00edtica casu\u00edstica hacia Am\u00e9rica Latina y el Caribe -distancia prudencial del polo progresista o de izquierda democr\u00e1tica (Chile, Brasil, Colombia, Uruguay), respaldo a Venezuela, Nicaragua y Cuba, y oposici\u00f3n a algunos gobiernos de derecha, sobre todo de la zona andina, no podr\u00eda entenderse sin el entendimiento con los Estados Unidos de Trump. M\u00e9xico se separa de Washington en su diplomacia regional a la vez que hace causa com\u00fan con su poderoso vecino en los temas vitales de la agenda bilateral.<\/p>\n","protected":false},"excerpt":{"rendered":"<p>Claudia Sheinbaum sigue la l\u00ednea de su antecesor, Andr\u00e9s Manuel L\u00f3pez Obrador, de mantener la cooperaci\u00f3n estrat\u00e9gica con Washington en temas claves como comercio, migraci\u00f3n y lucha contra el narcotr\u00e1fico.\u00a0En siete a\u00f1os de gobierno de izquierda, M\u00e9xico ha buscado evitar la confrontaci\u00f3n ret\u00f3rica con la Casa Blanca pese a los exabruptos y acusaciones de Donald Trump.<\/p>\n","protected":false},"author":102520410,"featured_media":50553,"comment_status":"closed","ping_status":"","sticky":false,"template":"","format":"standard","meta":{"_coblocks_attr":"","_coblocks_dimensions":"","_coblocks_responsive_height":"","_coblocks_accordion_ie_support":"","advanced_seo_description":"","jetpack_seo_html_title":"","jetpack_seo_noindex":false,"jetpack_seo_schema_type":"","_jetpack_newsletter_access":"","_jetpack_dont_email_post_to_subs":false,"_jetpack_newsletter_tier_id":0,"_jetpack_memberships_contains_paywalled_content":false,"_wpcom_ai_launchpad_first_post":false,"_jetpack_feature_clip_id":0,"_jetpack_memberships_contains_paid_content":false,"footnotes":"","jetpack_post_was_ever_published":false},"categories":[68395,288368,783],"tags":[17212,703604864,1671569,703610282,703604844],"class_list":["post-50548","post","type-post","status-publish","format-standard","has-post-thumbnail","hentry","category-estados-unidos","category-izquierda","category-mexico","tag-america-latina","tag-izquierda","tag-marco-rubio","tag-sheinbaum","tag-trump","fallback-thumbnail"],"jetpack_likes_enabled":false,"jetpack_sharing_enabled":true,"jetpack_shortlink":"https:\/\/wp.me\/p7lt2C-d9i","amp_enabled":true,"jetpack_featured_media_url":"https:\/\/i0.wp.com\/correspondenciadeprensa.com\/wp-content\/uploads\/2025\/11\/EEUU-Mexico13112025.jpg?fit=1300%2C640&ssl=1","_links":{"self":[{"href":"https:\/\/correspondenciadeprensa.com\/index.php?rest_route=\/wp\/v2\/posts\/50548","targetHints":{"allow":["GET"]}}],"collection":[{"href":"https:\/\/correspondenciadeprensa.com\/index.php?rest_route=\/wp\/v2\/posts"}],"about":[{"href":"https:\/\/correspondenciadeprensa.com\/index.php?rest_route=\/wp\/v2\/types\/post"}],"author":[{"embeddable":true,"href":"https:\/\/correspondenciadeprensa.com\/index.php?rest_route=\/wp\/v2\/users\/102520410"}],"replies":[{"embeddable":true,"href":"https:\/\/correspondenciadeprensa.com\/index.php?rest_route=%2Fwp%2Fv2%2Fcomments&post=50548"}],"version-history":[{"count":5,"href":"https:\/\/correspondenciadeprensa.com\/index.php?rest_route=\/wp\/v2\/posts\/50548\/revisions"}],"predecessor-version":[{"id":50554,"href":"https:\/\/correspondenciadeprensa.com\/index.php?rest_route=\/wp\/v2\/posts\/50548\/revisions\/50554"}],"wp:featuredmedia":[{"embeddable":true,"href":"https:\/\/correspondenciadeprensa.com\/index.php?rest_route=\/wp\/v2\/media\/50553"}],"wp:attachment":[{"href":"https:\/\/correspondenciadeprensa.com\/index.php?rest_route=%2Fwp%2Fv2%2Fmedia&parent=50548"}],"wp:term":[{"taxonomy":"category","embeddable":true,"href":"https:\/\/correspondenciadeprensa.com\/index.php?rest_route=%2Fwp%2Fv2%2Fcategories&post=50548"},{"taxonomy":"post_tag","embeddable":true,"href":"https:\/\/correspondenciadeprensa.com\/index.php?rest_route=%2Fwp%2Fv2%2Ftags&post=50548"}],"curies":[{"name":"wp","href":"https:\/\/api.w.org\/{rel}","templated":true}]}}