{"id":5030,"date":"2018-07-24T17:02:13","date_gmt":"2018-07-24T20:02:13","guid":{"rendered":"http:\/\/correspondenciadeprensa.com\/?p=5030"},"modified":"2018-07-24T17:02:13","modified_gmt":"2018-07-24T20:02:13","slug":"nicaragua-estudiantes-no-se-detendran-ante-muerte-dolor-y-asedio-del-regimen","status":"publish","type":"post","link":"https:\/\/correspondenciadeprensa.com\/?p=5030","title":{"rendered":"Nicaragua &#8211; Estudiantes no se detendr\u00e1n ante muerte, dolor y asedio del r\u00e9gimen"},"content":{"rendered":"<h3><strong>Pese a la persecuci\u00f3n, universitarios valoran movilizaciones contra el Gobierno<\/strong><\/h3>\n<h3><strong>Universitarios afirman que no se detendr\u00e1n ante muerte, dolor y asedio<\/strong><\/h3>\n<h3><strong>\u00a0<\/strong><strong>Ortega \u201cpretende\u201d mostrar que tiene tomada las calles, pero representantes universitarios afirman que seguir\u00e1n \u201corganizados\u201d<\/strong><\/h3>\n<p><strong>\u00a0<\/strong><\/p>\n<p><strong>Franklin Villavicencio<\/strong><\/p>\n<p><strong>Confidencial, 24-7-2018,\u00a0<\/strong><strong><a href=\"https:\/\/confidencial.com.ni\/\">https:\/\/confidencial.com.ni\/<\/a><\/strong><\/p>\n<p>&nbsp;<\/p>\n<p>El r\u00e9gimen de Daniel Ortega \u201cquiere mostrar\u201d a nivel internacional que ya no hay resistencia en las calles de Nicaragua, pero esto \u201cno es verdad\u201d. As\u00ed lo cree Enrieth Mart\u00ednez, estudiante de la Universidad Centroamericana (UCA) y miembro de la Coordinadora Universitaria por la Democracia y la Justicia (CUDJ), uno de los movimientos estudiantiles que surgi\u00f3 a ra\u00edz de las protestas en Nicaragua y cuyo fin es articular a varias universidades del pa\u00eds.<\/p>\n<p>Para Mart\u00ednez, el mensaje de su movimiento y de los otros j\u00f3venes que han estado atrincherados es que se han retirado \u201cmoment\u00e1neamente\u201d \u2014a fuerza de la represi\u00f3n de Ortega\u2014, pero que internamente siguen \u201corganizados\u201d y \u201cfortaleci\u00e9ndose\u201d.<\/p>\n<p>Para muestra, Mart\u00ednez menciona las diversas protestas en las \u00faltimas semanas en todo el pa\u00eds. \u201cLo que queda es fortalecer la organizaci\u00f3n desde nuestros territorios, desde nuestras bases y desde nuestros propios c\u00edrculos, porque solo desde nuestras manos y solo nuestra movilizaci\u00f3n Nicaragua va a cambiar\u201d, manifest\u00f3 Enrieth Mart\u00ednez en una entrevista para el programa televisivo Esta Noche.<\/p>\n<p>Uno de los bastiones de la resistencia universitaria \u2014la UNAN-Managua\u2014 fue brutalmente atacado el 13 de julio por los paramilitares del Gobierno de Daniel Ortega. Por m\u00e1s de 12 horas, un grupo de j\u00f3venes universitarios y periodistas se resguardaron en la iglesia Divina Misericordia, ubicada a unas cuantas cuadras del recinto acad\u00e9mico. En el ataque, murieron dos j\u00f3venes que permanec\u00edan atrincherados con otros 200 universitarios.<\/p>\n<p>La lucha de los estudiantes en Nicaragua, seg\u00fan Enrieth Mart\u00ednez, se ha centrado en la recuperaci\u00f3n de la autonom\u00eda universitaria que durante los \u00faltimos once a\u00f1os de Gobierno sandinista ha sido secuestrada por UNEN, un organismo tildado como el \u201cbrazo partidario\u201d del FSLN en los recinto universitarios. Pero, adem\u00e1s de la lucha por la reivindicaci\u00f3n de la autonom\u00eda universitaria, los estudiantes exigen justicia por las muertes de sus compa\u00f1eros de clases, los cuales han sido asesinados en el marco de las protestas en el pa\u00eds, las cuales iniciaron desde el 18 de abril.<\/p>\n<p>Ahora, los estudiantes de la UNAN-Managua denuncian una \u201ccacer\u00eda\u201d de j\u00f3venes. \u201cActualemnte tenemos un grupo de estudiantes detenidos y otro grupo que se encuentran escapando por todo el pa\u00eds, buscando como asegurar su vida\u201d, coment\u00f3 Jonathan L\u00f3pez, estudiante universitario y miembro de la CUDJ.<\/p>\n<p>\u201cEstas personas no solo te toman o te llevan preso. En el transcurso te est\u00e1n torturando, humillando, jugando con tu mente. Es un proceso demasiado horrible\u201d, agreg\u00f3 el joven universitario.<\/p>\n<p>Por su parte, Enrieth Mart\u00ednez reconoce que bajo estas circunstancias ning\u00fan estudiante nicarag\u00fcense tiene garant\u00edas de seguridad sobre su vida. Sin embargo, las articulaciones estudiantiles han intentado mantener redes de comunicaci\u00f3n y de apoyo \u201cs\u00f3lidas\u201d entre todos los grupos atrincherados dentro de las universidades.<\/p>\n<p>\u201cNosotros celebramos que en toda esta lucha se considere la vida antes que nada y repudiamos totalmente este acto cobarde de ir en casa en casa y de secuestrar a la gente y de tratar de instalar el terror, porque creen que as\u00ed van a evitar que salgamos a las calles, pero la verdad es que no vamos a dejar de salir a las calles. No vamos a dejar de gritar y de demandar justicia y democracia y que se vayan\u201d, sentenci\u00f3 Mart\u00ednez.<\/p>\n<h3><strong>Ser estudiante es \u201cser una esperanza para el pueblo\u201d<\/strong><\/h3>\n<p>El lunes 23 de abril se conmemor\u00f3 en Nicaragua el D\u00eda del Estudiante. Hace 60 a\u00f1os, la Guardia Nacional de la dictadura somocista asesin\u00f3 a cuatro universitarios y dej\u00f3 a m\u00e1s de 100 heridos. La fecha coincide en este a\u00f1o con una nueva masacre de estudiantes que para algunos historiadores supera a la del 23 de julio.<\/p>\n<p>\u201cHoy la autonom\u00eda est\u00e1 totalmente violada. Ya no existe actualmente ning\u00fan indicio de posible autonom\u00eda universitaria en lo que corresponde al sector de universidades p\u00fablicas, ya que son totalmente politizadas por el Gobierno y b\u00e1sicamente ah\u00ed se hace lo que el presidente diga\u201d, se\u00f1al\u00f3 Jonathan L\u00f3pez.<\/p>\n<p>A pesar de este panorama, L\u00f3pez asegura que los j\u00f3venes universitarios significan \u201cuna esperanza\u201d para el pa\u00eds, pues las protestas del 18 y 19 de abril sirvieron de catalizadores para que todo el pueblo se levantara contra el r\u00e9gimen de Daniel Ortega.<\/p>\n<p>\u201cEn general los j\u00f3venes estamos siendo asediados. Estos tres meses han sido dolorosos y preocupantes pero personalmente pienso que ha valido la pena. Es una cuota de sacrificio demasiado grande que se ha dado\u201d, apunt\u00f3 L\u00f3pez.<\/p>\n<p>Por otra parte, Enrieth Mart\u00ednez se\u00f1al\u00f3 que \u201clo que verdaderamente importa en este momento es sacar a Ortega y lograr justicia en este pa\u00eds\u201d, pues \u201cno se puede construir una Nicaragua con impunidad\u201d.<\/p>\n","protected":false},"excerpt":{"rendered":"<p>El lunes 23 de abril se conmemor\u00f3 en Nicaragua el D\u00eda del Estudiante. Hace 60 a\u00f1os, la Guardia Nacional de la dictadura somocista asesin\u00f3 a cuatro universitarios y dej\u00f3 a m\u00e1s de 100 heridos. La fecha coincide en este a\u00f1o con una nueva masacre de estudiantes&#8230;<\/p>\n","protected":false},"author":102520410,"featured_media":5031,"comment_status":"closed","ping_status":"open","sticky":false,"template":"","format":"aside","meta":{"_coblocks_attr":"","_coblocks_dimensions":"","_coblocks_responsive_height":"","_coblocks_accordion_ie_support":"","advanced_seo_description":"","jetpack_seo_html_title":"","jetpack_seo_noindex":false,"jetpack_seo_schema_type":"","_jetpack_newsletter_access":"","_jetpack_dont_email_post_to_subs":false,"_jetpack_newsletter_tier_id":0,"_jetpack_memberships_contains_paywalled_content":false,"_wpcom_ai_launchpad_first_post":false,"_jetpack_feature_clip_id":0,"_jetpack_memberships_contains_paid_content":false,"footnotes":"","jetpack_post_was_ever_published":false},"categories":[162301],"tags":[17212,342470],"class_list":["post-5030","post","type-post","status-publish","format-aside","has-post-thumbnail","hentry","category-nicaragua","tag-america-latina","tag-unen","post_format-post-format-aside","fallback-thumbnail"],"jetpack_likes_enabled":false,"jetpack_sharing_enabled":true,"jetpack_shortlink":"https:\/\/wp.me\/p7lt2C-1j8","amp_enabled":true,"jetpack_featured_media_url":"https:\/\/i0.wp.com\/correspondenciadeprensa.com\/wp-content\/uploads\/2018\/07\/confidencia-cherrera-nic.jpg?fit=1024%2C684&ssl=1","_links":{"self":[{"href":"https:\/\/correspondenciadeprensa.com\/index.php?rest_route=\/wp\/v2\/posts\/5030","targetHints":{"allow":["GET"]}}],"collection":[{"href":"https:\/\/correspondenciadeprensa.com\/index.php?rest_route=\/wp\/v2\/posts"}],"about":[{"href":"https:\/\/correspondenciadeprensa.com\/index.php?rest_route=\/wp\/v2\/types\/post"}],"author":[{"embeddable":true,"href":"https:\/\/correspondenciadeprensa.com\/index.php?rest_route=\/wp\/v2\/users\/102520410"}],"replies":[{"embeddable":true,"href":"https:\/\/correspondenciadeprensa.com\/index.php?rest_route=%2Fwp%2Fv2%2Fcomments&post=5030"}],"version-history":[{"count":1,"href":"https:\/\/correspondenciadeprensa.com\/index.php?rest_route=\/wp\/v2\/posts\/5030\/revisions"}],"predecessor-version":[{"id":5032,"href":"https:\/\/correspondenciadeprensa.com\/index.php?rest_route=\/wp\/v2\/posts\/5030\/revisions\/5032"}],"wp:featuredmedia":[{"embeddable":true,"href":"https:\/\/correspondenciadeprensa.com\/index.php?rest_route=\/wp\/v2\/media\/5031"}],"wp:attachment":[{"href":"https:\/\/correspondenciadeprensa.com\/index.php?rest_route=%2Fwp%2Fv2%2Fmedia&parent=5030"}],"wp:term":[{"taxonomy":"category","embeddable":true,"href":"https:\/\/correspondenciadeprensa.com\/index.php?rest_route=%2Fwp%2Fv2%2Fcategories&post=5030"},{"taxonomy":"post_tag","embeddable":true,"href":"https:\/\/correspondenciadeprensa.com\/index.php?rest_route=%2Fwp%2Fv2%2Ftags&post=5030"}],"curies":[{"name":"wp","href":"https:\/\/api.w.org\/{rel}","templated":true}]}}