{"id":50118,"date":"2025-10-17T19:48:30","date_gmt":"2025-10-17T17:48:30","guid":{"rendered":"https:\/\/correspondenciadeprensa.com\/?p=50118"},"modified":"2025-10-17T19:48:30","modified_gmt":"2025-10-17T17:48:30","slug":"peru-el-regimen-de-jeri-ya-tiene-las-manos-manchadas-de-sangre-wayka","status":"publish","type":"post","link":"https:\/\/correspondenciadeprensa.com\/?p=50118","title":{"rendered":"Per\u00fa &#8211; \u201cEl r\u00e9gimen de Jer\u00ed ya tiene las manos manchadas de sangre\u201d. [Wayka]"},"content":{"rendered":"\n<p class=\"has-text-align-right wp-block-paragraph\"><sub>Foto, Juan Mandamiento, Wayka.<\/sub><\/p>\n\n\n\n<p class=\"has-text-color has-link-color wp-elements-1 wp-block-paragraph\" style=\"color:#010000\"><strong>\u201cEl r\u00e9gimen de Jer\u00ed ya tiene las manos manchadas de sangre\u201d: CNDDHH y Amnist\u00eda Internacional condenan brutal represi\u00f3n en marcha nacional<\/strong><\/p>\n\n\n\n<p class=\"has-text-color has-link-color wp-elements-2 wp-block-paragraph\" style=\"color:#010000\"><strong><em><a href=\"https:\/\/wayka.pe\/el-regimen-de-jeri-ya-tiene-las-manos-manchadas-de-sangre-cnddhh-y-amnistia-internacional-condenan-brutal-represion-en-marcha-nacional\/\">Wayka<\/a><\/em>, 16-10-2025<\/strong><\/p>\n\n\n\n<p class=\"has-text-color has-link-color wp-elements-3 wp-block-paragraph\" style=\"color:#010000\"><strong><em><a href=\"https:\/\/correspondenciadeprensa.com\/\">Correspondencia de Prensa<\/a><\/em>, 17-10-2025<\/strong><\/p>\n\n\n\n<p class=\"has-text-align-justify has-text-color has-link-color wp-elements-4 wp-block-paragraph\" style=\"color:#010000\">La jornada de protesta del 15 de octubre contra el r\u00e9gimen de Jos\u00e9 Jer\u00ed <sup class='footnote'><a href='https:\/\/correspondenciadeprensa.com\/?p=50118#fn-50118-1' id='fnref-50118-1' onclick='return fdfootnote_show(50118)'>1<\/a><\/sup> termin\u00f3 en tragedia: adem\u00e1s de un saldo de cien heridos, se confirman el asesinato de un artista, el grave estado de salud de otro joven que fue inducido al coma por una fractura craneal a causa de la represi\u00f3n policial y 11 ataques a periodistas. La Defensor\u00eda del Pueblo y los equipos de veedur\u00eda exigen investigaciones urgentes e independientes sobre el uso desproporcionado de la fuerza policial durante las movilizaciones. Por su parte, la Fiscal\u00eda ha se\u00f1alado que el asesinato de Eduardo Ruiz (32 a\u00f1os) se ha dado en un contexto de graves violaciones a los derechos humanos.<\/p>\n\n\n\n<p class=\"has-text-color has-link-color wp-elements-5 wp-block-paragraph\" style=\"color:#010000\"><strong>\u00abEsto es una ejecuci\u00f3n extrajudicial\u00bb<\/strong><\/p>\n\n\n\n<p class=\"has-text-align-justify has-text-color has-link-color wp-elements-6 wp-block-paragraph\" style=\"color:#010000\">La Coordinadora Nacional de Derechos Humanos (CNDDHH) denunci\u00f3 que la jornada del 15 de octubre estuvo marcada por una represi\u00f3n policial \u201cdesproporcionada e injustificada\u201d, pese a que las manifestaciones fueron en su mayor\u00eda pac\u00edficas. En declaraciones a Wayka, Mar P\u00e9rez, abogada de la CNDDHH, advirti\u00f3 que los patrones represivos registrados bajo el actual r\u00e9gimen de Jos\u00e9 Jer\u00ed repiten las mismas pr\u00e1cticas de los reg\u00edmenes de Dina Boluarte (2022\u20132023) y Manuel Merino (2020).<\/p>\n\n\n\n<p class=\"has-text-align-justify has-text-color has-link-color wp-elements-7 wp-block-paragraph\" style=\"color:#010000\">\u201cLo que hemos visto el d\u00eda de ayer ha sido una marcha multitudinaria y pac\u00edfica, salvo eventos muy aislados, y una represi\u00f3n desproporcionada e injustificada por parte de la Polic\u00eda\u201d, se\u00f1al\u00f3 P\u00e9rez.<\/p>\n\n\n\n<p class=\"has-text-align-justify has-text-color has-link-color wp-elements-8 wp-block-paragraph\" style=\"color:#010000\">La abogada detall\u00f3 que se registraron disparos de perdigones al cuerpo y el uso indiscriminado de gases lacrim\u00f3genos, incluso en zonas donde hab\u00eda ni\u00f1as, ni\u00f1os y adultos mayores. \u201cLos gases fueron arrojados directamente al cuerpo, violando la ley, tal como ocurri\u00f3 en 2023 con V\u00edctor Santiesteban\u201d, precis\u00f3, en alusi\u00f3n al manifestante que muri\u00f3 por trauma craneal durante las protestas contra Boluarte.<\/p>\n\n\n\n<p class=\"has-text-align-justify has-text-color has-link-color wp-elements-9 wp-block-paragraph\" style=\"color:#010000\">P\u00e9rez confirm\u00f3 que las dos v\u00edctimas m\u00e1s graves son Eduardo Mauricio Ruiz Sanz, quien muri\u00f3 por un impacto de bala, y Luis Reyes Rodr\u00edguez, quien permanece en coma con traumatismo craneoencef\u00e1lico severo. \u201cEsto constituye una ejecuci\u00f3n extrajudicial de acuerdo con el derecho internacional de los derechos humanos\u201d, sostuvo.<\/p>\n\n\n\n<p class=\"has-text-align-justify has-text-color has-link-color wp-elements-10 wp-block-paragraph\" style=\"color:#010000\">\u201cEl gobierno de Jos\u00e9 Jer\u00ed ya tiene las manos manchadas de sangre. Ha violado el derecho a la protesta pac\u00edfica, la integridad de las personas y la libertad de prensa\u201d, denunci\u00f3.<\/p>\n\n\n\n<p class=\"has-text-align-justify has-text-color has-link-color wp-elements-11 wp-block-paragraph\" style=\"color:#010000\">La v\u00edctima mortal fue identificada como Eduardo Mauricio Ruiz S\u00e1enz, de 32 a\u00f1os, conocido en la escena musical urbana como \u201cTrvko\u201d; seg\u00fan reportes de prensa y la Fiscal\u00eda, Ruiz Sanz habr\u00eda recibido un impacto de arma de fuego en la zona del t\u00f3rax en inmediaciones de la Plaza Francia. Las im\u00e1genes, el contexto y testigos revelan que un agente del grupo Terna fue quien dispar\u00f3 contra el joven, quien lleg\u00f3 sin signos vitales al Hospital Loayza. La Tercera Fiscal\u00eda Supraprovincial Especializada en Derechos Humanos asumi\u00f3 la investigaci\u00f3n y dispuso diligencias bal\u00edsticas y peritajes audiovisuales para determinar responsabilidades.<\/p>\n\n\n\n<p class=\"has-text-color has-link-color wp-elements-12 wp-block-paragraph\" style=\"color:#010000\"><strong>Cerca de 100 heridos y un joven en coma&nbsp;<\/strong><\/p>\n\n\n\n<p class=\"has-text-align-justify has-text-color has-link-color wp-elements-13 wp-block-paragraph\" style=\"color:#010000\">Luis Reyes fue ingresado en estado cr\u00edtico al Hospital Loayza tras recibir un fuerte impacto en la cabeza por un objeto contundente que le provoc\u00f3 una fractura cerebral; seg\u00fan La Rep\u00fablica, el m\u00e9dico indic\u00f3 que \u201ctiene una parte del cerebro destruida\u201d y que fue inducido al coma en espera de una operaci\u00f3n de emergencia. Los familiares piden apoyo para cubrir los costos m\u00e9dicos y exigen que la Fiscal\u00eda esclarezca las circunstancias del hecho.<\/p>\n\n\n\n<p class=\"has-text-align-justify has-text-color has-link-color wp-elements-14 wp-block-paragraph\" style=\"color:#010000\">La familia del joven Luis, solicita apoyo econ\u00f3mico a trav\u00e9s de sus cuentas. Cuenta Simple Soles Interbank: 898 3393940338 CCI Interbank: 00389801339394033841. A nombre de Luis Roberth Reyes Rodr\u00edguez, cuya madre actualmente administra la cuenta.<\/p>\n\n\n\n<p class=\"has-text-align-justify has-text-color has-link-color wp-elements-15 wp-block-paragraph\" style=\"color:#010000\">A su vez, la Defensor\u00eda del Pueblo confirm\u00f3 el ingreso de m\u00e1s de 100 personas heridas a hospitales del Centro de Lima y exigi\u00f3 que las autoridades aclaren la participaci\u00f3n de agentes de civil en las intervenciones policiales \u2014una pr\u00e1ctica controvertida que, seg\u00fan m\u00faltiples testimonios, se observ\u00f3 en el epicentro de la movilizaci\u00f3n.&nbsp;<\/p>\n\n\n\n<p class=\"has-text-color has-link-color wp-elements-16 wp-block-paragraph\" style=\"color:#010000\"><strong>\u00bfQu\u00e9 pas\u00f3 con Trvko?<\/strong><\/p>\n\n\n\n<p class=\"has-text-align-justify has-text-color has-link-color wp-elements-17 wp-block-paragraph\" style=\"color:#010000\">Las versiones de testigos y registros en redes sociales \u2014entre ellos un video de la Municipalidad de Lima difundido por los medios y en las redes\u2014 describen escenas de caos en el Centro de Lima: personas persiguiendo a un sujeto por la zona de Quilca, detonaciones y disparos hacia la multitud.&nbsp;<\/p>\n\n\n\n<p class=\"has-text-align-justify has-text-color has-link-color wp-elements-18 wp-block-paragraph\" style=\"color:#010000\">Diversos testigos presenciaron el asesinato. Un joven afirma: \u201cTodo fue a las 11:30 p.m\u2026 la turba de gente que lo persegu\u00eda gritaba que era un terna <sup class='footnote'><a href='https:\/\/correspondenciadeprensa.com\/?p=50118#fn-50118-2' id='fnref-50118-2' onclick='return fdfootnote_show(50118)'>2<\/a><\/sup> &nbsp;y ten\u00eda un arma\u2026 mientras yo estaba correteando a punto de agarrarlo, el terna dispara y dispara hacia abajo y me cay\u00f3 una bala en la mano\u2026 Ni siquiera est\u00e1bamos manifest\u00e1ndonos en ese momento\u201d. Otra testigo remarca: \u201cProbablemente ahora vayan a decir que las c\u00e1maras de seguridad no funcionaban, pero es mentira, esas c\u00e1maras funcionan\u201d. Un tercer joven muestra a la c\u00e1mara una pierna herida y reclama: \u201cNos han estado disparando a diestra y siniestra y nosotros no ten\u00edamos nada que ver ah\u00ed\u2026 \u00a1Esto no puede quedar impune!\u201d.&nbsp;<\/p>\n\n\n\n<p class=\"has-text-align-justify has-text-color has-link-color wp-elements-19 wp-block-paragraph\" style=\"color:#010000\">Otro video difundido en redes recoge el relato de un amigo de Mauricio: \u201cNosotros est\u00e1bamos conversando en Plaza Francia, tranquilamente y est\u00e1bamos por desplegarnos y luego de la nada aparece un polic\u00eda vestido de civil\u2026 y cuando nos dispersamos el polic\u00eda nos vio y nos dispar\u00f3 a quemarropa. Mi hermano (Eduardo) no ten\u00eda ni un cuchillo, ni un palo, ni un arma\u2026 el terna empez\u00f3 a disparar y a mi hermano le cay\u00f3 una bala perdida, pero \u00e9l no hizo nada y el polic\u00eda se fue corriendo. El impacto de bala pas\u00f3 a las 11 de la noche, hay una c\u00e1mara en Plaza Francia, el polic\u00eda dispar\u00f3 en Plaza Francia\u2026 su ni\u00f1o de 9 a\u00f1os va a preguntar por su pap\u00e1.\u201d&nbsp;<\/p>\n\n\n\n<p class=\"has-text-align-justify has-text-color has-link-color wp-elements-20 wp-block-paragraph\" style=\"color:#010000\">Durante la manifestaci\u00f3n, la Coordinadora Nacional de Derechos Humanos, que despleg\u00f3 veedur\u00eda en el terreno, confirm\u00f3 la muerte de Eduardo Ruiz Sanz y denunci\u00f3 que, seg\u00fan testimonios, el disparo que acab\u00f3 con su vida habr\u00eda sido efectuado por un efectivo policial vestido de civil (grupo \u201cTerna\u201d). En su comunicado la CNDDHH exigi\u00f3 \u201cuna investigaci\u00f3n inmediata, exhaustiva e independiente que esclarezca los hechos y determine responsabilidades\u201d, y record\u00f3 que el Estado tiene la obligaci\u00f3n de proteger la vida e integridad de quienes ejercen el derecho a la protesta.&nbsp;<\/p>\n\n\n\n<p class=\"has-text-align-justify has-text-color has-link-color wp-elements-21 wp-block-paragraph\" style=\"color:#010000\">Por su parte, la Municipalidad de Lima inform\u00f3 que ya entreg\u00f3 todas las im\u00e1genes&nbsp;sin editar a la Fiscal\u00eda para que investigue.<\/p>\n\n\n\n<p class=\"has-text-color has-link-color wp-elements-22 wp-block-paragraph\" style=\"color:#010000\"><strong>Represi\u00f3n a la prensa&nbsp;<\/strong><\/p>\n\n\n\n<p class=\"has-text-align-justify has-text-color has-link-color wp-elements-23 wp-block-paragraph\" style=\"color:#010000\">A su vez, la Asociaci\u00f3n Nacional de Periodistas (ANP) emiti\u00f3 un reporte preliminar en el que registr\u00f3 11 ataques contra periodistas, entre heridos por proyectil de arma de fuego y violentados, durante su trabajo de cobertura informativa de la protesta en Lima contra Jos\u00e9 Jer\u00ed y el Congreso. Son 6 comunicadores que fueron atacados con proyectiles, entre los que figura nuestra reportera Valia Aguirre, quien recibi\u00f3 5 perdigones en la pierna. Adem\u00e1s, el fotoperiodista independiente Juan Mandamiento report\u00f3 el impacto de un proyectil en el cuello. Otros 4 periodistas fueron empujados y golpeados por miembros de la Polic\u00eda, y uno fue afectado por el impacto de una bomba lacrim\u00f3gena.<\/p>\n\n\n<div class=\"wp-block-image\">\n<figure class=\"aligncenter size-full\"><img data-recalc-dims=\"1\" loading=\"lazy\" decoding=\"async\" width=\"656\" height=\"204\" data-attachment-id=\"50123\" data-permalink=\"https:\/\/correspondenciadeprensa.com\/?attachment_id=50123\" data-orig-file=\"https:\/\/i0.wp.com\/correspondenciadeprensa.com\/wp-content\/uploads\/2025\/10\/Peru17102025-2.jpg?fit=1024%2C319&amp;ssl=1\" data-orig-size=\"1024,319\" data-comments-opened=\"0\" data-image-title=\"Peru17102025 2\" data-image-description=\"\" data-image-caption=\"\" data-large-file=\"https:\/\/i0.wp.com\/correspondenciadeprensa.com\/wp-content\/uploads\/2025\/10\/Peru17102025-2.jpg?fit=656%2C204&amp;ssl=1\" src=\"https:\/\/i0.wp.com\/correspondenciadeprensa.com\/wp-content\/uploads\/2025\/10\/Peru17102025-2.jpg?resize=656%2C204&#038;ssl=1\" alt=\"\" class=\"wp-image-50123\" srcset=\"https:\/\/i0.wp.com\/correspondenciadeprensa.com\/wp-content\/uploads\/2025\/10\/Peru17102025-2.jpg?w=1024&amp;ssl=1 1024w, https:\/\/i0.wp.com\/correspondenciadeprensa.com\/wp-content\/uploads\/2025\/10\/Peru17102025-2.jpg?resize=300%2C93&amp;ssl=1 300w, https:\/\/i0.wp.com\/correspondenciadeprensa.com\/wp-content\/uploads\/2025\/10\/Peru17102025-2.jpg?resize=768%2C239&amp;ssl=1 768w\" sizes=\"auto, (max-width: 656px) 100vw, 656px\" \/><\/figure>\n<\/div>\n\n\n<p class=\"has-text-color has-link-color wp-elements-24 wp-block-paragraph\" style=\"color:#010000\"><\/p>\n\n\n\n<p class=\"has-text-align-justify has-text-color has-link-color wp-elements-25 wp-block-paragraph\" style=\"color:#010000\">La CNDDHH tambi\u00e9n report\u00f3 agresiones a periodistas, controles de identidad arbitrarios y operativos policiales que impidieron el acceso de manifestantes a Lima, hechos que remiten a los patrones de hostigamiento observados en 2022 y 2023. \u201cLa Polic\u00eda se ha convertido en el brazo armado del r\u00e9gimen. El presidente, el premier y el ministro del Interior tienen una responsabilidad directa sobre los hechos ocurridos\u201d, concluy\u00f3 P\u00e9rez.<\/p>\n\n\n\n<p class=\"has-text-align-justify has-text-color has-link-color wp-elements-26 wp-block-paragraph\" style=\"color:#010000\">La brutalidad policial no es una novedad en el pa\u00eds. Durante las masivas protestas contra Dina Boluarte en 2022 y 2023, tambi\u00e9n hubo ejecuciones extrajudiciales y heridas graves bajo la acci\u00f3n estatal. En enero de 2023, el primer manifestante muerto en Lima fue V\u00edctor Ra\u00fal Santisteban Yacsavilca, quien muri\u00f3 por un impacto severo que recibi\u00f3 durante la represi\u00f3n policial. Su familia y medios documentaron que la causa del fallecimiento fue \u201ccontusi\u00f3n y laceraci\u00f3n encef\u00e1lica\u201d, una fractura craneal severa, derivada de un elemento contundente disparado desde corta distancia.<\/p>\n\n\n\n<p class=\"has-text-align-justify has-text-color has-link-color wp-elements-27 wp-block-paragraph\" style=\"color:#010000\">Otro caso emblem\u00e1tico de Lima es el de Renato Sebasti\u00e1n Murillo Reyes quien result\u00f3 herido en las manifestaciones de diciembre de 2022 al ser impactado por una bomba lacrim\u00f3gena en la cabeza que lo dej\u00f3 en estado de coma por 12 d\u00edas. Aunque las versiones oficiales intentaron minimizar el hecho como un accidente, la prensa y defensores de derechos humanos denunciaron que fue parte del uso indiscriminado de armas no letales con potencial letal.<\/p>\n\n\n\n<p class=\"has-text-align-justify has-text-color has-link-color wp-elements-28 wp-block-paragraph\" style=\"color:#010000\">Ese mismo patr\u00f3n se repite ahora: un manifestante muere por disparo directo en las marchas bajo un gobierno que reclama legitimidad ante el pueblo. Lo que antes se vio en 2023 \u2014cincuenta muertos y cientos de heridos\u2014 parece reproducirse en 2025 con Mauricio y el joven en coma.&nbsp;<\/p>\n\n\n\n<p class=\"has-text-align-justify has-text-color has-link-color wp-elements-29 wp-block-paragraph\" style=\"color:#010000\">Las organizaciones como Amnist\u00eda Internacional, Flora Trist\u00e1n, DEMUS, entre otras, reclaman investigaci\u00f3n independiente, identificaci\u00f3n y sanci\u00f3n de los agentes responsables, protocolos claros y transparencia en las diligencias forenses y bal\u00edsticas; adem\u00e1s, la CNDDHH y colectivos exigen que se garantice la protecci\u00f3n de manifestantes y el fin del uso de agentes de civil en operativos. Mientras tanto, compa\u00f1eros y familiares de los heridos y fallecido convocan a mantener la movilizaci\u00f3n y a exigir justicia.<\/p>\n\n\n\n<p class=\"has-text-align-justify has-text-color has-link-color wp-elements-30 wp-block-paragraph\" style=\"color:#010000\">Finalmente, Amnist\u00eda Internacional exhort\u00f3 al gobierno de Jos\u00e9 Jer\u00ed a \u201cescuchar las demandas de la poblaci\u00f3n y no deslegitimarlas con discursos estigmatizantes\u201d, garantizando el derecho a la protesta pac\u00edfica y deteniendo la represi\u00f3n social. La ciudadan\u00eda ha convocado a una vigilia para hoy a las 5:00 p.m. en la Plaza Francia, a fin de exigir justicia para el joven artista \u2018Trvco\u2019.&nbsp;<\/p>\n\n\n\n<p class=\"has-text-align-justify has-text-color has-link-color wp-elements-31 wp-block-paragraph\" style=\"color:#010000\">La muerte y las heridas graves elevan la tensi\u00f3n pol\u00edtica: colectivos sociales y convocantes de la marcha anunciaron que las movilizaciones continuar\u00e1n y exigieron sanciones inmediatas contra los responsables. El presidente Jos\u00e9 Jer\u00ed emiti\u00f3 un mensaje de pesar y pidi\u00f3 que las investigaciones \u201cdeterminen con objetividad los hechos y responsabilidades\u201d, pero la exigencia ciudadana apunta hoy a una investigaci\u00f3n que no dependa \u00fanicamente de las mismas instancias se\u00f1aladas como parte del aparato de control durante las protestas.&nbsp;<\/p>\n\n\n\n<p class=\"has-text-color has-link-color wp-elements-32 wp-block-paragraph\" style=\"color:#010000\"><strong>Notas de Correspondencia de Prensa<\/strong><\/p>\n\n\n\n<p class=\"has-text-color has-link-color wp-elements-33 wp-block-paragraph\" style=\"color:#010000\"><\/p>\n\n\n\n<p class=\"wp-block-paragraph\"><\/p>\n\n\n","protected":false},"excerpt":{"rendered":"<p>La jornada de protesta del 15 de octubre contra el r\u00e9gimen de Jos\u00e9 Jer\u00ed termin\u00f3 en tragedia: adem\u00e1s de un saldo de cien heridos, se confirman el asesinato de un artista, el grave estado de salud de otro joven que fue inducido al coma por una fractura craneal a causa de la represi\u00f3n policial y 11 ataques a periodistas. <\/p>\n","protected":false},"author":102520410,"featured_media":50121,"comment_status":"closed","ping_status":"","sticky":false,"template":"","format":"standard","meta":{"_coblocks_attr":"","_coblocks_dimensions":"","_coblocks_responsive_height":"","_coblocks_accordion_ie_support":"","advanced_seo_description":"","jetpack_seo_html_title":"","jetpack_seo_noindex":false,"jetpack_seo_schema_type":"","_jetpack_newsletter_access":"","_jetpack_dont_email_post_to_subs":false,"_jetpack_newsletter_tier_id":0,"_jetpack_memberships_contains_paywalled_content":false,"_wpcom_ai_launchpad_first_post":false,"_jetpack_feature_clip_id":0,"_jetpack_memberships_contains_paid_content":false,"footnotes":"","jetpack_post_was_ever_published":false},"categories":[36547],"tags":[17212,703605872,703610904,703604937],"class_list":["post-50118","post","type-post","status-publish","format-standard","has-post-thumbnail","hentry","category-peru","tag-america-latina","tag-derechos-humanos","tag-jose-jeri","tag-represion","fallback-thumbnail"],"jetpack_likes_enabled":false,"jetpack_sharing_enabled":true,"jetpack_shortlink":"https:\/\/wp.me\/p7lt2C-d2m","amp_enabled":true,"jetpack_featured_media_url":"https:\/\/i0.wp.com\/correspondenciadeprensa.com\/wp-content\/uploads\/2025\/10\/Peru17102025.jpg?fit=1536%2C707&ssl=1","_links":{"self":[{"href":"https:\/\/correspondenciadeprensa.com\/index.php?rest_route=\/wp\/v2\/posts\/50118","targetHints":{"allow":["GET"]}}],"collection":[{"href":"https:\/\/correspondenciadeprensa.com\/index.php?rest_route=\/wp\/v2\/posts"}],"about":[{"href":"https:\/\/correspondenciadeprensa.com\/index.php?rest_route=\/wp\/v2\/types\/post"}],"author":[{"embeddable":true,"href":"https:\/\/correspondenciadeprensa.com\/index.php?rest_route=\/wp\/v2\/users\/102520410"}],"replies":[{"embeddable":true,"href":"https:\/\/correspondenciadeprensa.com\/index.php?rest_route=%2Fwp%2Fv2%2Fcomments&post=50118"}],"version-history":[{"count":6,"href":"https:\/\/correspondenciadeprensa.com\/index.php?rest_route=\/wp\/v2\/posts\/50118\/revisions"}],"predecessor-version":[{"id":50126,"href":"https:\/\/correspondenciadeprensa.com\/index.php?rest_route=\/wp\/v2\/posts\/50118\/revisions\/50126"}],"wp:featuredmedia":[{"embeddable":true,"href":"https:\/\/correspondenciadeprensa.com\/index.php?rest_route=\/wp\/v2\/media\/50121"}],"wp:attachment":[{"href":"https:\/\/correspondenciadeprensa.com\/index.php?rest_route=%2Fwp%2Fv2%2Fmedia&parent=50118"}],"wp:term":[{"taxonomy":"category","embeddable":true,"href":"https:\/\/correspondenciadeprensa.com\/index.php?rest_route=%2Fwp%2Fv2%2Fcategories&post=50118"},{"taxonomy":"post_tag","embeddable":true,"href":"https:\/\/correspondenciadeprensa.com\/index.php?rest_route=%2Fwp%2Fv2%2Ftags&post=50118"}],"curies":[{"name":"wp","href":"https:\/\/api.w.org\/{rel}","templated":true}]}}