{"id":49506,"date":"2025-09-14T17:44:08","date_gmt":"2025-09-14T15:44:08","guid":{"rendered":"https:\/\/correspondenciadeprensa.com\/?p=49506"},"modified":"2025-09-14T17:44:08","modified_gmt":"2025-09-14T15:44:08","slug":"brasil-bolsonaro-condenado-es-una-victoria-para-las-mujeres-torturadas-paula-guimaraes","status":"publish","type":"post","link":"https:\/\/correspondenciadeprensa.com\/?p=49506","title":{"rendered":"Brasil &#8211; Bolsonaro condenado es una victoria para las mujeres torturadas. [Paula Guimar\u00e3es]"},"content":{"rendered":"\n<p class=\"has-text-color has-link-color wp-elements-1 wp-block-paragraph\" style=\"color:#010000\"><strong>Paula Guimar\u00e3es*<\/strong><\/p>\n\n\n\n<p class=\"has-text-color has-link-color wp-elements-2 wp-block-paragraph\" style=\"color:#010000\"><strong><em><a href=\"https:\/\/www.opendemocracy.net\/es\/brasil-bolsonaro-dilma-rousseff-condena-golpe-de-estado-democracia-torturas-misoginia-violaciones\/\">openDemocracy<\/a><\/em>, 12-9-2025<\/strong><\/p>\n\n\n\n<p class=\"has-text-color has-link-color wp-elements-3 wp-block-paragraph\" style=\"color:#010000\"><strong><em><a href=\"https:\/\/correspondenciadeprensa.com\/\">Correspondencia de Prensa<\/a><\/em>, 14-9-2025<\/strong><\/p>\n\n\n\n<p class=\"has-text-color has-link-color wp-elements-4 wp-block-paragraph\" style=\"color:#010000\"><em>-Advertencia: este texto contiene descripciones sobre torturas y violencia sexual<\/em><\/p>\n\n\n\n<p class=\"has-text-align-justify has-text-color has-link-color wp-elements-5 wp-block-paragraph\" style=\"color:#010000\"><strong>La memoria y la verdad son nuestro pacto como sociedad, para que no se olvide, para que nunca m\u00e1s vuelva a suceder<\/strong><\/p>\n\n\n\n<p class=\"has-text-align-justify has-text-color has-link-color wp-elements-6 wp-block-paragraph\" style=\"color:#010000\">La<em><a href=\"https:\/\/agenciabrasil.ebc.com.br\/justica\/noticia\/2025-09\/stf-condena-bolsonaro-27-anos-e-tres-meses-de-prisao\"> condena del expresidente brasile\u00f1o Jair Messias Bolsonaro<\/a><\/em> por participar en un intento de golpe de Estado tiene un fuerte simbolismo para quienes conocen las perversidades cometidas durante la<em><a href=\"https:\/\/catarinas.info\/tag\/ditadura\/\"> dictadura militar<\/a><\/em> en Brasil (1964-1985) y en otros pa\u00edses de Am\u00e9rica Latina.<\/p>\n\n\n\n<p class=\"has-text-align-justify has-text-color has-link-color wp-elements-7 wp-block-paragraph\" style=\"color:#010000\">No es solo una victoria de la democracia, sino tambi\u00e9n de las mujeres, tantas veces atacadas por \u00e9l.<\/p>\n\n\n\n<p class=\"has-text-align-justify has-text-color has-link-color wp-elements-8 wp-block-paragraph\" style=\"color:#010000\">En el juicio pol\u00edtico contra la expresidenta<em><a href=\"https:\/\/catarinas.info\/colunas\/dilma-rousseff-jair-bolsonaro-e-o-espetaculo-do-descontrole\/\"> Dilma Rousseff<\/a><\/em> (2011-2016), Bolsonaro, entonces un oscuro diputado federal, vot\u00f3 por destituirla rindiendo homenaje al coronel Carlos Alberto Brilhante Ustra, que hab\u00eda sido un conocido torturador de la dictadura. \u201cEl terror de Dilma Rousseff\u201d, dijo Bolsonaro. En 1970, siendo una joven guerrillera, Rousseff fue detenida y torturada durante 22 d\u00edas en la unidad de inteligencia y represi\u00f3n pol\u00edtica que dirig\u00eda Brilhante Ustra.<\/p>\n\n\n\n<p class=\"has-text-align-justify has-text-color has-link-color wp-elements-9 wp-block-paragraph\" style=\"color:#010000\">La grotesca escena contra la mandataria del pa\u00eds marc\u00f3 la pauta de lo que estaba por venir: <em><a href=\"https:\/\/www.opendemocracy.net\/es\/democraciaabierta-es\/derrocar-dilma-roussef\/\">golpe<\/a><\/em> y violencia de g\u00e9nero. Desde entonces, hemos visto c\u00f3mo <em><a href=\"https:\/\/www.opendemocracy.net\/es\/jair-bolsonaro-violencia-de-genero-brasil\/\">los l\u00edmites de la violencia se han ampliado<\/a><\/em>, cada vez m\u00e1s naturalizados en el espacio p\u00fablico.<\/p>\n\n\n\n<p class=\"has-text-align-justify has-text-color has-link-color wp-elements-10 wp-block-paragraph\" style=\"color:#010000\">No es casualidad la conexi\u00f3n entre dictadura y violencia contra las mujeres: el militarismo y la represi\u00f3n siempre se han sustentado en el patriarcado. La<em><a href=\"https:\/\/www.gov.br\/memoriasreveladas\/pt-br\/assuntos\/comissoes-da-verdade\/volume_1_digital.pdf\"> Comisi\u00f3n Nacional de la Verdad<\/a><\/em> (CNV) no supo cuantificar las violaciones, pero reconoci\u00f3 que constituyeron una pr\u00e1ctica generalizada para humillar y someter a las mujeres.<\/p>\n\n\n\n<p class=\"has-text-align-justify has-text-color has-link-color wp-elements-11 wp-block-paragraph\" style=\"color:#010000\">Los relatos de las v\u00edctimas exponen la extrema crueldad de estas violencias, que implicaban el uso de instrumentos de tortura como \u00e1cido, alcohol, alicates, navajas, cuchillos, velas y cigarrillos encendidos, palos de escoba, cuerdas, m\u00e1quinas de descargas el\u00e9ctricas, porras e incluso taladros, adem\u00e1s de insectos y animales, como cucarachas, ratas, serpientes e incluso caimanes.<\/p>\n\n\n\n<p class=\"has-text-align-justify has-text-color has-link-color wp-elements-12 wp-block-paragraph\" style=\"color:#010000\"><em><a href=\"https:\/\/memoriasdaditadura.org.br\/violencia-sexual-e-ditadura\/\">Las mujeres, sin embargo, no eran torturadas solo por lo que sab\u00edan, sino por desafiar lo que se esperaba de \u201cser mujer<\/a><\/em>\u201d. El informe se\u00f1ala que fueron castigadas con humillaciones y torturas por romper el papel de \u201cesposa y madre\u201d y atreverse a ocupar la pol\u00edtica, un espacio hist\u00f3ricamente masculino.<\/p>\n\n\n\n<p class=\"has-text-align-justify has-text-color has-link-color wp-elements-13 wp-block-paragraph\" style=\"color:#010000\">La violencia iba mucho m\u00e1s all\u00e1 de la sexual. \u201cLas mutilaciones en los senos privaron a las madres de amamantar a sus beb\u00e9s. Los \u00fateros quemados con descargas el\u00e9ctricas hicieron que muchas mujeres fueran incapaces de quedarse embarazadas o de llevar adelante una gestaci\u00f3n\u201d,<em><a href=\"https:\/\/www.gov.br\/memoriasreveladas\/pt-br\/assuntos\/comissoes-da-verdade\/volume_1_digital.pdf\"> dice un extracto del informe de la CNV.<\/a><\/em><\/p>\n\n\n\n<p class=\"has-text-align-justify has-text-color has-link-color wp-elements-14 wp-block-paragraph\" style=\"color:#010000\">Un ejemplo es el caso de<em><a href=\"https:\/\/pt.globalvoices.org\/2016\/04\/26\/5-relatos-de-presas-politicas-para-nao-duvidar-que-houve-tortura-na-ditadura-militar-do-brasil\/\"> Cristina Moraes Almeida<\/a><\/em>, que sufri\u00f3 mutilaciones en la regi\u00f3n del t\u00f3rax y los senos y una pierna destrozada por un taladro.<\/p>\n\n\n\n<p class=\"has-text-align-justify has-text-color has-link-color wp-elements-15 wp-block-paragraph\" style=\"color:#010000\">Seg\u00fan el documento, \u201cla \u2018honra\u2019 de aquellos considerados enemigos por el aparato represivo tambi\u00e9n fue atacada en los cuerpos de \u2018sus mujeres\u2019, cuerpos tratados hist\u00f3ricamente como bot\u00edn en las m\u00e1s diversas guerras\u201d.<\/p>\n\n\n\n<p class=\"has-text-align-justify has-text-color has-link-color wp-elements-16 wp-block-paragraph\" style=\"color:#010000\">Amelinha Teles, periodista cuyos hijos fueron secuestrados y a quien se le oblig\u00f3 a presenciar su tortura f\u00edsica,<em><a href=\"https:\/\/memoriasdaditadura.org.br\/violencia-sexual-e-ditadura\/\"> relat\u00f3 en una audiencia p\u00fablica<\/a><\/em> c\u00f3mo los agentes del Estado se aprovecharon de las desigualdades entre hombres y mujeres para intensificar la tortura.<\/p>\n\n\n\n<p class=\"has-text-align-justify has-text-color has-link-color wp-elements-17 wp-block-paragraph\" style=\"color:#010000\">\u201cEn una de esas sesiones, un torturador [&#8230;], yo atada a la silla del drag\u00f3n [una silla de descargas el\u00e9ctricas], \u00e9l masturb\u00e1ndose y echando su semen sobre mi cuerpo\u201d, record\u00f3.<\/p>\n\n\n\n<p class=\"has-text-align-justify has-text-color has-link-color wp-elements-18 wp-block-paragraph\" style=\"color:#010000\">La perversa moral de la dictadura no perdon\u00f3 ni siquiera a las mujeres embarazadas, sometidas a situaciones tan extremas que provocaron abortos. \u201cSin duda abort\u00e9 por los choques que sufr\u00ed los primeros d\u00edas, en los genitales, los senos, las yemas de los dedos, detr\u00e1s de las orejas\u201d, declar\u00f3 Izabel F\u00e1vero en su testimonio ante la CNV.<\/p>\n\n\n\n<p class=\"has-text-align-justify has-text-color has-link-color wp-elements-19 wp-block-paragraph\" style=\"color:#010000\">La<em><a href=\"https:\/\/catarinas.info\/web-stories\/memoria-verdade-e-justica-em-ainda-estou-aqui\/\"> memoria y la verdad<\/a><\/em><em>,<\/em> en un pa\u00eds que no ha curado sus heridas, no se construyen solo con discursos, sino con justicia. La ausencia de castigo a los militares y agentes de la dictadura que cometieron estas violencias dej\u00f3 un rastro de impunidad y abri\u00f3 brechas para nuevos ataques autoritarios.<\/p>\n\n\n\n<p class=\"has-text-align-justify has-text-color has-link-color wp-elements-20 wp-block-paragraph\" style=\"color:#010000\">Y cuando los discursos de las autoridades p\u00fablicas, elegidas democr\u00e1ticamente, sirven para elogiar a dictadores, clamando tortura contra una mujer que, en este caso, era la presidenta del pa\u00eds, la situaci\u00f3n se vuelve a\u00fan m\u00e1s grave.<\/p>\n\n\n\n<p class=\"has-text-align-justify has-text-color has-link-color wp-elements-21 wp-block-paragraph\" style=\"color:#010000\">El voto de Bolsonaro contra Dilma nos hiri\u00f3 a todas las mujeres, pero no solo a nosotras. Un pa\u00eds que acepta que un parlamentario elogie a un torturador dentro del Congreso sin castigo acaba teniendo que rendir cuentas ante s\u00ed mismo en alg\u00fan momento.<\/p>\n\n\n\n<p class=\"has-text-align-justify has-text-color has-link-color wp-elements-22 wp-block-paragraph\" style=\"color:#010000\">La condena de Bolsonaro es una rendici\u00f3n de cuentas de la justicia ante la sociedad brasile\u00f1a por la escalada de violencia: por las muertes en la pandemia, por las ejecuciones policiales, por el fomento de la violencia contra los periodistas, especialmente contra las mujeres, por el desprecio a la democracia.<\/p>\n\n\n\n<p class=\"has-text-align-justify has-text-color has-link-color wp-elements-23 wp-block-paragraph\" style=\"color:#010000\">Algunos legisladores dijeron, sin pudor en su cinismo, durante el juicio pol\u00edtico a Dilma, que se trataba de una destituci\u00f3n \u201cpor el conjunto de su obra\u201d. Pues, Bolsonaro, para nosotros que sentimos los dolores de su perversidad, ha sido ahora condenado precisamente por el conjunto de su obra.<\/p>\n\n\n\n<p class=\"has-text-align-justify has-text-color has-link-color wp-elements-24 wp-block-paragraph\" style=\"color:#010000\">Hemos visto de muy cerca la banalidad del mal: la naturalizaci\u00f3n de la idea de que est\u00e1 bien elogiar a un torturador, que est\u00e1 bien pedir el regreso de la dictadura, que est\u00e1 bien pensar que una mujer no ser\u00eda violada solamente por \u201cno merecerlo\u201d.<\/p>\n\n\n\n<p class=\"has-text-align-justify has-text-color has-link-color wp-elements-25 wp-block-paragraph\" style=\"color:#010000\">Esta aceptaci\u00f3n y relativizaci\u00f3n de la violencia, sobre todo mis\u00f3gina, se nos acerc\u00f3 de forma aterradora, mucho m\u00e1s de lo que jam\u00e1s imaginamos o hubi\u00e9ramos deseado.<\/p>\n\n\n\n<p class=\"has-text-align-justify has-text-color has-link-color wp-elements-26 wp-block-paragraph\" style=\"color:#010000\">Hace unos d\u00edas, mientras mi madre preparaba el almuerzo, hablamos de ese episodio en el que Bolsonaro, cuando era diputado, elogi\u00f3 a un torturador para humillar a la presidenta. Le habl\u00e9 de las ratas en la vagina de las presas. Ella se qued\u00f3 perpleja. Como tanta gente, no lo sab\u00eda, y ese desconocimiento colectivo es parte de la herida abierta que a\u00fan llevamos.<\/p>\n\n\n\n<p class=\"has-text-align-justify has-text-color has-link-color wp-elements-27 wp-block-paragraph\" style=\"color:#010000\">Tambi\u00e9n gran parte de los partidarios del expresidente Bolsonaro, ahora condenado, lo votaron inmersos en la alienaci\u00f3n sobre el pasado, sin saber lo que realmente ocurri\u00f3.<\/p>\n\n\n\n<p class=\"has-text-align-justify has-text-color has-link-color wp-elements-28 wp-block-paragraph\" style=\"color:#010000\">El recurrente discurso en defensa de la familia es vac\u00edo cuando se basa en el olvido: no se protege el futuro negando las violencias del pasado. La verdad y la memoria son nuestro compromiso como sociedad, se lo debemos a las v\u00edctimas, para que no se olvide, para que nunca m\u00e1s vuelva a suceder.<\/p>\n\n\n\n<p class=\"has-text-align-justify has-text-color has-link-color wp-elements-29 wp-block-paragraph\" style=\"color:#010000\">El encarcelamiento de Bolsonaro abre ventanas para imaginar futuros en los que la mediocridad, la perversidad y el odio ya no dicten la agenda p\u00fablica. Hoy, al menos por hoy, podemos permitirnos celebrar el encarcelamiento de Bolsonaro, de los militares golpistas y de todos los que atentaron contra la democracia.<\/p>\n\n\n\n<p class=\"has-text-align-justify has-text-color has-link-color wp-elements-30 wp-block-paragraph\" style=\"color:#010000\">Dilma fue detenida en enero de 1970, torturada y sometida al <em><a href=\"https:\/\/www.jusbrasil.com.br\/artigos\/7-tecnicas-de-tortura-assustadoras-praticadas-durante-a-ditadura-no-brasil\/690608365\">pau de arara<\/a><\/em> (atada y suspendida en una barra de metal o madera que se introduc\u00eda entre las piernas y los brazos doblados en una posici\u00f3n muy dolorosa).<\/p>\n\n\n\n<p class=\"has-text-align-justify has-text-color has-link-color wp-elements-31 wp-block-paragraph\" style=\"color:#010000\">\u201cSi no le gustaban las respuestas, te daba un pu\u00f1etazo\u201d, relat\u00f3 la expresidenta a la CNV. Una mujer que se atrevi\u00f3 a luchar por la democracia en tiempos de plomo y a la que, d\u00e9cadas m\u00e1s tarde, se le impidi\u00f3 seguir ejerciendo el cargo m\u00e1s alto del pa\u00eds porque no se rindi\u00f3. <em><a href=\"https:\/\/exame.com\/brasil\/mpf-arquiva-inquerito-sobre-pedaladas-de-dilma-que-justificaram-o-impeachment\/\">Fue absuelta<\/a><\/em> de los presuntos delitos contables que justificaron su destituci\u00f3n. Pero en su caso, jam\u00e1s se hizo justicia.<\/p>\n\n\n\n<p class=\"has-text-align-justify has-text-color has-link-color wp-elements-32 wp-block-paragraph\" style=\"color:#010000\">Ahora la justicia, aunque tarde, alcanza a quienes la violaron: la dictadura, Bolsonaro, la misoginia. Que tengamos m\u00e1s d\u00edas como este. Por justicia para aquella que fue humillada por resistir y aun as\u00ed venci\u00f3. Por todas nosotras, verdad, memoria y justicia.<\/p>\n\n\n\n<p class=\"has-text-align-justify has-text-color has-link-color wp-elements-33 wp-block-paragraph\" style=\"color:#010000\"><strong>*Paula Guimar\u00e3es<\/strong> es periodista y cofundadora del Portal Catarinas. Integr\u00f3 el equipo ganador del III Premio Cl\u00e1udio Weber Abramo de Periodismo de Datos. Fue finalista del Premio Gabo 2023 y postulada al Trof\u00e9u Mulher Imprensa en 2022 y 2023. Esta es una versi\u00f3n traducida y editada de un art\u00edculo publicado originalmente en el <em><a href=\"https:\/\/catarinas.info\/bolsonaro-condenado-por-dilma-por-todas-nos-que-ousamos\/\">Portal Catarinas<\/a><\/em>,12-9-2025<\/p>\n\n\n\n<p class=\"has-text-color has-link-color wp-elements-34 wp-block-paragraph\" style=\"color:#010000\"><\/p>\n\n\n\n<p class=\"wp-block-paragraph\"><\/p>\n","protected":false},"excerpt":{"rendered":"<p>No es casualidad la conexi\u00f3n entre dictadura y violencia contra las mujeres: el militarismo y la represi\u00f3n siempre se han sustentado en el patriarcado.<\/p>\n","protected":false},"author":102520410,"featured_media":49507,"comment_status":"closed","ping_status":"","sticky":false,"template":"","format":"standard","meta":{"_coblocks_attr":"","_coblocks_dimensions":"","_coblocks_responsive_height":"","_coblocks_accordion_ie_support":"","advanced_seo_description":"","jetpack_seo_html_title":"","jetpack_seo_noindex":false,"jetpack_seo_schema_type":"","_jetpack_newsletter_access":"","_jetpack_dont_email_post_to_subs":false,"_jetpack_newsletter_tier_id":0,"_jetpack_memberships_contains_paywalled_content":false,"_wpcom_ai_launchpad_first_post":false,"_jetpack_feature_clip_id":0,"_jetpack_memberships_contains_paid_content":false,"footnotes":"","jetpack_post_was_ever_published":false},"categories":[703610854,14037],"tags":[17212,703605142,703605118,703606044],"class_list":["post-49506","post","type-post","status-publish","format-standard","has-post-thumbnail","hentry","category-brasil","category-mujeres","tag-america-latina","tag-militares","tag-patriarcado","tag-torturas","fallback-thumbnail"],"jetpack_likes_enabled":false,"jetpack_sharing_enabled":true,"jetpack_shortlink":"https:\/\/wp.me\/p7lt2C-cSu","amp_enabled":true,"jetpack_featured_media_url":"https:\/\/i0.wp.com\/correspondenciadeprensa.com\/wp-content\/uploads\/2025\/09\/Brasil14092025.jpg?fit=1567%2C766&ssl=1","_links":{"self":[{"href":"https:\/\/correspondenciadeprensa.com\/index.php?rest_route=\/wp\/v2\/posts\/49506","targetHints":{"allow":["GET"]}}],"collection":[{"href":"https:\/\/correspondenciadeprensa.com\/index.php?rest_route=\/wp\/v2\/posts"}],"about":[{"href":"https:\/\/correspondenciadeprensa.com\/index.php?rest_route=\/wp\/v2\/types\/post"}],"author":[{"embeddable":true,"href":"https:\/\/correspondenciadeprensa.com\/index.php?rest_route=\/wp\/v2\/users\/102520410"}],"replies":[{"embeddable":true,"href":"https:\/\/correspondenciadeprensa.com\/index.php?rest_route=%2Fwp%2Fv2%2Fcomments&post=49506"}],"version-history":[{"count":5,"href":"https:\/\/correspondenciadeprensa.com\/index.php?rest_route=\/wp\/v2\/posts\/49506\/revisions"}],"predecessor-version":[{"id":49512,"href":"https:\/\/correspondenciadeprensa.com\/index.php?rest_route=\/wp\/v2\/posts\/49506\/revisions\/49512"}],"wp:featuredmedia":[{"embeddable":true,"href":"https:\/\/correspondenciadeprensa.com\/index.php?rest_route=\/wp\/v2\/media\/49507"}],"wp:attachment":[{"href":"https:\/\/correspondenciadeprensa.com\/index.php?rest_route=%2Fwp%2Fv2%2Fmedia&parent=49506"}],"wp:term":[{"taxonomy":"category","embeddable":true,"href":"https:\/\/correspondenciadeprensa.com\/index.php?rest_route=%2Fwp%2Fv2%2Fcategories&post=49506"},{"taxonomy":"post_tag","embeddable":true,"href":"https:\/\/correspondenciadeprensa.com\/index.php?rest_route=%2Fwp%2Fv2%2Ftags&post=49506"}],"curies":[{"name":"wp","href":"https:\/\/api.w.org\/{rel}","templated":true}]}}