{"id":49495,"date":"2025-09-14T17:20:20","date_gmt":"2025-09-14T15:20:20","guid":{"rendered":"https:\/\/correspondenciadeprensa.com\/?p=49495"},"modified":"2025-09-14T17:20:20","modified_gmt":"2025-09-14T15:20:20","slug":"uruguay-explotacion-sexual-cuando-la-familia-es-el-peor-lugar-para-ser-nina-angelina-de-los-santos-cecilia-osorio","status":"publish","type":"post","link":"https:\/\/correspondenciadeprensa.com\/?p=49495","title":{"rendered":"Uruguay &#8211; Explotaci\u00f3n sexual: cuando la familia es el peor lugar para ser ni\u00f1a. [Angelina De los Santos \/ Cecilia Osorio]"},"content":{"rendered":"\n<p class=\"has-text-align-right wp-block-paragraph\"><sub>Ilustraci\u00f3n de James Battershill\/democraciaAbierta<\/sub><\/p>\n\n\n\n<p class=\"has-text-align-justify has-text-color has-link-color wp-elements-1 wp-block-paragraph\" style=\"color:#010000\"><strong>Explotaci\u00f3n sexual en Uruguay: cuando la familia es el peor lugar para ser ni\u00f1a<\/strong><\/p>\n\n\n\n<p class=\"has-text-color has-link-color wp-elements-2 wp-block-paragraph\" style=\"color:#010000\"><strong>Angelina De los Santos*, Cecilia Osorio**<\/strong><\/p>\n\n\n\n<p class=\"has-text-color has-link-color wp-elements-3 wp-block-paragraph\" style=\"color:#010000\"><strong><em><a href=\"https:\/\/ladiaria.com.uy\/feminismos\/articulo\/2025\/9\/explotacion-sexual-en-uruguay-cuando-la-familia-es-el-peor-lugar-para-ser-nina\/\">La Diaria<\/a><\/em>, 9-9-2025<\/strong><\/p>\n\n\n\n<p class=\"has-text-color has-link-color wp-elements-4 wp-block-paragraph\" style=\"color:#010000\"><strong><em><a href=\"https:\/\/correspondenciadeprensa.com\/\">Correspondencia de Prensa<\/a><\/em>, 14-9-2025<\/strong><\/p>\n\n\n\n<p class=\"has-text-align-justify has-text-color has-link-color wp-elements-5 wp-block-paragraph\" style=\"color:#010000\"><strong>La explotaci\u00f3n sexual infantil ocurre abrumadoramente en el \u00e1mbito dom\u00e9stico en este pa\u00eds \u201cejemplar\u201d que prefiere hacer la vista gorda.<\/strong><\/p>\n\n\n\n<p class=\"has-text-align-justify has-text-color has-link-color wp-elements-6 wp-block-paragraph\" style=\"color:#010000\">Los fines de semana de pesadilla empezaron cuando Elisa* ten\u00eda diez a\u00f1os. Los viernes recorr\u00eda en autob\u00fas 90 kil\u00f3metros entre su pueblo rural y la pensi\u00f3n de Montevideo en la que viv\u00eda Manuel, un pe\u00f3n naviero peruano de 35 a\u00f1os que hab\u00eda sido novio de su madre. Los domingos Manuel la mandaba de regreso con alimentos o ropa nueva. Ella lloraba.<\/p>\n\n\n\n<p class=\"has-text-align-justify has-text-color has-link-color wp-elements-7 wp-block-paragraph\" style=\"color:#010000\">\u201cLe dije a mi madre que abusaba de m\u00ed, pero ella me obligaba\u201d, cont\u00f3 Elisa a dos psic\u00f3logas de la Polic\u00eda en 2017, cuando ya ten\u00eda 17.<\/p>\n\n\n\n<p class=\"has-text-align-justify has-text-color has-link-color wp-elements-8 wp-block-paragraph\" style=\"color:#010000\">Para entonces, hac\u00eda a\u00f1os que se acumulaban indicios de violencia, abuso o explotaci\u00f3n de Elisa y sus hermanas en un expediente judicial abierto en 2007 y con m\u00e1s de 3.000 p\u00e1ginas de denuncias, pericias psicol\u00f3gicas, informes de trabajadoras sociales, derivaciones de las ni\u00f1as a hogares de amparo, intervenciones policiales y resoluciones judiciales.<\/p>\n\n\n\n<p class=\"has-text-align-justify has-text-color has-link-color wp-elements-9 wp-block-paragraph\" style=\"color:#010000\">Pero el vetusto engranaje judicial uruguayo s\u00f3lo empez\u00f3 a moverse en direcci\u00f3n a los explotadores en 2017, cuando una vecina denunci\u00f3 que Elisa era entregada por su madre, Paola, a Manuel y a otros hombres que frecuentaban su casa a cambio de alimentos, ropa, cervezas o dinero, y que su hermana Camila, seis a\u00f1os menor, sufr\u00eda abusos de la pareja de Paola.<\/p>\n\n\n\n<p class=\"has-text-align-justify has-text-color has-link-color wp-elements-10 wp-block-paragraph\" style=\"color:#010000\">La denuncia desat\u00f3 un allanamiento que hizo crujir la puerta de chapa azul de la casa de Paola, una vivienda de bloques con pintura descascarada, sin agua, con una \u00fanica ventana tapiada y dos habitaciones en las que compart\u00edan camas Paola, su pareja y sus cinco hijos: Elisa, Mariana, Camila y otra ni\u00f1a y un ni\u00f1o menores.<\/p>\n\n\n\n<p class=\"has-text-align-justify has-text-color has-link-color wp-elements-11 wp-block-paragraph\" style=\"color:#010000\">La Polic\u00eda incaut\u00f3 el celular de Paola y la computadora escolar de una de las ni\u00f1as, y encontr\u00f3 mensajes de Facebook y fotos que confirmaban la sospecha de la vecina.<\/p>\n\n\n\n<p class=\"has-text-align-justify has-text-color has-link-color wp-elements-12 wp-block-paragraph\" style=\"color:#010000\">La investigaci\u00f3n termin\u00f3 con las condenas de Manuel y Paola y fue a engrosar el expediente que condensa 17 a\u00f1os de violencias contra los hijos de Paola, y de abusos y explotaci\u00f3n de las tres mayores: Elisa, hoy de 25, Mariana, de 22, y Camila, de 19.<\/p>\n\n\n\n<p class=\"has-text-align-justify has-text-color has-link-color wp-elements-13 wp-block-paragraph\" style=\"color:#010000\"><em>openDemocracy<\/em> dedic\u00f3 seis meses a investigar este y <a href=\"https:\/\/www.opendemocracy.net\/es\/uruguay-explotaci%C3%B3n-sexual-infantil-ni%C3%B1as-ni%C3%B1os-adolescentes-hogares\/\">otros tipos de explotaci\u00f3n sexual en Uruguay<\/a>, porque m\u00faltiples evidencias muestran que es muy frecuente en este pa\u00eds, elogiado como modelo de estabilidad democr\u00e1tica y derechos, pero que concentra las carencias escandalosamente en la infancia.<\/p>\n\n\n\n<p class=\"has-text-align-justify has-text-color has-link-color wp-elements-14 wp-block-paragraph\" style=\"color:#010000\">La <a href=\"https:\/\/www.unicef.org\/uruguay\/infancia-en-datos\/pobreza-infantil\/dos-nuevas-mediciones-de-pobreza\">pobreza<\/a> afecta a s\u00f3lo 6% de los mayores de 65 a\u00f1os, pero a un tercio de ni\u00f1as, ni\u00f1os y adolescentes. El \u00edndice de pobreza multidimensional, que mide educaci\u00f3n, vivienda, servicios b\u00e1sicos, seguridad social y empleo, muestra que hay 220.000 ni\u00f1as, ni\u00f1os y adolescentes en hogares con este tipo de pobreza, en un pa\u00eds de 3,4 millones de habitantes.<\/p>\n\n\n\n<p class=\"has-text-align-justify has-text-color has-link-color wp-elements-15 wp-block-paragraph\" style=\"color:#010000\">Pero la pobreza y la desigualdad no explican por s\u00ed solas la explotaci\u00f3n sexual infantil.<\/p>\n\n\n\n<p class=\"has-text-align-justify has-text-color has-link-color wp-elements-16 wp-block-paragraph\" style=\"color:#010000\">La causa principal, <a href=\"https:\/\/ongelpaso.org.uy\/wp-content\/uploads\/2020\/10\/Manual-ES_digital.pdf\">seg\u00fan fuentes expertas<\/a>, es la existencia de personas que pagan por sexo con menores, en un contexto machista, en el que predomina la discriminaci\u00f3n de mujeres, infancias y personas LBGTI+.<\/p>\n\n\n\n<p class=\"has-text-align-justify has-text-color has-link-color wp-elements-17 wp-block-paragraph\" style=\"color:#010000\">Una de cada cinco ni\u00f1as y mujeres y uno de cada siete ni\u00f1os y hombres <a href=\"https:\/\/ladiaria.com.uy\/feminismos\/articulo\/2024\/10\/una-de-cada-cinco-mujeres-en-el-mundo-sufrio-violencia-sexual-en-la-infancia-y-la-adolescencia-revela-nuevo-informe-de-unicef\/\">sufrieron alguna forma de violencia sexual en la infancia en todo el mundo<\/a>, seg\u00fan Unicef. La abrumadora mayor\u00eda de los casos <a href=\"https:\/\/www.gub.uy\/ministerio-interior\/sites\/ministerio-interior\/files\/documentos\/publicaciones\/Caracterizaci%C3%B3n%20del%20abuso%20sexual%20hacia%20ni%C3%B1as%2C%20ni%C3%B1os%20y%20adolescentes%20en%20Uruguay%20(3).pdf\">se comete en el \u00e1mbito familiar<\/a>. En Uruguay, <a href=\"https:\/\/ladiaria.com.uy\/feminismos\/articulo\/2025\/4\/violencia-hacia-ninas-ninos-y-adolescentes-en-2024-el-sipiav-registro-24-situaciones-por-dia-y-cuatro-infanticidios-vicarios\/\">ocho de cada diez abusos<\/a> a ni\u00f1as, ni\u00f1os y adolescentes son cometidos por personas cercanas a las v\u00edctimas.<\/p>\n\n\n\n<p class=\"has-text-align-justify has-text-color has-link-color wp-elements-18 wp-block-paragraph\" style=\"color:#010000\">Algo parecido pasa con la explotaci\u00f3n sexual. Casi nueve de cada diez v\u00edctimas son ni\u00f1as y adolescentes, y seis de cada diez casos ocurren en el \u00e1mbito dom\u00e9stico, seg\u00fan el informe del Comit\u00e9 Nacional para la Erradicaci\u00f3n de la Explotaci\u00f3n Sexual Comercial y No Comercial de la Ni\u00f1ez y la Adolescencia (Conapees) de 2023. Ese a\u00f1o, el organismo registr\u00f3 346 casos, de los cuales 169 eran nuevos.<\/p>\n\n\n\n<p class=\"has-text-align-justify has-text-color has-link-color wp-elements-19 wp-block-paragraph\" style=\"color:#010000\">Pero en su <a href=\"https:\/\/ladiaria.com.uy\/feminismos\/articulo\/2024\/12\/los-casos-de-explotacion-sexual-de-ninas-ninos-y-adolescentes-aumentaron-24-en-2024\/\">informe de 2024<\/a> (con 456 casos, 210 de ellos nuevos) el Conapees dej\u00f3 de indicar el \u00e1mbito donde ocurr\u00eda la explotaci\u00f3n, aparentemente por un problema t\u00e9cnico.<\/p>\n\n\n\n<p class=\"has-text-align-justify has-text-color has-link-color wp-elements-20 wp-block-paragraph\" style=\"color:#010000\">Las periodistas de <em>openDemocracy<\/em> entrevistaron a trabajadoras sociales y l\u00edderes barriales, personal de salud, abogadas, educadoras, fiscales e investigadores, recabaron las escasas estad\u00edsticas disponibles y rastrearon una treintena de expedientes judiciales recientes sobre trata y explotaci\u00f3n sexual de menores en 22 juzgados en Montevideo y Canelones. Tres expon\u00edan esta forma de explotaci\u00f3n dom\u00e9stica, entre ellos el de Elisa y sus hermanas.<\/p>\n\n\n\n<p class=\"has-text-align-justify has-text-color has-link-color wp-elements-21 wp-block-paragraph\" style=\"color:#010000\">Pero casos similares fueron relatados a <em>openDemocracy<\/em> por casi 30 fuentes en barrios muy diversos de Montevideo \u2013Ciudad Vieja, Centro, Cord\u00f3n, Sayago, Piedras Blancas, Manga, Casavalle, Malv\u00edn Norte, Boix y Merino\u2013 y de Canelones \u2013Paso Carrasco, Solymar, Solymar Norte, Colinas de Solymar, Colonia Nicolich, Empalme Olmos, la ciudad de Las Piedras y Salinas\u2013.<\/p>\n\n\n\n<p class=\"has-text-color has-link-color wp-elements-22 wp-block-paragraph\" style=\"color:#010000\"><strong>Algo m\u00e1s que historias familiares<\/strong><\/p>\n\n\n\n<p class=\"has-text-align-justify has-text-color has-link-color wp-elements-23 wp-block-paragraph\" style=\"color:#010000\">De ese corpus emerge algo m\u00e1s que historias familiares: un patr\u00f3n. La explotaci\u00f3n dom\u00e9stica se identifica en hogares empobrecidos, cometida por familiares, vecinos o conocidos con la connivencia materna \u2013los padres, casi siempre ausentes\u2013, y rara vez llega a los tribunales como delito, sino como registro de un drama m\u00e1s de la pobreza.<\/p>\n\n\n\n<p class=\"has-text-align-justify has-text-color has-link-color wp-elements-24 wp-block-paragraph\" style=\"color:#010000\">Uno de los expedientes, abierto en febrero de 2023, retrata el abuso y la explotaci\u00f3n de tres ni\u00f1as y un ni\u00f1o, menores de 15 a\u00f1os, por parte de la expareja de su madre \u2013hoy preso\u2013 en un peque\u00f1o apartamento en el Centro de Montevideo. El hombre, un peruano de 54 a\u00f1os, sedaba a las ni\u00f1as y al ni\u00f1o para violarlos, filmarlos y ofrecerlos a otros hombres cercanos a la familia, con la anuencia de la madre, quien viv\u00eda en el mismo lugar con una nueva pareja.<\/p>\n\n\n\n<p class=\"has-text-align-justify has-text-color has-link-color wp-elements-25 wp-block-paragraph\" style=\"color:#010000\">Otro expediente reconstruye, desde 2005, casi dos d\u00e9cadas en la vida de una familia numerosa del norte montevideano, marcada por la precariedad: una vivienda de tres piezas, con techo de zinc, goteras y humedad, donde seis personas compart\u00edan camas y se turnaban para salir al patio a buscar agua de una \u00fanica canilla.<\/p>\n\n\n\n<p class=\"has-text-align-justify has-text-color has-link-color wp-elements-26 wp-block-paragraph\" style=\"color:#010000\">En esa casa, ni\u00f1as y ni\u00f1os asum\u00edan roles de personas adultas; vend\u00edan estampitas o trabajaban en la calle para sobrevivir, e iban y ven\u00edan entre su casa y hogares de amparo del Estado.<\/p>\n\n\n\n<p class=\"has-text-align-justify has-text-color has-link-color wp-elements-27 wp-block-paragraph\" style=\"color:#010000\">Mientras tanto, la violencia sexual se reproduc\u00eda casi como un destino inexorable. El expediente, abierto en un juzgado de familia, registra el presunto abuso de un hermano contra su hermana menor y la supuesta explotaci\u00f3n sexual de la misma adolescente y de otra ni\u00f1a de la familia fuera del hogar. Ninguno de estos hechos fue investigado ni tuvo consecuencias penales.<\/p>\n\n\n\n<p class=\"has-text-align-justify has-text-color has-link-color wp-elements-28 wp-block-paragraph\" style=\"color:#010000\">Es que estos expedientes tambi\u00e9n cuentan la historia de un Estado incapaz de desarmar la mara\u00f1a que convierte la explotaci\u00f3n sexual de menores en una forma de subsistencia familiar, y de reparar el da\u00f1o.<\/p>\n\n\n\n<p class=\"has-text-align-justify has-text-color has-link-color wp-elements-29 wp-block-paragraph\" style=\"color:#010000\">Paola, la madre de Elisa, Mariana y Camila, es trabajadora sexual. Tuvo a su hija mayor a los 17 a\u00f1os, luego de un embarazo producto de una violaci\u00f3n. En una pericia psiqui\u00e1trica incluida en el expediente judicial, Paola relat\u00f3 que hab\u00eda sido abusada por su padrastro durante a\u00f1os, pero cuando le cont\u00f3 a su madre recibi\u00f3 un golpe como respuesta.<\/p>\n\n\n\n<p class=\"has-text-align-justify has-text-color has-link-color wp-elements-30 wp-block-paragraph\" style=\"color:#010000\">\u201cCuando recibimos una derivaci\u00f3n que es jodida, vas al expediente judicial y ah\u00ed est\u00e1 el relato de todas las vulnerabilidades que atraviesan las gurisas\u201d, dijo a <em>openDemocracy<\/em> una profesional que trabaja con madres, ni\u00f1as, ni\u00f1os y adolescentes de familias vulnerables.<\/p>\n\n\n\n<p class=\"has-text-align-justify has-text-color has-link-color wp-elements-31 wp-block-paragraph\" style=\"color:#010000\">As\u00ed, esos expedientes se convierten en un registro detallado de violencias que no conduce a la justicia.<\/p>\n\n\n\n<p class=\"has-text-align-justify has-text-color has-link-color wp-elements-32 wp-block-paragraph\" style=\"color:#010000\">\u201cLa realidad actual parece estar mostrando cifras alarmantes que no condicen con la existencia de casos judicializados\u201d, advierte la abogada Luc\u00eda Fern\u00e1ndez en un <a href=\"https:\/\/uruguay.unfpa.org\/es\/compendio-jurisprudencial\">informe<\/a> de este a\u00f1o que analiza el acceso a la Justicia de menores que soportaron explotaci\u00f3n y trata sexual, con base en 20 casos registrados por la Fiscal\u00eda General de la Naci\u00f3n (FGN) entre 2017 y 2024.<\/p>\n\n\n\n<p class=\"has-text-align-justify has-text-color has-link-color wp-elements-33 wp-block-paragraph\" style=\"color:#010000\">Mientras que en 2023 la FGN identific\u00f3 165 v\u00edctimas de explotaci\u00f3n sexual, s\u00f3lo 20 personas fueron imputadas, seg\u00fan las cifras brindadas por el organismo a <em>openDemocracy<\/em>. En 2024 hubo 139 v\u00edctimas y cuatro imputaciones. En el primer trimestre de 2025 hubo apenas un imputado y 18 v\u00edctimas.<\/p>\n\n\n\n<p class=\"has-text-color has-link-color wp-elements-34 wp-block-paragraph\" style=\"color:#010000\"><strong>Estaba \u201cenamorada\u201d<\/strong><\/p>\n\n\n\n<p class=\"has-text-align-justify has-text-color has-link-color wp-elements-35 wp-block-paragraph\" style=\"color:#010000\">Elisa estuvo sometida a las dos formas de explotaci\u00f3n sexual m\u00e1s comunes en Uruguay, seg\u00fan el Conapees: la comercial \u2013cuando adultos cercanos, como Manuel, pagan con dinero, comida o ropa el sexo con las ni\u00f1as\u2013, y las parejas arregladas o matrimonios infantiles. Se trata de relaciones que se disfrazan de afecto \u2013y por eso es el delito de explotaci\u00f3n m\u00e1s dif\u00edcil de probar\u2013 pero responden a acuerdos econ\u00f3micos o de conveniencia entre adultos.<\/p>\n\n\n\n<p class=\"has-text-align-justify has-text-color has-link-color wp-elements-36 wp-block-paragraph\" style=\"color:#010000\">Elisa, con apenas 14 a\u00f1os, fue entregada por su madre a un panadero de 25 para que conviviera con \u00e9l, con tolerancia de la Justicia, que hab\u00eda recibido una denuncia de su escuela.<\/p>\n\n\n\n<p class=\"has-text-align-justify has-text-color has-link-color wp-elements-37 wp-block-paragraph\" style=\"color:#010000\">Para la ley, existe presunci\u00f3n de abuso sexual cuando la relaci\u00f3n es entre un adulto y una persona menor de 15 a\u00f1os, excepto cuando se trata de una relaci\u00f3n consensuada entre dos personas mayores de 13 y con una diferencia de edad no mayor a ocho a\u00f1os.<\/p>\n\n\n\n<p class=\"has-text-align-justify has-text-color has-link-color wp-elements-38 wp-block-paragraph\" style=\"color:#010000\">Adem\u00e1s, los delitos de explotaci\u00f3n sexual comercial y no comercial de ni\u00f1as, ni\u00f1os, adolescentes e incapaces est\u00e1n tipificados desde 2004, y desde 2018 se incluy\u00f3 tambi\u00e9n el matrimonio forzado, infantil o servil, como las uniones de hecho entre ni\u00f1as, ni\u00f1os o adolescentes con adultos.<\/p>\n\n\n\n<p class=\"has-text-align-justify has-text-color has-link-color wp-elements-39 wp-block-paragraph\" style=\"color:#010000\">Pero en lo que respecta a Elisa, s\u00f3lo Manuel y Paola fueron condenados. En junio de 2019, el juez Luis Alberto Sobot Banchero dispuso dos a\u00f1os y 11 meses de prisi\u00f3n para \u00e9l, como autor de un delito continuado de retribuci\u00f3n o promesa de retribuci\u00f3n a personas menores de edad para que ejecuten actos sexuales o er\u00f3ticos de cualquier tipo, y tres a\u00f1os de prisi\u00f3n para ella, como autora de un delito de omisi\u00f3n a los deberes inherentes a la patria potestad en reiteraci\u00f3n real con un delito de proxenetismo.<\/p>\n\n\n\n<p class=\"has-text-align-justify has-text-color has-link-color wp-elements-40 wp-block-paragraph\" style=\"color:#010000\">Otros cinco indagados, hombres cercanos a la familia, quedaron impunes. Incluso algunos que hab\u00edan sido denunciados por la propia Paola o por sus vecinas, o que admitieron haber pagado de alguna forma para abusar de las ni\u00f1as. \u201cMe dijo para tomar una cerveza, le llev\u00e9 varias\u201d, dijo ante el juez un hombre sobre lo que pidi\u00f3 Paola por que tuviera sexo con Elisa.<\/p>\n\n\n\n<p class=\"has-text-align-justify has-text-color has-link-color wp-elements-41 wp-block-paragraph\" style=\"color:#010000\">El juez aleg\u00f3 que si bien Elisa \u201cha mantenido relaciones sexuales con varios hombres desde los 14 a\u00f1os, [ella] se\u00f1ala que lo hizo voluntariamente, que no recibi\u00f3 ninguna retribuci\u00f3n a cambio y, a pesar de que su madre estaba enterada, no surge acreditado la obtenci\u00f3n de un lucro por su parte\u201d.<\/p>\n\n\n\n<p class=\"has-text-align-justify has-text-color has-link-color wp-elements-42 wp-block-paragraph\" style=\"color:#010000\">El panadero de 25 a\u00f1os, denunciado en 2015 por las maestras de Elisa, que advirtieron a Paola y a la Justicia que la adolescente conviv\u00eda con \u00e9l, tambi\u00e9n se libr\u00f3 de castigo. \u201cMi hija ahora tiene marido y yo no soy responsable\u201d, contest\u00f3 Paola a las maestras en aquel momento, seg\u00fan consta en el expediente. \u201c\u00c9l viene todas las noches a buscarla, y para que ella no se me escapara la dej\u00e9 ir a vivir con \u00e9l\u201d.<\/p>\n\n\n\n<p class=\"has-text-align-justify has-text-color has-link-color wp-elements-43 wp-block-paragraph\" style=\"color:#010000\">La Justicia no reaccion\u00f3 entonces, ni lo hizo en 2017, cuando volvi\u00f3 a posar los ojos en la familia de Elisa, a ra\u00edz de la denuncia de la vecina que condujo a la condena de Manuel y Paola. Para entonces, el propio panadero confirm\u00f3 la relaci\u00f3n en su declaraci\u00f3n judicial: \u201cHace dos a\u00f1os \u00e9ramos pareja, ella ten\u00eda 14 y yo 25. Viv\u00eda conmigo\u201d. \u201cYo fui al juzgado a pedir permiso. Me dijeron que s\u00ed, pero que ella ten\u00eda que seguir estudiando\u201d. El juez Sobot Banchero observ\u00f3 en su fallo que aquello hab\u00eda sido una \u201crelaci\u00f3n estable\u201d y que la adolescente dec\u00eda estar \u201cenamorada\u201d.<\/p>\n\n\n\n<p class=\"has-text-align-justify has-text-color has-link-color wp-elements-44 wp-block-paragraph\" style=\"color:#010000\">En respuesta a consultas de <em>openDemocracy<\/em>, el juez dijo que para procesar a otros sospechosos \u201cse requer\u00eda necesariamente la petici\u00f3n fiscal\u201d. \u201cSi luego de recabada la prueba por el fiscal y\/o juez, el fiscal consideraba que dicha prueba no era suficiente, no ped\u00eda el procesamiento y el juez no pod\u00eda disponerlo de oficio y consecuentemente no se pod\u00eda dictar una sentencia de condena si previamente no se hab\u00eda procesado por esos hechos nuevos\u201d, contest\u00f3 el juez en un mensaje de correo electr\u00f3nico. <em>openDemocracy<\/em> no pudo comunicarse con la fiscal a cargo de este caso, que se jubil\u00f3 en 2023.<\/p>\n\n\n\n<p class=\"has-text-color has-link-color wp-elements-45 wp-block-paragraph\" style=\"color:#010000\"><strong>\u201cEs como mi hija\u201d<\/strong><\/p>\n\n\n\n<p class=\"has-text-align-justify has-text-color has-link-color wp-elements-46 wp-block-paragraph\" style=\"color:#010000\">Si las v\u00edctimas son pobres y la explotaci\u00f3n ocurre en \u00e1mbitos dom\u00e9sticos o comunitarios, la investigaci\u00f3n judicial tiende a centrarse en si ella dijo que s\u00ed o que no, aunque la diferencia de edad \u201cno deber\u00eda dar lugar a dudas\u201d de que hubo delito, dijeron expertas a <em>openDemocracy<\/em>.<\/p>\n\n\n\n<p class=\"has-text-align-justify has-text-color has-link-color wp-elements-47 wp-block-paragraph\" style=\"color:#010000\">Se confunde aceptaci\u00f3n con consentimiento. \u201cUruguay viene bastante rezagado en incorporar el an\u00e1lisis del contexto de coerci\u00f3n\u201d, dijo Mariela Solari, exdirectora de la Unidad de V\u00edctimas y Testigos de la FGN.<\/p>\n\n\n\n<p class=\"has-text-align-justify has-text-color has-link-color wp-elements-48 wp-block-paragraph\" style=\"color:#010000\">Solari advirti\u00f3 que en la mayor\u00eda de estos casos no hay investigaci\u00f3n profunda y se termina condenando con las primeras pruebas disponibles.<\/p>\n\n\n\n<p class=\"has-text-align-justify has-text-color has-link-color wp-elements-49 wp-block-paragraph\" style=\"color:#010000\">El agresor denunciado, explic\u00f3 la abogada Fern\u00e1ndez, intentar\u00e1 reducir el conflicto a un enfrentamiento de \u201cpalabra contra palabra\u201d.<\/p>\n\n\n\n<p class=\"has-text-align-justify has-text-color has-link-color wp-elements-50 wp-block-paragraph\" style=\"color:#010000\">Cuando la Polic\u00eda le pregunt\u00f3 a Manuel por la acusaci\u00f3n de abuso a Elisa, contest\u00f3: \u201cMe sorprende, yo nunca la tocar\u00eda porque es como mi hija\u201d.<\/p>\n\n\n\n<p class=\"has-text-align-justify has-text-color has-link-color wp-elements-51 wp-block-paragraph\" style=\"color:#010000\">La FGN no cuenta con datos sobre la procedencia de las v\u00edctimas ni el g\u00e9nero de los victimarios. Pero las fuentes consultadas y la literatura advierten que la mayor\u00eda de los casos que llegan a tribunales involucran a ni\u00f1as de familias como la de Elisa, atravesadas por la pobreza.<\/p>\n\n\n\n<p class=\"has-text-align-justify has-text-color has-link-color wp-elements-52 wp-block-paragraph\" style=\"color:#010000\">La explotaci\u00f3n en circuitos de mayor poder adquisitivo es m\u00e1s opaca y esquiva.<\/p>\n\n\n\n<p class=\"has-text-align-justify has-text-color has-link-color wp-elements-53 wp-block-paragraph\" style=\"color:#010000\">Los explotadores suelen ser varones de edades, niveles socioecon\u00f3micos y ocupaciones variables, que se mueven en la intimidad y no se reconocen como victimarios.<\/p>\n\n\n\n<p class=\"has-text-align-justify has-text-color has-link-color wp-elements-54 wp-block-paragraph\" style=\"color:#010000\">\u201cManuel me dijo que fuera al cuarto [de la pensi\u00f3n] a buscar algo, subi\u00f3 atr\u00e1s m\u00edo y me agarr\u00f3 a la fuerza. Me baj\u00f3 el pantal\u00f3n y la bombacha. Y ah\u00ed me penetr\u00f3. \u00c9l me dec\u00eda que quer\u00eda que fuera su mujer\u201d, atestigu\u00f3 Elisa sobre la primera vez que Manuel la viol\u00f3. \u201cYo siempre le dec\u00eda que no, pero \u00e9l me dec\u00eda que era un ratito\u201d.<\/p>\n\n\n\n<p class=\"has-text-align-justify has-text-color has-link-color wp-elements-55 wp-block-paragraph\" style=\"color:#010000\">El soci\u00f3logo Luis Purtscher, que presidi\u00f3 el Conapees por m\u00e1s de 15 a\u00f1os, dijo: \u201cNo est\u00e1 mal visto que un se\u00f1or mayor \u2018ayude\u2019 a la familia de la gurisa que vive con \u00e9l. El intercambio puede ser desde una tarjeta de celular o un pedido de almac\u00e9n hasta prestarle un lugar para comer y vivir\u201d.<\/p>\n\n\n\n<p class=\"has-text-color has-link-color wp-elements-56 wp-block-paragraph\" style=\"color:#010000\"><strong>Sobrevivientes<\/strong><\/p>\n\n\n\n<p class=\"has-text-align-justify has-text-color has-link-color wp-elements-57 wp-block-paragraph\" style=\"color:#010000\">Elisa, Mariana y Camila sobrevivieron. Pasaron por a\u00f1os de \u201ctrabajo muy intenso en desaprender c\u00f3mo relacionarse, cosa que s\u00f3lo sab\u00edan hacer a trav\u00e9s del sexo\u201d, relat\u00f3 una psic\u00f3loga de los hogares de amparo en los que vivieron las hermanas.<\/p>\n\n\n\n<p class=\"has-text-align-justify has-text-color has-link-color wp-elements-58 wp-block-paragraph\" style=\"color:#010000\">Elisa logr\u00f3 recomponer su vida, trabajar como ni\u00f1era y en un supermercado en el oeste de Montevideo. \u201cEs la m\u00e1s resiliente, tiene conciencia de lo que pas\u00f3 y herramientas de cuidado\u201d, dijo la fuente. Elisa no accedi\u00f3 a una entrevista con <em>openDemocracy<\/em>, pero nos hizo llegar un mensaje: \u201cDespu\u00e9s de haberlo superado bastante, todav\u00eda duele\u201d.<\/p>\n\n\n\n<p class=\"has-text-align-justify has-text-color has-link-color wp-elements-59 wp-block-paragraph\" style=\"color:#010000\">Mariana tuvo una hija, vive en el interior del pa\u00eds y \u201cest\u00e1 bien\u201d, seg\u00fan la misma fuente.<\/p>\n\n\n\n<p class=\"has-text-align-justify has-text-color has-link-color wp-elements-60 wp-block-paragraph\" style=\"color:#010000\">Camila, de 19 a\u00f1os, est\u00e1 ingresada en una cl\u00ednica de salud mental y \u201csufre un da\u00f1o estructural cr\u00f3nico\u201d, dijo la psic\u00f3loga. \u201cPese a la terapia y al acompa\u00f1amiento especializado, no pudo revertir el da\u00f1o que le gener\u00f3 la explotaci\u00f3n, que fue brutal\u201d.<\/p>\n\n\n\n<p class=\"has-text-align-justify has-text-color has-link-color wp-elements-61 wp-block-paragraph\" style=\"color:#010000\">Despu\u00e9s de la c\u00e1rcel, Paola tuvo un sexto hijo. Al momento de publicar este art\u00edculo, supimos que personal del centro infantil al que concurre el ni\u00f1o, de cinco a\u00f1os, report\u00f3 a la Justicia sospechas de que ya est\u00e1 atrapado en la misma rueda de violencia sexual.<\/p>\n\n\n\n<p class=\"has-text-align-justify has-text-color has-link-color wp-elements-62 wp-block-paragraph\" style=\"color:#010000\"><em><strong>&#8211;<\/strong>Todos los nombres fueron cambiados para proteger la privacidad de las v\u00edctimas.<\/em><\/p>\n\n\n\n<p class=\"has-text-align-justify has-text-color has-link-color wp-elements-63 wp-block-paragraph\" style=\"color:#010000\"><strong>&#8211;<\/strong>Art\u00edculo publicado originalmente por <em><a href=\"https:\/\/www.opendemocracy.net\/es\/uruguay-explotaci%C3%B3n-sexual-infantil-ni%C3%B1as-ni%C3%B1os-adolescentes-hogares\/\">openDemocracy<\/a><\/em>. Es el <em><a href=\"https:\/\/ladiaria.com.uy\/feminismos\/articulo\/2025\/8\/el-hombre-que-convirtio-un-bar-en-un-centro-de-trata-sexual-en-uruguay\/\">segundo<\/a><\/em> de una investigaci\u00f3n sobre t\u00e1cticas, redes y perfiles de perpetradores de trata y explotaci\u00f3n sexual en los departamentos de Montevideo y Canelones.<\/p>\n\n\n\n<p class=\"has-text-align-justify has-text-color has-link-color wp-elements-64 wp-block-paragraph\" style=\"color:#010000\"><strong>*Angelina de los Santos<\/strong> es reportera de openDemocracy en Sudam\u00e9rica. Su trabajo con nosotros le vali\u00f3 el Premio Nacional de Prensa de Uruguay en 2024. Con una amplia experiencia en derechos humanos, cuestiones de g\u00e9nero y conflictos socioambientales, lleva casi diez a\u00f1os trabajando en medios sociales e internacionales. X: <a href=\"https:\/\/twitter.com\/angelinadlsh\">@angelinadlsh<\/a><\/p>\n\n\n\n<p class=\"has-text-align-justify has-text-color has-link-color wp-elements-65 wp-block-paragraph\" style=\"color:#010000\"><strong>**Cecilia Osorio<\/strong> es una periodista e investigadora uruguaya con estudios de m\u00e1ster sobre Am\u00e9rica Latina por la Universidad Complutense de Madrid y la Universidad de la Rep\u00fablica de Uruguay. Informa sobre temas de derechos humanos y tiene experiencia en radio, podcasts y medios impresos. X: @ceciliaosorioc<\/p>\n\n\n\n<p class=\"has-text-color has-link-color wp-elements-66 wp-block-paragraph\" style=\"color:#010000\"><\/p>\n\n\n\n<p class=\"wp-block-paragraph\"><\/p>\n","protected":false},"excerpt":{"rendered":"<p>La explotaci\u00f3n sexual infantil ocurre abrumadoramente en el \u00e1mbito dom\u00e9stico en este pa\u00eds \u201cejemplar\u201d que prefiere hacer la vista gorda.<\/p>\n","protected":false},"author":102520410,"featured_media":49503,"comment_status":"closed","ping_status":"","sticky":false,"template":"","format":"standard","meta":{"_coblocks_attr":"","_coblocks_dimensions":"","_coblocks_responsive_height":"","_coblocks_accordion_ie_support":"","advanced_seo_description":"","jetpack_seo_html_title":"","jetpack_seo_noindex":false,"jetpack_seo_schema_type":"","_jetpack_newsletter_access":"","_jetpack_dont_email_post_to_subs":false,"_jetpack_newsletter_tier_id":0,"_jetpack_memberships_contains_paywalled_content":false,"_wpcom_ai_launchpad_first_post":false,"_jetpack_feature_clip_id":0,"_jetpack_memberships_contains_paid_content":false,"footnotes":"","jetpack_post_was_ever_published":false},"categories":[12693],"tags":[17212,703610858,703606664],"class_list":["post-49495","post","type-post","status-publish","format-standard","has-post-thumbnail","hentry","category-uruguay","tag-america-latina","tag-prostitucion-infantil","tag-uruguay","fallback-thumbnail"],"jetpack_likes_enabled":false,"jetpack_sharing_enabled":true,"jetpack_shortlink":"https:\/\/wp.me\/p7lt2C-cSj","amp_enabled":true,"jetpack_featured_media_url":"https:\/\/i0.wp.com\/correspondenciadeprensa.com\/wp-content\/uploads\/2025\/09\/Uruguay14092025.jpg?fit=909%2C482&ssl=1","_links":{"self":[{"href":"https:\/\/correspondenciadeprensa.com\/index.php?rest_route=\/wp\/v2\/posts\/49495","targetHints":{"allow":["GET"]}}],"collection":[{"href":"https:\/\/correspondenciadeprensa.com\/index.php?rest_route=\/wp\/v2\/posts"}],"about":[{"href":"https:\/\/correspondenciadeprensa.com\/index.php?rest_route=\/wp\/v2\/types\/post"}],"author":[{"embeddable":true,"href":"https:\/\/correspondenciadeprensa.com\/index.php?rest_route=\/wp\/v2\/users\/102520410"}],"replies":[{"embeddable":true,"href":"https:\/\/correspondenciadeprensa.com\/index.php?rest_route=%2Fwp%2Fv2%2Fcomments&post=49495"}],"version-history":[{"count":9,"href":"https:\/\/correspondenciadeprensa.com\/index.php?rest_route=\/wp\/v2\/posts\/49495\/revisions"}],"predecessor-version":[{"id":49505,"href":"https:\/\/correspondenciadeprensa.com\/index.php?rest_route=\/wp\/v2\/posts\/49495\/revisions\/49505"}],"wp:featuredmedia":[{"embeddable":true,"href":"https:\/\/correspondenciadeprensa.com\/index.php?rest_route=\/wp\/v2\/media\/49503"}],"wp:attachment":[{"href":"https:\/\/correspondenciadeprensa.com\/index.php?rest_route=%2Fwp%2Fv2%2Fmedia&parent=49495"}],"wp:term":[{"taxonomy":"category","embeddable":true,"href":"https:\/\/correspondenciadeprensa.com\/index.php?rest_route=%2Fwp%2Fv2%2Fcategories&post=49495"},{"taxonomy":"post_tag","embeddable":true,"href":"https:\/\/correspondenciadeprensa.com\/index.php?rest_route=%2Fwp%2Fv2%2Ftags&post=49495"}],"curies":[{"name":"wp","href":"https:\/\/api.w.org\/{rel}","templated":true}]}}