{"id":49477,"date":"2025-09-13T16:56:47","date_gmt":"2025-09-13T14:56:47","guid":{"rendered":"https:\/\/correspondenciadeprensa.com\/?p=49477"},"modified":"2025-09-13T16:56:47","modified_gmt":"2025-09-13T14:56:47","slug":"brasil-un-11-de-septiembre-antigolpista-bolsonaro-condenado-marcelo-aguilar","status":"publish","type":"post","link":"https:\/\/correspondenciadeprensa.com\/?p=49477","title":{"rendered":"Brasil &#8211; Un 11 de septiembre antigolpista. Bolsonaro condenado. [Marcelo Aguilar]"},"content":{"rendered":"\n<p class=\"has-text-align-right wp-block-paragraph\"><sub>Alexandre de Moraes, juez del Supremo Tribunal Federal, en el juicio contra Jair Bolsonaro, en Brasilia, el 3 de setiembre. Xinhua, Lucio Tavora<\/sub><\/p>\n\n\n\n<p class=\"has-text-color has-link-color wp-elements-1 wp-block-paragraph\" style=\"color:#010000\"><strong>Marcelo Aguilar desde San Pablo\u00a0<\/strong><\/p>\n\n\n\n<p class=\"has-text-color has-link-color wp-elements-2 wp-block-paragraph\" style=\"color:#010000\"><strong><em><a href=\"https:\/\/brecha.com.uy\/bolsonaro-condenado\/\">Brecha<\/a><\/em>, 12-9-2025<\/strong><\/p>\n\n\n\n<p class=\"has-text-color has-link-color wp-elements-3 wp-block-paragraph\" style=\"color:#010000\"><strong><em><a href=\"https:\/\/correspondenciadeprensa.com\/\">Correspondencia de Prensa<\/a><\/em>, 13-9-2025<\/strong><\/p>\n\n\n\n<p class=\"has-text-align-justify has-text-color has-link-color wp-elements-4 wp-block-paragraph\" style=\"color:#010000\"><strong>En un fallo hist\u00f3rico, el Supremo Tribunal Federal brasile\u00f1o conden\u00f3 al expresidente Jair Bolsonaro y a exmandos civiles y militares por tentativa de golpe de Estado. Pero las presiones internas y externas para revertir el proceso no son nada desde\u00f1ables.<\/strong><\/p>\n\n\n\n<p class=\"has-text-align-justify has-text-color has-link-color wp-elements-5 wp-block-paragraph\" style=\"color:#010000\">En Brasil se viven horas hist\u00f3ricas. En la noche de este jueves, 11 de setiembre \u2013vaya fecha para condenar un golpe de Estado\u2013, los jueces del Supremo Tribunal Federal (STF) confirmaron lo que parec\u00eda un destino sellado: Jair Bolsonaro ir\u00e1 a prisi\u00f3n. La condena que recibi\u00f3 es de 27 a\u00f1os y tres meses de reclusi\u00f3n. Es la primera vez que un expresidente es condenado por atentar contra la democracia y liderar una organizaci\u00f3n criminal con ese fin. Los jueces de la m\u00e1xima instancia judicial formaron mayor\u00eda para condenarlo \u2013por cuatro votos a favor y uno en contra\u2013, al igual que a otras altas autoridades civiles y militares, por tratar de desconocer la derrota electoral de 2022 y permanecer en el poder. Seg\u00fan la denuncia de la fiscal\u00eda, los otros acusados integraron el \u00abn\u00facleo principal\u00bb de la organizaci\u00f3n criminal liderada por Bolsonaro. Entre ellos figuran Augusto Heleno, que dirig\u00eda el Gabinete de Seguridad Institucional bajo el gobierno de Bolsonaro, Walter Braga Netto, exministro de Defensa y candidato a vice en 2022, el exdirector de la Agencia Brasile\u00f1a de Inteligencia Alexandre Ramagem y el exministro de Defensa Paulo S\u00e9rgio Nogueira. Tambi\u00e9n integran la lista el exministro de Justicia Anderson Torres y Almir Garnier, comandante de la Marina durante la gesti\u00f3n del ultraderechista. El fiscal general, Paulo Gonet, narr\u00f3 con detallada cronolog\u00eda un proceso que ocurri\u00f3 frente a los ojos del pa\u00eds y que tuvo su punto m\u00e1s alto en la asonada contra los edificios de los poderes p\u00fablicos en Brasilia, del 8 de enero de 2023.<\/p>\n\n\n\n<p class=\"has-text-align-justify has-text-color has-link-color wp-elements-6 wp-block-paragraph\" style=\"color:#010000\">Thiago Bottino, profesor de Derecho Penal de la Fundaci\u00f3n Getulio Vargas, de R\u00edo de Janeiro, coment\u00f3 a <em>Brecha<\/em>que \u00abdada la historia brasile\u00f1a, turbulenta en t\u00e9rminos de democracia, es extremadamente importante poder investigar, procesar y condenar a personas que atentan contra la democracia\u00bb, y que esta condena es a\u00fan m\u00e1s significativa: \u00abYa pasamos por varias dictaduras, todas, sin excepci\u00f3n, apoyadas en el poder militar. No es solamente un presidente el que est\u00e1 siendo condenado, sino tambi\u00e9n excomandantes militares, y eso es muy importante para delimitar el papel de esas fuerzas en la democracia, que no es sustituir a la poblaci\u00f3n en la conducci\u00f3n del pa\u00eds\u00bb.<\/p>\n\n\n\n<p class=\"has-text-color has-link-color wp-elements-7 wp-block-paragraph\" style=\"color:#010000\"><strong>Al banquillo<\/strong><\/p>\n\n\n\n<p class=\"has-text-align-justify has-text-color has-link-color wp-elements-8 wp-block-paragraph\" style=\"color:#010000\">En la tarde de ayer, jueves, el voto de la ministra Carmen L\u00facia Antunes&nbsp;sell\u00f3 definitivamente la suerte de Bolsonaro. El de Cristiano Zanin, m\u00e1s tarde, la confirm\u00f3. \u00abHoy Brasil est\u00e1 frente a su pasado, presente y futuro\u00bb, dijo la magistrada al comenzar la fundamentaci\u00f3n de su decisi\u00f3n. \u00abHay pruebas cabales de que un grupo liderado por Jair Messias Bolsonaro, compuesto por figuras claves del gobierno, de las Fuerzas Armadas y de \u00f3rganos de inteligencia, desarrollaron e implementaron un plan progresivo y sistem\u00e1tico de ataque a las instituciones democr\u00e1ticas, con la finalidad de perjudicar la alternancia leg\u00edtima del poder en 2022, minar el libre ejercicio de los poderes constitucionales, en especial del Poder Judicial\u00bb, agreg\u00f3.<\/p>\n\n\n\n<p class=\"has-text-align-justify has-text-color has-link-color wp-elements-9 wp-block-paragraph\" style=\"color:#010000\">El juicio hab\u00eda comenzado el 2 de setiembre, con los alegatos de las defensas de los acusados. \u00abNo hay una sola prueba\u00bb que demuestre que el exmandatario atent\u00f3 contra el Estado democr\u00e1tico de derecho, dijeron entonces, apostando sus fichas a atacar la credibilidad de uno de los testimonios centrales en su contra, el de Mauro Cid, exsecretario personal y parte del c\u00edrculo m\u00e1s estrecho de Bolsonaro, que negoci\u00f3 declarar en contra de su expatr\u00f3n. Cid est\u00e1 preso, y en su tel\u00e9fono fueron encontrados documentos importantes, como un borrador de decreto de Garant\u00eda de la Ley y el Orden, considerada el preludio de un golpe. Adem\u00e1s, en su computadora la Polic\u00eda Federal hall\u00f3 el video de una reuni\u00f3n ministerial en la que Bolsonaro discute estrategias para impedir la victoria de Luiz In\u00e1cio Lula da Silva en la elecci\u00f3n de 2022.<\/p>\n\n\n\n<p class=\"has-text-align-justify has-text-color has-link-color wp-elements-10 wp-block-paragraph\" style=\"color:#010000\">El momento m\u00e1s tenso de los alegatos de las defensas ocurri\u00f3 cuando el abogado del exministro Nogueira dijo que su cliente hab\u00eda actuado para disuadir a Bolsonaro. \u00ab\u00bfPara disuadirlo de qu\u00e9?\u00bb, le pregunt\u00f3 la magistrada Antunes. El abogado respondi\u00f3: \u00abDe adoptar cualquier medida de excepci\u00f3n\u00bb. Lapidario.<\/p>\n\n\n\n<p class=\"has-text-align-justify has-text-color has-link-color wp-elements-11 wp-block-paragraph\" style=\"color:#010000\">El primero de los integrantes del STF en votar, el martes 9, fue Alexandre de Moraes, relator del caso y n\u00e9mesis de Bolsonaro. \u00abEl l\u00edder del grupo \u2013dijo De Moraes durante el juicio refiri\u00e9ndose al expresidente\u2013 ha dejado claro, en voz alta, de forma p\u00fablica, que jam\u00e1s aceptar\u00eda una derrota en las urnas, una derrota democr\u00e1tica en las elecciones, que jam\u00e1s cumplir\u00eda la voluntad popular\u00bb.<\/p>\n\n\n\n<p class=\"has-text-color has-link-color wp-elements-12 wp-block-paragraph\" style=\"color:#010000\"><strong><em>In Fux we trust<\/em><\/strong><\/p>\n\n\n\n<p class=\"has-text-align-justify has-text-color has-link-color wp-elements-13 wp-block-paragraph\" style=\"color:#010000\">El voto disidente fue el del ministro Luiz Fux, que absolvi\u00f3 a Bolsonaro y a la mayor\u00eda de los acusados de todos los cargos. Trece horas le llev\u00f3 su fundamentaci\u00f3n de voto, en la que sostuvo que el proceso deb\u00eda ser anulado porque el tribunal ser\u00eda \u00abincompetente\u00bb para juzgar a los acusados, que ya no ejerc\u00edan cargos p\u00fablicos cuando intentaron impedir la asunci\u00f3n de Lula. Esta argumentaci\u00f3n llam\u00f3 mucho la atenci\u00f3n, ya que el propio Fux ha participado del proceso de centenas de participantes de la asonada del 8 de enero y votado su condena. \u00abNo es que Fux no est\u00e9 convencido de los hechos. En ning\u00fan momento dijo que no ocurrieron. Lo que hizo fue darle otra interpretaci\u00f3n jur\u00eddica: opt\u00f3 por interpretar que una reuni\u00f3n con embajadores extranjeros para desacreditar el sistema electoral, o llamar a los comandantes de las fuerzas militares para presentar un proyecto que crea un estado de sitio previsto para tiempos de guerra, cuando Brasil no est\u00e1 en guerra, no es una tentativa de golpe\u00bb, dijo Bottino a <em>Brecha<\/em>. Y agreg\u00f3: \u00abEstamos hablando de una l\u00ednea del tiempo, de un conjunto de acciones que llevan al mismo potencial resultado. Mientras que el resto de los jueces observan todos esos hechos como un conjunto y van mostrando c\u00f3mo las piezas encajan, Fux los aisl\u00f3\u00bb. El pronunciamiento del juez disidente fue r\u00e1pidamente celebrado por la derecha brasile\u00f1a. \u00abEntra en la historia, porque desmonta la falsa narrativa del golpe y expone la persecuci\u00f3n\u00bb, dijo Flavio Bolsonaro, hijo de Jair y senador de la rep\u00fablica. La confianza de la derecha pol\u00edtica en el ministro Fux no es de hoy. Es muy recordada la afirmaci\u00f3n escrita en ingl\u00e9s por el exjuez de la operaci\u00f3n Lava Jato y exministro de Justicia de Bolsonaro, Sergio Moro, en un intercambio de mensajes con el fiscal de la operaci\u00f3n, Deltan Dallagnol, filtrado en la Vaza Jato, que desmont\u00f3 la operaci\u00f3n conducida por Moro (v\u00e9ase \u00abOperaci\u00f3n Vaza Jato\u00bb, Brecha, 14-VI-19). Cuando Dallagnol le coment\u00f3 a Moro que hab\u00eda conversado con Fux acerca de Lava Jato, Moro le respondi\u00f3: \u00ab<em>In <\/em>Fux<em> we trust<\/em>\u00bb, \u00aben Fux confiamos\u00bb. Este mi\u00e9rcoles, ya alejado de la fiscal\u00eda y dedicado a la pol\u00edtica, Dallagnol retuite\u00f3 aquella frase.<\/p>\n\n\n\n<p class=\"has-text-color has-link-color wp-elements-14 wp-block-paragraph\" style=\"color:#010000\"><strong>In\u00e9dito<\/strong><\/p>\n\n\n\n<p class=\"has-text-align-justify has-text-color has-link-color wp-elements-15 wp-block-paragraph\" style=\"color:#010000\">\u00abEstamos frente a un expresidente condenado en un proceso por golpe de Estado, algo muy central cuando pensamos en la construcci\u00f3n de una democracia. Para pa\u00edses como Brasil y Uruguay, que tuvieron experiencias autoritarias tan recientes, eso es un marco hist\u00f3rico innegable. En el caso brasile\u00f1o, por ser la primera vez es de una relevancia evidente\u00bb, dijo a <em>Brecha<\/em>Jorge Chaloub, profesor de Ciencias Pol\u00edticas de la Universidad Federal de R\u00edo de Janeiro y analista de la derecha pol\u00edtica. El hecho de que algunos de los principales condenados sean militares de alta graduaci\u00f3n agrega al caso a\u00fan m\u00e1s importancia: \u00abEs conocido que, a diferencia de otros pa\u00edses del continente, Brasil no ha juzgado a los torturadores y l\u00edderes de su dictadura militar. Aqu\u00ed hay, adem\u00e1s, cierta recurrencia hist\u00f3rica de acuerdos por lo alto que han impedido la condena de militares de alto grado. Y est\u00e1 el hecho de que la elecci\u00f3n y trayectoria de Bolsonaro han estado marcadas por su relaci\u00f3n con los militares\u00bb. Todos esos factores, explic\u00f3 Chaloub, dan a este fallo una relevancia particular. Consultado por <em>Brecha<\/em> sobre si la decisi\u00f3n del STF puede ser le\u00edda como un s\u00edntoma de salud de la cuestionada democracia brasile\u00f1a, afirm\u00f3: \u00abSin dudas lo es. Pero eso no significa que la democracia brasile\u00f1a est\u00e9 completamente saludable. A veces los moribundos pueden presentar s\u00edntomas positivos\u00bb. En la C\u00e1mara de Diputados, dijo, hay una intensa movilizaci\u00f3n a favor de una \u00abamnist\u00eda amplia e irrestricta\u00bb para Bolsonaro y los dem\u00e1s golpistas. \u00abEsto muestra que la cuesti\u00f3n es complicada.\u00bb<\/p>\n\n\n\n<p class=\"has-text-color has-link-color wp-elements-16 wp-block-paragraph\" style=\"color:#010000\"><strong>Presi\u00f3n interna<\/strong><\/p>\n\n\n\n<p class=\"has-text-align-justify has-text-color has-link-color wp-elements-17 wp-block-paragraph\" style=\"color:#010000\">En la \u00faltima semana, mientras se desarrollaba el juicio, el tema de la eventual amnist\u00eda fue uno de los m\u00e1s discutidos en la escena pol\u00edtica y estuvo presente en las numerosas manifestaciones del domingo pasado en todo el pa\u00eds en favor de Bolsonaro. En el acto central, realizado en la avenida Paulista de San Pablo, Tarc\u00edsio de Freitas, actual gobernador de ese estado y uno de los candidatos mejor posicionados en filas de la ultraderecha de cara a las presidenciales de 2026, dijo que \u00abnadie aguanta m\u00e1s la tiran\u00eda de Alexandre de Moraes\u00bb y reforz\u00f3 la demanda de una amnist\u00eda. El mi\u00e9rcoles 3, Valdemar Costa Neto, l\u00edder del Partido Liberal, al que pertenece Bolsonaro, declar\u00f3 a <em>Globo News<\/em> que la oposici\u00f3n tiene los votos necesarios para aprobar la amnist\u00eda en el Congreso. En esta cuenta, incluy\u00f3 los votos de los partidos Progresistas y Uni\u00f3n Brasil, que anunciaron la semana pasada su salida de la base de apoyo del gobierno de Lula. Y confirm\u00f3 que Tarc\u00edsio est\u00e1 participando activamente en la articulaci\u00f3n de la campa\u00f1a proamnist\u00eda. \u00abHay en esto un cierto riesgo para la democracia\u00bb, dijo a <em>Brecha<\/em>Bottino. \u00abCreer que una mayor\u00eda de legisladores puede perdonar un crimen de tentativa de golpe de Estado significa decir que basta tener una mayor\u00eda en el Congreso para intentar dar un golpe cada a\u00f1o\u00bb. Hacia ese objetivo se ha movilizado durante todo este tiempo la extrema derecha, record\u00f3. \u00abPretenden colocar a la poblaci\u00f3n contra las instituciones, desacreditar al sistema electoral, al Parlamento, al Poder Judicial, y consolidar la idea de que solamente existe una persona pura, salvadora de la patria, que puede conducir el pa\u00eds.\u00bb Chaloub sostiene, a su vez, que, a pesar de que la mayor\u00eda de la sociedad est\u00e1 a favor de castigar estos cr\u00edmenes, hay un contingente muy significativo de brasile\u00f1os que piensa lo contrario. \u00abCuando hay una parte numerosa de la poblaci\u00f3n que tolera atentados contra la democracia, no da para decir que esa democracia est\u00e1 con la mejor salud del mundo. La condena [a Bolsonaro y los dem\u00e1s golpistas] es un buen s\u00edntoma, pero hay otros que exigen mucho cuidado y son muy complicados.\u00bb<\/p>\n\n\n\n<p class=\"has-text-color has-link-color wp-elements-18 wp-block-paragraph\" style=\"color:#010000\"><strong>Viento norte<\/strong><\/p>\n\n\n\n<p class=\"has-text-align-justify has-text-color has-link-color wp-elements-19 wp-block-paragraph\" style=\"color:#010000\">Y est\u00e1n las presiones externas. El gobierno estadounidense de Donald Trump ha tratado de interferir en el resultado del juicio. \u00abEs una caza de brujas\u00bb, ha repetido el republicano, acusando al gobierno y a la justicia de Brasil de conspirar contra el ultraderechista. Tras confirmarse la condena de su aliado, Trump dijo: \u00abHicieron con Bolsonaro lo que trataron de hacer conmigo\u00bb. La ofensiva tiene una vertiente econ\u00f3mica, con los famosos aranceles de 50 por ciento impuestos por Washington a los productos exportados por Brasil hacia Estados Unidos, y una ofensiva pol\u00edtica, pautada por la inclusi\u00f3n de De Moraes en la Ley Magnitsky, que penaliza a personas que el gobierno estadounidense considera violadoras de derechos humanos. Adem\u00e1s, en julio, el secretario de Estado Marco Rubio anunci\u00f3 la revocaci\u00f3n de los visados de casi todos los jueces del STF. La escalada tuvo nuevos cap\u00edtulos en las \u00faltimas semanas. El viernes 5 Trump dijo estar \u00abmuy irritado\u00bb con Brasil, porque el gobierno \u00abcambi\u00f3 radicalmente para la izquierda y eso le est\u00e1 haciendo mucho da\u00f1o al pa\u00eds\u00bb, y tres d\u00edas despu\u00e9s el subsecretario de Diplomacia P\u00fablica del Departamento de Estado, Darren Beattie, afirm\u00f3 que Washington continuar\u00e1 tomando las \u00abmedidas necesarias contra quienes atacan las libertades fundamentales\u00bb. El martes, al responder a la pregunta de un periodista sobre qu\u00e9 har\u00eda Estados Unidos en caso de una condena a Bolsonaro, la portavoz de la Casa Blanca, Karoline Leavitt, dijo que Trump est\u00e1 dispuesto a \u00abutilizar medios econ\u00f3micos y medios militares para proteger la libertad de expresi\u00f3n alrededor del mundo\u00bb. Ayer, jueves, Rubio redobl\u00f3 la apuesta al anunciar que su pa\u00eds \u00abresponder\u00e1 a la altura\u00bb de lo sucedido.<\/p>\n\n\n\n<p class=\"has-text-align-justify has-text-color has-link-color wp-elements-20 wp-block-paragraph\" style=\"color:#010000\">Eduardo Bolsonaro, otro de los hijos del expresidente, tambi\u00e9n legislador y radicado en Miami, ha sido el principal articulador de las sanciones estadounidenses contra Brasil. Y luego en favor de una amnist\u00eda, \u00abel precio m\u00e1s barato a pagar\u00bb por los dem\u00e1s jueces del STF si quieren evitar ser sancionados por Washington, como lo fue De Moraes, seg\u00fan amenaz\u00f3. \u00abEn cualquier lugar del planeta lo que Eduardo Bolsonaro est\u00e1 haciendo es considerado un crimen de alta traici\u00f3n. Es muy bizarro\u00bb, afirma Bottino.<\/p>\n\n\n\n<p class=\"has-text-align-justify has-text-color has-link-color wp-elements-21 wp-block-paragraph\" style=\"color:#010000\">La bandera estadounidense, as\u00ed como la de Israel, han estado omnipresentes en las manifestaciones bolsonaristas de las \u00faltimas semanas, particularmente en el acto en la avenida Paulista, donde tambi\u00e9n abundaron las s\u00faplicas a Trump para que act\u00fae. Para Chaloub, la condena a Bolsonaro y sus c\u00f3mplices \u00abpuede representar un dique de contenci\u00f3n contra la extrema derecha, pero no quiere decir que ese dique sea indestructible\u00bb. \u00abLo fundamental es que la condena se mantenga firme, que no haya amnist\u00eda, que Bolsonaro y la antigua c\u00fapula de las Fuerzas Armadas vayan presos. Solo eso desestimular\u00eda tentativas golpistas y funcionar\u00eda como una demostraci\u00f3n de fuerza de la democracia brasile\u00f1a.\u00bb<\/p>\n\n\n\n<p class=\"has-text-align-justify has-text-color has-link-color wp-elements-22 wp-block-paragraph\" style=\"color:#010000\">Hace un tiempo, Bolsonaro clam\u00f3 a los cuatro vientos que ten\u00eda \u00abtres alternativas\u00bb para su futuro: \u00abEstar preso, estar muerto o la victoria\u00bb. Le acert\u00f3 en la primera, aunque hab\u00eda previsto que era la \u00fanica \u00abrealmente inexistente\u00bb.<\/p>\n\n\n\n<p class=\"has-text-color has-link-color wp-elements-23 wp-block-paragraph\" style=\"color:#010000\"><strong>Aqu\u00ed est\u00e1n, estos son los condenados<\/strong><\/p>\n\n\n\n<p class=\"has-text-align-justify has-text-color has-link-color wp-elements-24 wp-block-paragraph\" style=\"color:#010000\">En la noche del jueves, tras el \u00faltimo voto, los jueces del STF definieron las penas.<\/p>\n\n\n\n<p class=\"has-text-color has-link-color wp-elements-25 wp-block-paragraph\" style=\"color:#010000\"><strong>Jair Messias Bolsonaro<\/strong>. Expresidente de Brasil<\/p>\n\n\n\n<p class=\"has-text-align-justify has-text-color has-link-color wp-elements-26 wp-block-paragraph\" style=\"color:#010000\">Identificado como el jefe de la organizaci\u00f3n criminal, fue sentenciado a 27 a\u00f1os y tres meses de prisi\u00f3n, en r\u00e9gimen inicial cerrado, y al pago de multas.<\/p>\n\n\n\n<p class=\"has-text-color has-link-color wp-elements-27 wp-block-paragraph\" style=\"color:#010000\"><strong>Mauro Cid<\/strong>. Exsecretario de Bolsonaro<\/p>\n\n\n\n<p class=\"has-text-align-justify has-text-color has-link-color wp-elements-28 wp-block-paragraph\" style=\"color:#010000\">Tras haber colaborado con la investigaci\u00f3n a trav\u00e9s de la \u00abdelaci\u00f3n premiada\u00bb, recibi\u00f3 una pena de dos a\u00f1os de prisi\u00f3n en r\u00e9gimen abierto.<\/p>\n\n\n\n<p class=\"has-text-color has-link-color wp-elements-29 wp-block-paragraph\" style=\"color:#010000\"><strong>Alexandre Ramagem<\/strong>. Comisario de la Polic\u00eda Federal, diputado federal, exdirector de la Agencia Brasile\u00f1a de Inteligencia.<\/p>\n\n\n\n<p class=\"has-text-align-justify has-text-color has-link-color wp-elements-30 wp-block-paragraph\" style=\"color:#010000\">Condenado a 16 a\u00f1os y un mes, en r\u00e9gimen inicial cerrado, y al pago de multas.<\/p>\n\n\n\n<p class=\"has-text-color has-link-color wp-elements-31 wp-block-paragraph\" style=\"color:#010000\"><strong>Almir Garnier<\/strong>. Excomandante de la Marina.<\/p>\n\n\n\n<p class=\"has-text-align-justify has-text-color has-link-color wp-elements-32 wp-block-paragraph\" style=\"color:#010000\">Condenado a 24 a\u00f1os de prisi\u00f3n, en r\u00e9gimen inicial cerrado, y a pagar multas.<\/p>\n\n\n\n<p class=\"has-text-align-justify has-text-color has-link-color wp-elements-33 wp-block-paragraph\" style=\"color:#010000\"><strong>Anderson Torres<\/strong>. Comisario de la Polic\u00eda Federal, exministro de Justicia y exsecretario de Seguridad del Distrito Federal de Brasilia.<\/p>\n\n\n\n<p class=\"has-text-align-justify has-text-color has-link-color wp-elements-34 wp-block-paragraph\" style=\"color:#010000\">Sentenciado a 24 a\u00f1os de prisi\u00f3n \u2013inicio de la pena en r\u00e9gimen cerrado\u2013 y a pagar multas.<\/p>\n\n\n\n<p class=\"wp-block-paragraph\"><\/p>\n","protected":false},"excerpt":{"rendered":"<p>\u00abHay pruebas cabales de que un grupo liderado por Jair Messias Bolsonaro, compuesto por figuras claves del gobierno, de las Fuerzas Armadas y de \u00f3rganos de inteligencia, desarrollaron e implementaron un plan progresivo y sistem\u00e1tico de ataque a las instituciones democr\u00e1ticas, con la finalidad de perjudicar la alternancia leg\u00edtima del poder en 2022, minar el libre ejercicio de los poderes constitucionales, en especial del Poder Judicial\u00bb.<\/p>\n","protected":false},"author":102520410,"featured_media":49479,"comment_status":"closed","ping_status":"","sticky":false,"template":"","format":"standard","meta":{"_coblocks_attr":"","_coblocks_dimensions":"","_coblocks_responsive_height":"","_coblocks_accordion_ie_support":"","advanced_seo_description":"","jetpack_seo_html_title":"","jetpack_seo_noindex":false,"jetpack_seo_schema_type":"","_jetpack_newsletter_access":"","_jetpack_dont_email_post_to_subs":false,"_jetpack_newsletter_tier_id":0,"_jetpack_memberships_contains_paywalled_content":false,"_wpcom_ai_launchpad_first_post":false,"_jetpack_feature_clip_id":0,"_jetpack_memberships_contains_paid_content":false,"footnotes":"","jetpack_post_was_ever_published":false},"categories":[703610854],"tags":[],"class_list":["post-49477","post","type-post","status-publish","format-standard","has-post-thumbnail","hentry","category-brasil","fallback-thumbnail"],"jetpack_likes_enabled":false,"jetpack_sharing_enabled":true,"jetpack_shortlink":"https:\/\/wp.me\/p7lt2C-cS1","amp_enabled":true,"jetpack_featured_media_url":"https:\/\/i0.wp.com\/correspondenciadeprensa.com\/wp-content\/uploads\/2025\/09\/Brasil13092025.jpg?fit=1494%2C673&ssl=1","_links":{"self":[{"href":"https:\/\/correspondenciadeprensa.com\/index.php?rest_route=\/wp\/v2\/posts\/49477","targetHints":{"allow":["GET"]}}],"collection":[{"href":"https:\/\/correspondenciadeprensa.com\/index.php?rest_route=\/wp\/v2\/posts"}],"about":[{"href":"https:\/\/correspondenciadeprensa.com\/index.php?rest_route=\/wp\/v2\/types\/post"}],"author":[{"embeddable":true,"href":"https:\/\/correspondenciadeprensa.com\/index.php?rest_route=\/wp\/v2\/users\/102520410"}],"replies":[{"embeddable":true,"href":"https:\/\/correspondenciadeprensa.com\/index.php?rest_route=%2Fwp%2Fv2%2Fcomments&post=49477"}],"version-history":[{"count":4,"href":"https:\/\/correspondenciadeprensa.com\/index.php?rest_route=\/wp\/v2\/posts\/49477\/revisions"}],"predecessor-version":[{"id":49482,"href":"https:\/\/correspondenciadeprensa.com\/index.php?rest_route=\/wp\/v2\/posts\/49477\/revisions\/49482"}],"wp:featuredmedia":[{"embeddable":true,"href":"https:\/\/correspondenciadeprensa.com\/index.php?rest_route=\/wp\/v2\/media\/49479"}],"wp:attachment":[{"href":"https:\/\/correspondenciadeprensa.com\/index.php?rest_route=%2Fwp%2Fv2%2Fmedia&parent=49477"}],"wp:term":[{"taxonomy":"category","embeddable":true,"href":"https:\/\/correspondenciadeprensa.com\/index.php?rest_route=%2Fwp%2Fv2%2Fcategories&post=49477"},{"taxonomy":"post_tag","embeddable":true,"href":"https:\/\/correspondenciadeprensa.com\/index.php?rest_route=%2Fwp%2Fv2%2Ftags&post=49477"}],"curies":[{"name":"wp","href":"https:\/\/api.w.org\/{rel}","templated":true}]}}