{"id":49399,"date":"2025-09-07T19:37:21","date_gmt":"2025-09-07T17:37:21","guid":{"rendered":"https:\/\/correspondenciadeprensa.com\/?p=49399"},"modified":"2025-09-07T19:37:23","modified_gmt":"2025-09-07T17:37:23","slug":"brasil-bolsonaro-sigue-siendo-insustituible-isabela-kalil","status":"publish","type":"post","link":"https:\/\/correspondenciadeprensa.com\/?p=49399","title":{"rendered":"Brasil &#8211; \u201cBolsonaro sigue siendo insustituible\u201d. [Isabela Kalil]"},"content":{"rendered":"\n<p class=\"has-text-color has-link-color wp-elements-1 wp-block-paragraph\" style=\"color:#010000\"><strong>Amanda Audi<\/strong><\/p>\n\n\n\n<p class=\"has-text-color has-link-color wp-elements-2 wp-block-paragraph\" style=\"color:#010000\"><strong><em><a href=\"https:\/\/ladiaria.com.uy\/mundo\/articulo\/2025\/9\/isabela-kalil-bolsonaro-sigue-siendo-insustituible\/\">La Diaria<\/a><\/em>, 6-9-2025<\/strong><\/p>\n\n\n\n<p class=\"has-text-color has-link-color wp-elements-3 wp-block-paragraph\" style=\"color:#010000\"><strong><em><a href=\"https:\/\/correspondenciadeprensa.com\/\">Correspondencia de Prensa<\/a><\/em>, 7-9-2025<\/strong><\/p>\n\n\n\n<p class=\"has-text-align-justify has-text-color has-link-color wp-elements-4 wp-block-paragraph\" style=\"color:#010000\"><strong>La antrop\u00f3loga, especialista en bolsonarismo, observa c\u00f3mo empresarios y militares se distancian p\u00fablicamente y los evang\u00e9licos se fortalecen.<\/strong><\/p>\n\n\n\n<p class=\"has-text-align-justify has-text-color has-link-color wp-elements-5 wp-block-paragraph\" style=\"color:#010000\">Cuando est\u00e1 en marcha el juicio que puede condenar al expresidente de Brasil Jair Bolsonaro, el movimiento llamado \u201cbolsonarismo\u201d, que antes movilizaba sectores organizados, como empresarios y el agronegocio, muestra se\u00f1ales de cambio. Hoy aparece m\u00e1s disperso en burbujas menores y en acciones individuales. Es un reflejo de episodios recientes, como el tarifazo de Donald Trump, que afect\u00f3 directamente a parte de esa base.<\/p>\n\n\n\n<p class=\"has-text-align-justify has-text-color has-link-color wp-elements-6 wp-block-paragraph\" style=\"color:#010000\">Para la antrop\u00f3loga Isabela Kalil, coordinadora de posgrados en Antropolog\u00eda de la Fundaci\u00f3n Escuela de Sociolog\u00eda y Pol\u00edtica de San Pablo, que sigue a los grupos bolsonaristas desde hace a\u00f1os, esos movimientos no significan que Bolsonaro haya perdido el poder. \u201cAunque no es elegible y su encarcelamiento es inminente, todav\u00eda se le considera una figura insustituible\u201d, afirma.<\/p>\n\n\n\n<p class=\"has-text-align-justify has-text-color has-link-color wp-elements-7 wp-block-paragraph\" style=\"color:#010000\">En entrevista con <em>Agencia P\u00fablica<\/em>, Kalil explica los cambios que observa en el comportamiento de los bolsonaristas en relaci\u00f3n con las elecciones pasadas, las de 2022. Tambi\u00e9n habla sobre los posibles herederos de la extrema derecha. Para Kalil, la ex primera dama Michelle Bolsonaro tiene m\u00e1s potencial para ser la heredera pol\u00edtica de su esposo que los hijos del expresidente.<\/p>\n\n\n\n<p class=\"has-text-align-justify has-text-color has-link-color wp-elements-8 wp-block-paragraph\" style=\"color:#010000\"><strong>Ante el juicio de Bolsonaro, \u00bfqu\u00e9 se\u00f1ales observa en los grupos bolsonaristas en t\u00e9rminos de movilizaci\u00f3n y compromiso? \u00bfExiste un clima de expectativa, apat\u00eda o radicalizaci\u00f3n?<\/strong><\/p>\n\n\n\n<p class=\"has-text-align-justify has-text-color has-link-color wp-elements-9 wp-block-paragraph\" style=\"color:#010000\">Parten del supuesto de que es una persecuci\u00f3n pol\u00edtica, entonces es como si no hubiera juicio, como si fuera una actuaci\u00f3n para llegar a un resultado predeterminado desde el comienzo. Creen que vivimos bajo una dictadura judicial.<\/p>\n\n\n\n<p class=\"has-text-align-justify has-text-color has-link-color wp-elements-10 wp-block-paragraph\" style=\"color:#010000\">No hay expectativa de que pase algo distinto, sino m\u00e1s bien una creciente desconfianza en las instituciones, e incluso en relaci\u00f3n con la realidad. La movilizaci\u00f3n apunta m\u00e1s en el sentido de no cumplir con la orden judicial que en actos violentos, como la destrucci\u00f3n de la Corte Suprema o algo similar.<\/p>\n\n\n\n<p class=\"has-text-align-justify has-text-color has-link-color wp-elements-11 wp-block-paragraph\" style=\"color:#010000\">Siempre existe el temor de ataques aislados, como ocurri\u00f3 a las puertas del Supremo Tribunal Federal, pero es diferente a lo que ocurr\u00eda en 2022, cuando vimos la movilizaci\u00f3n de grupos, incluso grupos armados. Ahora no veo algo as\u00ed. Por lo tanto, si hay radicalizaci\u00f3n, ser\u00e1 m\u00e1s de individuos, en forma aislada.<\/p>\n\n\n\n<p class=\"has-text-align-justify has-text-color has-link-color wp-elements-12 wp-block-paragraph\" style=\"color:#010000\"><strong>\u00bfQu\u00e9 segmentos del bolsonarismo est\u00e1n m\u00e1s activos actualmente? \u00bfExisten fisuras entre ellos?<\/strong><\/p>\n\n\n\n<p class=\"has-text-align-justify has-text-color has-link-color wp-elements-13 wp-block-paragraph\" style=\"color:#010000\">Despu\u00e9s del 8 de enero [de 2023, cuando bolsonaristas asaltaron las sedes de los tres poderes del Estado], los empresarios y los militares salieron un poco de escena. Por lo menos desde el punto de vista p\u00fablico, dejando un vac\u00edo que pas\u00f3 a ser ocupado por los evang\u00e9licos. Esto ocurre, principalmente, en la figura del pastor Silas Malafaia, que organiz\u00f3 las \u00faltimas protestas del bolsonarismo en las calles. Estos eventos incluso comenzaron a utilizar la estructura de eventos religiosos, como autos con altavoces y pantallas gigantes.<\/p>\n\n\n\n<p class=\"has-text-align-justify has-text-color has-link-color wp-elements-14 wp-block-paragraph\" style=\"color:#010000\">A pesar de este componente religioso, actualmente los segmentos m\u00e1s activos son aquellos que se conectaron con el debate sobre la libertad de expresi\u00f3n, principalmente en las plataformas digitales. La idea de la libertad de expresi\u00f3n est\u00e1 vinculada al trumpismo y a las acciones de Elon Musk tras la prohibici\u00f3n temporal de X en Brasil.<\/p>\n\n\n\n<p class=\"has-text-align-justify has-text-color has-link-color wp-elements-15 wp-block-paragraph\" style=\"color:#010000\">\u00bfQu\u00e9 pas\u00f3 en el caso de los empresarios? Como los sectores de los empresarios y del agronegocio fueron directamente afectados por el tarifazo impuesto por Trump, hubo una retracci\u00f3n. Aunque algunos puedan decir p\u00fablicamente que la culpa es de Lula, estos sectores adoptaron una visi\u00f3n pragm\u00e1tica.<\/p>\n\n\n\n<p class=\"has-text-align-justify has-text-color has-link-color wp-elements-16 wp-block-paragraph\" style=\"color:#010000\">Ahora los m\u00e1s activos son las personas comunes. Hoy el bolsonarismo est\u00e1 m\u00e1s disperso. A diferencia de lo que era algunos a\u00f1os atr\u00e1s, en que se pod\u00eda identificar segmentos espec\u00edficos m\u00e1s fuertemente unidos en torno a la figura de Bolsonaro. Hoy hay una dispersi\u00f3n mayor en torno de esa noci\u00f3n, principalmente por las divergencias de vis\u00f3n sobre el 8 de enero y la idea de la libertad de expresi\u00f3n.<\/p>\n\n\n\n<p class=\"has-text-align-justify has-text-color has-link-color wp-elements-17 wp-block-paragraph\" style=\"color:#010000\"><strong>\u00bfEn qu\u00e9 medida la base bolsonarista todav\u00eda considera a Bolsonaro como una figura irremplazable? \u00bfHay margen para que emerjan otros nombres?<\/strong><\/p>\n\n\n\n<p class=\"has-text-align-justify has-text-color has-link-color wp-elements-18 wp-block-paragraph\" style=\"color:#010000\">Aunque no es elegible e incluso aunque la prisi\u00f3n est\u00e9 pr\u00f3xima, creo que todav\u00eda es visto como una figura irremplazable. Y esto no es s\u00f3lo una cuesti\u00f3n de los votantes, sino tambi\u00e9n pragm\u00e1tica en el campo de la derecha y la extrema derecha.<\/p>\n\n\n\n<p class=\"has-text-align-justify has-text-color has-link-color wp-elements-19 wp-block-paragraph\" style=\"color:#010000\">Con las elecciones, Bolsonaro pas\u00f3 a ser hegem\u00f3nico, consolid\u00f3 el campo de la extrema derecha, que carec\u00eda de consolidaci\u00f3n institucional en Brasil. Tambi\u00e9n est\u00e1 el problema de la coyuntura, como la desintegraci\u00f3n del PSDB [Partido de la Social Democracia Brasile\u00f1a], por ejemplo. Fuerzas pol\u00edticas m\u00e1s tradicionales o m\u00e1s j\u00f3venes de derecha se han acercado. El bolsonarismo arrastr\u00f3 a la derecha en su conjunto. Por lo tanto, Bolsonaro es una figura insustituible dentro del campo de la derecha m\u00e1s amplia, incluso aunque haya espacio para otros nombres.<\/p>\n\n\n\n<p class=\"has-text-align-justify has-text-color has-link-color wp-elements-20 wp-block-paragraph\" style=\"color:#010000\">Ahora, las encuestas muestran que los hijos de Bolsonaro no tienen credibilidad [ante el] electorado. Existe desconfianza hacia ellos. Si los bolsonaristas tuvieran que votar a sus hijos, algunos no lo har\u00edan, y otros lo har\u00edan a disgusto. Sin embargo, no veo las mismas reservas en relaci\u00f3n con Michelle Bolsonaro. Creo que tiene el potencial de ser la heredera m\u00e1s fuerte del bolsonarismo dentro de la familia.<\/p>\n\n\n\n<p class=\"has-text-align-justify has-text-color has-link-color wp-elements-21 wp-block-paragraph\" style=\"color:#010000\">Fuera de la familia, creo que es Tarc\u00edsio de Freitas [gobernador de San Pablo], pero dentro de la familia, Michelle tiene este capital pol\u00edtico. Por ser mujer, atraer\u00eda un tipo de bolsonarismo moderado. Para el tipo de votante bolsonarista que cree que una mujer no ser\u00eda capaz de dirigir su propia candidatura, queda la idea de que ella tiene una proximidad muy grande con Bolsonaro y ser\u00eda una intermediaria del propio Bolsonaro. Incluso en el caso de una posible prisi\u00f3n domiciliaria, por estar en la misma casa.<\/p>\n\n\n\n<p class=\"has-text-align-justify has-text-color has-link-color wp-elements-22 wp-block-paragraph\" style=\"color:#010000\">Soy muy esc\u00e9ptica cuando alguna figura del movimiento bolsonarista dice si va a candidatearse o no, o cu\u00e1les son sus planes, porque cambian a cada minuto. Pero s\u00ed, Bolsonaro sigue siendo una figura insustituible. Porque es el \u00fanico que consigue agradar, de una cierta forma, a un amplio espectro pol\u00edtico, algo que ninguno de sus herederos conseguir\u00e1 hacer de la misma manera.<\/p>\n\n\n\n<p class=\"has-text-align-justify has-text-color has-link-color wp-elements-23 wp-block-paragraph\" style=\"color:#010000\"><strong>\u00bfC\u00f3mo los liderazgos digitales del bolsonarismo est\u00e1n pautando la narrativa sobre este juicio?<\/strong><\/p>\n\n\n\n<p class=\"has-text-align-justify has-text-color has-link-color wp-elements-24 wp-block-paragraph\" style=\"color:#010000\">El involucramiento de figuras internacionales como Musk, Steve Bannon y Trump da argumentos a los bolsonaristas, si hubiese un reconocimiento internacional de la supuesta supresi\u00f3n de la libertad de expresi\u00f3n, como si el juicio fuera realmente parcial. La primera persona en hacer esto fue Musk. Antes, no ten\u00edan liderazgos que colocaran esto en esos t\u00e9rminos. Incluso durante el primer mandato de Trump, era m\u00e1s probable que Bolsonaro siguiera a Trump a que este le retribuyera cualquier tipo de gesto, de di\u00e1logo o de alineamiento.<\/p>\n\n\n\n<p class=\"has-text-align-justify has-text-color has-link-color wp-elements-25 wp-block-paragraph\" style=\"color:#010000\">El trumpismo les dio a Lula y al Partido de los Trabajadores una cierta ventaja en t\u00e9rminos de defender una agenda soberanista, pero, por otro lado, para los bolsonaristas tambi\u00e9n aliment\u00f3 la narrativa de persecuci\u00f3n pol\u00edtica, que se conecta con la discusi\u00f3n sobre las <em>big techs<\/em>.<\/p>\n\n\n\n<p class=\"has-text-align-justify has-text-color has-link-color wp-elements-26 wp-block-paragraph\" style=\"color:#010000\"><strong>\u00bfHa percibido un movimiento de bolsonaristas que \u201cabandonan el barco\u201d o la mayor\u00eda de la base se mantiene firme?<\/strong><\/p>\n\n\n\n<p class=\"has-text-align-justify has-text-color has-link-color wp-elements-27 wp-block-paragraph\" style=\"color:#010000\">Existen bolsonaristas que abandonan el barco, hasta por razones de autopreservaci\u00f3n, para no quedar envueltos en problemas con la Justicia. Pero otra cosa es el voto.<\/p>\n\n\n\n<p class=\"has-text-align-justify has-text-color has-link-color wp-elements-28 wp-block-paragraph\" style=\"color:#010000\">Cuando realizamos la investigaci\u00f3n durante las \u00faltimas elecciones, se observ\u00f3 un fen\u00f3meno de hombres j\u00f3venes que, en el <em>focus group<\/em>, dec\u00edan que no iban a votar a Bolsonaro. En aquel entonces, en 2022, hab\u00eda una dimensi\u00f3n de la gesti\u00f3n de la pandemia de covid, de personas que hab\u00edan sufrido muertes en su familia y se negaban a decir p\u00fablicamente que apoyaban a Bolsonaro. Dijeron que se sent\u00edan inc\u00f3modos al decir a sus parejas, madres, amigos o a su jefe en el trabajo que votaron a Bolsonaro, pero, a medida que avanzaba el focus group, se comenzaban a sentir c\u00f3modos para decirlo.<\/p>\n\n\n\n<p class=\"has-text-align-justify has-text-color has-link-color wp-elements-29 wp-block-paragraph\" style=\"color:#010000\">Creo que una manifestaci\u00f3n p\u00fablica de apoyo al bolsonarismo es una cosa. Otra cosa es votar al heredero pol\u00edtico de Bolsonaro o a alguien a quien Bolsonaro apoye. No podemos medirlo. Vamos a tener que esperar a ver el impacto del juicio, si reduce todav\u00eda m\u00e1s la base bolsonarista, y c\u00f3mo se desarrollar\u00e1n las disputas sobre los herederos del bolsonarismo. -Entrevista fue publicada originalmente en <a href=\"https:\/\/ladiaria.com.uy\/mundo\/articulo\/2025\/9\/isabela-kalil-bolsonaro-sigue-siendo-insustituible\/https%3e\/apublica.org\/2025\/09\/bolsonaro-ainda-e-insubstituivel-diz-antropologa-isabela-kalil\"><em>Agencia P\u00fablica<\/em><\/a>, 2-9-2025<\/p>\n\n\n\n<p class=\"wp-block-paragraph\"><\/p>\n","protected":false},"excerpt":{"rendered":"<p>La antrop\u00f3loga, especialista en bolsonarismo, observa c\u00f3mo empresarios y militares se distancian p\u00fablicamente y los evang\u00e9licos se fortalecen.<\/p>\n","protected":false},"author":102520410,"featured_media":49404,"comment_status":"closed","ping_status":"","sticky":false,"template":"","format":"standard","meta":{"_coblocks_attr":"","_coblocks_dimensions":"","_coblocks_responsive_height":"","_coblocks_accordion_ie_support":"","advanced_seo_description":"","jetpack_seo_html_title":"","jetpack_seo_noindex":false,"jetpack_seo_schema_type":"","_jetpack_newsletter_access":"","_jetpack_dont_email_post_to_subs":false,"_jetpack_newsletter_tier_id":0,"_jetpack_memberships_contains_paywalled_content":false,"_wpcom_ai_launchpad_first_post":false,"_jetpack_feature_clip_id":0,"_jetpack_memberships_contains_paid_content":false,"footnotes":"","jetpack_post_was_ever_published":false},"categories":[703610854],"tags":[],"class_list":["post-49399","post","type-post","status-publish","format-standard","has-post-thumbnail","hentry","category-brasil","fallback-thumbnail"],"jetpack_likes_enabled":false,"jetpack_sharing_enabled":true,"jetpack_shortlink":"https:\/\/wp.me\/p7lt2C-cQL","amp_enabled":true,"jetpack_featured_media_url":"https:\/\/i0.wp.com\/correspondenciadeprensa.com\/wp-content\/uploads\/2025\/09\/Brasil07092025.jpg?fit=1248%2C652&ssl=1","_links":{"self":[{"href":"https:\/\/correspondenciadeprensa.com\/index.php?rest_route=\/wp\/v2\/posts\/49399","targetHints":{"allow":["GET"]}}],"collection":[{"href":"https:\/\/correspondenciadeprensa.com\/index.php?rest_route=\/wp\/v2\/posts"}],"about":[{"href":"https:\/\/correspondenciadeprensa.com\/index.php?rest_route=\/wp\/v2\/types\/post"}],"author":[{"embeddable":true,"href":"https:\/\/correspondenciadeprensa.com\/index.php?rest_route=\/wp\/v2\/users\/102520410"}],"replies":[{"embeddable":true,"href":"https:\/\/correspondenciadeprensa.com\/index.php?rest_route=%2Fwp%2Fv2%2Fcomments&post=49399"}],"version-history":[{"count":5,"href":"https:\/\/correspondenciadeprensa.com\/index.php?rest_route=\/wp\/v2\/posts\/49399\/revisions"}],"predecessor-version":[{"id":49405,"href":"https:\/\/correspondenciadeprensa.com\/index.php?rest_route=\/wp\/v2\/posts\/49399\/revisions\/49405"}],"wp:featuredmedia":[{"embeddable":true,"href":"https:\/\/correspondenciadeprensa.com\/index.php?rest_route=\/wp\/v2\/media\/49404"}],"wp:attachment":[{"href":"https:\/\/correspondenciadeprensa.com\/index.php?rest_route=%2Fwp%2Fv2%2Fmedia&parent=49399"}],"wp:term":[{"taxonomy":"category","embeddable":true,"href":"https:\/\/correspondenciadeprensa.com\/index.php?rest_route=%2Fwp%2Fv2%2Fcategories&post=49399"},{"taxonomy":"post_tag","embeddable":true,"href":"https:\/\/correspondenciadeprensa.com\/index.php?rest_route=%2Fwp%2Fv2%2Ftags&post=49399"}],"curies":[{"name":"wp","href":"https:\/\/api.w.org\/{rel}","templated":true}]}}