{"id":49378,"date":"2025-09-04T21:14:48","date_gmt":"2025-09-04T19:14:48","guid":{"rendered":"https:\/\/correspondenciadeprensa.com\/?p=49378"},"modified":"2025-09-04T21:16:36","modified_gmt":"2025-09-04T19:16:36","slug":"francia-principio-de-curso-caliente-para-el-regimen-frances-romaric-godin-y-cecile-hautefeuille","status":"publish","type":"post","link":"https:\/\/correspondenciadeprensa.com\/?p=49378","title":{"rendered":"Francia &#8211; Principio de curso caliente para el r\u00e9gimen franc\u00e9s. [Romaric Godin y C\u00e9cile Hautefeuille]"},"content":{"rendered":"\n<p class=\"has-text-color has-link-color wp-elements-1 wp-block-paragraph\" style=\"color:#010000\"><strong>Romaric Godin, C\u00e9cile Hautefeuille*<\/strong><\/p>\n\n\n\n<p class=\"has-text-color has-link-color wp-elements-2 wp-block-paragraph\" style=\"color:#010000\"><strong><em><a href=\"https:\/\/www.europe-solidaire.org\/spip.php?article76061\">Europe Solidaire Sans Fronti\u00e8res<\/a><\/em>, 29-8-2025<\/strong><\/p>\n\n\n\n<p class=\"has-text-color has-link-color wp-elements-3 wp-block-paragraph\" style=\"color:#010000\"><strong>Traducci\u00f3n de <em><a href=\"https:\/\/vientosur.info\/principio-de-curso-caliente-para-el-regimen-frances\/\">Viento Sur<\/a><\/em>, 4-9-2025<\/strong><\/p>\n\n\n\n<p class=\"has-text-color has-link-color wp-elements-4 wp-block-paragraph\" style=\"color:#010000\"><strong><em><a href=\"https:\/\/correspondenciadeprensa.com\/\">Correspondencia de Prensa<\/a><\/em>, 4-9-2025<\/strong><\/p>\n\n\n\n<p class=\"has-text-color has-link-color wp-elements-5 wp-block-paragraph\" style=\"color:#010000\">&nbsp;<strong>Crisis pol\u00edtica y movilizaciones<\/strong><\/p>\n\n\n\n<p class=\"has-text-align-justify has-text-color has-link-color wp-elements-6 wp-block-paragraph\" style=\"color:#010000\">Los sindicatos no quieren quedarse atr\u00e1s en la movilizaci\u00f3n social. La intersindical (CFDT, CGT, FO, CFE-CGC, CFTC, Unsa, FSU, Solidaires) <sup class='footnote'><a href='https:\/\/correspondenciadeprensa.com\/?p=49378#fn-49378-1' id='fnref-49378-1' onclick='return fdfootnote_show(49378)'>1<\/a><\/sup>, que se reuni\u00f3 el viernes 29 de agosto en la sede de la CFDT en Par\u00eds, convoc\u00f3 una jornada \u201cunitaria e interprofesional\u201d para el 18 de septiembre, que incluir\u00e1 \u201chuelgas y manifestaciones\u201d.<\/p>\n\n\n\n<p class=\"has-text-align-justify has-text-color has-link-color wp-elements-7 wp-block-paragraph\" style=\"color:#010000\">De forma clara, los sindicatos han acercado su jornada de movilizaci\u00f3n al 10 de septiembre, fecha elegida por el movimiento <em>Tout bloquer<\/em> (Bloquearlo todo) para protestar inicialmente contra el proyecto de presupuesto del Gobierno de Bayrou, pero que ha adquirido una dimensi\u00f3n a\u00fan m\u00e1s pol\u00edtica desde que este \u00faltimo, el 25 de agosto, anunciara que su Gobierno asumir\u00eda la responsabilidad de un discurso de pol\u00edtica general (someterse a un voto de confianza) el 8 de septiembre.<\/p>\n\n\n\n<p class=\"has-text-align-justify has-text-color has-link-color wp-elements-8 wp-block-paragraph\" style=\"color:#010000\">Las fechas que se ven\u00edan barajando estos \u00faltimos d\u00edas para este llamamiento apuntaban m\u00e1s bien a un periodo posterior. Al acercarla al 8 y al 10 de septiembre, la intersindical busca sumarse al movimiento de rechazo al proyecto presupuestario de Fran\u00e7ois Bayrou. La l\u00ednea divisoria entre los sindicatos que no desean sumarse al movimiento del 10 de septiembre y los que quieren hacerlo es precaria.<\/p>\n\n\n\n<p class=\"has-text-align-justify has-text-color has-link-color wp-elements-9 wp-block-paragraph\" style=\"color:#010000\">Por el momento, seg\u00fan el comunicado de la intersindical, este compromiso se basa en el rechazo de la pol\u00edtica llevada a cabo durante varios a\u00f1os. Para los sindicatos, el proyecto de presupuesto, calificado como \u201cel museo de los horrores presupuestarios\u201d, choca con \u201cel descontento y el cansancio de la poblaci\u00f3n\u201d.<\/p>\n\n\n\n<p class=\"has-text-align-justify has-text-color has-link-color wp-elements-10 wp-block-paragraph\" style=\"color:#010000\">Sometidos ellos mismos a la presi\u00f3n del movimiento del 10 de septiembre, los sindicatos \u201calertan solemnemente\u201d sobre el \u201ccontexto\u201d y la \u201c<em>situaci\u00f3n de nuestro pa\u00eds<\/em>\u201d. Un contexto marcado por el aumento de las desigualdades y la pobreza, pero tambi\u00e9n por el aumento de la destrucci\u00f3n de empleo y el deterioro de los servicios p\u00fablicos. En consecuencia, las organizaciones reclaman \u201cm\u00e1s justicia fiscal y social\u201d y rechazan la propuesta de Fran\u00e7ois Bayrou como una \u201cdistracci\u00f3n\u201d.<\/p>\n\n\n\n<p class=\"has-text-align-justify has-text-color has-link-color wp-elements-11 wp-block-paragraph\" style=\"color:#010000\">Mientras tanto, el comunicado de la intersindical llama \u201ca los trabajadores y trabajadoras a movilizarse masivamente para cambiar la situaci\u00f3n y lograr avances\u201d. Con la posibilidad de que el movimiento contin\u00fae: \u201cNuestras organizaciones permanecen en contacto y acuerdan reunirse de nuevo tras esta jornada de movilizaci\u00f3n y huelga, y se reservan la posibilidad de tomar cualquier iniciativa necesaria\u201d, explica el texto de la intersindical.<\/p>\n\n\n\n<p class=\"has-text-align-justify has-text-color has-link-color wp-elements-12 wp-block-paragraph\" style=\"color:#010000\">Una estrategia similar a la puesta en marcha en 2023 durante el movimiento sobre la reforma de las pensiones. Pero ante un movimiento aut\u00f3nomo, como el del 10 de septiembre, la eficacia de esta estrategia puede verse r\u00e1pidamente cuestionada, lo que someter\u00e1 a los sindicatos a una gran presi\u00f3n. Por lo dem\u00e1s, los sindicatos tendr\u00e1n que redefinir sus objetivos si el 8 de septiembre Fran\u00e7ois Bayrou pierde la confianza ante la Asamblea Nacional.<\/p>\n\n\n\n<p class=\"has-text-color has-link-color wp-elements-13 wp-block-paragraph\" style=\"color:#010000\"><strong>10 de septiembre: la agregaci\u00f3n de las luchas<\/strong><\/p>\n\n\n\n<p class=\"has-text-align-justify has-text-color has-link-color wp-elements-14 wp-block-paragraph\" style=\"color:#010000\">Por lo tanto, la intersindical no se sumar\u00e1 al llamamiento a <em>bloquearlo todo<\/em> del 10 de septiembre, iniciado por colectivos ciudadanos tras los anuncios de austeridad de Fran\u00e7ois Bayrou a mediados de julio. Marylise L\u00e9on, la secretaria general de la CFDT <sup class='footnote'><a href='https:\/\/correspondenciadeprensa.com\/?p=49378#fn-49378-2' id='fnref-49378-2' onclick='return fdfootnote_show(49378)'>2<\/a><\/sup>, ya lo hab\u00eda advertido en una entrevista al diario <em>Le Monde<\/em>: \u201c<em><a href=\"https:\/\/www.lemonde.fr\/politique\/article\/2025\/08\/29\/les-syndicats-s-entendent-sur-une-mobilisation-unitaire-le-18-septembre_6637360_823448.html\">Bloquearlo todo, la desobediencia, no es el m\u00e9todo de la CFDT<\/a><\/em>\u201d<em>.<\/em> El mismo tono en <em>Force Ouvri\u00e8re<\/em> <sup class='footnote'><a href='https:\/\/correspondenciadeprensa.com\/?p=49378#fn-49378-3' id='fnref-49378-3' onclick='return fdfootnote_show(49378)'>3<\/a><\/sup> : \u201cLa revoluci\u00f3n permanente no es lo que hace a una naci\u00f3n. Hay de todo y su contrario en las consignas\u201d, se\u00f1al\u00f3 en <em>La Tribune<\/em> Fr\u00e9d\u00e9ric Souillot, secretario general de FO. Por otra parte, su sindicato hab\u00eda presentado en julio un preaviso de huelga para un largo periodo, del 1 de septiembre al 30 de noviembre de 2025.<\/p>\n\n\n\n<p class=\"has-text-align-justify has-text-color has-link-color wp-elements-15 wp-block-paragraph\" style=\"color:#010000\">A pesar de las primeras reticencias de su secretaria general, Sophie Binet, que consideraba el movimiento como \u201cnebuloso\u201d , la CGT decidi\u00f3 participar a su manera, sin llamar abiertamente a la huelga. Invita a sus sindicatos de sector o locales a \u201cdebatir con los trabajadores y a organizar la huelga siempre que sea posible\u201d. Por su parte, el sindicato Solidaires llama sin ambages a \u201cir a la huelga y apoyar el movimiento&nbsp;[&#8230;]que expresa la ira social multiforme y creciente ante los anuncios presupuestarios del Gobierno de Bayrou\u201d.<\/p>\n\n\n\n<p class=\"has-text-align-justify has-text-color has-link-color wp-elements-16 wp-block-paragraph\" style=\"color:#010000\">Antes de la decisi\u00f3n de sus instancias nacionales, varias federaciones se hab\u00edan adelantado, llamando a dejar de trabajar el 10 de septiembre. Es el caso de los ferroviarios de Sud-Rail, pero tambi\u00e9n de Sud-Industrie y Sud-PTT. En la CGT, las federaciones de la industria qu\u00edmica y del comercio y los servicios hicieron lo mismo. Por su parte, la Uni\u00f3n Sindical de Estudiantes de Secundaria llama a un bloqueo de los institutos.<\/p>\n\n\n\n<p class=\"has-text-align-justify has-text-color has-link-color wp-elements-17 wp-block-paragraph\" style=\"color:#010000\">Adem\u00e1s de estas consignas sindicales, el movimiento social del 10 de septiembre est\u00e1 en plena construcci\u00f3n, y las reivindicaciones y acciones se debaten en asambleas generales locales que re\u00fanen en algunos lugares a antiguas figuras de los <em>chalecos amarillos<\/em>, sindicalistas, estudiantes, activistas ecologistas o pro-Palestina. De este movimiento sin l\u00edderes, cuya motivaci\u00f3n no parece haberse visto mermada por la probable e inminente ca\u00edda de Fran\u00e7ois Bayrou, surgen llamamientos a bloquear carreteras o centros comerciales y a manifestarse.<\/p>\n\n\n\n<p class=\"has-text-color has-link-color wp-elements-18 wp-block-paragraph\" style=\"color:#010000\"><strong>Educaci\u00f3n nacional: \u00bfhacia uno o varios d\u00edas de huelga?<\/strong><\/p>\n\n\n\n<p class=\"has-text-align-justify has-text-color has-link-color wp-elements-19 wp-block-paragraph\" style=\"color:#010000\">La intersindical de la educaci\u00f3n se reunir\u00e1 el 3 de septiembre para fijar, posiblemente, un d\u00eda de movilizaci\u00f3n en la ense\u00f1anza primaria y secundaria, antes de las vacaciones del d\u00eda de Todos los Santos (1\u00b0 de noviembre, CdP). \u201cVamos a ver con las dem\u00e1s organizaciones sindicales c\u00f3mo podemos organizar un d\u00eda de huelga en la educaci\u00f3n en las pr\u00f3ximas semanas\u201d, afirma Sophie V\u00e9n\u00e9titay, secretaria general del Snes-FSU, el principal sindicato de la ense\u00f1anza secundaria.<\/p>\n\n\n\n<p class=\"has-text-align-justify has-text-color has-link-color wp-elements-20 wp-block-paragraph\" style=\"color:#010000\">Durante su rueda de prensa de inicio de curso, el jueves 28 de agosto, a\u00f1adi\u00f3 que su sindicato se sumar\u00eda \u201ca una jornada de huelga interprofesional\u201d si la coalici\u00f3n sindical (que se reuni\u00f3 al d\u00eda siguiente) fijaba una fecha \u00fanica.<\/p>\n\n\n\n<p class=\"has-text-align-justify has-text-color has-link-color wp-elements-21 wp-block-paragraph\" style=\"color:#010000\"><strong>Sanidad: \u201cel inicio de curso va a ser caliente\u201d<br><br><\/strong>Cuatro sindicatos de la Assistance publique\u2013H\u00f4pitaux de Paris (AP-HP) presentaron, el lunes 25 de agosto, un preaviso de huelga que afecta a los treinta y ocho hospitales de la regi\u00f3n parisina para protestar contra el plan de austeridad del Gobierno y los 5000 millones de euros de recortes anunciados para los hospitales p\u00fablicos. Una nueva intersindical se reunir\u00e1 el 5 de septiembre y parece que se perfila una convergencia con la jornada del d\u00eda 10. \u201cEl inicio de curso ser\u00e1 intenso\u201d, advirti\u00f3 el secretario general de Unsa AP-HP.<\/p>\n\n\n\n<p class=\"has-text-align-justify has-text-color has-link-color wp-elements-22 wp-block-paragraph\" style=\"color:#010000\">A nivel nacional, la intersindical del sector convoc\u00f3, a lo largo del mes de julio, un <em>paro total<\/em> para primeros de octubre para obtener \u201crecursos a la altura de las necesidades\u201d . El colectivo Sant\u00e9 en danger, que cuenta con 140&nbsp;000 miembros, convoca adem\u00e1s una marcha silenciosa el 4 de octubre en Par\u00eds para reclamar la \u201cprotecci\u00f3n definitiva de los presupuestos sanitarios\u201d e invita, adem\u00e1s del personal sanitario, a \u201ctodas y todos los pacientes y ciudadanos\u201d a unirse a ellos. La marcha partir\u00e1 del Pante\u00f3n y llegar\u00e1 hasta el Ministerio de Sanidad.<\/p>\n\n\n\n<p class=\"has-text-align-justify has-text-color has-link-color wp-elements-23 wp-block-paragraph\" style=\"color:#010000\">La otra movilizaci\u00f3n para este inicio de curso tendr\u00e1 lugar en las farmacias, que cerrar\u00e1n el 18 de septiembre y todos los s\u00e1bados a partir del 27 de septiembre. La primera movilizaci\u00f3n, el 16 de agosto, parece haber tenido una gran acogida, ya que la Uni\u00f3n de Sindicatos de Farmac\u00e9uticos de Oficina ha anunciado un \u00edndice de cierre del 92&nbsp;%, seg\u00fan informa <em>Le Quotidien du m\u00e9decin<\/em>. En el punto de mira: un decreto publicado en el <em>Diario Oficial<\/em> que reduce los descuentos aplicados por los laboratorios a los medicamentos gen\u00e9ricos. Anteriormente limitados al 40&nbsp;% del precio de compra, se reducir\u00e1n al 30&nbsp;% a partir del 1 de septiembre.<\/p>\n\n\n\n<p class=\"has-text-align-justify has-text-color has-link-color wp-elements-24 wp-block-paragraph\" style=\"color:#010000\">Solo se ha suspendido la movilizaci\u00f3n de los taxis, que hab\u00edan convocado un bloqueo de todas las carreteras el 5 de septiembre contra la reforma del transporte convencional de enfermos, debido al contexto pol\u00edtico. \u201cMientras siga habiendo incertidumbre sobre la continuidad o la ca\u00edda del Gobierno, no hay garant\u00eda de contar con un interlocutor pol\u00edtico leg\u00edtimo y capaz de asumir compromisos. Lanzar una movilizaci\u00f3n en este contexto equivaldr\u00eda a malgastar una energ\u00eda preciosa, sin perspectivas de di\u00e1logo inmediato\u201d<em>, <\/em>precisa un comunicado de las organizaciones de conductores.<\/p>\n\n\n\n<p class=\"has-text-color has-link-color wp-elements-25 wp-block-paragraph\" style=\"color:#010000\"><strong>Huelgas en el transporte a\u00e9reo, la energ\u00eda, el sector audiovisual&#8230;<\/strong><\/p>\n\n\n\n<p class=\"has-text-align-justify has-text-color has-link-color wp-elements-26 wp-block-paragraph\" style=\"color:#010000\">Tras un movimiento social a principios de julio que provoc\u00f3 la cancelaci\u00f3n de hasta el 50&nbsp;% de los vuelos, los controladores a\u00e9reos volver\u00e1n a la huelga el 18 de septiembre \u201cdesde el inicio del turno de ma\u00f1ana hasta el final del turno de noche del d\u00eda siguiente\u201d, precisa el SNCTA, el sindicato mayoritario que lamenta, en un comunicado, un \u201cdi\u00e1logo social infructuoso\u201d. Las y los controladores a\u00e9reos llevan varios meses pidiendo que se compense la inflaci\u00f3n de 2024 y un \u201ccambio profundo en la gesti\u00f3n de la direcci\u00f3n de operaciones\u201d, de la que se denuncian sus \u201cpr\u00e1cticas punitivas<em>\u201d<\/em>.<\/p>\n\n\n\n<p class=\"has-text-align-justify has-text-color has-link-color wp-elements-27 wp-block-paragraph\" style=\"color:#010000\">En el sector energ\u00e9tico, la FNME-CGT, la Federaci\u00f3n Nacional de Minas y Energ\u00eda de la CGT, convoca una huelga renovable a partir del martes 2 de septiembre para denunciar la subida de los precios, en particular el aumento del IVA en las altas de electricidad en agosto, y el estancamiento de los salarios del sector.<\/p>\n\n\n\n<p class=\"has-text-align-justify has-text-color has-link-color wp-elements-28 wp-block-paragraph\" style=\"color:#010000\">Otra huelga renovable e ilimitada, iniciada el lunes 25 de agosto, contin\u00faa en Radio France. Los sindicatos rechazan varias reformas internas, como los cambios editoriales en las radios locales (antes France Bleu, rebautizadas como LCI) y la supresi\u00f3n de programas de investigaci\u00f3n y reportajes en las emisoras nacionales. Las perturbaciones en la programaci\u00f3n afectan principalmente a las cuarenta y cuatro emisoras locales. A mediados de semana, los sindicatos acogieron con satisfacci\u00f3n un \u201ccambio de tono\u201d por parte de la direcci\u00f3n en las negociaciones.<\/p>\n\n\n\n<p class=\"has-text-align-justify has-text-color has-link-color wp-elements-29 wp-block-paragraph\" style=\"color:#010000\"><strong>Seguro de desempleo: \u00bfQu\u00e9 futuro le espera a la reforma?<br><br><\/strong>Es uno de los temas candentes de este oto\u00f1o: la en\u00e9sima reforma del seguro de desempleo impulsada por el Ejecutivo. Y esta vez, los sindicatos podr\u00edan incluirla claramente en sus reivindicaciones de principios de oto\u00f1o.<\/p>\n\n\n\n<p class=\"has-text-align-justify has-text-color has-link-color wp-elements-30 wp-block-paragraph\" style=\"color:#010000\">\u00bfEs probable que el fin del Gobierno de Bayrou la anule o la retrase? Por el momento, los interlocutores sociales se muestran esc\u00e9pticos. En teor\u00eda, tienen hasta el 15 de noviembre para negociar sobre la base de la \u201ccarta marco\u201d enviada a mediados del verano por el primer ministro.<\/p>\n\n\n\n<p class=\"has-text-align-justify has-text-color has-link-color wp-elements-31 wp-block-paragraph\" style=\"color:#010000\">El Gobierno ha instado a los representantes de las y los trabajadores y empresarios a encontrar nuevas y colosales medidas de ahorro: 4000 millones de euros al a\u00f1o a partir de 2030 y hasta 2500 millones anuales a partir de 2026.<\/p>\n\n\n\n<p class=\"has-text-align-justify has-text-color has-link-color wp-elements-32 wp-block-paragraph\" style=\"color:#010000\">Para lograrlo, el Gobierno les pide que adapten el importe y la duraci\u00f3n de los derechos de las personas que dispon\u00edan de ingresos s\u00f3lidos antes de quedarse en paro y que vuelvan a atacar los requisitos necesarios para acceder a los derechos. Y esto, cuando la quinta reforma del seguro de desempleo (desde 2019) acaba de entrar en vigor en abril de 2025.<\/p>\n\n\n\n<p class=\"has-text-align-justify has-text-color has-link-color wp-elements-33 wp-block-paragraph\" style=\"color:#010000\">A falta de acuerdo entre los interlocutores sociales, se supone que el Gobierno debe retomar el control y decidir por s\u00ed solo las nuevas normas. Hasta la fecha, no se ha iniciado ninguna negociaci\u00f3n y no se ha fijado ninguna fecha. Las escasas posibilidades de supervivencia del Gobierno cambian las reglas del juego. \u201cEs una situaci\u00f3n bastante in\u00e9dita\u201d, se\u00f1ala Denis Gravouil, miembro de la oficina confederal de la CGT, responsable de empleo, pensiones y desempleo.<\/p>\n\n\n\n<p class=\"has-text-align-justify has-text-color has-link-color wp-elements-34 wp-block-paragraph\" style=\"color:#010000\">Se pregunta: \u201c\u00bfSigue siendo v\u00e1lida la carta marco, incluso en caso de cambio de Gobierno? Si nos negamos a negociar, \u00bfpuede otro Gobierno decidir promulgar un decreto alegando la ausencia de debates y, por lo tanto, de acuerdo? El riesgo existe\u201d.<\/p>\n\n\n\n<p class=\"has-text-align-justify has-text-color has-link-color wp-elements-35 wp-block-paragraph\" style=\"color:#010000\">Incluso antes de que Fran\u00e7ois Bayrou anunciara la moci\u00f3n de confianza, los representantes de los trabajadores y trabajadoras hab\u00edan encontrado un argumento para impugnar esta nueva carta marco. Se tratar\u00eda de recordar que el Gobierno ya aprob\u00f3 a finales de 2024 un convenio que establece las normas del seguro de desempleo hasta 2028, tras un acuerdo alcanzado por los interlocutores sociales.<\/p>\n\n\n\n<p class=\"has-text-align-justify has-text-color has-link-color wp-elements-36 wp-block-paragraph\" style=\"color:#010000\">\u201c\u00bfPuede un gobierno, en este contexto, pedirnos que renegociemos? La pregunta est\u00e1 en el aire\u201d, subraya Olivier Guivarch, secretario nacional de la CFDT, responsable del seguro de desempleo. Seg\u00fan \u00e9l, la carta marco \u201cdebe ser evaluada jur\u00eddicamente para determinar si est\u00e1 fundamentada\u201d.<\/p>\n\n\n\n<p class=\"has-text-align-justify has-text-color has-link-color wp-elements-37 wp-block-paragraph\" style=\"color:#010000\">Adem\u00e1s, recuerda que una de las medidas acordadas a\u00fan no se ha transpuesto a la ley. Curiosamente, se trata de la \u00fanica medida que ofrece derechos en lugar de retirarlos: se supone que permite a las nuevas personas inscritas y a las y los trabajadores temporeros acceder al derecho al desempleo tras cinco meses de trabajo, frente a los seis meses que se exigen al resto. \u201cAdem\u00e1s de las cuestiones jur\u00eddicas, todo esto plantea la cuesti\u00f3n de la lealtad del Gobierno\u201d, concluye Olivier Guivarch.<\/p>\n\n\n\n<p class=\"has-text-align-justify has-text-color has-link-color wp-elements-38 wp-block-paragraph\" style=\"color:#010000\">Seg\u00fan la informaci\u00f3n de Mediapart, los sindicatos se pronunciar\u00e1n sobre esta carta marco a lo largo de la semana que comienza. En cuanto a la propuesta de Fran\u00e7ois Bayrou de negociar la supresi\u00f3n de dos d\u00edas festivos, ya ha sido rechazada por la CFDT, tal y como anunci\u00f3 su l\u00edder en el diario <em>Le Monde<\/em>.<\/p>\n\n\n\n<p class=\"has-text-align-justify has-text-color has-link-color wp-elements-39 wp-block-paragraph\" style=\"color:#010000\"><strong>*C\u00e9cile Hautefeuille<\/strong> es la responsable de la Secci\u00f3n Social en Mediapart y <strong>Romaric Godin <\/strong>es periodista especializado en temas econ\u00f3micos en <em><a href=\"https:\/\/www.mediapart.fr\/\">Mediapart<\/a><\/em>. <\/p>\n\n\n\n<p class=\"has-text-color has-link-color wp-elements-40 wp-block-paragraph\" style=\"color:#010000\">-Art\u00edculo original en franc\u00e9s en <em><a href=\"https:\/\/www.mediapart.fr\/journal\/economie-et-social\/290825\/rentree-sociale-les-syndicats-appellent-une-mobilisation-le-18-septembre\">Mediapart, 29-8-2025 <\/a><\/em> <\/p>\n\n\n\n<p class=\"has-text-color has-link-color wp-elements-41 wp-block-paragraph\" style=\"color:#010000\"><strong>Notas de Correspondencia de Prensa<\/strong><\/p>\n\n\n\n<p class=\"wp-block-paragraph\"><\/p>\n\n\n","protected":false},"excerpt":{"rendered":"<p>Los sindicatos no quieren quedarse atr\u00e1s en la movilizaci\u00f3n social. La intersindical (CFDT, CGT, FO, CFE-CGC, CFTC, Unsa, FSU, Solidaires), que se reuni\u00f3 el viernes 29 de agosto, convoc\u00f3 una jornada \u201cunitaria e interprofesional\u201d para el 18 de septiembre, que incluir\u00e1 \u201chuelgas y manifestaciones\u201d.<\/p>\n","protected":false},"author":102520410,"featured_media":49388,"comment_status":"closed","ping_status":"","sticky":false,"template":"","format":"standard","meta":{"_coblocks_attr":"","_coblocks_dimensions":"","_coblocks_responsive_height":"","_coblocks_accordion_ie_support":"","advanced_seo_description":"","jetpack_seo_html_title":"","jetpack_seo_noindex":false,"jetpack_seo_schema_type":"","_jetpack_newsletter_access":"","_jetpack_dont_email_post_to_subs":false,"_jetpack_newsletter_tier_id":0,"_jetpack_memberships_contains_paywalled_content":false,"_wpcom_ai_launchpad_first_post":false,"_jetpack_feature_clip_id":0,"_jetpack_memberships_contains_paid_content":false,"footnotes":"","jetpack_post_was_ever_published":false},"categories":[25438,337028],"tags":[],"class_list":["post-49378","post","type-post","status-publish","format-standard","has-post-thumbnail","hentry","category-francia","category-sindicatos","fallback-thumbnail"],"jetpack_likes_enabled":false,"jetpack_sharing_enabled":true,"jetpack_shortlink":"https:\/\/wp.me\/p7lt2C-cQq","amp_enabled":true,"jetpack_featured_media_url":"https:\/\/i0.wp.com\/correspondenciadeprensa.com\/wp-content\/uploads\/2025\/09\/Francia04092025.jpg?fit=599%2C282&ssl=1","_links":{"self":[{"href":"https:\/\/correspondenciadeprensa.com\/index.php?rest_route=\/wp\/v2\/posts\/49378","targetHints":{"allow":["GET"]}}],"collection":[{"href":"https:\/\/correspondenciadeprensa.com\/index.php?rest_route=\/wp\/v2\/posts"}],"about":[{"href":"https:\/\/correspondenciadeprensa.com\/index.php?rest_route=\/wp\/v2\/types\/post"}],"author":[{"embeddable":true,"href":"https:\/\/correspondenciadeprensa.com\/index.php?rest_route=\/wp\/v2\/users\/102520410"}],"replies":[{"embeddable":true,"href":"https:\/\/correspondenciadeprensa.com\/index.php?rest_route=%2Fwp%2Fv2%2Fcomments&post=49378"}],"version-history":[{"count":12,"href":"https:\/\/correspondenciadeprensa.com\/index.php?rest_route=\/wp\/v2\/posts\/49378\/revisions"}],"predecessor-version":[{"id":49391,"href":"https:\/\/correspondenciadeprensa.com\/index.php?rest_route=\/wp\/v2\/posts\/49378\/revisions\/49391"}],"wp:featuredmedia":[{"embeddable":true,"href":"https:\/\/correspondenciadeprensa.com\/index.php?rest_route=\/wp\/v2\/media\/49388"}],"wp:attachment":[{"href":"https:\/\/correspondenciadeprensa.com\/index.php?rest_route=%2Fwp%2Fv2%2Fmedia&parent=49378"}],"wp:term":[{"taxonomy":"category","embeddable":true,"href":"https:\/\/correspondenciadeprensa.com\/index.php?rest_route=%2Fwp%2Fv2%2Fcategories&post=49378"},{"taxonomy":"post_tag","embeddable":true,"href":"https:\/\/correspondenciadeprensa.com\/index.php?rest_route=%2Fwp%2Fv2%2Ftags&post=49378"}],"curies":[{"name":"wp","href":"https:\/\/api.w.org\/{rel}","templated":true}]}}