{"id":49340,"date":"2025-09-04T18:13:46","date_gmt":"2025-09-04T16:13:46","guid":{"rendered":"https:\/\/correspondenciadeprensa.com\/?p=49340"},"modified":"2025-09-04T18:13:46","modified_gmt":"2025-09-04T16:13:46","slug":"nicaragua-la-gran-purga-politica-de-rosario-murillo-confidencial","status":"publish","type":"post","link":"https:\/\/correspondenciadeprensa.com\/?p=49340","title":{"rendered":"Nicaragua &#8211; La \u201cgran purga\u201d pol\u00edtica de Rosario Murillo. [Confidencial]"},"content":{"rendered":"\n<p class=\"has-text-align-right wp-block-paragraph\"><sub>Ilustraci\u00f3n: CONFIDENCIAL, inspirada en Squid Game.<\/sub><\/p>\n\n\n\n<p class=\"has-text-color has-link-color wp-elements-1 wp-block-paragraph\" style=\"color:#010000\"><strong>La \u201cgran purga\u201d pol\u00edtica de Rosario Murillo en Nicaragua<\/strong><\/p>\n\n\n\n<p class=\"has-text-color has-link-color wp-elements-2 wp-block-paragraph\" style=\"color:#010000\"><strong><em><a href=\"https:\/\/confidencial.digital\/politica\/la-gran-purga-de-rosario-murillo-nicaragua\/\">Confidencial<\/a><\/em>, 31-8-2025<\/strong><\/p>\n\n\n\n<p class=\"has-text-color has-link-color wp-elements-3 wp-block-paragraph\" style=\"color:#010000\"><strong><em><a href=\"https:\/\/correspondenciadeprensa.com\/\">Correspondencia de Prensa<\/a><\/em>, 4-9-2025<\/strong><\/p>\n\n\n\n<p class=\"has-text-align-justify has-text-color has-link-color wp-elements-4 wp-block-paragraph\" style=\"color:#010000\"><strong>Bajo la \u201cguillotina\u201d de Murillo, en su camino de sucesi\u00f3n din\u00e1stica, han rodado las cabezas de varios operadores y personas de confianza de Ortega<\/strong><\/p>\n\n\n\n<p class=\"has-text-align-justify has-text-color has-link-color wp-elements-5 wp-block-paragraph\" style=\"color:#010000\">Desde el regreso al poder de Daniel Ortega, en 2007, Rosario Murillo ha dirigido una constante \u201cdecapitaci\u00f3n pol\u00edtica\u201d de figuras cercanas y leales a Ortega, para consolidar su propia influencia en el c\u00edrculo \u00edntimo del poder. La purga pol\u00edtica de Rosario Murillo increment\u00f3 desde su ascenso a la vicepresidencia, y en 2025, al adquirir el cargo de \u201ccopresidenta \u2014lejos de detenerse\u2014 parece m\u00e1s recia que nunca, en un escenario en el que <em><a href=\"https:\/\/confidencial.digital\/politica\/a-cualquiera-le-puede-caer-la-guillotina-de-rosario-murillo-temen-los-sandinistas\/\" target=\"_blank\" rel=\"noreferrer noopener\">\u201ca cualquiera le puede caer la guillotina de Murillo\u201d<\/a><\/em>.<\/p>\n\n\n\n<p class=\"has-text-align-justify has-text-color has-link-color wp-elements-6 wp-block-paragraph\" style=\"color:#010000\">En esta purga, no hay lealtad hist\u00f3rica que valga, y ni los m\u00e1s cercanos a Ortega (o su familia) se salvan. La consolidaci\u00f3n del poder din\u00e1stico de Murillo, sumada al deterioro de la salud de Ortega, impulsa una radicalizaci\u00f3n autoritaria basada en la paranoia y la urgencia de colocar cuadros leales a ella, y no a Ortega.<\/p>\n\n\n\n<p class=\"has-text-align-justify has-text-color has-link-color wp-elements-7 wp-block-paragraph\" style=\"color:#010000\">En <em><a href=\"https:\/\/confidencial.digital\/\">Confidencial<\/a><\/em> seleccionamos los casos m\u00e1s destacados de quienes han ca\u00eddo bajo la \u201cguillotina\u201d de Murillo, que ha alcanzado a figuras de alto perfil en el partido, el Estado, la Polic\u00eda y el Ej\u00e9rcito.<\/p>\n\n\n\n<p class=\"has-text-align-center has-text-color has-link-color wp-elements-8 wp-block-paragraph\" style=\"color:#010000\"><strong>***<\/strong><\/p>\n\n\n\n<p class=\"has-text-color has-link-color wp-elements-9 wp-block-paragraph\" style=\"color:#010000\"><strong>Los primeros en caer<\/strong><\/p>\n\n\n\n<p class=\"has-text-align-justify has-text-color has-link-color wp-elements-10 wp-block-paragraph\" style=\"color:#010000\"><em>Desde que Daniel Ortega regres\u00f3 al poder en Nicaragua, en enero de 2007, Rosario Murillo inici\u00f3 la decapitaci\u00f3n pol\u00edtica de los cuadros m\u00e1s cercanos y leales a Ortega, para sustituirlos con el monopolio de su influencia pol\u00edtica en el c\u00edrculo \u00edntimo del poder.<\/em><\/p>\n\n\n\n<p class=\"has-text-color has-link-color wp-elements-11 wp-block-paragraph\" style=\"color:#010000\"><strong>Dionisio \u201cNicho\u201d Marenco<\/strong><\/p>\n\n\n\n<p class=\"has-text-align-justify has-text-color has-link-color wp-elements-12 wp-block-paragraph\" style=\"color:#010000\">Una de las primeras \u201cdecapitaciones\u201d fue Dionisio \u201cNicho\u201d Marenco, negociador del pacto de Daniel Ortega con Arnoldo Alem\u00e1n, sobre el cual dijo: <em>\u201cSi no ha sido por ese pacto, el Frente Sandinista \u00a1nunca! hubiera ganado las elecciones\u201d<\/em>, en una entrevista con el diario <em>La Prensa<\/em>, en agosto de 2008.<\/p>\n\n\n\n<p class=\"has-text-align-justify has-text-color has-link-color wp-elements-13 wp-block-paragraph\" style=\"color:#010000\">El exalcalde de Managua (2004-2008) tambi\u00e9n fue art\u00edfice de la apertura de las relaciones econ\u00f3micas con la Venezuela de Hugo Ch\u00e1vez y su millonaria cooperaci\u00f3n, que fue manejada por Ortega y Murillo a trav\u00e9s de canales privados, convirti\u00e9ndose, hasta 2014, en la principal fuente econ\u00f3mica de la dictadura.<\/p>\n\n\n\n<p class=\"has-text-align-justify has-text-color has-link-color wp-elements-14 wp-block-paragraph\" style=\"color:#010000\">Marenco fue separado de un tajo de la cocina del nuevo r\u00e9gimen, en los primeros meses de 2007. En noviembre de ese a\u00f1o protagoniz\u00f3 una pelea p\u00fablica con Murillo, quien lo acus\u00f3 de \u201ctraidor\u201d por criticar el manejo del FSLN. <em>\u201cRosario Murillo me acus\u00f3 de traidor, y las traiciones en el FSLN son como condenas a muerte\u201d<\/em>, declar\u00f3 Marenco.<\/p>\n\n\n\n<p class=\"has-text-align-justify has-text-color has-link-color wp-elements-15 wp-block-paragraph\" style=\"color:#010000\">En alg\u00fan momento fue <em><a href=\"https:\/\/club.confidencial.digital\/2021\/06\/16\/presidencia-compite-con-alcaldia\/\" target=\"_blank\" rel=\"noreferrer noopener\">considerado como un \u201cpresidenciable\u201d<\/a><\/em>, pero se alej\u00f3 de la vida p\u00fablica desde 2009, al concluir su per\u00edodo como alcalde de Managua. <em><a href=\"https:\/\/confidencial.digital\/nacion\/fallece-dionisio-nicho-marenco-exalcalde-de-managua\/\" target=\"_blank\" rel=\"noreferrer noopener\">Falleci\u00f3 a los 73 a\u00f1os<\/a><\/em>, el 19 de mayo de 2020, durante la pandemia de covid-19.<\/p>\n\n\n\n<p class=\"has-text-color has-link-color wp-elements-16 wp-block-paragraph\" style=\"color:#010000\"><strong>Lenin Cerna Ju\u00e1rez<\/strong><\/p>\n\n\n\n<p class=\"has-text-align-justify has-text-color has-link-color wp-elements-17 wp-block-paragraph\" style=\"color:#010000\">En abril de 2011 le toc\u00f3 el turno al poderoso coronel en retiro Lenin Cerna, exjefe de la Direcci\u00f3n General de Seguridad del Estado en los a\u00f1os ochenta y secretario de organizaci\u00f3n del FSLN desde 1999. Lenin Cerna fue compa\u00f1ero de celda de Daniel Ortega, en los setenta.<\/p>\n\n\n\n<p class=\"has-text-align-justify has-text-color has-link-color wp-elements-18 wp-block-paragraph\" style=\"color:#010000\">Cerna fue separado de su cargo y expulsado de la secretar\u00eda del FSLN por \u00f3rdenes de Murillo. Cay\u00f3 en desgracia por su vinculaci\u00f3n con el llamado <em>\u201cWaltergate\u201d<\/em>, un esc\u00e1ndalo de corrupci\u00f3n en la Direcci\u00f3n General de Ingresos, que tambi\u00e9n le cost\u00f3 el puesto a su titular, Walter Porras.<\/p>\n\n\n\n<p class=\"has-text-align-justify has-text-color has-link-color wp-elements-19 wp-block-paragraph\" style=\"color:#010000\"><em><a href=\"https:\/\/confidencial.digital\/principal\/la-fractura-del-fsln-bajo-la-dictadura-ortega-murillo\/\" target=\"_blank\" rel=\"noreferrer noopener\">Cerna regres\u00f3 al redil de Ortega despu\u00e9s de la Rebeli\u00f3n de Abril de 2018<\/a><\/em> y en julio de 2019 se incorpor\u00f3 a un equipo de trabajo de inteligencia al servicio de Ortega, aunque apartado por ella del c\u00edrculo de influencia y poder.<\/p>\n\n\n\n<p class=\"has-text-align-justify has-text-color has-link-color wp-elements-20 wp-block-paragraph\" style=\"color:#010000\">A finales de julio de 2025, se difundi\u00f3 en varios medios de comunicaci\u00f3n la versi\u00f3n de que Cerna hab\u00eda escapado de un allanamiento policial en su casa. Sin embargo, <em><a href=\"https:\/\/confidencial.digital\/politica\/lenin-cerna-y-bayardo-arce-actualizacion-en-nicaragua\/\" target=\"_blank\" rel=\"noreferrer noopener\">fuentes vinculadas a la Polic\u00eda descartaron a CONFIDENCIAL la versi\u00f3n de la \u201cfuga\u201d<\/a><\/em> y el coronel en retiro fue visto circulando en Managua el 10 de agosto, en un veh\u00edculo Mercedes Benz azul, manejado por un polic\u00eda y escoltado por un veh\u00edculo policial.&nbsp;<\/p>\n\n\n\n<p class=\"has-text-align-justify has-text-color has-link-color wp-elements-21 wp-block-paragraph\" style=\"color:#010000\">Uno de los principales lugartenientes de Cerna, el coronel en retiro <em><a href=\"https:\/\/confidencial.digital\/politica\/policia-captura-a-rodolfo-castillo-payin-el-n-2-de-lenin-cerna\/\" target=\"_blank\" rel=\"noreferrer noopener\">Rodolfo Castillo \u201cPay\u00edn\u201d<\/a><\/em> fue capturado por la Polic\u00eda el 1 de agosto, durante las fiestas h\u00edpicas de Managua, y desde el lunes 25 de agosto est\u00e1 casa por c\u00e1rcel, bajo vigilancia policial y sometido a una investigaci\u00f3n oficial de la rebautizada Procuradur\u00eda General de Justicia.&nbsp;<\/p>\n\n\n\n<p class=\"has-text-align-center has-text-color has-link-color wp-elements-22 wp-block-paragraph\" style=\"color:#010000\"><strong>***<\/strong><\/p>\n\n\n\n<p class=\"has-text-color has-link-color wp-elements-23 wp-block-paragraph\" style=\"color:#010000\"><strong>La purga se profundiza<\/strong><\/p>\n\n\n\n<p class=\"has-text-align-justify has-text-color has-link-color wp-elements-24 wp-block-paragraph\" style=\"color:#010000\"><em>En 2016, Murillo se convirti\u00f3 en vicepresidente de Ortega, y se coloc\u00f3 en la l\u00ednea de sucesi\u00f3n constitucional. Cinco a\u00f1os despu\u00e9s, en 2021 ambos se declararon reelectos, tras anular la competencia pol\u00edtica y electoral, y Murillo continu\u00f3 la sucesi\u00f3n din\u00e1stica por las v\u00edas de hecho.<\/em><\/p>\n\n\n\n<p class=\"has-text-color has-link-color wp-elements-25 wp-block-paragraph\" style=\"color:#010000\"><strong>Adolfo Marenco Corea<\/strong><\/p>\n\n\n\n<p class=\"has-text-align-justify has-text-color has-link-color wp-elements-26 wp-block-paragraph\" style=\"color:#010000\">El comisionado general Adolfo Marenco Corea fue destituido por Ortega como director de investigaci\u00f3n e inteligencia de la Polic\u00eda Nacional, en noviembre de 2022. Dos d\u00edas antes, Ortega hab\u00eda nombrado como nuevo subdirector de la Polic\u00eda Nacional, a cargo del espionaje, a Zhukov Serrano P\u00e9rez, de quien destac\u00f3 p\u00fablicamente sus estudios en Rusia. En enero de 2023, se confirm\u00f3 que <em><a href=\"https:\/\/confidencial.digital\/nacion\/ortega-encarcela-en-el-chipote-al-exjefe-de-espionaje-de-la-policia-adolfo-marenco\/\" target=\"_blank\" rel=\"noreferrer noopener\">Marenco fue encarcelado en El Chipote<\/a><\/em>, y despu\u00e9s trasladado a \u201ccasa por c\u00e1rcel\u201d.<\/p>\n\n\n\n<p class=\"has-text-align-justify has-text-color has-link-color wp-elements-27 wp-block-paragraph\" style=\"color:#010000\">Marenco era subdirector de la Polic\u00eda y como jefe de investigaci\u00f3n e inteligencia policial ejecutaba las labores de espionaje al servicio de la dictadura, considerado <em><a href=\"https:\/\/confidencial.digital\/nacion\/adolfo-marenco-los-ojos-y-oidos-del-estado-policial\/\" target=\"_blank\" rel=\"noreferrer noopener\">\u201clos ojos y o\u00eddos del Estado policial\u201d<\/a><\/em>, seg\u00fan un perfil de Confidencial publicado en marzo de 2020.<\/p>\n\n\n\n<p class=\"has-text-align-justify has-text-color has-link-color wp-elements-28 wp-block-paragraph\" style=\"color:#010000\">El exmiembro del c\u00edrculo \u00edntimo de Murillo y del asesor de seguridad N\u00e9stor Moncada Lau, fue el primer jefe de alto nivel que cay\u00f3 de su puesto y fue apresado, casi 50 d\u00edas despu\u00e9s del anuncio de su salida.<\/p>\n\n\n\n<p class=\"has-text-align-justify has-text-color has-link-color wp-elements-29 wp-block-paragraph\" style=\"color:#010000\">Marenco estaba casa por c\u00e1rcel, tras caer en desgracia supuestamente por denuncias de corrupci\u00f3n, y manejo de negocios privados no autorizados, de una facci\u00f3n de la c\u00fapula del r\u00e9gimen. En c\u00edrculos policiales, circularon dos versiones sobre su encarcelamiento. Una, que fue para callarlo por quererse fugar del pa\u00eds. Otra, que se neg\u00f3 a seguir trabajando para los Ortega-Murillo, irrit\u00e1ndolos a\u00fan m\u00e1s.<\/p>\n\n\n\n<p class=\"has-text-color has-link-color wp-elements-30 wp-block-paragraph\" style=\"color:#010000\"><strong>Omar Halleslevens Acevedo<\/strong><\/p>\n\n\n\n<p class=\"has-text-align-justify has-text-color has-link-color wp-elements-31 wp-block-paragraph\" style=\"color:#010000\">El general de Ej\u00e9rcito en retiro <em><a href=\"https:\/\/confidencial.digital\/principal\/la-lealtad-rojinegra-de-omar-halleslevens\/\" target=\"_blank\" rel=\"noreferrer noopener\">Omar Halleslevens Acevedo<\/a><\/em>, tambi\u00e9n vicepresidente de Ortega entre 2012 y 2016, fue <em><a href=\"https:\/\/confidencial.digital\/politica\/rosario-murillo-defenestro-a-omar-halleslevens-de-oficinas-de-la-vicepresidencia\/\" target=\"_blank\" rel=\"noreferrer noopener\">defenestrado de sus antiguas oficinas por \u00f3rdenes de Murillo, en mayo de 2023<\/a><\/em>. En enero de 2017, cuando Murillo asumi\u00f3 la vicepresidencia \u2014tras unas elecciones sin competencia pol\u00edtica y bajo fraude electoral del a\u00f1o anterior\u2014, el exjefe del Ej\u00e9rcito acept\u00f3 el nombramiento de \u201cministro delegado para asuntos espec\u00edficos\u201d, atendiendo directamente el Consejo Nicarag\u00fcense de Ciencia y Tecnolog\u00eda (Conicyt).<\/p>\n\n\n\n<p class=\"has-text-align-justify has-text-color has-link-color wp-elements-32 wp-block-paragraph\" style=\"color:#010000\">A pesar de ser relevado como vicepresidente, Halleslevens se mantuvo entre 2017 y 2022 a cargo de las oficinas de la Vicepresidencia y Conicyt, en las que originalmente tuvo un personal de m\u00e1s de 50 funcionarios.<\/p>\n\n\n\n<p class=\"has-text-align-justify has-text-color has-link-color wp-elements-33 wp-block-paragraph\" style=\"color:#010000\">En agosto de 2022 Halleslevens fue nombrado de manera paralela a cargo de la Comisi\u00f3n Nicarag\u00fcense de Energ\u00eda At\u00f3mica con Fines Pac\u00edficos, mientras el r\u00e9gimen se acerc\u00f3 a Rusia e Ir\u00e1n, proyectando la imagen del hijo del gobernante, Laureano Ortega Murillo, quien apareci\u00f3 como la figura principal de los acuerdos. El exjefe militar simplemente \u201cdesapareci\u00f3\u201d. Al final, el Conicyt fue eliminado tras 25 a\u00f1os de existencia, en noviembre de 2022.<\/p>\n\n\n\n<p class=\"has-text-align-justify has-text-color has-link-color wp-elements-34 wp-block-paragraph\" style=\"color:#010000\">La relaci\u00f3n de Halleslevens con la vicepresidenta se deterior\u00f3 al grado que Murillo orden\u00f3 que en diciembre de 2022 no se entregara la canasta navide\u00f1a a los trabajadores de su despacho ni el bono a quienes ten\u00edan los salarios m\u00e1s bajos. En febrero de 2023, Murillo orden\u00f3 desalojar las oficinas de la Vicepresidencia, donde estaba Halleslevens, y que ella nunca visit\u00f3.<\/p>\n\n\n\n<p class=\"has-text-align-justify has-text-color has-link-color wp-elements-35 wp-block-paragraph\" style=\"color:#010000\">Una de las versiones sobre el detonante final para su salida asocia el acercamiento del exvicepresidente con el general en retiro Humberto Ortega Saavedra, hermano del dictador, despu\u00e9s de que este se reuni\u00f3 con Daniel Ortega en diciembre de 2022.<\/p>\n\n\n\n<p class=\"has-text-align-center has-text-color has-link-color wp-elements-36 wp-block-paragraph\" style=\"color:#010000\"><strong>***<\/strong><\/p>\n\n\n\n<p class=\"has-text-color has-link-color wp-elements-37 wp-block-paragraph\" style=\"color:#010000\"><strong>La barrida en la Corte<\/strong><\/p>\n\n\n\n<p class=\"has-text-align-justify has-text-color has-link-color wp-elements-38 wp-block-paragraph\" style=\"color:#010000\"><em>Lo ocurrido en el Poder Judicial en 2023 fue una barrida. La Corte Suprema de <\/em>Justicia <em><a href=\"https:\/\/confidencial.digital\/politica\/desmantelan-poder-judicial-y-otorgan-control-total-a-nuevo-superconsejo\/\" target=\"_blank\" rel=\"noreferrer noopener\">pr\u00e1cticamente fue desmantelada<\/a><\/em><em>. M\u00e1s de 1000 funcionarios y empleados p\u00fablicos \u2014incluidos jueces y magistrados que sirvieron a la dictadura\u2014 fueron <a href=\"https:\/\/confidencial.digital\/politica\/purga-en-la-csj-viola-la-constitucion-y-leyes-de-nicaragua\/\" target=\"_blank\" rel=\"noreferrer noopener\">despedidos, incluso v\u00eda WhatsApp<\/a><\/em><em>, SMS o correo electr\u00f3nico, sin prestaciones y violando sus derechos civiles y laborales. Direcciones y dependencias quedaron paralizadas o fueron traspasadas a la hoy rebautizada <a href=\"https:\/\/confidencial.digital\/nacion\/cronologia-asi-crecio-el-poder-de-la-procuraduria-en-nicaragua\/\" target=\"_blank\" rel=\"noreferrer noopener\">Procuradur\u00eda General de Justicia<\/a><\/em><em>, y los <a href=\"https:\/\/confidencial.digital\/nacion\/un-ano-de-barridas-en-el-poder-judicial-trabajadores-temen-mas-despidos\/\" target=\"_blank\" rel=\"noreferrer noopener\">despidos a\u00fan no cesan<\/a><\/em><em>.<\/em><\/p>\n\n\n\n<p class=\"has-text-color has-link-color wp-elements-39 wp-block-paragraph\" style=\"color:#010000\"><strong>Alba Luz Ramos<\/strong><\/p>\n\n\n\n<p class=\"has-text-align-justify has-text-color has-link-color wp-elements-40 wp-block-paragraph\" style=\"color:#010000\">En octubre de 2023 \u201ctembl\u00f3\u201d la Corte Suprema de Justicia (CSJ). Un grupo de polic\u00edas encabezados por el \u201cministro asesor\u201d Horacio Rocha <em><a href=\"https:\/\/confidencial.digital\/politica\/policia-desaloja-de-su-oficina-a-alba-luz-ramos-presidenta-de-la-csj\/\" target=\"_blank\" rel=\"noreferrer noopener\">desaloj\u00f3 de su oficina y envi\u00f3 a su casa a la presidenta de la Corte Suprema de Justicia (CSJ), magistrada Alba Luz Ramos<\/a><\/em>, quien se retir\u00f3 de su oficina visiblemente afectada y se quej\u00f3 de estar siendo \u201cultrajada\u201d, seg\u00fan testigos de la expulsi\u00f3n.<\/p>\n\n\n\n<p class=\"has-text-align-justify has-text-color has-link-color wp-elements-41 wp-block-paragraph\" style=\"color:#010000\">La \u201csuspensi\u00f3n de facto de la doctora Alba Luz Ramos evidencia la toma del control, del Poder Judicial, por parte de Rosario Murillo\u201d, dijo en octubre de 2023 a Confidencial una fuente vinculada a la Corte Suprema.<\/p>\n\n\n\n<p class=\"has-text-align-justify has-text-color has-link-color wp-elements-42 wp-block-paragraph\" style=\"color:#010000\">En los d\u00edas posteriores ocurri\u00f3 lo mismo con otros magistrados y funcionarios del todav\u00eda llamado Poder Judicial, donde la barrida super\u00f3 a m\u00e1s de mil empleados p\u00fablicos.<\/p>\n\n\n\n<p class=\"has-text-align-justify has-text-color has-link-color wp-elements-43 wp-block-paragraph\" style=\"color:#010000\">Tambi\u00e9n varios de sus feudos \u2014como los registros p\u00fablicos, o las instancias de mediaci\u00f3n y arbitraje\u2014 fueron traspasados a Procuradur\u00eda. La barrida en el Poder Judicial fue tan extendida que en enero de 2025 tambi\u00e9n fueron <em><a href=\"https:\/\/confidencial.digital\/politica\/purgan-a-magistrado-y-a-jueces-verdugos-de-opositores-en-nicaragua\/\" target=\"_blank\" rel=\"noreferrer noopener\">destituidos jueces y magistrados que actuaron como verdugos de la dictadura<\/a><\/em>, condenando a presos pol\u00edticos en juicios espurios o leyendo sentencias de desnacionalizaci\u00f3n y confiscaci\u00f3n de ciudadanos y opositores.<\/p>\n\n\n\n<p class=\"has-text-align-justify has-text-color has-link-color wp-elements-44 wp-block-paragraph\" style=\"color:#010000\">Y las ruinas no parecen importarle a nadie en la c\u00fapula. Casi dos a\u00f1os despu\u00e9s, el magistrado orteguista Marvin Aguilar permanece \u00fanicamente como \u201cmagistrado presidente en funciones\u201d de una barrida CSJ.<\/p>\n\n\n\n<p class=\"has-text-align-center has-text-color has-link-color wp-elements-45 wp-block-paragraph\" style=\"color:#010000\"><strong>***<\/strong><\/p>\n\n\n\n<p class=\"has-text-color has-link-color wp-elements-46 wp-block-paragraph\" style=\"color:#010000\"><strong>La purga alcanza a la familia<\/strong><\/p>\n\n\n\n<p class=\"has-text-color has-link-color wp-elements-47 wp-block-paragraph\" style=\"color:#010000\"><strong>Humberto Ortega Saavedra<\/strong><\/p>\n\n\n\n<p class=\"has-text-align-justify has-text-color has-link-color wp-elements-48 wp-block-paragraph\" style=\"color:#010000\"><em><a href=\"https:\/\/confidencial.digital\/politica\/perfil-humberto-ortega-murio-como-reo-politico-de-su-hermano-dictador\/\" target=\"_blank\" rel=\"noreferrer noopener\">Humberto Ortega Saavedra<\/a><\/em>, general de Ej\u00e9rcito en retiro y hermano del dictador, falleci\u00f3 la madrugada del 30 de septiembre de 2024, tras permanecer bajo arresto domiciliario desde el 19 de mayo, y en aislamiento total desde el 11 de junio, por \u00f3rdenes de Ortega y Murillo.<\/p>\n\n\n\n<p class=\"has-text-align-justify has-text-color has-link-color wp-elements-49 wp-block-paragraph\" style=\"color:#010000\">El 9 de junio, tres semanas despu\u00e9s de estar \u201ccasa por c\u00e1rcel\u201d, el general en retiro grab\u00f3 <em><a href=\"https:\/\/confidencial.digital\/politica\/humberto-ortega-en-su-ultimo-audio-soy-prisionero-politico\/\" target=\"_blank\" rel=\"noreferrer noopener\">un mensaje de audio<\/a><\/em> en una llamada a Confidencial desde un tel\u00e9fono celular que guardaba a escondidas en su casa, despu\u00e9s que la Polic\u00eda incaut\u00f3 todos sus medios de comunicaci\u00f3n durante el allanamiento de mayo. En el mensaje \u00edntegro, que qued\u00f3 en resguardo de este medio seg\u00fan su voluntad, se declar\u00f3 \u201cprisionero pol\u00edtico\u201d, denunci\u00f3 su estado de aislamiento, el agravamiento de su salud, y su demanda de libertad.<\/p>\n\n\n\n<p class=\"has-text-align-justify has-text-color has-link-color wp-elements-50 wp-block-paragraph\" style=\"color:#010000\">Ni el Ej\u00e9rcito de Nicaragua ni la dictadura de Daniel Ortega, admitieron el traslado del general en retiro al Hospital Militar, ni brindaron alguna informaci\u00f3n sobre la condici\u00f3n de salud del preso pol\u00edtico en ese centro hospitalario, hasta que, tres meses y medio despu\u00e9s, el 29 de septiembre, emitieron un comunicado 10 horas antes de que falleciera bajo custodia de la Polic\u00eda y el Ej\u00e9rcito.<\/p>\n\n\n\n<p class=\"has-text-align-justify has-text-color has-link-color wp-elements-51 wp-block-paragraph\" style=\"color:#010000\">Durante su vida p\u00fablica, <em><a href=\"https:\/\/confidencial.digital\/politica\/perfil-humberto-ortega-murio-como-reo-politico-de-su-hermano-dictador\/\" target=\"_blank\" rel=\"noreferrer noopener\">Humberto Ortega siempre alarde\u00f3 de su astucia<\/a><\/em>. Y la tuvo en su actividad pol\u00edtica guerrillera, durante su carrera militar y en su faceta de empresario millonario, aunque de la \u00faltima nunca le gust\u00f3 hablar. Fue el primer jefe del Ej\u00e9rcito Popular Sandinista en 1979 y del nuevo Ej\u00e9rcito de Nicaragua en 1994. Tambi\u00e9n, uno de los nueve comandantes de la Direcci\u00f3n Nacional del Frente Sandinista, y una figura respetada y controvertida, por igual.<\/p>\n\n\n\n<p class=\"has-text-align-justify has-text-color has-link-color wp-elements-52 wp-block-paragraph\" style=\"color:#010000\">Asumi\u00f3 el papel de factor pol\u00edtico y negociador en momentos de crisis. Desde esa posici\u00f3n promovi\u00f3 el primer pacto pol\u00edtico con Arnoldo Alem\u00e1n en 1997, tras la segunda derrota electoral de su hermano Daniel, y luego intent\u00f3 \u2014sin \u00e9xito\u2014 resolver el estallido social de 2018.<\/p>\n\n\n\n<p class=\"has-text-align-justify has-text-color has-link-color wp-elements-53 wp-block-paragraph\" style=\"color:#010000\">En el ocaso de su vida, Humberto Ortega cuestion\u00f3 la dictadura de su hermano, con quien mantuvo una relaci\u00f3n de altos y bajos hasta sus \u00faltimos d\u00edas. En una entrevista con el medio argentino Infobae, en mayo de 2024, cuestion\u00f3 el plan din\u00e1stico de su hermano y su cu\u00f1ada, con una declaraci\u00f3n que lo convirti\u00f3 en preso pol\u00edtico y lo condujo a su muerte.<\/p>\n\n\n\n<p class=\"has-text-align-justify has-text-color has-link-color wp-elements-54 wp-block-paragraph\" style=\"color:#010000\">Aunque no ocup\u00f3 ning\u00fan cargo tras el regreso al poder de su hermano, su encarcelamiento y muerte como prisionero pol\u00edtico marca \u2014hasta hoy\u2014 lo m\u00e1s alto que ha llegado la guillotina de la dictadura, alcanzando la escala familiar.<\/p>\n\n\n\n<p class=\"has-text-align-center has-text-color has-link-color wp-elements-55 wp-block-paragraph\" style=\"color:#010000\"><strong>***<\/strong><\/p>\n\n\n\n<p class=\"has-text-color has-link-color wp-elements-56 wp-block-paragraph\" style=\"color:#010000\"><strong>Las purgas de 2024<\/strong><\/p>\n\n\n\n<p class=\"has-text-align-justify has-text-color has-link-color wp-elements-57 wp-block-paragraph\" style=\"color:#010000\"><em>En 2024, la purga de Rosario Murillo sorprendi\u00f3 con sus decapitaciones. Toc\u00f3 la alta gerencia econ\u00f3mica del Estado, \u201crenunciando\u201d a un titular de su confianza, a familiares unidas a la historia del FSLN y al eterno escolta de Ortega.<\/em><\/p>\n\n\n\n<p class=\"has-text-color has-link-color wp-elements-58 wp-block-paragraph\" style=\"color:#010000\"><strong>Iv\u00e1n Acosta Montalv\u00e1n<\/strong><\/p>\n\n\n\n<p class=\"has-text-align-justify has-text-color has-link-color wp-elements-59 wp-block-paragraph\" style=\"color:#010000\">En junio de 2024, la dictadura confirm\u00f3 la salida de Iv\u00e1n Acosta Montalv\u00e1n como ministro de Hacienda y Cr\u00e9dito P\u00fablico. La noticia sobre su salida se conoci\u00f3 m\u00e1s de 24 horas antes, cuando tres fuentes vinculadas al ahora exfuncionario confirmaron a Confidencial su destituci\u00f3n, aunque la dictadura asegura que fue <em><a href=\"https:\/\/confidencial.digital\/economia\/ivan-acosta-ministro-de-hacienda-operador-economico-nicaragua\/\" target=\"_blank\" rel=\"noreferrer noopener\">\u201crenuncia\u201d<\/a><\/em>.<\/p>\n\n\n\n<p class=\"has-text-align-justify has-text-color has-link-color wp-elements-60 wp-block-paragraph\" style=\"color:#010000\">Como ministro de Hacienda, desde principios de febrero de 2012, Acosta era uno de los principales operadores econ\u00f3micos del r\u00e9gimen, y una ficha leal a Murillo.<\/p>\n\n\n\n<p class=\"has-text-align-justify has-text-color has-link-color wp-elements-61 wp-block-paragraph\" style=\"color:#010000\">Sin embargo, el 18 de junio de 2024, agentes de la Polic\u00eda Nacional, al servicio de la Direcci\u00f3n de Auxilio Judicial, allanaron su oficina y su vivienda, aunque entonces no fue detenido por la Polic\u00eda, y luego se le vio en un restaurante.<\/p>\n\n\n\n<p class=\"has-text-align-justify has-text-color has-link-color wp-elements-62 wp-block-paragraph\" style=\"color:#010000\">Un mes m\u00e1s tarde, Ortega lo nombr\u00f3 \u201cministro asesor del presidente de la rep\u00fablica ante organismos internacionales\u201d, un <em><a href=\"https:\/\/confidencial.digital\/economia\/inventan-cargo-para-ivan-acosta-destituido-ministro-de-hacienda\/\" target=\"_blank\" rel=\"noreferrer noopener\">cargo que no exist\u00eda<\/a><\/em> hasta el 28 de junio, que apareci\u00f3 publicado en el Diario Oficial La Gaceta.<\/p>\n\n\n\n<p class=\"has-text-align-justify has-text-color has-link-color wp-elements-63 wp-block-paragraph\" style=\"color:#010000\">Luego, en octubre, Acosta fue <em><a href=\"https:\/\/confidencial.digital\/economia\/detienen-por-segunda-vez-a-ivan-acosta-exministro-de-hacienda\/\" target=\"_blank\" rel=\"noreferrer noopener\">detenido nuevamente<\/a><\/em> por la Polic\u00eda, sin que se hayan hecho p\u00fablicas las razones para su destituci\u00f3n en junio.<\/p>\n\n\n\n<p class=\"has-text-align-justify has-text-color has-link-color wp-elements-64 wp-block-paragraph\" style=\"color:#010000\">Su ca\u00edda se ha vinculado al extesorero de Hacienda, <em><a href=\"https:\/\/confidencial.digital\/economia\/juan-jose-montoya-extesorero-de-hacienda-en-nicaragua\/\" target=\"_blank\" rel=\"noreferrer noopener\">Juan Jos\u00e9 Montoya<\/a><\/em>, detenido desde mediados de abril de 2024, por presunto lavado de dinero y \u201ccorrupci\u00f3n no autorizada\u201d. Aunque se desconoce una acusaci\u00f3n formal en contra de Montoya, <em><a href=\"https:\/\/confidencial.digital\/politica\/las-seis-lujosas-propiedades-confiscadas-al-extesorero-de-hacienda-juan-jose-montoya\/\" target=\"_blank\" rel=\"noreferrer noopener\">seis lujosas propiedades<\/a><\/em> que se le atribuyen fueron confiscadas y repartidas por la dictadura desde su \u201cca\u00edda en desgracia\u201d y encarcelamiento.<\/p>\n\n\n\n<p class=\"has-text-color has-link-color wp-elements-65 wp-block-paragraph\" style=\"color:#010000\"><strong>Carlos Fonseca Ter\u00e1n<\/strong><\/p>\n\n\n<div class=\"wp-block-image\">\n<figure class=\"aligncenter size-large\"><img data-recalc-dims=\"1\" loading=\"lazy\" decoding=\"async\" width=\"656\" height=\"296\" data-attachment-id=\"49350\" data-permalink=\"https:\/\/correspondenciadeprensa.com\/?attachment_id=49350\" data-orig-file=\"https:\/\/i0.wp.com\/correspondenciadeprensa.com\/wp-content\/uploads\/2025\/09\/Nicaragua04092025-II.jpg?fit=1280%2C578&amp;ssl=1\" data-orig-size=\"1280,578\" data-comments-opened=\"0\" data-image-title=\"Nicaragua04092025 II\" data-image-description=\"\" data-image-caption=\"\" data-large-file=\"https:\/\/i0.wp.com\/correspondenciadeprensa.com\/wp-content\/uploads\/2025\/09\/Nicaragua04092025-II.jpg?fit=656%2C296&amp;ssl=1\" src=\"https:\/\/i0.wp.com\/correspondenciadeprensa.com\/wp-content\/uploads\/2025\/09\/Nicaragua04092025-II.jpg?resize=656%2C296&#038;ssl=1\" alt=\"\" class=\"wp-image-49350\" srcset=\"https:\/\/i0.wp.com\/correspondenciadeprensa.com\/wp-content\/uploads\/2025\/09\/Nicaragua04092025-II.jpg?resize=1024%2C462&amp;ssl=1 1024w, https:\/\/i0.wp.com\/correspondenciadeprensa.com\/wp-content\/uploads\/2025\/09\/Nicaragua04092025-II.jpg?resize=300%2C135&amp;ssl=1 300w, https:\/\/i0.wp.com\/correspondenciadeprensa.com\/wp-content\/uploads\/2025\/09\/Nicaragua04092025-II.jpg?resize=768%2C347&amp;ssl=1 768w, https:\/\/i0.wp.com\/correspondenciadeprensa.com\/wp-content\/uploads\/2025\/09\/Nicaragua04092025-II.jpg?resize=1200%2C542&amp;ssl=1 1200w, https:\/\/i0.wp.com\/correspondenciadeprensa.com\/wp-content\/uploads\/2025\/09\/Nicaragua04092025-II.jpg?w=1280&amp;ssl=1 1280w\" sizes=\"auto, (max-width: 656px) 100vw, 656px\" \/><figcaption class=\"wp-element-caption\"><sub>Carlos Fonseca Ter\u00e1n junto a Daniel Ortega, en un acto por el 43 aniversario del asesinato de su padre Carlos Fonseca Amador, fundador del FSLN. \/\/ Foto: CCC<\/sub><\/figcaption><\/figure>\n<\/div>\n\n\n<p class=\"wp-block-paragraph\"><\/p>\n\n\n\n<p class=\"has-text-align-justify has-text-color has-link-color wp-elements-66 wp-block-paragraph\" style=\"color:#010000\">Carlos Fonseca Ter\u00e1n, hijo del fundador del FSLN Carlos Fonseca Amador, militante sandinista y firme defensor del r\u00e9gimen de Ortega y Murillo, fue <em><a href=\"https:\/\/confidencial.digital\/nacion\/detencion-domiciliaria-a-carlos-fonseca-teran-hijo-de-fundador-del-fsln\/\" target=\"_blank\" rel=\"noreferrer noopener\">detenido en su residencia, en Managua, el 26 de julio de 2024<\/a><\/em>. Ni la Polic\u00eda ni la Fiscal\u00eda han detallado los motivos, pero diversas fuentes ligadas al FSLN aseguran que la raz\u00f3n principal fue su papel como coordinador de un grupo de WhatsApp llamado \u201cLa Comuna\u201d. En ese chat, Fonseca manten\u00eda conversaciones cr\u00edticas sobre el Gobierno con otra decena de sandinistas, aunque sin renegar del liderazgo de Ortega.<\/p>\n\n\n\n<p class=\"has-text-align-justify has-text-color has-link-color wp-elements-67 wp-block-paragraph\" style=\"color:#010000\">Fonseca fue puesto en aislamiento total: sus tel\u00e9fonos y computadoras fueron confiscados a \u00e9l y a su esposa, Arlen Cuadra, quien era magistrada del Tribunal Laboral, y meses antes fue despedida en una de las barridas de la Corte Suprema de Justicia. Tambi\u00e9n su hijo, Carlos Manuel Fonseca L\u00f3pez, fue despedido de un puesto en la agencia de inversiones ProNicaragua, donde trabaj\u00f3 por ocho a\u00f1os.<\/p>\n\n\n\n<p class=\"has-text-align-justify has-text-color has-link-color wp-elements-68 wp-block-paragraph\" style=\"color:#010000\">El alcance de esta purga va m\u00e1s all\u00e1 de Fonseca Ter\u00e1n e incluye a al menos <em><a href=\"https:\/\/confidencial.digital\/nacion\/carlos-fonseca-teran-y-diez-miembros-de-la-comuna-cumplen-un-mes-presos-y-aislados\/\" target=\"_blank\" rel=\"noreferrer noopener\">una decena de sandinistas que participaban en el grupo de WhatsApp \u201cLa Comuna\u201d<\/a><\/em>. Entre ellos: los profesores universitarios Rigoberto Ramos, Ernesto Paredes, Frank Matus y Christian Eduardo Berm\u00fadez, el abogado Alejandro Taleno, el administrador Gustavo Zapata, y el artista Jos\u00e9 Antonio Berm\u00fadez.<\/p>\n\n\n\n<p class=\"has-text-align-justify has-text-color has-link-color wp-elements-69 wp-block-paragraph\" style=\"color:#010000\">Ter\u00e1n no ocupaba un cargo oficial ni era un operador directo de la dictadura, pero su detenci\u00f3n es significativa por el peso de su apellido en la historia del FSLN.<\/p>\n\n\n\n<p class=\"has-text-align-justify has-text-color has-link-color wp-elements-70 wp-block-paragraph\" style=\"color:#010000\">Aunque p\u00fablicamente se mantuvo como un partidario incondicional del r\u00e9gimen, sus cr\u00edticas, presuntamente moderadas y en un \u00e1mbito privado, fueron suficientes para activar la maquinaria represiva de un r\u00e9gimen que no tolera ninguna forma de cr\u00edtica, incluso de aquellos que fueron sus m\u00e1s fervientes defensores.<\/p>\n\n\n\n<p class=\"has-text-color has-link-color wp-elements-71 wp-block-paragraph\" style=\"color:#010000\"><strong>Alberto Acu\u00f1a Avil\u00e9s<\/strong><\/p>\n\n\n\n<p class=\"has-text-align-justify has-text-color has-link-color wp-elements-72 wp-block-paragraph\" style=\"color:#010000\">La <em><a href=\"https:\/\/confidencial.digital\/nacion\/rosario-murillo-destituye-al-jefe-de-escolta-policial-de-daniel-ortega\/\" target=\"_blank\" rel=\"noreferrer noopener\">destituci\u00f3n y baja deshonrosa del jefe de escolta presidencial de Ortega<\/a><\/em>, comisionado general Marcos Alberto Acu\u00f1a Avil\u00e9s, fue confirmada por la Polic\u00eda Nacional en agosto de 2024, horas despu\u00e9s que Confidencial inform\u00f3 que la medida fue ordenada por Murillo desde el 24 de julio.<\/p>\n\n\n\n<p class=\"has-text-align-justify has-text-color has-link-color wp-elements-73 wp-block-paragraph\" style=\"color:#010000\">Acu\u00f1a era parte del equipo policial de seguridad de Ortega desde los a\u00f1os 90, y desde el 10 enero de 2007 se convirti\u00f3 en el jefe de la escolta presidencial. En 2014, Ortega lo ascendi\u00f3 al grado de comisionado general.<\/p>\n\n\n\n<p class=\"has-text-align-justify has-text-color has-link-color wp-elements-74 wp-block-paragraph\" style=\"color:#010000\">Despu\u00e9s de estar al servicio de la seguridad personal de Ortega durante m\u00e1s de 25 a\u00f1os, Acu\u00f1a fue se\u00f1alado de desobedecer \u201cflagrantemente \u00f3rdenes superiores, poniendo en riesgo la seguridad ciudadana\u201d, seg\u00fan la nota de prensa policial.<\/p>\n\n\n\n<p class=\"has-text-align-justify has-text-color has-link-color wp-elements-75 wp-block-paragraph\" style=\"color:#010000\">Fuentes vinculadas a la Polic\u00eda Nacional revelaron que, en los \u00faltimos meses, eran visibles las \u201crelaciones de tensi\u00f3n\u201d entre Murillo y Acu\u00f1a, y detallaron que la orden de su salida se produjo despu\u00e9s \u201cque tuvo una discusi\u00f3n\u201d ella, en torno a una situaci\u00f3n y un tema que no pudieron identificar.<\/p>\n\n\n\n<p class=\"has-text-align-center has-text-color has-link-color wp-elements-76 wp-block-paragraph\" style=\"color:#010000\"><strong>***<\/strong><\/p>\n\n\n\n<p class=\"has-text-color has-link-color wp-elements-77 wp-block-paragraph\" style=\"color:#010000\"><strong>Los verdugos tambi\u00e9n caen<\/strong><\/p>\n\n\n\n<p class=\"has-text-align-justify has-text-color has-link-color wp-elements-78 wp-block-paragraph\" style=\"color:#010000\">Un comisionado general en retiro fue \u201cresucitado\u201d con una tarea clara: ejecutar las \u201cpurgas\u201d de la dictadura. Cumpli\u00f3 con tanto \u00e9xito que algunos comenzaron a llamarlo el <em><a href=\"https:\/\/confidencial.digital\/politica\/las-purgas-del-policia-superministro-horacio-rocha\/\" target=\"_blank\" rel=\"noreferrer noopener\">\u201c\u00e1ngel de la muerte\u201d<\/a><\/em>, porque si \u00e9l aparec\u00eda en la oficina de alg\u00fan funcionario no era para otra cosa que hacer rodar su cabeza. Igual de \u201ceficiente\u201d fue la rectora que encabez\u00f3 la cacer\u00eda contra los universitarios por las protestas de 2018, cooper\u00f3 con el cierre y confiscaciones de casi 40 universidades y permiti\u00f3 el adoctrinamiento en las aulas, gan\u00e1ndose el t\u00edtulo de <em><a href=\"https:\/\/confidencial.digital\/nacion\/cae-ramona-rodriguez-verdugo-de-la-autonomia-universitaria\/\" target=\"_blank\" rel=\"noreferrer noopener\">\u201cverdugo de la autonom\u00eda universitaria\u201d<\/a><\/em>. Pero \u2014llegado su turno\u2014 ninguno de los dos escap\u00f3 de la purga de Rosario Murillo.<\/p>\n\n\n\n<p class=\"has-text-color has-link-color wp-elements-79 wp-block-paragraph\" style=\"color:#010000\"><strong>Horacio Rocha L\u00f3pez<\/strong><\/p>\n\n\n\n<p class=\"has-text-align-justify has-text-color has-link-color wp-elements-80 wp-block-paragraph\" style=\"color:#010000\">El comisionado general en retiro Horacio Rocha L\u00f3pez, resucitado como \u201cministro asesor de la Presidencia en temas de seguridad\u201d y <em><a href=\"https:\/\/confidencial.digital\/politica\/las-purgas-del-policia-superministro-horacio-rocha\/\" target=\"_blank\" rel=\"noreferrer noopener\">principal ejecutor de las \u201cpurgas\u201d<\/a><\/em> en el Estado, la Polic\u00eda y el partido de Gobierno entre diciembre de 2022 y septiembre de 2024, fue <em><a href=\"https:\/\/confidencial.digital\/politica\/cae-el-policia-superministro-horacio-rocha-por-ordenes-de-rosario-murillo\/\" target=\"_blank\" rel=\"noreferrer noopener\">separado de su cargo<\/a><\/em> en la tercera semana de enero de 2025, tambi\u00e9n por \u00f3rdenes de Murillo.<\/p>\n\n\n\n<p class=\"has-text-align-justify has-text-color has-link-color wp-elements-81 wp-block-paragraph\" style=\"color:#010000\">\u201cRocha est\u00e1 separado de todas sus funciones, sin explicar las razones\u201d, indic\u00f3 a Confidencial una fuente vinculada al Ministerio del Interior y la Polic\u00eda Nacional. Otra fuente, vinculada al FSLN, asegur\u00f3 que la ca\u00edda de Rocha se debe a que se \u201cle pas\u00f3 la mano y se extralimit\u00f3 en sus funciones\u201d.<\/p>\n\n\n\n<p class=\"has-text-align-justify has-text-color has-link-color wp-elements-82 wp-block-paragraph\" style=\"color:#010000\">El otrora poderoso ministro asesor presidencial \u201cse arrog\u00f3 facultades para realizar investigaciones sobre altos personajes e instituciones\u201d de la c\u00fapula del poder, \u201csin autorizaci\u00f3n\u201d, explic\u00f3 la fuente. Desde enero de 2025, Rocha, est\u00e1 en su casa de habitaci\u00f3n, sin funciones.<\/p>\n\n\n\n<p class=\"has-text-color has-link-color wp-elements-83 wp-block-paragraph\" style=\"color:#010000\"><strong>Ramona Rodr\u00edguez P\u00e9rez<\/strong><\/p>\n\n\n\n<p class=\"has-text-align-justify has-text-color has-link-color wp-elements-84 wp-block-paragraph\" style=\"color:#010000\">Ramona Rodr\u00edguez, ahora expresidenta del Consejo Nacional de Universidades (CNU), fue el principal verdugo de las universidades nicarag\u00fcenses. Se coordin\u00f3 con la Direcci\u00f3n General de Control de Organizaciones sin Fines de Lucro para cancelar las personalidades jur\u00eddicas de 37 universidades privadas y confiscar sus propiedades, y fue la principal responsable de la cacer\u00eda y \u201cmuerte acad\u00e9mica\u201d de m\u00e1s de un centenar de estudiantes expulsados de la Universidad Nacional Aut\u00f3noma de de Nicaragua (UNAN \u2013 Managua) que ten\u00eda a cargo.<\/p>\n\n\n\n<p class=\"has-text-align-justify has-text-color has-link-color wp-elements-85 wp-block-paragraph\" style=\"color:#010000\">Permiti\u00f3 el ingreso de grupos paramilitares y polic\u00edas para que atacaran a balazos a los estudiantes atrincherados en el recinto universitario, en 2018. Tambi\u00e9n fue responsable de desmantelar la autonom\u00eda universitaria, fomentar el proselitismo pol\u00edtico dentro de las universidades y violar los derechos laborales de los trabajadores despedidos por manifestarse en contra del r\u00e9gimen.<\/p>\n\n\n\n<p class=\"has-text-align-justify has-text-color has-link-color wp-elements-86 wp-block-paragraph\" style=\"color:#010000\">Fue <em><a href=\"https:\/\/confidencial.digital\/nacion\/cae-ramona-rodriguez-verdugo-de-la-autonomia-universitaria\/\" target=\"_blank\" rel=\"noreferrer noopener\">destituida<\/a><\/em> como presidenta del CNU y rectora de la UNAN \u2013 Managua, en mayo de 2025. <em><a href=\"https:\/\/confidencial.digital\/nacion\/reaparece-ramona-rodriguez-en-nueva-universidad-la-sandino\/\" target=\"_blank\" rel=\"noreferrer noopener\">D\u00edas despu\u00e9s de su destituci\u00f3n,<\/a><\/em> reapareci\u00f3 p\u00fablicamente para asumir un cargo sin poder real: hacerse cargo del Centro Nacional de Capacitaci\u00f3n de Emprendedores \u201cLa Sandino\u201d, instalado en las oficinas del Centro para la Promoci\u00f3n, Investigaci\u00f3n y Desarrollo Rural y Social (Cipres), confiscadas al \u201cide\u00f3logo\u201d del FSLN, Orlando N\u00fa\u00f1ez, en marzo de 2025.<\/p>\n\n\n\n<p class=\"has-text-align-center has-text-color has-link-color wp-elements-87 wp-block-paragraph\" style=\"color:#010000\"><strong>***<\/strong><\/p>\n\n\n\n<p class=\"has-text-color has-link-color wp-elements-88 wp-block-paragraph\" style=\"color:#010000\"><strong>Las purgas m\u00e1s recientes<\/strong><\/p>\n\n\n\n<p class=\"has-text-align-justify has-text-color has-link-color wp-elements-89 wp-block-paragraph\" style=\"color:#010000\"><em>Los arrestos contra operadores pol\u00edticos y econ\u00f3micos de larga historia en el FSLN y amplia cercan\u00eda a Ortega, son vistos como acciones m\u00e1s all\u00e1 de la purga de Rosario Murillo. En palabras de la comandante guerrillera, disidente, historiadora y exrea pol\u00edtica desterrada, Dora Mar\u00eda T\u00e9llez, la evidencia de estas es que <a href=\"https:\/\/confidencial.digital\/politica\/la-incondicionalidad-ya-no-paga-en-la-dictadura-ortega-murillo\/\" target=\"_blank\" rel=\"noreferrer noopener\">\u201cser incondicional de Daniel Ortega, incluso de Rosario Murillo, ya no paga, no tienen ninguna retribuci\u00f3n\u201d<\/a><\/em><em>.<\/em><\/p>\n\n\n\n<p class=\"has-text-color has-link-color wp-elements-90 wp-block-paragraph\" style=\"color:#010000\"><strong>\u00c1lvaro Baltodano Cantarero<\/strong><\/p>\n\n\n\n<p class=\"has-text-align-justify has-text-color has-link-color wp-elements-91 wp-block-paragraph\" style=\"color:#010000\">El general de brigada en retiro \u00c1lvaro Baltodano Cantarero fue detenido en mayo de 2025 y <em><a href=\"https:\/\/confidencial.digital\/nacion\/sentencian-a-20-anos-de-carcel-al-general-en-retiro-alvaro-baltodano-y-confiscan-sus-bienes\/\" target=\"_blank\" rel=\"noreferrer noopener\">sentenciado a 20 a\u00f1os de c\u00e1rcel<\/a><\/em> por el supuesto delito de \u201ctraici\u00f3n a la patria\u201d, y se orden\u00f3 \u201cla confiscaci\u00f3n de todos sus bienes\u201d, el 9 de junio, en un juicio sumario por videoconferencia en la c\u00e1rcel La Modelo, en Managua.<\/p>\n\n\n\n<p class=\"has-text-align-justify has-text-color has-link-color wp-elements-92 wp-block-paragraph\" style=\"color:#010000\">El 14 de agosto, la rebautizada Procuradur\u00eda General de Justicia tambi\u00e9n anunci\u00f3 la <em><a href=\"https:\/\/confidencial.digital\/economia\/confirman-cancelacion-de-planta-geotermica-momotombo-en-nicaragua\/\" target=\"_blank\" rel=\"noreferrer noopener\">cancelaci\u00f3n \u201cde manera definitiva\u201d del contrato de concesi\u00f3n de la Planta Geot\u00e9rmica Momotombo<\/a><\/em>, alegando v\u00ednculos con \u201c20 sociedades de papel\u201d de la empresa \u201cMomotombo Power Company\u201d, a cargo de Baltodano Cantarero, su hijo el empresario \u00c1lvaro Baltodano Monroy (<em><a href=\"https:\/\/confidencial.digital\/nacion\/policia-captura-a-alvaro-baltodano-monroy-hijo-del-general-alvaro-baltodano\/\" target=\"_blank\" rel=\"noreferrer noopener\">detenido en julio<\/a><\/em>) y tres inversionistas extranjeros.<\/p>\n\n\n\n<p class=\"has-text-align-justify has-text-color has-link-color wp-elements-93 wp-block-paragraph\" style=\"color:#010000\">Baltodano fue comandante guerrillero del FSLN y particip\u00f3 en la insurrecci\u00f3n de Matagalpa, en 1979, como uno de los jefes del Frente Norte. Se incorpor\u00f3 al Ej\u00e9rcito Popular Sandinista en julio de 1979, desempe\u00f1ando altos cargos militares durante la guerra entre la contrarrevoluci\u00f3n y el EPS en la d\u00e9cada de los ochenta. Se retir\u00f3 del Ej\u00e9rcito en abril del 2000, pasando a general de brigada en retiro.&nbsp;<\/p>\n\n\n\n<p class=\"has-text-align-justify has-text-color has-link-color wp-elements-94 wp-block-paragraph\" style=\"color:#010000\">Junto con Lenin Cerna y Dioniso Marenco, Baltodano se convirti\u00f3 en uno de los actores de mayor confianza pol\u00edtica de Ortega, siendo uno de sus principales operadores pol\u00edticos en la oposici\u00f3n, entre 2000 y 2006. En 2006 tambi\u00e9n fue el representante del FSLN en la Alianza Unida Nicaragua Triunfa, con la cual Ortega regres\u00f3 al poder.<\/p>\n\n\n\n<p class=\"has-text-align-justify has-text-color has-link-color wp-elements-95 wp-block-paragraph\" style=\"color:#010000\">Despu\u00e9s del triunfo electoral, fue nombrado presidente de la Comisi\u00f3n Nacional de Zonas Francas y, entre 2009 y 2017, se convirti\u00f3 \u2014junto con el asesor presidencial para asuntos econ\u00f3micos, Bayardo Arce\u2014 en uno de los enlaces de Ortega en la alianza con los grandes empresarios del sector privado. Tambi\u00e9n, consolid\u00f3 su influencia como presidente de la Agencia de Promoci\u00f3n de Inversiones y Exportaciones (ProNicaragua).<\/p>\n\n\n\n<p class=\"has-text-align-justify has-text-color has-link-color wp-elements-96 wp-block-paragraph\" style=\"color:#010000\">En 2017 fue nombrado \u201cministro delegado presidencial para la Promoci\u00f3n de Inversiones y Facilitaci\u00f3n del Comercio Exterior\u201d, cargo del cual fue destituido en octubre de 2022, retir\u00e1ndose de las actividades pol\u00edticas p\u00fablicas en el FSLN.<\/p>\n\n\n\n<p class=\"has-text-color has-link-color wp-elements-97 wp-block-paragraph\" style=\"color:#010000\"><strong>Bayardo Arce Casta\u00f1o<\/strong><\/p>\n\n\n<div class=\"wp-block-image\">\n<figure class=\"aligncenter size-large\"><img data-recalc-dims=\"1\" loading=\"lazy\" decoding=\"async\" width=\"656\" height=\"309\" data-attachment-id=\"49352\" data-permalink=\"https:\/\/correspondenciadeprensa.com\/?attachment_id=49352\" data-orig-file=\"https:\/\/i0.wp.com\/correspondenciadeprensa.com\/wp-content\/uploads\/2025\/09\/Nicaragua04092025-III.jpg?fit=1276%2C602&amp;ssl=1\" data-orig-size=\"1276,602\" data-comments-opened=\"0\" data-image-title=\"Nicaragua04092025 III\" data-image-description=\"\" data-image-caption=\"\" data-large-file=\"https:\/\/i0.wp.com\/correspondenciadeprensa.com\/wp-content\/uploads\/2025\/09\/Nicaragua04092025-III.jpg?fit=656%2C309&amp;ssl=1\" src=\"https:\/\/i0.wp.com\/correspondenciadeprensa.com\/wp-content\/uploads\/2025\/09\/Nicaragua04092025-III.jpg?resize=656%2C309&#038;ssl=1\" alt=\"\" class=\"wp-image-49352\" srcset=\"https:\/\/i0.wp.com\/correspondenciadeprensa.com\/wp-content\/uploads\/2025\/09\/Nicaragua04092025-III.jpg?resize=1024%2C483&amp;ssl=1 1024w, https:\/\/i0.wp.com\/correspondenciadeprensa.com\/wp-content\/uploads\/2025\/09\/Nicaragua04092025-III.jpg?resize=300%2C142&amp;ssl=1 300w, https:\/\/i0.wp.com\/correspondenciadeprensa.com\/wp-content\/uploads\/2025\/09\/Nicaragua04092025-III.jpg?resize=768%2C362&amp;ssl=1 768w, https:\/\/i0.wp.com\/correspondenciadeprensa.com\/wp-content\/uploads\/2025\/09\/Nicaragua04092025-III.jpg?resize=1200%2C566&amp;ssl=1 1200w, https:\/\/i0.wp.com\/correspondenciadeprensa.com\/wp-content\/uploads\/2025\/09\/Nicaragua04092025-III.jpg?w=1276&amp;ssl=1 1276w\" sizes=\"auto, (max-width: 656px) 100vw, 656px\" \/><figcaption class=\"wp-element-caption\"><sub>Bayardo Arce con Daniel Ortega en un congreso sandinista<\/sub><\/figcaption><\/figure>\n<\/div>\n\n\n<p class=\"wp-block-paragraph\"><\/p>\n\n\n\n<p class=\"has-text-align-justify has-text-color has-link-color wp-elements-98 wp-block-paragraph\" style=\"color:#010000\">El asesor econ\u00f3mico de la Presidencia, Bayardo Arce Casta\u00f1o, exmiembro de la Direcci\u00f3n Nacional del FSLN, fue el principal operador del poder en la estrategia de alianzas econ\u00f3micas con los grandes capitales del sector privado. Actu\u00f3 como contraparte oficial ante el Consejo Superior de la Empresa Privada (Cosep) en la interacci\u00f3n del Gobierno con las c\u00e1maras empresariales, en el <em><a href=\"https:\/\/confidencial.digital\/opinion\/modelo-cosep-o-el-regimen-de-ortega\/\" target=\"_blank\" rel=\"noreferrer noopener\">\u201cmodelo de di\u00e1logo y consenso\u201d<\/a><\/em>, roto en abril de 2018, cuando el Cosep conden\u00f3 la represi\u00f3n y masacre a las protestas ciudadanas.<\/p>\n\n\n\n<p class=\"has-text-align-justify has-text-color has-link-color wp-elements-99 wp-block-paragraph\" style=\"color:#010000\">El excomandante de la revoluci\u00f3n, siempre hab\u00eda tenido su propio peso pol\u00edtico en el FSLN, particularmente entre los empresarios sandinistas y en el Poder Judicial. Leal al partido y empresario privado, administr\u00f3 su capital pol\u00edtico con cautela y pragmatismo, evitando entrar en contradicciones con Ortega y poniendo siempre de relieve su utilidad al servicio del r\u00e9gimen, en la econom\u00eda y los negocios.<\/p>\n\n\n\n<p class=\"has-text-align-justify has-text-color has-link-color wp-elements-100 wp-block-paragraph\" style=\"color:#010000\">Sin embargo, a la medianoche del 30 de julio de 2025, Arce fue capturado con un gran despliegue policial durante un <em><a href=\"https:\/\/confidencial.digital\/politica\/codictadores-amenazan-al-asesor-bayardo-arce-por-transacciones-al-margen-del-estado\/\" target=\"_blank\" rel=\"noreferrer noopener\">allanamiento a su casa de habitaci\u00f3n<\/a><\/em>, al sur de Villa Fontana. La detenci\u00f3n ocurri\u00f3 cinco horas despu\u00e9s que la Procuradur\u00eda emiti\u00f3 un comunicado se\u00f1alando que Arce no hab\u00eda respondido a dos solicitudes de entrevista en una investigaci\u00f3n por \u201ctransacciones al margen del Estado\u201d.<\/p>\n\n\n\n<p class=\"has-text-align-justify has-text-color has-link-color wp-elements-101 wp-block-paragraph\" style=\"color:#010000\">A la fecha, sigue preso en un lugar no identificado, y no ha sido acusado por la Fiscal\u00eda o por la reci\u00e9n rebautizada Procuradur\u00eda General de Justicia. Tampoco Ortega se ha referido p\u00fablicamente a su detenci\u00f3n.<\/p>\n\n\n\n<p class=\"has-text-color has-link-color wp-elements-102 wp-block-paragraph\" style=\"color:#010000\"><strong>N\u00e9stor Moncada Lau<\/strong><\/p>\n\n\n\n<p class=\"has-text-align-justify has-text-color has-link-color wp-elements-103 wp-block-paragraph\" style=\"color:#010000\">El asesor en \u201cseguridad nacional\u201d de los codictadores, N\u00e9stor Moncada Lau, uno de los principales operadores pol\u00edticos de la represi\u00f3n y del Estado policial en Nicaragua, desde 2018, fue <em><a href=\"https:\/\/confidencial.digital\/politica\/nestor-moncada-lau-asesor-seguridad-ortega-murillo\/\" target=\"_blank\" rel=\"noreferrer noopener\">encarcelado en el Sistema Penitenciario Nacional La Modelo<\/a><\/em>, desde la ma\u00f1ana del s\u00e1bado 16 de agosto de 2025, por \u00f3rdenes de Murillo, confirmaron a Confidencial fuentes vinculadas a la Polic\u00eda Nacional.<\/p>\n\n\n\n<p class=\"has-text-align-justify has-text-color has-link-color wp-elements-104 wp-block-paragraph\" style=\"color:#010000\">Moncada Lau es un exoficial de la Seguridad del Estado en los a\u00f1os 80 y asumi\u00f3 el control total de la seguridad en la Secretar\u00eda del Frente Sandinista, tras la destituci\u00f3n de Lenin Cerna y su equipo, tambi\u00e9n ordenada por Murillo en 2011. Es descrito como \u201cel custodio de los secretos de El Carmen\u201d.<\/p>\n\n\n\n<p class=\"has-text-align-justify has-text-color has-link-color wp-elements-105 wp-block-paragraph\" style=\"color:#010000\">El operador fue capturado por la Polic\u00eda en su casa, en el reparto El Rodeo, el jueves 14 de agosto, por la noche, y trasladado a la Direcci\u00f3n de Auxilio Judicial, El Chipote, donde fue interrogado. Despu\u00e9s, fue trasladado de regreso a su casa, el viernes en la tarde, y qued\u00f3 bajo vigilancia policial. Pero, en la ma\u00f1ana del s\u00e1bado 16 de agosto, nuevamente fue capturado por la Polic\u00eda y trasladado a La Modelo, aunque oficialmente no ha sido objeto de una acusaci\u00f3n de la Fiscal\u00eda o la Procuradur\u00eda.<\/p>\n\n\n\n<p class=\"has-text-align-center has-text-color has-link-color wp-elements-106 wp-block-paragraph\" style=\"color:#010000\"><strong>***<\/strong><\/p>\n\n\n\n<p class=\"has-text-color has-link-color wp-elements-107 wp-block-paragraph\" style=\"color:#010000\"><strong>\u00bfHasta d\u00f3nde llegar\u00e1 la purga de Rosario Murillo?<\/strong><\/p>\n\n\n\n<p class=\"has-text-align-justify has-text-color has-link-color wp-elements-108 wp-block-paragraph\" style=\"color:#010000\">La purga de estos \u201c\u00faltimos leales a Daniel Ortega\u201d tambi\u00e9n provoca \u201czozobra e incertidumbre\u201d en el llamado \u201csandinismo hist\u00f3rico\u201d. La frase <em><a href=\"https:\/\/confidencial.digital\/politica\/a-cualquiera-le-puede-caer-la-guillotina-de-rosario-murillo-temen-los-sandinistas\/\" target=\"_blank\" rel=\"noreferrer noopener\">\u201ca cualquiera le puede caer la guillotina de Rosario Murillo\u201d<\/a><\/em> se ha convertido en un temor real entre sandinistas y funcionarios p\u00fablicos. Pero, aunque Murillo se posiciona para heredar el poder, el malestar interno por su purga genera serias dudas sobre la viabilidad pol\u00edtica de la sucesi\u00f3n din\u00e1stica en Nicaragua.<\/p>\n\n\n\n<p class=\"has-text-color has-link-color wp-elements-109 wp-block-paragraph\" style=\"color:#010000\"><\/p>\n\n\n\n<p class=\"wp-block-paragraph\"><\/p>\n","protected":false},"excerpt":{"rendered":"<p>Bajo la \u201cguillotina\u201d de Murillo, en su camino de sucesi\u00f3n din\u00e1stica, han rodado las cabezas de varios operadores y personas de confianza de Ortega.<\/p>\n","protected":false},"author":102520410,"featured_media":49349,"comment_status":"closed","ping_status":"","sticky":false,"template":"","format":"standard","meta":{"_coblocks_attr":"","_coblocks_dimensions":"","_coblocks_responsive_height":"","_coblocks_accordion_ie_support":"","advanced_seo_description":"","jetpack_seo_html_title":"","jetpack_seo_noindex":false,"jetpack_seo_schema_type":"","_jetpack_newsletter_access":"","_jetpack_dont_email_post_to_subs":false,"_jetpack_newsletter_tier_id":0,"_jetpack_memberships_contains_paywalled_content":false,"_wpcom_ai_launchpad_first_post":false,"_jetpack_feature_clip_id":0,"_jetpack_memberships_contains_paid_content":false,"footnotes":"","jetpack_post_was_ever_published":false},"categories":[162301],"tags":[],"class_list":["post-49340","post","type-post","status-publish","format-standard","has-post-thumbnail","hentry","category-nicaragua","fallback-thumbnail"],"jetpack_likes_enabled":false,"jetpack_sharing_enabled":true,"jetpack_shortlink":"https:\/\/wp.me\/p7lt2C-cPO","amp_enabled":true,"jetpack_featured_media_url":"https:\/\/i0.wp.com\/correspondenciadeprensa.com\/wp-content\/uploads\/2025\/09\/Nicaragua04092025-e1757001999799.jpg?fit=816%2C412&ssl=1","_links":{"self":[{"href":"https:\/\/correspondenciadeprensa.com\/index.php?rest_route=\/wp\/v2\/posts\/49340","targetHints":{"allow":["GET"]}}],"collection":[{"href":"https:\/\/correspondenciadeprensa.com\/index.php?rest_route=\/wp\/v2\/posts"}],"about":[{"href":"https:\/\/correspondenciadeprensa.com\/index.php?rest_route=\/wp\/v2\/types\/post"}],"author":[{"embeddable":true,"href":"https:\/\/correspondenciadeprensa.com\/index.php?rest_route=\/wp\/v2\/users\/102520410"}],"replies":[{"embeddable":true,"href":"https:\/\/correspondenciadeprensa.com\/index.php?rest_route=%2Fwp%2Fv2%2Fcomments&post=49340"}],"version-history":[{"count":11,"href":"https:\/\/correspondenciadeprensa.com\/index.php?rest_route=\/wp\/v2\/posts\/49340\/revisions"}],"predecessor-version":[{"id":49354,"href":"https:\/\/correspondenciadeprensa.com\/index.php?rest_route=\/wp\/v2\/posts\/49340\/revisions\/49354"}],"wp:featuredmedia":[{"embeddable":true,"href":"https:\/\/correspondenciadeprensa.com\/index.php?rest_route=\/wp\/v2\/media\/49349"}],"wp:attachment":[{"href":"https:\/\/correspondenciadeprensa.com\/index.php?rest_route=%2Fwp%2Fv2%2Fmedia&parent=49340"}],"wp:term":[{"taxonomy":"category","embeddable":true,"href":"https:\/\/correspondenciadeprensa.com\/index.php?rest_route=%2Fwp%2Fv2%2Fcategories&post=49340"},{"taxonomy":"post_tag","embeddable":true,"href":"https:\/\/correspondenciadeprensa.com\/index.php?rest_route=%2Fwp%2Fv2%2Ftags&post=49340"}],"curies":[{"name":"wp","href":"https:\/\/api.w.org\/{rel}","templated":true}]}}