{"id":49327,"date":"2025-09-04T17:21:24","date_gmt":"2025-09-04T15:21:24","guid":{"rendered":"https:\/\/correspondenciadeprensa.com\/?p=49327"},"modified":"2025-09-04T17:22:26","modified_gmt":"2025-09-04T15:22:26","slug":"sudan-la-tragica-situacion-de-los-trabajadores-y-sindicalistas-y-las-violaciones-sistematicas-cometidas-durante-la-guerra-comunicado","status":"publish","type":"post","link":"https:\/\/correspondenciadeprensa.com\/?p=49327","title":{"rendered":"Sud\u00e1n &#8211; La tr\u00e1gica situaci\u00f3n de los trabajadores y sindicalistas y las violaciones sistem\u00e1ticas cometidas durante la guerra. [Comunicado]"},"content":{"rendered":"\n<p class=\"has-text-align-justify has-text-color has-link-color wp-elements-1 wp-block-paragraph\" style=\"color:#010000\"><strong>La tr\u00e1gica situaci\u00f3n de los trabajadores y sindicalistas en Sud\u00e1n y las violaciones sistem\u00e1ticas cometidas durante la guerra<\/strong><\/p>\n\n\n\n<p class=\"has-text-align-justify has-text-color has-link-color wp-elements-2 wp-block-paragraph\" style=\"color:#010000\"><strong>Narmeen Nasur, Coordinaci\u00f3n de Profesionales y Sindicatos Sudaneses<\/strong><\/p>\n\n\n\n<p class=\"has-text-align-justify has-text-color has-link-color wp-elements-3 wp-block-paragraph\" style=\"color:#010000\"><strong><em><a href=\"https:\/\/laboursolidarity.org\/n\/3570\/la-tragica-situacion-de-los-trabajadores-y-sindicalistas-en-sudan-y-las-violaciones-sistematicas-cometidas-durante-la-guerra\">Red Sindical Internacional de Solidaridad y Luchas, RSISL<\/a><\/em>, 13-8-2025<\/strong><\/p>\n\n\n\n<p class=\"has-text-color has-link-color wp-elements-4 wp-block-paragraph\" style=\"color:#010000\"><strong><em><a href=\"https:\/\/correspondenciadeprensa.com\/\">Correspondencia de Prensa<\/a><\/em>, 4-9-2025<\/strong><\/p>\n\n\n\n<p class=\"has-text-align-justify has-text-color has-link-color wp-elements-5 wp-block-paragraph\" style=\"color:#010000\"><em><strong>Nuestros compa\u00f1eros de Sud\u00e1n alertan sobre la tr\u00e1gica situaci\u00f3n en su pa\u00eds y la Red Sindical Internacional de Solidaridad y Luchas hace un llamamiento para dar a conocer esta situaci\u00f3n, la resistencia sindical y popular, y para desarrollar los v\u00ednculos.<\/strong><\/em><\/p>\n\n\n\n<p class=\"has-text-color has-link-color wp-elements-6 wp-block-paragraph\" style=\"color:#010000\"><strong>Introducci\u00f3n<\/strong><\/p>\n\n\n\n<p class=\"has-text-align-justify has-text-color has-link-color wp-elements-7 wp-block-paragraph\" style=\"color:#010000\">Desde el inicio de la guerra en Sud\u00e1n en abril de 2023, los trabajadores y sindicalistas se enfrentan a condiciones humanitarias y laborales catastr\u00f3ficas debido a las violaciones sistem\u00e1ticas cometidas por ambas partes en el conflicto, a saber, las Fuerzas Armadas de Sud\u00e1n y las Fuerzas de Apoyo R\u00e1pido.<\/p>\n\n\n\n<p class=\"has-text-align-justify has-text-color has-link-color wp-elements-8 wp-block-paragraph\" style=\"color:#010000\">El movimiento sindical sudan\u00e9s, que siempre ha sido un pilar en la defensa de los derechos de los trabajadores y la promoci\u00f3n de las libertades democr\u00e1ticas, se enfrenta hoy a una ola de represi\u00f3n sin precedentes que amenaza su propia existencia. Millones de trabajadores han perdido sus medios de subsistencia y las condiciones laborales se han deteriorado en la mayor parte del pa\u00eds.<\/p>\n\n\n\n<p class=\"has-text-color has-link-color wp-elements-9 wp-block-paragraph\" style=\"color:#010000\"><strong>Resumen<\/strong><\/p>\n\n\n\n<p class=\"has-text-align-justify has-text-color has-link-color wp-elements-10 wp-block-paragraph\" style=\"color:#010000\">Este informe de la Coordinaci\u00f3n de Profesionales y Sindicatos Sudaneses (SPSC) pone de relieve la dram\u00e1tica crisis humanitaria y profesional a la que se enfrentan los trabajadores y sindicalistas en Sud\u00e1n desde el estallido de la guerra en abril de 2023.<\/p>\n\n\n\n<p class=\"has-text-align-justify has-text-color has-link-color wp-elements-11 wp-block-paragraph\" style=\"color:#010000\">Se han documentado m\u00e1s de 290 violaciones graves, entre ellas detenciones arbitrarias, desapariciones forzadas, actos de tortura, ejecuciones extrajudiciales, trabajo forzoso, violencia de g\u00e9nero, despidos masivos y falta de pago de salarios. Las Fuerzas Armadas de Sud\u00e1n (SAF) y las Fuerzas de Apoyo R\u00e1pido (FSR) han atacado sistem\u00e1ticamente a los dirigentes y miembros de los sindicatos, vulnerando su derecho a organizarse, trabajar y defender sus derechos.<\/p>\n\n\n\n<p class=\"has-text-align-justify has-text-color has-link-color wp-elements-12 wp-block-paragraph\" style=\"color:#010000\">La represi\u00f3n ha provocado la paralizaci\u00f3n casi total de los sindicatos independientes, dificultades econ\u00f3micas generalizadas, desplazamientos de poblaci\u00f3n y la exclusi\u00f3n de los trabajadores de los procesos de toma de decisiones pol\u00edticas y econ\u00f3micas. Estas acciones constituyen violaciones flagrantes de las obligaciones internacionales de Sud\u00e1n en virtud de los principales convenios de la OIT y los tratados de derechos humanos.<\/p>\n\n\n\n<p class=\"has-text-align-justify has-text-color has-link-color wp-elements-13 wp-block-paragraph\" style=\"color:#010000\">El SPSC insta a la Organizaci\u00f3n Internacional del Trabajo, las Naciones Unidas, los sindicatos internacionales, los gobiernos donantes y las organizaciones de defensa de los derechos humanos a:<\/p>\n\n\n\n<p class=\"has-text-align-justify has-text-color has-link-color wp-elements-14 wp-block-paragraph\" style=\"color:#010000\">-Exigir la liberaci\u00f3n inmediata e incondicional de todos los sindicalistas detenidos.<\/p>\n\n\n\n<p class=\"has-text-align-justify has-text-color has-link-color wp-elements-15 wp-block-paragraph\" style=\"color:#010000\">-Enviar misiones de investigaci\u00f3n para investigar las violaciones y la violencia de g\u00e9nero.<\/p>\n\n\n\n<p class=\"has-text-align-justify has-text-color has-link-color wp-elements-16 wp-block-paragraph\" style=\"color:#010000\">-Condenar todas las formas de represi\u00f3n y persecuci\u00f3n.<\/p>\n\n\n\n<p class=\"has-text-align-justify has-text-color has-link-color wp-elements-17 wp-block-paragraph\" style=\"color:#010000\">-Derogar los decretos administrativos que disuelven los sindicatos y garantizar la libertad de asociaci\u00f3n.<\/p>\n\n\n\n<p class=\"has-text-color has-link-color wp-elements-18 wp-block-paragraph\" style=\"color:#010000\">-Condenar todas las formas de represi\u00f3n y persecuci\u00f3n.<\/p>\n\n\n\n<p class=\"has-text-align-justify has-text-color has-link-color wp-elements-19 wp-block-paragraph\" style=\"color:#010000\">-Derogar los decretos administrativos que disuelven los sindicatos y garantizar la libertad de asociaci\u00f3n.<\/p>\n\n\n\n<p class=\"has-text-align-justify has-text-color has-link-color wp-elements-20 wp-block-paragraph\" style=\"color:#010000\">-Proporcionar protecci\u00f3n y apoyo internacional a los trabajadores afectados, en particular a las mujeres.<\/p>\n\n\n\n<p class=\"has-text-align-justify has-text-color has-link-color wp-elements-21 wp-block-paragraph\" style=\"color:#010000\">-Apoyar el restablecimiento y el fortalecimiento de un movimiento sindical independiente, pilar esencial para la consolidaci\u00f3n de la paz y la reconstrucci\u00f3n tras la guerra en Sud\u00e1n.<\/p>\n\n\n\n<p class=\"has-text-align-justify has-text-color has-link-color wp-elements-22 wp-block-paragraph\" style=\"color:#010000\"><strong>La defensa de los sindicatos independientes es esencial no solo para los derechos humanos, sino tambi\u00e9n como base para una paz justa y duradera en Sud\u00e1n.<\/strong><\/p>\n\n\n\n<p class=\"has-text-color has-link-color wp-elements-23 wp-block-paragraph\" style=\"color:#010000\"><strong>I. Contexto general<\/strong><\/p>\n\n\n\n<p class=\"has-text-align-justify has-text-color has-link-color wp-elements-24 wp-block-paragraph\" style=\"color:#010000\">Desde el golpe de Estado del 25 de octubre de 2021, la actividad sindical ha sido suspendida por decretos emitidos por las autoridades militares. En mayo de 2025, las autoridades ordenaron la disoluci\u00f3n de todas las oficinas ejecutivas sindicales a todos los niveles, sustituy\u00e9ndolas por comit\u00e9s preparatorios no elegidos nombrados por el Registrador General de Organizaciones Laborales, en virtud de la decisi\u00f3n n.\u00ba 9.<\/p>\n\n\n\n<p class=\"has-text-align-justify has-text-color has-link-color wp-elements-25 wp-block-paragraph\" style=\"color:#010000\">La Coordinaci\u00f3n de Profesionales y Sindicatos Sudaneses present\u00f3 un recurso ante el Tribunal Supremo contra esta decisi\u00f3n, alegando una violaci\u00f3n flagrante del Convenio n.\u00ba 87 de la OIT sobre la libertad sindical, que Sud\u00e1n ratific\u00f3 en marzo de 2021.<\/p>\n\n\n\n<p class=\"has-text-align-justify has-text-color has-link-color wp-elements-26 wp-block-paragraph\" style=\"color:#010000\">La guerra en curso ha agravado a\u00fan m\u00e1s la crisis: los sectores productivos se han paralizado, los lugares de trabajo han sido destruidos y miles de trabajadores y sindicalistas se han visto desplazados.<\/p>\n\n\n\n<p class=\"has-text-align-justify has-text-color has-link-color wp-elements-27 wp-block-paragraph\" style=\"color:#010000\">Los sindicatos independientes se han convertido en blanco directo de las dos partes beligerantes, que los perciben como fuerzas sociales organizadas e independientes.<\/p>\n\n\n\n<p class=\"has-text-color has-link-color wp-elements-28 wp-block-paragraph\" style=\"color:#010000\"><strong>II. Casos de violaciones documentados<\/strong><\/p>\n\n\n\n<p class=\"has-text-align-justify has-text-color has-link-color wp-elements-29 wp-block-paragraph\" style=\"color:#010000\">En julio de 2025, la Coordinaci\u00f3n de Profesionales y Sindicatos Sudaneses hab\u00eda registrado m\u00e1s de 290 violaciones graves cometidas contra sindicalistas y trabajadores, entre ellas:<\/p>\n\n\n\n<p class=\"has-text-color has-link-color wp-elements-30 wp-block-paragraph\" style=\"color:#010000\">1. Detenciones arbitrarias y desapariciones forzadas<\/p>\n\n\n\n<p class=\"has-text-align-justify has-text-color has-link-color wp-elements-31 wp-block-paragraph\" style=\"color:#010000\">Detenci\u00f3n de dirigentes sindicales y trabajadores sin orden judicial.<\/p>\n\n\n\n<p class=\"has-text-align-justify has-text-color has-link-color wp-elements-32 wp-block-paragraph\" style=\"color:#010000\">Detenci\u00f3n de personas en lugares secretos, violaci\u00f3n del derecho a un juicio justo y a la libertad de circulaci\u00f3n.<\/p>\n\n\n\n<p class=\"has-text-color has-link-color wp-elements-33 wp-block-paragraph\" style=\"color:#010000\">2. Tortura y malos tratos<\/p>\n\n\n\n<p class=\"has-text-align-justify has-text-color has-link-color wp-elements-34 wp-block-paragraph\" style=\"color:#010000\">Violencia f\u00edsica y psicol\u00f3gica durante la detenci\u00f3n, incluyendo palizas, privaci\u00f3n de alimentos y denegaci\u00f3n de atenci\u00f3n m\u00e9dica, en violaci\u00f3n de las obligaciones de Sud\u00e1n en virtud de la Convenci\u00f3n contra la Tortura (CAT).<\/p>\n\n\n\n<p class=\"has-text-color has-link-color wp-elements-35 wp-block-paragraph\" style=\"color:#010000\">3. Asesinatos y ataques selectivos<\/p>\n\n\n\n<p class=\"has-text-align-justify has-text-color has-link-color wp-elements-36 wp-block-paragraph\" style=\"color:#010000\">Asesinatos y ataques selectivos contra trabajadores de los sectores de la salud, el transporte y la ayuda humanitaria, en violaci\u00f3n del derecho internacional humanitario, que protege a los civiles y a los trabajadores de los servicios esenciales.<\/p>\n\n\n\n<p class=\"has-text-color has-link-color wp-elements-37 wp-block-paragraph\" style=\"color:#010000\">4. Acoso sexual basado en la violencia<\/p>\n\n\n\n<p class=\"has-text-align-justify has-text-color has-link-color wp-elements-38 wp-block-paragraph\" style=\"color:#010000\">Las trabajadoras y sindicalistas han sido v\u00edctimas de acoso sexual, intimidaci\u00f3n y violencia de g\u00e9nero en sus lugares de trabajo, en centros de detenci\u00f3n y en puestos de control. Estos actos se han utilizado como medio de humillaci\u00f3n, castigo y para disuadir a las mujeres de participar en actividades sindicales.<\/p>\n\n\n\n<p class=\"has-text-color has-link-color wp-elements-39 wp-block-paragraph\" style=\"color:#010000\">5. Amenazas y acoso por motivos de seguridad<\/p>\n\n\n\n<p class=\"has-text-align-justify has-text-color has-link-color wp-elements-40 wp-block-paragraph\" style=\"color:#010000\">Las amenazas de muerte, las convocatorias arbitrarias y el acoso constante han obligado a miles de personas a desplazarse dentro del pa\u00eds o a exiliarse, priv\u00e1ndolas as\u00ed de su derecho al trabajo y a organizarse.<\/p>\n\n\n\n<p class=\"has-text-color has-link-color wp-elements-41 wp-block-paragraph\" style=\"color:#010000\">6. Incautaci\u00f3n y destrucci\u00f3n de locales sindicales<\/p>\n\n\n\n<p class=\"has-text-align-justify has-text-color has-link-color wp-elements-42 wp-block-paragraph\" style=\"color:#010000\">Las redadas armadas contra las oficinas sindicales, la destrucci\u00f3n o el saqueo de bienes y la conversi\u00f3n de locales sindicales en bases militares han violado el derecho a la libertad de asociaci\u00f3n.<\/p>\n\n\n\n<p class=\"has-text-align-justify has-text-color has-link-color wp-elements-43 wp-block-paragraph\" style=\"color:#010000\">7. Medidas represivas en Jartum y en el oeste de Sud\u00e1n<\/p>\n\n\n\n<p class=\"has-text-align-justify has-text-color has-link-color wp-elements-44 wp-block-paragraph\" style=\"color:#010000\">Despido de cientos de trabajadores sin procedimiento regular, bajo la acusaci\u00f3n de colaborar con las Fuerzas de Apoyo R\u00e1pido, en violaci\u00f3n de los derechos al trabajo y a la no discriminaci\u00f3n.<\/p>\n\n\n\n<p class=\"has-text-color has-link-color wp-elements-45 wp-block-paragraph\" style=\"color:#010000\">8. Retenci\u00f3n de salarios<\/p>\n\n\n\n<p class=\"has-text-align-justify has-text-color has-link-color wp-elements-46 wp-block-paragraph\" style=\"color:#010000\">Las autoridades de facto en Port Sudan han retenido los salarios de miles de funcionarios p\u00fablicos durante m\u00e1s de dos a\u00f1os, lo que ha provocado graves dificultades socioecon\u00f3micas y ha violado los derechos econ\u00f3micos de los trabajadores.<\/p>\n\n\n\n<p class=\"has-text-align-justify has-text-color has-link-color wp-elements-47 wp-block-paragraph\" style=\"color:#010000\">9. Trabajo forzoso: violaci\u00f3n del Convenio n.\u00ba 29 de la OIT<\/p>\n\n\n\n<p class=\"has-text-align-justify has-text-color has-link-color wp-elements-48 wp-block-paragraph\" style=\"color:#010000\">Se han documentado casos en los que se ha obligado a trabajadores a realizar trabajos en zonas de conflicto bajo coacci\u00f3n armada o bajo amenaza de medidas de seguridad, lo que constituye trabajo forzoso u obligatorio.<\/p>\n\n\n\n<p class=\"has-text-color has-link-color wp-elements-49 wp-block-paragraph\" style=\"color:#010000\">10. Prohibici\u00f3n de las actividades sindicales<\/p>\n\n\n\n<p class=\"has-text-align-justify has-text-color has-link-color wp-elements-50 wp-block-paragraph\" style=\"color:#010000\">Se han dictado decretos administrativos por los que se disuelven sindicatos, se congelan sus activos y se proh\u00edben sus reuniones, lo que erosiona a\u00fan m\u00e1s la libertad de asociaci\u00f3n.<\/p>\n\n\n\n<p class=\"has-text-color has-link-color wp-elements-51 wp-block-paragraph\" style=\"color:#010000\"><strong>III. Impacto en el movimiento sindical y los trabajadores<\/strong><\/p>\n\n\n\n<p class=\"has-text-align-justify has-text-color has-link-color wp-elements-52 wp-block-paragraph\" style=\"color:#010000\">Par\u00e1lisis casi total de la actividad sindical independiente y ausencia de representaci\u00f3n leg\u00edtima de los trabajadores.<br>Colapso de las estructuras organizativas debido a las detenciones, los desplazamientos y la injerencia del Estado a trav\u00e9s de comit\u00e9s nombrados fieles a las autoridades.<\/p>\n\n\n\n<p class=\"has-text-align-justify has-text-color has-link-color wp-elements-53 wp-block-paragraph\" style=\"color:#010000\">Mayor vulnerabilidad de los trabajadores frente a la explotaci\u00f3n y las violaciones de sus derechos debido a la falta de protecci\u00f3n sindical.<\/p>\n\n\n\n<p class=\"has-text-align-justify has-text-color has-link-color wp-elements-54 wp-block-paragraph\" style=\"color:#010000\">Exclusi\u00f3n de los trabajadores de los procesos de toma de decisiones pol\u00edticas y econ\u00f3micas que determinan el futuro de Sud\u00e1n.<\/p>\n\n\n\n<p class=\"has-text-color has-link-color wp-elements-55 wp-block-paragraph\" style=\"color:#010000\"><strong>IV. Violaci\u00f3n de las normas y convenios internacionales<\/strong><\/p>\n\n\n\n<p class=\"has-text-align-justify has-text-color has-link-color wp-elements-56 wp-block-paragraph\" style=\"color:#010000\">Estas violaciones constituyen violaciones flagrantes de las obligaciones de Sud\u00e1n en virtud de:<\/p>\n\n\n\n<p class=\"has-text-align-justify has-text-color has-link-color wp-elements-57 wp-block-paragraph\" style=\"color:#010000\">El Convenio n\u00fam. 87 de la OIT sobre la libertad sindical y la protecci\u00f3n del derecho sindical.<\/p>\n\n\n\n<p class=\"has-text-align-justify has-text-color has-link-color wp-elements-58 wp-block-paragraph\" style=\"color:#010000\">El Convenio n\u00fam. 98 de la OIT sobre el derecho de sindicaci\u00f3n y de negociaci\u00f3n colectiva.<\/p>\n\n\n\n<p class=\"has-text-align-justify has-text-color has-link-color wp-elements-59 wp-block-paragraph\" style=\"color:#010000\">El Convenio n\u00fam. 29 de la OIT sobre la prohibici\u00f3n del trabajo forzoso.<\/p>\n\n\n\n<p class=\"has-text-align-justify has-text-color has-link-color wp-elements-60 wp-block-paragraph\" style=\"color:#010000\">El Pacto Internacional de Derechos Civiles y Pol\u00edticos (PIDCP) y el Pacto Internacional de Derechos Econ\u00f3micos, Sociales y Culturales (PIDESC).<\/p>\n\n\n\n<p class=\"has-text-align-justify has-text-color has-link-color wp-elements-61 wp-block-paragraph\" style=\"color:#010000\"><strong>V. Recomendaciones urgentes a las organizaciones internacionales<\/strong><\/p>\n\n\n\n<p class=\"has-text-align-justify has-text-color has-link-color wp-elements-62 wp-block-paragraph\" style=\"color:#010000\">Exigir la liberaci\u00f3n inmediata e incondicional de todos los sindicalistas y trabajadores detenidos.<br>La Organizaci\u00f3n Internacional del Trabajo (OIT) debe enviar una misi\u00f3n de investigaci\u00f3n a Sud\u00e1n para investigar las violaciones de los convenios 87, 98 y 29.<\/p>\n\n\n\n<p class=\"has-text-align-justify has-text-color has-link-color wp-elements-63 wp-block-paragraph\" style=\"color:#010000\">Las Naciones Unidas y las organizaciones sindicales internacionales condenan la represi\u00f3n, deben prestar ayuda de emergencia a los trabajadores afectados y presionar a ambas partes para que pongan fin a todas las formas de persecuci\u00f3n contra los sindicalistas.<\/p>\n\n\n\n<p class=\"has-text-align-justify has-text-color has-link-color wp-elements-64 wp-block-paragraph\" style=\"color:#010000\">Derogar los decretos administrativos que disuelven los sindicatos y los sustituyen por comit\u00e9s designados.<\/p>\n\n\n\n<p class=\"has-text-align-justify has-text-color has-link-color wp-elements-65 wp-block-paragraph\" style=\"color:#010000\">Establecer mecanismos de protecci\u00f3n internacional para los sindicalistas en zonas de conflicto y en el exilio.<br>Apoyar el restablecimiento y el fortalecimiento de un movimiento sindical independiente como pilar fundamental para la consolidaci\u00f3n de la paz y la reconstrucci\u00f3n tras la guerra.<\/p>\n\n\n\n<p class=\"has-text-color has-link-color wp-elements-66 wp-block-paragraph\" style=\"color:#010000\"><strong>Conclusi\u00f3n<\/strong><\/p>\n\n\n\n<p class=\"has-text-align-justify has-text-color has-link-color wp-elements-67 wp-block-paragraph\" style=\"color:#010000\">La defensa de los sindicatos independientes y la salvaguarda de la libertad de asociaci\u00f3n no solo son imperativos en materia de derechos humanos, sino que tambi\u00e9n son condiciones esenciales para lograr una paz justa y duradera que aborde las causas profundas de la crisis en Sud\u00e1n.<\/p>\n\n\n\n<p class=\"has-text-align-justify has-text-color has-link-color wp-elements-68 wp-block-paragraph\" style=\"color:#010000\">La Coordinaci\u00f3n de Profesionales y Sindicatos Sudaneses hace un llamamiento a todas las organizaciones internacionales y sindicales para que adopten medidas urgentes con el fin de poner fin a estas violaciones y garantizar que el movimiento sindical sudan\u00e9s siga siendo una fuerza libre, independiente y eficaz en la defensa de los derechos de los trabajadores, la contribuci\u00f3n a la consolidaci\u00f3n de la paz, el fin de la guerra y la construcci\u00f3n del futuro del pa\u00eds.<\/p>\n\n\n\n<p class=\"wp-block-paragraph\"><\/p>\n","protected":false},"excerpt":{"rendered":"<p>Desde el inicio de la guerra en Sud\u00e1n en abril de 2023, los trabajadores y sindicalistas se enfrentan a condiciones humanitarias y laborales catastr\u00f3ficas debido a las violaciones sistem\u00e1ticas cometidas por ambas partes en el conflicto, a saber, las Fuerzas Armadas de Sud\u00e1n y las Fuerzas de Apoyo R\u00e1pido.<\/p>\n","protected":false},"author":102520410,"featured_media":49330,"comment_status":"closed","ping_status":"","sticky":false,"template":"","format":"standard","meta":{"_coblocks_attr":"","_coblocks_dimensions":"","_coblocks_responsive_height":"","_coblocks_accordion_ie_support":"","advanced_seo_description":"","jetpack_seo_html_title":"","jetpack_seo_noindex":false,"jetpack_seo_schema_type":"","_jetpack_newsletter_access":"","_jetpack_dont_email_post_to_subs":false,"_jetpack_newsletter_tier_id":0,"_jetpack_memberships_contains_paywalled_content":false,"_wpcom_ai_launchpad_first_post":false,"_jetpack_feature_clip_id":0,"_jetpack_memberships_contains_paid_content":false,"footnotes":"","jetpack_post_was_ever_published":false},"categories":[337028],"tags":[],"class_list":["post-49327","post","type-post","status-publish","format-standard","has-post-thumbnail","hentry","category-sindicatos","fallback-thumbnail"],"jetpack_likes_enabled":false,"jetpack_sharing_enabled":true,"jetpack_shortlink":"https:\/\/wp.me\/p7lt2C-cPB","amp_enabled":true,"jetpack_featured_media_url":"https:\/\/i0.wp.com\/correspondenciadeprensa.com\/wp-content\/uploads\/2025\/09\/Sudan04092025-e1756998784666.jpg?fit=852%2C410&ssl=1","_links":{"self":[{"href":"https:\/\/correspondenciadeprensa.com\/index.php?rest_route=\/wp\/v2\/posts\/49327","targetHints":{"allow":["GET"]}}],"collection":[{"href":"https:\/\/correspondenciadeprensa.com\/index.php?rest_route=\/wp\/v2\/posts"}],"about":[{"href":"https:\/\/correspondenciadeprensa.com\/index.php?rest_route=\/wp\/v2\/types\/post"}],"author":[{"embeddable":true,"href":"https:\/\/correspondenciadeprensa.com\/index.php?rest_route=\/wp\/v2\/users\/102520410"}],"replies":[{"embeddable":true,"href":"https:\/\/correspondenciadeprensa.com\/index.php?rest_route=%2Fwp%2Fv2%2Fcomments&post=49327"}],"version-history":[{"count":11,"href":"https:\/\/correspondenciadeprensa.com\/index.php?rest_route=\/wp\/v2\/posts\/49327\/revisions"}],"predecessor-version":[{"id":49339,"href":"https:\/\/correspondenciadeprensa.com\/index.php?rest_route=\/wp\/v2\/posts\/49327\/revisions\/49339"}],"wp:featuredmedia":[{"embeddable":true,"href":"https:\/\/correspondenciadeprensa.com\/index.php?rest_route=\/wp\/v2\/media\/49330"}],"wp:attachment":[{"href":"https:\/\/correspondenciadeprensa.com\/index.php?rest_route=%2Fwp%2Fv2%2Fmedia&parent=49327"}],"wp:term":[{"taxonomy":"category","embeddable":true,"href":"https:\/\/correspondenciadeprensa.com\/index.php?rest_route=%2Fwp%2Fv2%2Fcategories&post=49327"},{"taxonomy":"post_tag","embeddable":true,"href":"https:\/\/correspondenciadeprensa.com\/index.php?rest_route=%2Fwp%2Fv2%2Ftags&post=49327"}],"curies":[{"name":"wp","href":"https:\/\/api.w.org\/{rel}","templated":true}]}}