{"id":49249,"date":"2025-08-28T19:58:13","date_gmt":"2025-08-28T17:58:13","guid":{"rendered":"https:\/\/correspondenciadeprensa.com\/?p=49249"},"modified":"2025-08-28T19:58:13","modified_gmt":"2025-08-28T17:58:13","slug":"palestina-mensajes-desde-la-franja-de-gaza-no-estamos-vivos-ya-estamos-muertos-fabrica-de-periodismo","status":"publish","type":"post","link":"https:\/\/correspondenciadeprensa.com\/?p=49249","title":{"rendered":"Palestina \u2013 Mensajes desde la Franja de Gaza. \u201cNo estamos vivos ya, estamos muertos\u201d. [F\u00e1brica de Periodismo]"},"content":{"rendered":"\n<p class=\"has-text-align-right wp-block-paragraph\"><sub>Umm Muhammad Al-Masry, madre palestina desesperada por conseguir comida. Foto, Ahmed Abu Kamil.<\/sub><\/p>\n\n\n\n<p class=\"has-text-color has-link-color wp-elements-1 wp-block-paragraph\" style=\"color:#010000\"><strong>Carlos Acu\u00f1a y Ahmed Abu Kamil | <em><a href=\"https:\/\/suracapulco.mx\/mensajes-desde-gaza-no-estamos-vivos-ya-estamos-muertos-todos-los-dias-arde-este-lugar\/\">El Sur<\/a><\/em><\/strong><\/p>\n\n\n\n<p class=\"has-text-color has-link-color wp-elements-2 wp-block-paragraph\" style=\"color:#010000\"><strong><em><a href=\"https:\/\/fabricadeperiodismo.com\/reportajes\/gaza-hambre-no-estamos-vivos-ya-estamos-muertos\/\">F\u00e1brica de Periodismo<\/a><\/em>, 27-8-2025<\/strong><\/p>\n\n\n\n<p class=\"has-text-color has-link-color wp-elements-3 wp-block-paragraph\" style=\"color:#010000\"><strong><em><a href=\"https:\/\/correspondenciadeprensa.com\/\">Correspondencia de Prensa<\/a><\/em>, 28-8-2025<\/strong><\/p>\n\n\n\n<p class=\"has-text-color has-link-color wp-elements-4 wp-block-paragraph\" style=\"color:#010000\"><strong>Gaza \/ Ciudad de M\u00e9xico<\/strong><\/p>\n\n\n\n<p class=\"has-text-align-justify has-text-color has-link-color wp-elements-5 wp-block-paragraph\" style=\"color:#010000\"><strong>El reportero palestino Ahmed Abu Kamil qued\u00f3 atrapado, junto con su esposa y cuatro hijos, en la Franja de Gaza. Desde ah\u00ed, mantiene contacto con periodistas de varias partes del mundo. Con ayuda de un colega mexicano, hace el recuento de escenas que hoy forman parte su cotidianidad: bombardeos, falta de agua, alimentos, luz, m\u00e1s bombardeos del ej\u00e9rcito israel\u00ed. La vida entre escombros de quienes tienen \u201csuerte\u201d para contarlo. Con este tipo de despachos informativos consigue recursos para pagar comida a su familia.<\/strong><\/p>\n\n\n\n<p class=\"has-text-align-justify has-text-color has-link-color wp-elements-6 wp-block-paragraph\" style=\"color:#010000\">En este campamento viven poco m\u00e1s de 60 familias, unas 250 personas. Estamos en Al-Azhar, en Gaza,a una media hora caminando de las playas del Mediterr\u00e1neo y cerca de la universidad que fue destruida por las bombas en noviembre de 2023, un mes despu\u00e9s de que el grupo armado Hamas atac\u00f3 a civiles israel\u00edes en un concierto y de que Israel invadi\u00f3 Palestina. De lo que alguna vez fue una ciudad, quedan s\u00f3lo monta\u00f1as de escombros y estos cientos de personas que duermen bajo toldos.<\/p>\n\n\n\n<p class=\"has-text-align-justify has-text-color has-link-color wp-elements-7 wp-block-paragraph\" style=\"color:#010000\">Muhammad Al-Siqali trabaja como administrador. Su tarea es distribuir comida y bebida a los desplazados que han llegado al campamento desde distintos puntos de Gaza, sobre todo del oriente, en donde los bombardeos del ej\u00e9rcito israel\u00ed han sido m\u00e1s intensos.<\/p>\n\n\n\n<p class=\"has-text-align-justify has-text-color has-link-color wp-elements-8 wp-block-paragraph\" style=\"color:#010000\">\u2013Nuestro papel es gestionar los recursos del campamento: es un servicio p\u00fablico a los desplazados. Sobre todo, tenemos que proporcionar comida \u2013cuenta Muhammad\u2013. Aunque aqu\u00ed hay hambruna extrema, todav\u00eda, muy a veces, entran alimentos a la ciudad. Nosotros los traemos y los cocinamos.<\/p>\n\n\n\n<p class=\"has-text-align-justify has-text-color has-link-color wp-elements-9 wp-block-paragraph\" style=\"color:#010000\">Las cifras hablan de m\u00e1s de 62 mil muertos en Gaza,mujeres y ni\u00f1os en su mayor\u00eda, a causa de las bombas israel\u00edes. Lo m\u00e1s probable es que sean muchos m\u00e1s. Hay 156 mil heridos y por lo menos 11 mil desaparecidos. A estos n\u00fameros se deben sumar los m\u00e1s de 100 menores de edad que han fallecido por inanici\u00f3n: por hambre, por sed.<\/p>\n\n\n\n<p class=\"has-text-align-justify has-text-color has-link-color wp-elements-10 wp-block-paragraph\" style=\"color:#010000\">\u2013No tenemos frutas o verduras, tampoco alg\u00fan tipo de carne: ni blanca, ni negra, ni roja \u2013dice Muhammad\u2013. La mayor\u00eda de los alimentos disponibles son legumbres: lentejas, frijoles o garbanzos.<\/p>\n\n\n\n<p class=\"has-text-align-justify has-text-color has-link-color wp-elements-11 wp-block-paragraph\" style=\"color:#010000\">La mayor parte de la semana, Muhammad no puede cumplir con su trabajo. No hay ingredientes para cocinar. \u00c9l y su peque\u00f1o equipo se empe\u00f1an en proporcionar, al menos, tres comidas a la semanapara el campamento, pero casi nunca es suficiente para alimentar a todas las familias. Ahora la desnutrici\u00f3n es notoria en muchos de ellos.<\/p>\n\n\n\n<p class=\"has-text-align-justify has-text-color has-link-color wp-elements-12 wp-block-paragraph\" style=\"color:#010000\">Cerca de la cocina, por ejemplo, hay una tienda acondicionada como cl\u00ednica para atender a los enfermos. Dos mujeres de la tercera edad, explica Muhammad, est\u00e1n siendo atendidas por una m\u00e9dica a causa de desnutrici\u00f3n severa. Las personas ancianas son las m\u00e1s vulnerables a la desnutrici\u00f3n y en el campamento hay un n\u00famero considerable de ellas.<\/p>\n\n\n\n<p class=\"has-text-align-justify has-text-color has-link-color wp-elements-13 wp-block-paragraph\" style=\"color:#010000\">\u2013Tambi\u00e9n est\u00e1n los ni\u00f1os, cada vez m\u00e1s afectados \u2013a\u00f1ade\u2013. Intentamos cubrir las necesidades b\u00e1sicas con suplementos al menos una vez a la semana, pero no lo conseguimos: los suplementos son caros y s\u00f3lo hay uno o dos donantes que env\u00edan dinero desde fuera de la Franja de Gaza, desde pa\u00edses \u00e1rabes. Env\u00edan ayuda financiera muy b\u00e1sica.<\/p>\n\n\n\n<p class=\"has-text-align-justify has-text-color has-link-color wp-elements-14 wp-block-paragraph\" style=\"color:#010000\">Pero el dinero tambi\u00e9n es un problema. Muhammed menciona que los pocos recursos monetarios que llegan a Gaza del exterior lo hacen a trav\u00e9s de transferencias bancarias. Cuando se intenta convertir estos recursos en papel moneda, se cobra una comisi\u00f3n de cerca de 50 por ciento. La mayor parte de las donaciones que llegan desde fuera de Palestina se pierde as\u00ed.<\/p>\n\n\n\n<p class=\"has-text-align-justify has-text-color has-link-color wp-elements-15 wp-block-paragraph\" style=\"color:#010000\">A la escasez aguda de alimentos hay que a\u00f1adir la ausencia de fuego, pues no hay combustible para las cocinas. Y el agua: los tanques llegan una vez por semana. A veces los desplazados del campamento deben salir para acarrear agua desde fuera, agua salada y no apta para beber.<\/p>\n\n\n\n<p class=\"has-text-align-justify has-text-color has-link-color wp-elements-16 wp-block-paragraph\" style=\"color:#010000\">A Muhammed le cuesta ver que muchas mujeres y ancianos han perdido ya buena parte de su grasa corporal. Le duele especialmente ver los estragos del insomnio en los ojos de la gente: el hambre y el estr\u00e9s de los bombardeos se devoran las horas de sue\u00f1o.<\/p>\n\n\n\n<p class=\"has-text-align-justify has-text-color has-link-color wp-elements-17 wp-block-paragraph\" style=\"color:#010000\">\u2013Tenemos casos de ni\u00f1os que han contra\u00eddo infecciones estomacales, tienen gusanos intestinales y otras enfermedades. Los desplazados saben que la \u00fanica agua disponible en el campamento no es apta para el consumo y, sin embargo, esta es la realidad de Gaza. El n\u00famero de desplazados ha aumentado en el campamento. En este punto, lamentablemente no hay prioridades; no podemos alimentar dos veces a los enfermos o a las mujeres embarazadas o a los ni\u00f1os o a los ancianos. Estamos hablando de tres comidas a la semana, casi 90 por ciento de las personas dentro del campamento de desplazados carece de alimentos.<\/p>\n\n\n\n<p class=\"has-text-color has-link-color wp-elements-18 wp-block-paragraph\" style=\"color:#010000\"><strong>De los bombardeos al hambre, la peor arma letal<\/strong><\/p>\n\n\n\n<p class=\"has-text-align-justify has-text-color has-link-color wp-elements-19 wp-block-paragraph\" style=\"color:#010000\">La anterior entrevista fue registrada por Ahmed Abu Kamil, un reportero palestino que qued\u00f3 atrapado, junto con su esposa y cuatro hijos, en la misma zona de Gaza donde trabaja Muhammad Al-Siqali.<\/p>\n\n\n\n<p class=\"has-text-align-justify has-text-color has-link-color wp-elements-20 wp-block-paragraph\" style=\"color:#010000\">Desde hace semanas he mantenido contacto con \u00e9l, pues intenta conseguir alg\u00fan trabajo como corresponsal en los medios internacionales para, con ello, pagar la comida a su familia.<\/p>\n\n\n\n<p class=\"has-text-align-justify has-text-color has-link-color wp-elements-21 wp-block-paragraph\" style=\"color:#010000\">Escenas similares han sido difundidas por medios de todo el mundo: docenas de personas apretujadas en las vallas de madera que rodean las cocinas calleras; ni\u00f1os, mujeres, j\u00f3venes y adultos que esperan con sus recipientes de metal en mano la raci\u00f3n semanal de comida.<\/p>\n\n\n\n<p class=\"has-text-align-justify has-text-color has-link-color wp-elements-22 wp-block-paragraph\" style=\"color:#010000\">Ahmed me env\u00eda fotos, videos, testimonios con la intenci\u00f3n de que sean publicadas en <em><a href=\"https:\/\/suracapulco.mx\/\" target=\"_blank\" rel=\"noreferrer noopener\">El Sur <\/a><\/em>o en alg\u00fan otro medio mexicano. Quiere que se sepa lo que ocurre en Gaza. Pero, tambi\u00e9n, necesita dinero con qu\u00e9 pagar algo de comida para sus hijos. Las entrevistas fueron enviadas a trav\u00e9s de archivos de audio. Se trata de personas desplazadas que esperan una raci\u00f3n en las alborotadas cocinas callejeras, que cocinan en ellas o las administran.<\/p>\n\n\n\n<p class=\"has-text-align-justify has-text-color has-link-color wp-elements-23 wp-block-paragraph\" style=\"color:#010000\">\u201cEran las seis de la ma\u00f1ana cuando llegu\u00e9 aqu\u00ed\u201d, dice una de las mujeres que entrevist\u00f3 Ahmed. \u201cVi que ten\u00edan agua: \u2018\u00a1Agua, denme agua!\u2019, les dije y no esper\u00e9 a que me respondieran. S\u00f3lo tom\u00e9 agua inconscientemente y con mis propias manos. \u00bfEs eso un pecado? Tengo ocho hijos y una anciana a mi cuidado y no podemos encontrar un plato de lentejas; llevamos tres meses sin comer pan. Adem\u00e1s, yo sufro hipertensi\u00f3n y cardiopat\u00eda. No s\u00e9 d\u00f3nde est\u00e1 mi esposo ni c\u00f3mo alimentar a mis hijos, no s\u00e9 c\u00f3mo cuidarlos ahora. Mis hijos lloran todos los d\u00edas, pedimos misericordia\u201d.<\/p>\n\n\n\n<p class=\"has-text-align-justify has-text-color has-link-color wp-elements-24 wp-block-paragraph\" style=\"color:#010000\">El propio Ahmed est\u00e1 desesperado tambi\u00e9n. Su hija m\u00e1s peque\u00f1a ha estado enfermaa causa de la falta de comida y agua adecuada.<\/p>\n\n\n\n<p class=\"has-text-align-justify has-text-color has-link-color wp-elements-25 wp-block-paragraph\" style=\"color:#010000\">Hace unas semanas intent\u00f3 ir a los centros de ayuda controlados por la Fundaci\u00f3n Humanitaria de Gaza (GHF, por sus siglas en ingl\u00e9s), una organizaci\u00f3n controlada por Estados Unidos y los militares de Israel.<\/p>\n\n\n\n<p class=\"has-text-align-justify has-text-color has-link-color wp-elements-26 wp-block-paragraph\" style=\"color:#010000\">Estos centros son la \u00fanica forma de conseguir comida y han sido denunciados por cientos de organizaciones e instituciones internacionales por ser, en realidad, trampas ubicadas en sitios de dif\u00edcil acceso, a fin de obligar a los palestinos a cruzar zonas en donde son vulnerables a bombardeos y francotiradores israel\u00eds o a accidentes en el dif\u00edcil terreno des\u00e9rtico. Muchos son asesinados a tiros en los mismos centros. Al menos mil 500 palestinos han muerto al intentar conseguir ayuda all\u00ed.<\/p>\n\n\n\n<p class=\"has-text-align-justify has-text-color has-link-color wp-elements-27 wp-block-paragraph\" style=\"color:#010000\">\u2013En mi camino hubo disparos y bombardeos \u2013relata Ahmed\u2013.&nbsp; En una ocasi\u00f3n tuve que esconderme entre la arena para salvarme. Tuve miedo. Al regresar a casa encontr\u00e9 a mis hijos buscando ayuda.<\/p>\n\n\n\n<p class=\"has-text-align-justify has-text-color has-link-color wp-elements-28 wp-block-paragraph\" style=\"color:#010000\">El domingo 10 de agosto, cuatro reporteros e integrantes del equipo de la agencia de noticias <em><a href=\"https:\/\/fabricadeperiodismo.com\/noticias\/anas-al-sharif-al-jazeera\/\">Al-Jazeera fueron asesinados<\/a><\/em><strong> <\/strong>por un ataque directo de Israel: Al Sharif, Mohammed Qreiqeh, Ibrahim Zahfer y Moamen Aliwa. Ahmed document\u00f3 el funeral. El martes 12 se realiz\u00f3 una velada en Ciudad de M\u00e9xico en honor a los cuatro reporteros ca\u00eddos en Gaza.<\/p>\n\n\n\n<p class=\"has-text-align-justify has-text-color has-link-color wp-elements-29 wp-block-paragraph\" style=\"color:#010000\">\u201c\u00bfC\u00f3mo es posible que <em><a href=\"https:\/\/fabricadeperiodismo.com\/noticias\/gaza-esta-en-una-hambruna-construida-deliberada-unrwa\/\">nos combatan con hambre y pobreza?\u201d<\/a><\/em>, dice Umm Ahmed Awda, una de las mujeres que espera en una de las cocinas comunitarias en Gaza. \u201c\u00bfEn serio est\u00e1n usando el hambre como arma? No hay peor guerra psicol\u00f3gica que esta. Se supone que est\u00e1 prohibida. Ning\u00fan Dios gu\u00eda en la duda o en la envidia\u201d.<\/p>\n\n\n\n<p class=\"has-text-color has-link-color wp-elements-30 wp-block-paragraph\" style=\"color:#010000\"><strong>\u201cHa pasado un mes desde la \u00faltima vez que vi un pan\u201d<\/strong><\/p>\n\n\n\n<p class=\"has-text-align-justify has-text-color has-link-color wp-elements-31 wp-block-paragraph\" style=\"color:#010000\">El domingo pasado hubo otra manifestaci\u00f3n, \u00e9sta en Tel Aviv, con miles de ciudadanos israel\u00edes que tomaron las calles de la capital de Israel, y tambi\u00e9n se inici\u00f3 una huelga nacional que paraliz\u00f3 buena parte del pa\u00eds.<\/p>\n\n\n\n<p class=\"has-text-align-justify has-text-color has-link-color wp-elements-32 wp-block-paragraph\" style=\"color:#010000\">Las movilizaciones buscan presionar al primer ministro Benjam\u00edn Netanyahu quien, en los \u00faltimos d\u00edas, anunci\u00f3 que comenzar\u00eda una expansi\u00f3n de la ocupaci\u00f3n de las fuerzas israel\u00edes sobre Gaza; adem\u00e1s, le exigen negociar un alto al fuego que permita el intercambio de rehenes y prisioneros de ambos bandos.<\/p>\n\n\n\n<p class=\"has-text-align-justify has-text-color has-link-color wp-elements-33 wp-block-paragraph\" style=\"color:#010000\">Al menos medio mill\u00f3n de personas particip\u00f3 en las movilizaciones, adem\u00e1s de empresas, municipios y servicios p\u00fablicos. Se han sumado celebridades, deportistas, sindicatos de m\u00e9dicos y abogados, universidades. Por otro lado, el Movimiento de Resistencia Isl\u00e1mica (Hamas) anunci\u00f3 el lunes 18 de agosto que acept\u00f3 la propuesta de alto al fuego presentada por Qatar y Egipto como mediadores.<\/p>\n\n\n\n<p class=\"has-text-align-justify has-text-color has-link-color wp-elements-34 wp-block-paragraph\" style=\"color:#010000\">\u201cConfirmamos el rechazo categ\u00f3rico a la reocupaci\u00f3n militar de la Franja de Gazay a cualquier intento de desplazar a los palestinos de su territorio\u201d, indic\u00f3 el Servicio de informaci\u00f3n del gobierno de Egipto.<\/p>\n\n\n\n<p class=\"has-text-align-justify has-text-color has-link-color wp-elements-35 wp-block-paragraph\" style=\"color:#010000\">En la cocina de Al-Azhar la gente est\u00e1 preocupada por estas noticias. Se sabe que en otros campamentos ya han comenzado los desplazamientos. Encima, escribe Ahmed, no hay electricidad: no hay ventiladores disponibles para disipar el calor. El mercado tiene cada vez menos productos y escasea el dinero para comprarlos.<\/p>\n\n\n\n<p class=\"has-text-align-justify has-text-color has-link-color wp-elements-36 wp-block-paragraph\" style=\"color:#010000\">En uno de los audios que env\u00eda Ahmed desde Gaza se escucha a una mujer. Es una voz enojada y r\u00e1pida, parece que tuviera prisa por decirlo todo: \u201cNo estamos vivos ya, estamos muertos; todos los d\u00edas arde este lugar. Tengo la espalda completamente quemada. Llegu\u00e9 a las ocho de la ma\u00f1ana y ha pasado un mes desde la \u00faltima vez que vi un pan\u201d, dice.<\/p>\n\n\n\n<p class=\"has-text-align-justify has-text-color has-link-color wp-elements-37 wp-block-paragraph\" style=\"color:#010000\">\u201cHe estado recorriendo las tiendas, ya no hay. Han pasado unos d\u00edas desde la \u00faltima vez que nos vimos, \u00bfno es verdad? M\u00edranos: seguimos viviendo, as\u00ed vivimos. \u00bfNo ven lo que qu\u00e9 est\u00e1 pasando con el pueblo \u00e1rabe? \u00bfQuieren que ardamos aqu\u00ed todos los d\u00edas?\u00bfC\u00f3mo y qu\u00e9 se supone que debemos cocinar? \u00bfLes gusta que tengamos a nuestros hijos hambrientos y moribundos? \u00bfD\u00f3nde est\u00e1 el temor a Dios en ese tipo de actos?&nbsp; Estamos cansados, estamos cansadas. \u00a1Ya basta! La gente dice que es cuesti\u00f3n de tiempo para que pare esto. Pero ya no hay tiempo, ojal\u00e1 tuvi\u00e9ramos tiempo\u201d.<\/p>\n\n\n\n<p class=\"wp-block-paragraph\"><\/p>\n","protected":false},"excerpt":{"rendered":"<p>\u201cNo estamos vivos ya, estamos muertos; todos los d\u00edas arde este lugar. Tengo la espalda completamente quemada. Llegu\u00e9 a las ocho de la ma\u00f1ana y ha pasado un mes desde la \u00faltima vez que vi un pan\u201d.<\/p>\n","protected":false},"author":102520410,"featured_media":49256,"comment_status":"closed","ping_status":"","sticky":false,"template":"","format":"standard","meta":{"_coblocks_attr":"","_coblocks_dimensions":"","_coblocks_responsive_height":"","_coblocks_accordion_ie_support":"","advanced_seo_description":"","jetpack_seo_html_title":"","jetpack_seo_noindex":false,"jetpack_seo_schema_type":"","_jetpack_newsletter_access":"","_jetpack_dont_email_post_to_subs":false,"_jetpack_newsletter_tier_id":0,"_jetpack_memberships_contains_paywalled_content":false,"_wpcom_ai_launchpad_first_post":false,"_jetpack_feature_clip_id":0,"_jetpack_memberships_contains_paid_content":false,"footnotes":"","jetpack_post_was_ever_published":false},"categories":[703605966,55667],"tags":[],"class_list":["post-49249","post","type-post","status-publish","format-standard","has-post-thumbnail","hentry","category-derechos-humanos","category-palestina","fallback-thumbnail"],"jetpack_likes_enabled":false,"jetpack_sharing_enabled":true,"jetpack_shortlink":"https:\/\/wp.me\/p7lt2C-cOl","amp_enabled":true,"jetpack_featured_media_url":"https:\/\/i0.wp.com\/correspondenciadeprensa.com\/wp-content\/uploads\/2025\/08\/Gaza28082025.jpg?fit=1644%2C722&ssl=1","_links":{"self":[{"href":"https:\/\/correspondenciadeprensa.com\/index.php?rest_route=\/wp\/v2\/posts\/49249","targetHints":{"allow":["GET"]}}],"collection":[{"href":"https:\/\/correspondenciadeprensa.com\/index.php?rest_route=\/wp\/v2\/posts"}],"about":[{"href":"https:\/\/correspondenciadeprensa.com\/index.php?rest_route=\/wp\/v2\/types\/post"}],"author":[{"embeddable":true,"href":"https:\/\/correspondenciadeprensa.com\/index.php?rest_route=\/wp\/v2\/users\/102520410"}],"replies":[{"embeddable":true,"href":"https:\/\/correspondenciadeprensa.com\/index.php?rest_route=%2Fwp%2Fv2%2Fcomments&post=49249"}],"version-history":[{"count":8,"href":"https:\/\/correspondenciadeprensa.com\/index.php?rest_route=\/wp\/v2\/posts\/49249\/revisions"}],"predecessor-version":[{"id":49258,"href":"https:\/\/correspondenciadeprensa.com\/index.php?rest_route=\/wp\/v2\/posts\/49249\/revisions\/49258"}],"wp:featuredmedia":[{"embeddable":true,"href":"https:\/\/correspondenciadeprensa.com\/index.php?rest_route=\/wp\/v2\/media\/49256"}],"wp:attachment":[{"href":"https:\/\/correspondenciadeprensa.com\/index.php?rest_route=%2Fwp%2Fv2%2Fmedia&parent=49249"}],"wp:term":[{"taxonomy":"category","embeddable":true,"href":"https:\/\/correspondenciadeprensa.com\/index.php?rest_route=%2Fwp%2Fv2%2Fcategories&post=49249"},{"taxonomy":"post_tag","embeddable":true,"href":"https:\/\/correspondenciadeprensa.com\/index.php?rest_route=%2Fwp%2Fv2%2Ftags&post=49249"}],"curies":[{"name":"wp","href":"https:\/\/api.w.org\/{rel}","templated":true}]}}