{"id":49224,"date":"2025-08-27T21:11:35","date_gmt":"2025-08-27T19:11:35","guid":{"rendered":"https:\/\/correspondenciadeprensa.com\/?p=49224"},"modified":"2025-08-27T21:11:35","modified_gmt":"2025-08-27T19:11:35","slug":"ucrania-existe-una-izquierda-ucraniana-activa-anarquistas-en-el-frente-de-guerra-testimonio","status":"publish","type":"post","link":"https:\/\/correspondenciadeprensa.com\/?p=49224","title":{"rendered":"Ucrania &#8211; Existe una izquierda ucraniana activa. Anarquistas en el frente de guerra. [Testimonio]"},"content":{"rendered":"\n<p class=\"has-text-align-right wp-block-paragraph\"><em><sub>Helene Vadsten habla con representantes de Sotsialnyi Rukj en un refugio en Kyiv. Foto de : Bjarke Fribourg<\/sub><\/em><\/p>\n\n\n\n<p class=\"has-text-color has-link-color wp-elements-1 wp-block-paragraph\" style=\"color:#010000\"><strong><em><a href=\"https:\/\/entreleslignesentrelesmots.wordpress.com\/2025\/08\/22\/il-existe-une-gauche-ukrainienne-active-reportage-dhelen-vadsten-publie-dans-solidaritet\/\">Entre les lignes entre les mots<\/a><\/em>, 22-8-2025 \u00a0<\/strong><\/p>\n\n\n\n<p class=\"has-text-color has-link-color wp-elements-2 wp-block-paragraph\" style=\"color:#010000\"><strong>Helene Vadsten*<\/strong><\/p>\n\n\n\n<p class=\"has-text-color has-link-color wp-elements-3 wp-block-paragraph\" style=\"color:#010000\"><strong>Traducci\u00f3n al franc\u00e9s, <em><a href=\"https:\/\/www.reseau-bastille.org\/2025\/08\/18\/il-existe-une-gauche-ukrainienne-active-reportage-dhelen-vadsten-publie-dans-solidaritat\/\">R\u00e9seau Bastille<\/a><\/em><\/strong><\/p>\n\n\n\n<p class=\"has-text-color has-link-color wp-elements-4 wp-block-paragraph\" style=\"color:#010000\"><strong>Traducci\u00f3n, Faustino Eguberri<\/strong><\/p>\n\n\n\n<p class=\"has-text-color has-link-color wp-elements-5 wp-block-paragraph\" style=\"color:#010000\"><strong><em><a href=\"https:\/\/correspondenciadeprensa.com\/\">Correspondencia de Prensa<\/a><\/em>, 27-8-2025<\/strong><\/p>\n\n\n\n<p class=\"has-text-color has-link-color wp-elements-6 wp-block-paragraph\" style=\"color:#010000\"><strong>Activistas daneses visitan un campamento anarquista secreto en Ucrania<\/strong><\/p>\n\n\n\n<p class=\"has-text-align-justify has-text-color has-link-color wp-elements-7 wp-block-paragraph\" style=\"color:#010000\"><strong>La izquierda ucraniana act\u00faa donde fallan los sistemas oficiales. Bjarke Friborg y Helene Vadsten visitaron Colectivos de Solidaridad en Ucrania. Aqu\u00ed est\u00e1 el relato de Helene sobre la visita.<\/strong><\/p>\n\n\n\n<p class=\"has-text-align-justify has-text-color has-link-color wp-elements-8 wp-block-paragraph\" style=\"color:#010000\">Ucrania se encuentra bajo una fuerte presi\u00f3n tras tres a\u00f1os y medio de agresi\u00f3n y ocupaci\u00f3n rusa de partes del pa\u00eds. La guerra y las pol\u00edticas econ\u00f3micas neoliberales del gobierno de Zelenski han desestabilizado un sistema social ya desgastado.<\/p>\n\n\n\n<p class=\"has-text-align-justify has-text-color has-link-color wp-elements-9 wp-block-paragraph\" style=\"color:#010000\">El pa\u00eds est\u00e1 lleno de veteranos con heridas visibles e invisibles, familiares de soldados con problemas mentales, ni\u00f1os que no pueden ir a la escuela porque faltan refugios en sus escuelas, desplazados internos que carecen de techo, soldados de servicio que carecen de equipo vital.<\/p>\n\n\n\n<p class=\"has-text-align-justify has-text-color has-link-color wp-elements-10 wp-block-paragraph\" style=\"color:#010000\">En mayo de 2025, Bjarke Friborg y Helene Vadsten del partido Lista de Unidad fueron invitados a una reuni\u00f3n con la ucraniana Ksenia (tambi\u00e9n llamada Ksusha) de la red anarquista Colectivos de Solidaridad, as\u00ed como con dos activistas europeos que viajan regularmente a Ucrania y que desean permanecer en el anonimato por razones de seguridad.<\/p>\n\n\n\n<p class=\"has-text-align-justify has-text-color has-link-color wp-elements-11 wp-block-paragraph\" style=\"color:#010000\">La guerra ha impulsado a grupos de izquierda, tanto dentro como fuera de Ucrania, a poner en pr\u00e1ctica sus teor\u00edas pol\u00edticas en una impresionante labor de ayuda solidaria. Ksenia, de Colectivos de Solidaridad, afirma:<\/p>\n\n\n\n<p class=\"has-text-align-justify has-text-color has-link-color wp-elements-12 wp-block-paragraph\" style=\"color:#010000\">\u201c[\u2026] Para m\u00ed, tanto personalmente como en tanto que anarquista, es la pr\u00e1ctica lo que me motiva: la pr\u00e1ctica de crear relaciones horizontales, la pr\u00e1ctica en el presente. Personalmente, considero la ayuda mutua \u2014incluso a menor escala\u2014 como una actividad pol\u00edtica y una materializaci\u00f3n de la filosof\u00eda anarquista. No quiero estancarme en teor\u00edas y consideraciones sobre qu\u00e9 es bueno y qu\u00e9 es malo hacer en esta situaci\u00f3n\u201d.<\/p>\n\n\n\n<p class=\"has-text-color has-link-color wp-elements-13 wp-block-paragraph\" style=\"color:#010000\"><strong>Una noche llena de peligros y un encuentro secreto<\/strong><strong><\/strong><\/p>\n\n\n\n<p class=\"has-text-align-justify has-text-color has-link-color wp-elements-14 wp-block-paragraph\" style=\"color:#010000\">Solo ten\u00edamos una cita y una direcci\u00f3n en alg\u00fan lugar de Ucrania. Para entonces, llev\u00e1bamos cuatro d\u00edas en Ucrania. Hab\u00edamos pasado la noche en un aparcamiento convertido en un refugio de lujo, para los est\u00e1ndares ucranianos, mientras enjambres de drones, misiles de crucero de precisi\u00f3n y misiles bal\u00edsticos de alta velocidad bombardeaban ciudades ucranianas de este a oeste.<\/p>\n\n\n\n<p class=\"has-text-align-justify has-text-color has-link-color wp-elements-15 wp-block-paragraph\" style=\"color:#010000\">El r\u00e9gimen de Putin aparentemente hab\u00eda decidido que esa noche de finales de mayo de 2025 comenzara la campa\u00f1a de bombardeos masivos que desde entonces ha destruido hogares y escuelas ucranianas y ha matado o herido a innumerables civiles.<\/p>\n\n\n\n<p class=\"has-text-align-justify has-text-color has-link-color wp-elements-16 wp-block-paragraph\" style=\"color:#010000\">Ahora est\u00e1bamos all\u00ed esperando, muy cansados y solos, en la direcci\u00f3n que nos hab\u00edan dado. El tiempo pasaba mientras desconocidos pasaban junto a nosotros sin responder a nuestras miradas inquisitivas. \u00bfNos habr\u00edamos equivocado? Comprobamos la direcci\u00f3n y la hora. Parec\u00eda correcta. \u00bfHab\u00eda habido un malentendido?<\/p>\n\n\n\n<p class=\"has-text-align-justify has-text-color has-link-color wp-elements-17 wp-block-paragraph\" style=\"color:#010000\">Por razones de seguridad, todos los servicios de localizaci\u00f3n fueron desactivados en nuestros tel\u00e9fonos, y aunque somos de la generaci\u00f3n que aprendi\u00f3 a usar mapas cuando eran de papel y hab\u00eda que desplegarlos, nos parec\u00eda bastante inseguro estar en un lugar completamente desconocido en un pa\u00eds devastado por la guerra sin un mapa de papel ni el punto azul de Google Maps.<\/p>\n\n\n\n<p class=\"has-text-align-justify has-text-color has-link-color wp-elements-18 wp-block-paragraph\" style=\"color:#010000\">\u00bfPero c\u00f3mo llegamos a esa situaci\u00f3n? El acuerdo se hab\u00eda logrado en el marco de un viaje de una delegaci\u00f3n multipartidista del DIPD, el Instituto Dan\u00e9s para Partidos y Democracia. Bjarke Friborg y yo formamos parte del comit\u00e9 directivo de un proyecto del DIPD entre el Enhedslisten, Alternativet\/Partido de Unidad Dan\u00e9s y el Sotsialnyi Rukh\/Movimiento Social ucraniano. El objetivo del viaje era comprender mejor el estado de la democracia entre los partidos pol\u00edticos y las organizaciones de la sociedad civil del pa\u00eds.<\/p>\n\n\n\n<p class=\"has-text-align-justify has-text-color has-link-color wp-elements-19 wp-block-paragraph\" style=\"color:#010000\">Tras los primeros d\u00edas puntuados por algunas alertas de bombardeos a\u00e9reos, el masivo y prolongado ataque nocturno nos hab\u00eda permitido vislumbrar otra faceta de la realidad ucraniana: nunca saber cu\u00e1ndo dejarlo todo para correr a un lugar seguro, nunca saber cu\u00e1ndo retomar las actividades interrumpidas, el miedo a perder a alguien o incluso a ser alcanzados. La incertidumbre se palpaba en nuestros cuerpos cansados.<\/p>\n\n\n\n<p class=\"has-text-align-justify has-text-color has-link-color wp-elements-20 wp-block-paragraph\" style=\"color:#010000\">Pero entonces llegaron nuestros amigos activistas del grupo anarquista ucraniano Solidarity Collectives\/Colectivos de Solidaridad. Nos sentimos aliviados y felices de finalmente encontrarnos con quienes antes conoc\u00edamos principalmente por SMS cifrados.<\/p>\n\n\n\n<p class=\"has-text-color has-link-color wp-elements-21 wp-block-paragraph\" style=\"color:#010000\"><strong>El almac<\/strong><strong>\u00e9<\/strong><strong>n secreto<\/strong><strong><\/strong><\/p>\n\n\n\n<p class=\"has-text-align-justify has-text-color has-link-color wp-elements-22 wp-block-paragraph\" style=\"color:#010000\">Si has visto una oficina anarquista, las has visto todas. \u00bfO no? Porque s\u00ed, hab\u00eda escritorios con ordenadores y \u00fatiles de oficina, hab\u00eda pegatinas, camisetas, etiquetas y distintivos de tela, y las obligadas banderas de varios grupos antiautoritarios nacionales y extranjeros.<\/p>\n\n\n\n<p class=\"has-text-align-justify has-text-color has-link-color wp-elements-23 wp-block-paragraph\" style=\"color:#010000\">Pero tambi\u00e9n hab\u00eda estanter\u00edas que llegaban del suelo al techo con equipo de guerra. Algunos estaban claramente usados, otros eran nuevos. Sacos de dormir abrigados, chalecos antibalas, rodilleras, cascos, equipo m\u00e9dico y mucho m\u00e1s. Todo el equipo esencial que, desde nuestra perspectiva no militar, deber\u00eda ser el est\u00e1ndar para todos los soldados enviados al frente; pero ese no es el caso en Ucrania, donde se espera que los soldados compren su propio equipo.<\/p>\n\n\n\n<p class=\"has-text-align-justify has-text-color has-link-color wp-elements-24 wp-block-paragraph\" style=\"color:#010000\">En Colectivos de Solidaridad, las y los activistas recolectan dinero y equipo donado por individuos, activistas y grupos antiautoritarios en Ucrania, Europa y otras partes del mundo. Los Colectivos de Solidaridad lo distribuyen a los soldados antiautoritarios en el frente. De esta manera, el colectivo forma parte de un ecosistema internacional m\u00e1s amplio de fuerzas antiautoritarias que apoyan la lucha militar concreta contra el imperialismo que se libra actualmente en el frente entre Ucrania y Rusia.<\/p>\n\n\n\n<p class=\"has-text-align-justify has-text-color has-link-color wp-elements-25 wp-block-paragraph\" style=\"color:#010000\">Como destinatarios, dan prioridad a camaradas y aliados que hayan participado anteriormente en actividades pol\u00edticas, como sindicalistas, antifascistas, feministas, activistas clim\u00e1ticos y ecologistas y otros activistas progresistas de izquierda que hayan decidido participar voluntariamente en la guerra contra la invasi\u00f3n de Rusia o hayan sido reclutados a trav\u00e9s del servicio militar obligatorio en Ucrania.<\/p>\n\n\n\n<p class=\"has-text-align-justify has-text-color has-link-color wp-elements-26 wp-block-paragraph\" style=\"color:#010000\">Colectivos de Solidaridad, a trav\u00e9s de donaciones, ha podido proporcionar m\u00e1s de cien chalecos antibalas efectivos de nivel 4 e innumerables cascos, dispositivos de visi\u00f3n nocturna, equipos de detecci\u00f3n t\u00e9rmica, drones, equipos m\u00e9dicos t\u00e1cticos, uniformes militares, botas y mucho m\u00e1s.<\/p>\n\n\n\n<p class=\"has-text-align-justify has-text-color has-link-color wp-elements-27 wp-block-paragraph\" style=\"color:#010000\">Parte del almac\u00e9n y la oficina est\u00e1 dedicada a un proyecto muy especial: bancos de trabajo llenos de soldadores, placas de circuitos y cables, y una estanter\u00eda con pilas de peque\u00f1os drones que pueden usarse para log\u00edstica, reconocimiento y combate. No parecen gran cosa si pensamos en los grandes y mort\u00edferos drones Shahed que Rusia lanza contra la poblaci\u00f3n civil ucraniana noche tras noche. Pero son f\u00e1ciles de transportar, incluso para soldados a pie, y muy manejables en el aire.<\/p>\n\n\n\n<p class=\"has-text-align-justify has-text-color has-link-color wp-elements-28 wp-block-paragraph\" style=\"color:#010000\">En colaboraci\u00f3n con las fuerzas antiautoritarias checas y alemanas, entre otras,&nbsp;Solidarity Collectives construye, ensambla, equipa y distribuye los drones. Estos pueden ayudar a los soldados antiautoritarios en primera l\u00ednea a moverse con mayor rapidez y seguridad en zonas peligrosas.<\/p>\n\n\n\n<p class=\"has-text-align-justify has-text-color has-link-color wp-elements-29 wp-block-paragraph\" style=\"color:#010000\">En el futuro, la secci\u00f3n de Colectivos de Solidaridad que colabora con el esfuerzo b\u00e9lico planea establecer una organizaci\u00f3n de veteranos. Esta trabajar\u00e1 en colaboraci\u00f3n con sindicatos e instituciones sociales para rehabilitar a soldados antiautoritarios que hayan sufrido lesiones f\u00edsicas o mentales, para que puedan reincorporarse a la vida cotidiana en Ucrania.<\/p>\n\n\n\n<p class=\"has-text-align-justify has-text-color has-link-color wp-elements-30 wp-block-paragraph\" style=\"color:#010000\">Es importante recordar que los soldados ucranianos no tienen un per\u00edodo fijo ni fecha de finalizaci\u00f3n del servicio activo. Esto significa que quienes se ofrecieron como voluntarios en los primeros d\u00edas tras la invasi\u00f3n rusa a gran escala de Ucrania en 2022 han estado en activo en un pa\u00eds en guerra durante tres a\u00f1os y medio. Al mismo tiempo, el Estado ucraniano no puede cubrir las necesidades de los veteranos en este momento.<\/p>\n\n\n\n<p class=\"has-text-align-justify has-text-color has-link-color wp-elements-31 wp-block-paragraph\" style=\"color:#010000\">Por lo tanto, la necesidad de apoyo en Ucrania sigue siendo enorme.<\/p>\n\n\n\n<p class=\"has-text-align-justify has-text-color has-link-color wp-elements-32 wp-block-paragraph\" style=\"color:#010000\">-Entrevista cruda, sincera y conmovedora&nbsp;con Charlie, enfermero militar bielorruso. Charlie es solo uno de los soldados a los que apoyan los Colectivos de Solidaridad. Charlie se ofreci\u00f3 como voluntario para el ej\u00e9rcito ucraniano al comienzo de la invasi\u00f3n a gran escala en febrero de 2022. <em><a href=\"https:\/\/www.youtube.com\/watch?v=qViY9VJZsag\">Puede verse aqu\u00ed<\/a><\/em>.<\/p>\n\n\n\n<p class=\"has-text-color has-link-color wp-elements-33 wp-block-paragraph\" style=\"color:#010000\"><strong>Colectivos de Solidaridad ayuda a personas y animales atrapados en la guerra<\/strong><strong><\/strong><\/p>\n\n\n\n<p class=\"has-text-align-justify has-text-color has-link-color wp-elements-34 wp-block-paragraph\" style=\"color:#010000\">Adem\u00e1s de brindar ayuda en el frente, Colectivos de Solidaridad tambi\u00e9n realiza labor humanitaria entre la poblaci\u00f3n civil en zonas cercanas al frente. Utilizando sus redes, por ejemplo, entre sindicalistas, Colectivos de Solidaridad identifica d\u00f3nde se necesita ayuda humanitaria y para qu\u00e9. Podr\u00eda tratarse de personas desplazadas internas, hospitales y escuelas.<\/p>\n\n\n\n<p class=\"has-text-align-justify has-text-color has-link-color wp-elements-35 wp-block-paragraph\" style=\"color:#010000\">Colectivos de Solidaridad ha organizado convoyes humanitarios y entregado suministros como medicamentos, ropa, alimentos, sacos de dormir, colchones y estufas de gas a las ciudades de Bucha, Bilohorodka, Chernihiv, Kryvyi Rih, Mykolaiv, Kramatorsk, Kharkiv y otras.<\/p>\n\n\n\n<p class=\"has-text-color has-link-color wp-elements-36 wp-block-paragraph\" style=\"color:#010000\"><strong>Trabajo de concienciaci\u00f3<\/strong><strong>n<\/strong><strong><\/strong><\/p>\n\n\n\n<p class=\"has-text-align-justify has-text-color has-link-color wp-elements-37 wp-block-paragraph\" style=\"color:#010000\">El grupo de medios de comunicaci\u00f3n Colectivos de Solidaridad pretende explicar la visi\u00f3n antiautoritaria de la situaci\u00f3n en Ucrania recogiendo testimonios de soldados y activistas tanto del frente como de la sociedad en general.<\/p>\n\n\n\n<p class=\"has-text-align-justify has-text-color has-link-color wp-elements-38 wp-block-paragraph\" style=\"color:#010000\">Trabajan para documentar, inspirar, compartir conocimientos y recaudar fondos para proyectos espec\u00edficos en diversos formatos.&nbsp;<em><a href=\"https:\/\/www.instagram.com\/p\/DND1lNyNNRV\/?utm_source=ig_web_copy_link&amp;igsh=MzRlODBiNWFlZA==\">Puedes verlo en Instagram<\/a><\/em>, por ejemplo,&nbsp;en una publicaci\u00f3n sobre viviendas en las zonas ocupadas por Rusia.<\/p>\n\n\n\n<p class=\"has-text-color has-link-color wp-elements-39 wp-block-paragraph\" style=\"color:#010000\"><strong>T\u00fa <\/strong><strong>puedes ayudar<\/strong><strong><\/strong><\/p>\n\n\n\n<p class=\"has-text-align-justify has-text-color has-link-color wp-elements-40 wp-block-paragraph\" style=\"color:#010000\">A menudo o\u00edmos a izquierdistas daneses preocupados decir que no existe una izquierda ucraniana, que la Ucrania de Zelenski ha encarcelado a toda la izquierda. Esto no es cierto.<\/p>\n\n\n\n<p class=\"has-text-align-justify has-text-color has-link-color wp-elements-41 wp-block-paragraph\" style=\"color:#010000\">Existe una izquierda ucraniana activa, que incluye a Colectivos de Solidaridad, que realiza una labor pol\u00edtica muy concreta y significativa. Sin embargo, es cierto que el Estado ucraniano no est\u00e1 cumpliendo con sus obligaciones democr\u00e1ticas y que existen ejemplos problem\u00e1ticos de persecuci\u00f3n de sindicalistas y activistas de izquierda.<\/p>\n\n\n\n<p class=\"has-text-align-justify has-text-color has-link-color wp-elements-42 wp-block-paragraph\" style=\"color:#010000\">El reciente acontecimiento, en el que el Parlamento aprob\u00f3 y el presidente Zelenski firm\u00f3 una ley que abol\u00eda efectivamente la independencia de las autoridades anticorrupci\u00f3n, es solo un ejemplo. Pero el episodio tambi\u00e9n muestra la fortaleza de la democracia ucraniana, pues las y los ucranianos salieron a las calles de inmediato y en masa a protestar en ciudades y pueblos de todo el pa\u00eds.<\/p>\n\n\n\n<p class=\"has-text-align-justify has-text-color has-link-color wp-elements-43 wp-block-paragraph\" style=\"color:#010000\">El pueblo ucraniano no quiere volver a la \u00e9poca del r\u00e9gimen totalitario del expresidente Viktor Yanukovych. Y lo ha logrado. Tras solo unos d\u00edas de protestas, Zelenski anunci\u00f3 la aprobaci\u00f3n de una nueva ley que derogar\u00eda la original y garantizar\u00eda la independencia de las autoridades anticorrupci\u00f3n. Esta ley se aprob\u00f3 el 31 de julio de 2025. La presi\u00f3n popular funciona, tambi\u00e9n en Ucrania.<\/p>\n\n\n\n<p class=\"has-text-align-justify has-text-color has-link-color wp-elements-44 wp-block-paragraph\" style=\"color:#010000\">Las y los ucranianos de a pie han demostrado una y otra vez su disposici\u00f3n a actuar. Por la justicia, por la democracia, por sus conciudadanos. La sociedad civil ucraniana est\u00e1 respondiendo a las deficiencias del Estado. Esto se aplica especialmente a los numerosos grupos activistas de izquierda, peque\u00f1os y progresistas. Pero necesitan nuestra solidaridad y nuestro apoyo.<\/p>\n\n\n\n<p class=\"has-text-align-justify has-text-color has-link-color wp-elements-45 wp-block-paragraph\" style=\"color:#010000\"><strong>*<\/strong><strong>Helene Vadsten<\/strong> ha sido candidata a las elecciones regionales de la Regi\u00f3n de Dinamarca Oriental por el Partido de la Unidad.&nbsp;<\/p>\n\n\n\n<p class=\"has-text-color has-link-color wp-elements-46 wp-block-paragraph\" style=\"color:#010000\">-Art\u00edculo original en <em><a href=\"https:\/\/solidaritet.dk\/danske-aktivister-besoeger-hemmeligt-anarkist-lager-i-ukraine\/\">Solidaritet, 18-8-2025<\/a><\/em><\/p>\n\n\n\n<p class=\"has-text-align-center has-text-color has-link-color wp-elements-47 wp-block-paragraph\" style=\"color:#010000\"><strong>***<\/strong><\/p>\n\n\n\n<p class=\"has-text-color has-link-color wp-elements-48 wp-block-paragraph\" style=\"color:#010000\">-Pedidos de apoyo:<\/p>\n\n\n\n<p class=\"has-text-align-justify has-text-color has-link-color wp-elements-49 wp-block-paragraph\" style=\"color:#010000\">Puedes apoyar la labor espec\u00edfica de Solidarity Collectives para soldados de izquierda y antiautoritarios enviando una donaci\u00f3n por PayPal:&nbsp; charitycollectives_ua@proton.me<\/p>\n\n\n\n<p class=\"has-text-align-justify has-text-color has-link-color wp-elements-50 wp-block-paragraph\" style=\"color:#010000\">Tambi\u00e9n puedes apoyar el trabajo vital con drones a trav\u00e9s de Paypal:&nbsp;charitycollectives.fpv@proton.me<\/p>\n\n\n\n<p class=\"has-text-align-justify has-text-color has-link-color wp-elements-51 wp-block-paragraph\" style=\"color:#010000\">-Recientemente, Colectivos de Solidaridad ha creado el proyecto Ayuda Animal, que proporciona alimento, atenci\u00f3n veterinaria y refugio seguro para los animales. Un equipo de voluntarios rescata animales heridos y abandonados, les ayuda a encontrar un nuevo hogar y trabaja para que se comprendan mejor las necesidades de los animales.<\/p>\n\n\n\n<p class=\"has-text-align-justify has-text-color has-link-color wp-elements-52 wp-block-paragraph\" style=\"color:#010000\">-Puedes apoyar el trabajo con animales en paypal: <a href=\"mailto:charitycollectivesua.animals@proton.me\">charitycollectivesua.animals@proton.me<\/a><\/p>\n\n\n\n<p class=\"has-text-align-justify has-text-color has-link-color wp-elements-53 wp-block-paragraph\" style=\"color:#010000\">Puedes seguir el trabajo medi\u00e1tico de Colectivos de Solidaridad&nbsp; aqu\u00ed:<\/p>\n\n\n\n<p class=\"has-text-color has-link-color wp-elements-54 wp-block-paragraph\" style=\"color:#010000\">Web en ingl\u00e9s: <a href=\"https:\/\/www.solidaritycollectives.org\/en\/\" rel=\"nofollow\">https:\/\/www.solidaritycollectives.org\/en\/<\/a><\/p>\n\n\n\n<p class=\"has-text-color has-link-color wp-elements-55 wp-block-paragraph\" style=\"color:#010000\">Canal de Youtube&nbsp;del sitio web en ingl\u00e9s: <a href=\"https:\/\/www.youtube.com\/@sol_col\">https:\/\/www.youtube.com\/@sol_col<\/a><\/p>\n\n\n\n<p class=\"has-text-align-justify has-text-color has-link-color wp-elements-56 wp-block-paragraph\" style=\"color:#010000\">Puedes difundir la buena noticia de que existe una izquierda ucraniana activa. Ayuda a mantener la atenci\u00f3n del p\u00fablico dan\u00e9s sobre la causa ucraniana. Comparte este art\u00edculo.<\/p>\n\n\n\n<p class=\"has-text-align-justify has-text-color has-link-color wp-elements-57 wp-block-paragraph\" style=\"color:#010000\">-Sigue las redes sociales de Colectivos de Solidaridad y dale me gusta, comenta y comparte las publicaciones.<\/p>\n\n\n\n<p class=\"has-text-align-justify has-text-color has-link-color wp-elements-58 wp-block-paragraph\" style=\"color:#010000\">Facebook:&nbsp;<a href=\"https:\/\/www.facebook.com\/SolidarityCollectives\">https:\/\/www.facebook.com\/SolidarityCollectives<\/a><\/p>\n\n\n\n<p class=\"has-text-color has-link-color wp-elements-59 wp-block-paragraph\" style=\"color:#010000\">Instagram:&nbsp;<a href=\"https:\/\/www.instagram.com\/solidaritycollectives\/\">https:\/\/www.instagram.com\/solidaritycollectives\/<\/a><\/p>\n\n\n\n<p class=\"has-text-color has-link-color wp-elements-60 wp-block-paragraph\" style=\"color:#010000\">X (Twitter):&nbsp;<a href=\"https:\/\/x.com\/SolidarityColl1\" rel=\"nofollow\">https:\/\/x.com\/SolidarityColl1<\/a><\/p>\n\n\n\n<p class=\"has-text-color has-link-color wp-elements-61 wp-block-paragraph\" style=\"color:#010000\">Bluesky:&nbsp;<a href=\"https:\/\/bsky.app\/profile\/solcolua.bsky.social\">https:\/\/bsky.app\/profile\/solcolua.bsky.social<\/a><\/p>\n\n\n\n<p class=\"has-text-align-justify has-text-color has-link-color wp-elements-62 wp-block-paragraph\" style=\"color:#010000\">-Los ingresos de la asociaci\u00f3n son la base financiera del funcionamiento de Mediehuuse Solidaritets. Pero la asociaci\u00f3n, adem\u00e1s de ser la base financiera para sus operaciones, tambi\u00e9n es una comunidad que, junto con sus empleados y activistas permanentes, impulsa las actividades del medio. Lee m\u00e1s sobre la asociaci\u00f3n:&nbsp;<a href=\"https:\/\/solidaritet.dk\/om-os-5\/\">https:\/\/solidaritet.dk\/om-os-5\/<\/a> &nbsp;<\/p>\n\n\n\n<p class=\"has-text-align-justify has-text-color has-link-color wp-elements-63 wp-block-paragraph\" style=\"color:#010000\">-Todo el contenido de Solidaritet es de libre acceso, sin pago. Pero gestionar un sitio web no es gratis.<\/p>\n\n\n\n<p class=\"has-text-align-justify has-text-color has-link-color wp-elements-64 wp-block-paragraph\" style=\"color:#010000\">Solidaritet es una asociaci\u00f3n democr\u00e1tica cuyo objetivo es convertirla en una plataforma para el debate de izquierdas en Dinamarca. Si a\u00fan no lo eres, tambi\u00e9n puedes hacerte miembro.<\/p>\n\n\n\n<p class=\"has-text-align-justify has-text-color has-link-color wp-elements-65 wp-block-paragraph\" style=\"color:#010000\">Puedes formalizar un abono con Mobilepay, Visa o Mastercard de forma f\u00e1cil, r\u00e1pida y directa, y rescindirlo con efecto inmediato.<\/p>\n\n\n\n<p class=\"has-text-align-justify has-text-color has-link-color wp-elements-66 wp-block-paragraph\" style=\"color:#010000\">20 coronas\/mes. 60 coronas\/mes.100 coronas\/mes.150 coronas\/mes<\/p>\n\n\n\n<p class=\"has-text-align-justify has-text-color has-link-color wp-elements-67 wp-block-paragraph\" style=\"color:#010000\">-Tambi\u00e9n puedes ayudar concretamente enviando lo que te sobre a las cuentas mencionadas en el art\u00edculo. Todas las cantidades son bienvenidas, grandes o peque\u00f1as. Si no, tambi\u00e9n puedes ayudar aqu\u00ed:<\/p>\n\n\n\n<p class=\"has-text-align-justify has-text-color has-link-color wp-elements-68 wp-block-paragraph\" style=\"color:#010000\">Cuentas cripto:&nbsp;<a href=\"https:\/\/www.solidaritycollectives.org\/en\/support\/\" rel=\"nofollow\">https:\/\/www.solidaritycollectives.org\/en\/support\/<\/a><\/p>\n\n\n\n<p class=\"has-text-align-justify has-text-color has-link-color wp-elements-69 wp-block-paragraph\" style=\"color:#010000\">Patreon:\u00a0https:\/\/www.patreon.com\/c\/solidaritycollectives<\/p>\n\n\n\n<p class=\"wp-block-paragraph\"><\/p>\n","protected":false},"excerpt":{"rendered":"<p>Ucrania se encuentra bajo una fuerte presi\u00f3n tras tres a\u00f1os y medio de agresi\u00f3n y ocupaci\u00f3n rusa de partes del pa\u00eds. La guerra y las pol\u00edticas econ\u00f3micas neoliberales del gobierno de Zelenski han desestabilizado un sistema social ya desgastado.<\/p>\n","protected":false},"author":102520410,"featured_media":49226,"comment_status":"closed","ping_status":"","sticky":false,"template":"","format":"standard","meta":{"_coblocks_attr":"","_coblocks_dimensions":"","_coblocks_responsive_height":"","_coblocks_accordion_ie_support":"","advanced_seo_description":"","jetpack_seo_html_title":"","jetpack_seo_noindex":false,"jetpack_seo_schema_type":"","_jetpack_newsletter_access":"","_jetpack_dont_email_post_to_subs":false,"_jetpack_newsletter_tier_id":0,"_jetpack_memberships_contains_paywalled_content":false,"_wpcom_ai_launchpad_first_post":false,"_jetpack_feature_clip_id":0,"_jetpack_memberships_contains_paid_content":false,"footnotes":"","jetpack_post_was_ever_published":false},"categories":[53378,703608092],"tags":[],"class_list":["post-49224","post","type-post","status-publish","format-standard","has-post-thumbnail","hentry","category-rusia","category-ucrania","fallback-thumbnail"],"jetpack_likes_enabled":false,"jetpack_sharing_enabled":true,"jetpack_shortlink":"https:\/\/wp.me\/p7lt2C-cNW","amp_enabled":true,"jetpack_featured_media_url":"https:\/\/i0.wp.com\/correspondenciadeprensa.com\/wp-content\/uploads\/2025\/08\/Ucrania27082025.jpg?fit=999%2C501&ssl=1","_links":{"self":[{"href":"https:\/\/correspondenciadeprensa.com\/index.php?rest_route=\/wp\/v2\/posts\/49224","targetHints":{"allow":["GET"]}}],"collection":[{"href":"https:\/\/correspondenciadeprensa.com\/index.php?rest_route=\/wp\/v2\/posts"}],"about":[{"href":"https:\/\/correspondenciadeprensa.com\/index.php?rest_route=\/wp\/v2\/types\/post"}],"author":[{"embeddable":true,"href":"https:\/\/correspondenciadeprensa.com\/index.php?rest_route=\/wp\/v2\/users\/102520410"}],"replies":[{"embeddable":true,"href":"https:\/\/correspondenciadeprensa.com\/index.php?rest_route=%2Fwp%2Fv2%2Fcomments&post=49224"}],"version-history":[{"count":10,"href":"https:\/\/correspondenciadeprensa.com\/index.php?rest_route=\/wp\/v2\/posts\/49224\/revisions"}],"predecessor-version":[{"id":49235,"href":"https:\/\/correspondenciadeprensa.com\/index.php?rest_route=\/wp\/v2\/posts\/49224\/revisions\/49235"}],"wp:featuredmedia":[{"embeddable":true,"href":"https:\/\/correspondenciadeprensa.com\/index.php?rest_route=\/wp\/v2\/media\/49226"}],"wp:attachment":[{"href":"https:\/\/correspondenciadeprensa.com\/index.php?rest_route=%2Fwp%2Fv2%2Fmedia&parent=49224"}],"wp:term":[{"taxonomy":"category","embeddable":true,"href":"https:\/\/correspondenciadeprensa.com\/index.php?rest_route=%2Fwp%2Fv2%2Fcategories&post=49224"},{"taxonomy":"post_tag","embeddable":true,"href":"https:\/\/correspondenciadeprensa.com\/index.php?rest_route=%2Fwp%2Fv2%2Ftags&post=49224"}],"curies":[{"name":"wp","href":"https:\/\/api.w.org\/{rel}","templated":true}]}}