{"id":48402,"date":"2025-07-16T20:58:45","date_gmt":"2025-07-16T18:58:45","guid":{"rendered":"https:\/\/correspondenciadeprensa.com\/?p=48402"},"modified":"2025-07-16T20:58:45","modified_gmt":"2025-07-16T18:58:45","slug":"venezuela-desaparicion-forzada-una-practica-represiva-que-se-consolida-runrun-es","status":"publish","type":"post","link":"https:\/\/correspondenciadeprensa.com\/?p=48402","title":{"rendered":"Venezuela &#8211; Desaparici\u00f3n forzada, una pr\u00e1ctica represiva que se consolida. [runrun.es]"},"content":{"rendered":"\n<p class=\"has-text-color has-link-color wp-elements-1 wp-block-paragraph\" style=\"color:#010000\"><strong><em><a href=\"https:\/\/runrun.es\/inicio\/585797\/desaparicion-forzada-una-practica-represiva-que-se-consolida-en-venezuela\/\">runrun.es<\/a><\/em>, 16-7-2025<\/strong><\/p>\n\n\n\n<p class=\"has-text-color has-link-color wp-elements-2 wp-block-paragraph\" style=\"color:#010000\"><strong><em><a href=\"https:\/\/correspondenciadeprensa.com\/\">Correspondencia de Prensa<\/a><\/em>, 16-7-2025<\/strong><\/p>\n\n\n\n<p class=\"has-text-align-justify has-text-color has-link-color wp-elements-3 wp-block-paragraph\" style=\"color:#010000\"><strong>En un informe de 50 p\u00e1ginas, Amnist\u00eda Internacional concluye que la desaparici\u00f3n forzada de personas -incluidas las de corta duraci\u00f3n- habr\u00eda sido cometida de forma sistem\u00e1tica desde el 28 de julio de 2024 en Venezuela. Denuncian un \u00abalto nivel de organizaci\u00f3n, coordinaci\u00f3n institucional y recursos estatales\u00bb puestos al servicio de esta pr\u00e1ctica.<\/strong><\/p>\n\n\n\n<p class=\"has-text-align-justify has-text-color has-link-color wp-elements-4 wp-block-paragraph\" style=\"color:#010000\">Ladesaparici\u00f3n forzada de personas opositoras, disidentes y ciudadanos extranjeros en Venezuela se consolida como parte de un ataque \u201csistem\u00e1tico y generalizado contra la poblaci\u00f3n civil\u201d.As\u00ed lo concluye Amnist\u00eda Internacional(AI) en su m\u00e1s reciente informe, titulado<a href=\"https:\/\/www.amnesty.org\/en\/documents\/amr53\/0083\/2025\/en\/\"> <em>\u201cDetenciones sin rastro: El crimen de desaparici\u00f3n forzada en Venezuela\u201d<\/em>, <\/a>presentado este 15 de julio de 2025.<\/p>\n\n\n\n<p class=\"has-text-align-justify has-text-color has-link-color wp-elements-5 wp-block-paragraph\" style=\"color:#010000\">El informe documenta 15 casos emblem\u00e1ticos ocurridos entre julio de 2024 y junio de 2025 -nueve de venezolanos y seis de otras nacionalidades-,los cuales, seg\u00fan AI, \u201cejemplifican el modus operandi de esta grave violaci\u00f3n de derechos humanos y crimen de derecho internacional\u201d como parte de una \u201cpol\u00edtica sistem\u00e1tica de represi\u00f3n\u201d del gobierno de Nicol\u00e1s Maduro.<\/p>\n\n\n\n<p class=\"has-text-align-justify has-text-color has-link-color wp-elements-6 wp-block-paragraph\" style=\"color:#010000\">Aunque Amnist\u00eda Internacional precisa que tanto ellos como otros mecanismos de derechos humanos llevan a\u00f1os documentando en Venezuela esta pr\u00e1ctica-como la Corte Interamericana de Derechos Humanos, la Oficina del Alto Comisionado de las Naciones Unidas para los Derechos Humanos y organizaciones de la sociedad civil-,a partir de las elecciones del 28 de julio de 2024 \u201cse observ\u00f3 un nuevo repunte\u201d.<\/p>\n\n\n\n<p class=\"has-text-align-justify has-text-color has-link-color wp-elements-7 wp-block-paragraph\" style=\"color:#010000\">Denuncian que luego de esos comicios, en los que fue anunciado como ganador Nicol\u00e1s Maduro, sin que se publiquen hasta ahora los resultados desagregados de la consulta, y en virtud de las protestas contra el resultado electoral, se produjo un incremento \u201cdr\u00e1stico y sostenido\u201d en la comisi\u00f3n de desapariciones forzadas.<\/p>\n\n\n\n<p class=\"has-text-align-justify has-text-color has-link-color wp-elements-8 wp-block-paragraph\" style=\"color:#010000\">El hecho de que estas desapariciones forzadas formen parte de un \u201cataque generalizado y sistem\u00e1tico contra la poblaci\u00f3n civil, particularmente contra quienes consideran disidentes\u201dconfigura un crimen \u201cde lesa humanidad\u201d, seg\u00fan Amnist\u00eda.<\/p>\n\n\n\n<p class=\"has-text-align-justify has-text-color has-link-color wp-elements-9 wp-block-paragraph\" style=\"color:#010000\">\u201cYa se ha llegado al umbral de la prueba de carga para establecer que estos son cr\u00edmenes de lesa humanidad\u201d, sentenci\u00f3 durante la presentaci\u00f3n del informeAgnes Callamard, secretaria general de Amnist\u00eda Internacional, al tiempo que mencion\u00f3 que el gobierno venezolano ha utilizado la pr\u00e1ctica de detenciones arbitrarias de<em><a href=\"https:\/\/runrun.es\/el-megafono\/585769\/esposa-de-gendarme-argentino-detenido-en-venezuela-denuncio-mas-de-200-dias-sin-comunicacion\/\">ciudadanos extranjeros<\/a><\/em><strong> <\/strong>\u201cpara justificar su narrativa de conspiraciones extranjeras y negociar con otros pa\u00edses\u201d.<\/p>\n\n\n\n<p class=\"has-text-align-justify has-text-color has-link-color wp-elements-10 wp-block-paragraph\" style=\"color:#010000\">\u201cDado que hay impunidad reinante en Venezuela nosotros no esperamos justicia local, necesitamos acci\u00f3n internacional y justicia internacional,esto va a ser crucial para defender derechos de v\u00edctimas. Llamamos a la CPI a que contin\u00fae y siga avanzando con la investigaci\u00f3n en Venezuela y que colabore con la Misi\u00f3n de la ONU, que debe continuar con su trabajo de documentar las violaciones de DDHH en Venezuela y que se incluyan las desapariciones forzadas. El alto comisionado de la ONU debe seguir demandando acceso abierto a investigaciones en Venezuela para monitorear la situaci\u00f3n de primera manoy brindar apoyo y acompa\u00f1amiento a las v\u00edctimas y organizaciones de DDHH. Los Estados deben ejercer la jurisdicci\u00f3n universal\u201d, insisti\u00f3.<\/p>\n\n\n\n<p class=\"has-text-align-justify has-text-color has-link-color wp-elements-11 wp-block-paragraph\" style=\"color:#010000\"><em>Callamard tambi\u00e9n fue enf\u00e1tica en otro llamado puntual a la comunidad internacional: \u201cNo se debe normalizar la crisis de DDHH en Venezuela. La seriedad de los cr\u00edmenes reportados por Amnist\u00eda Internacional debe guiar ese trabajo y ser la conciencia de ese trabajo. El pueblo venezolano nos necesita m\u00e1s que nunca, la sociedad civil necesita nuestro apoyo, no podemos permanecer de brazos cruzados y ver que se ahogue esta sociedad civil mientras nosotros estamos mirando. Debemos reforzar nuestro apoyo t\u00e9cnico, financiero y legal a la sociedad civil venezolana, incluyendo los medios, las ONG. Ante estas injusticias no podemos no actuar, no actuar no es una opci\u00f3n\u201d, expres\u00f3.<\/em><\/p>\n\n\n\n<p class=\"has-text-align-justify has-text-color has-link-color wp-elements-12 wp-block-paragraph\" style=\"color:#010000\">En ese sentido, destac\u00f3 quees necesario que haya \u201cjusticia internacional\u201d: \u201cInstamos a la Corte Penal Internacional y al Alto Comisionado de Derechos Humanos de la ONU a seguir la investigaci\u00f3n en el pa\u00eds y a brindar apoyo y acompa\u00f1amiento a las v\u00edctimas\u201d.<\/p>\n\n\n\n<p class=\"has-text-color has-link-color wp-elements-13 wp-block-paragraph\" style=\"color:#010000\"><strong>Desapariciones como pol\u00edtica de Estado<\/strong><\/p>\n\n\n\n<p class=\"has-text-align-justify has-text-color has-link-color wp-elements-14 wp-block-paragraph\" style=\"color:#010000\">La investigaci\u00f3n de Amnist\u00eda Internacional se bas\u00f3 enentrevistas con familiares, abogados y defensores, adem\u00e1s de an\u00e1lisis de datos digitales y entrevistas con organismos internacionales.<\/p>\n\n\n\n<p class=\"has-text-align-justify has-text-color has-link-color wp-elements-15 wp-block-paragraph\" style=\"color:#010000\">Entre los hallazgos se destaca que la mayor\u00eda de los casos fueron desapariciones temporales, en las que las v\u00edctimas permanecieron incomunicadas durante horas o d\u00edas, sin informaci\u00f3n oficial sobre su paradero. Sin embargo, y son enf\u00e1ticos en aclararlo, esto no excluye su calificaci\u00f3n como desapariciones forzadas, seg\u00fan el derecho internacional.<\/p>\n\n\n\n<p class=\"has-text-align-justify has-text-color has-link-color wp-elements-16 wp-block-paragraph\" style=\"color:#010000\">\u201cLa desaparici\u00f3n forzada supone no saber d\u00f3nde est\u00e1 tu familiar, en qu\u00e9 condiciones se encuentra, ni siquiera si est\u00e1 vivo o muerto. Es un crimen que pone en grave riesgo la vida e integridad de la persona desaparecida forzadamente y tambi\u00e9n somete a su familia a un sufrimiento constante, marcado por la incertidumbre, la angustia y el tormento diario de preguntarse cu\u00e1l es el paradero de su ser querido,\u201d sintetiza Agn\u00e8s Callamard en la<em><a href=\"https:\/\/www.amnesty.org\/es\/latest\/news\/2025\/07\/venezuela-desapariciones-forzadas-constituyen-crimenes-de-lesa-humanidad\/\"> nota de prensa<\/a><\/em> que acompa\u00f1a la presentaci\u00f3n del informe.<\/p>\n\n\n\n<p class=\"has-text-align-justify has-text-color has-link-color wp-elements-17 wp-block-paragraph\" style=\"color:#010000\">La mayor\u00eda de las detenciones evaluadas fueron arbitrarias, sin orden judicial ni situaci\u00f3n de flagrancia.Las personas desaparecidas fueron incomunicadas, mantenidas en sitios no reconocidos y en condiciones ilegales de reclusi\u00f3n.<\/p>\n\n\n\n<p class=\"has-text-align-justify has-text-color has-link-color wp-elements-18 wp-block-paragraph\" style=\"color:#010000\">Adem\u00e1s, los cuerpos de seguridad m\u00e1s involucrados en casos de desapariciones forzadas fueron el Sebin, la Dgcim, la Guardia Nacional Bolivariana y, en el caso de extranjeros, tambi\u00e9n al Saime, alerta el informe. Seg\u00fan los casos analizados, Bole\u00edta (Dgcim), El Helicoide (Sebin) y Rodeo I (Servicios Penitenciarios) ser\u00edan los centros de reclusi\u00f3n a los que m\u00e1s se recurre para mantener a las personas en situaci\u00f3n de desaparici\u00f3n forzada.<\/p>\n\n\n\n<p class=\"has-text-align-justify has-text-color has-link-color wp-elements-19 wp-block-paragraph\" style=\"color:#010000\">De los casos documentados (los de Andr\u00e9s Mart\u00ednez, Dami\u00e1n Rojas, Danner Barajas, Dennis Lepaje, Eudi Andrade, Fabi\u00e1n Buglione, Jorgen Guanares, Jose Mar\u00eda Basoa, Lucas Hunter, Rory Branker y Yevhenii Petrovish Trush) al menos 11 v\u00edctimas documentadas siguen desaparecidashasta hoy, precisa la investigaci\u00f3n. Amnist\u00eda Internacional solo logr\u00f3 establecer el paradero de cuatro personas:Alfredo D\u00edaz, quien estuvo sometido a desaparici\u00f3n forzada durante cuatro d\u00edas; Eduardo Torres, desparecido forzadamente por ocho d\u00edas; y Rosa Chirinos y Raymar P\u00e9rez, quienes estuvieron desaparecidas de manera forzada durante cuatro meses.<\/p>\n\n\n\n<p class=\"has-text-align-justify has-text-color has-link-color wp-elements-20 wp-block-paragraph\" style=\"color:#010000\">Otra caracter\u00edstica de estos hechos es su claro m\u00f3vil pol\u00edtico: \u201cNo se trata de hechos aislados, son acciones dirigidas contra personas que han expresado alg\u00fan tipo de disidencia o cr\u00edtica contra el gobierno\u201d,apunt\u00f3 Pilar San Mart\u00edn, coordinadora e investigadora de crisis de Amnist\u00eda Internacional. A juicio de San Martin, el sistema de justicia en Venezuela \u201cencubre y facilita la desaparici\u00f3n forzada de personas e intenta una fachada para dar apariencia de legalidad a procedimientos ileg\u00edtimos e ilegales\u201d.<\/p>\n\n\n\n<p class=\"has-text-align-justify has-text-color has-link-color wp-elements-21 wp-block-paragraph\" style=\"color:#010000\">Se rese\u00f1a asimismo que las audiencias de presentaci\u00f3n se celebran en secreto, sin informar a familiares ni abogados. En muchos casos, se impone una defensa p\u00fablica sin capacidad real de acci\u00f3n. El informe recoge que, en el marco de la represi\u00f3n poselectoral, se recurri\u00f3 a la aplicaci\u00f3n estatal VenApppara fomentar la delaci\u00f3n ciudadana.<\/p>\n\n\n\n<p class=\"has-text-align-justify has-text-color has-link-color wp-elements-22 wp-block-paragraph\" style=\"color:#010000\">Otro patr\u00f3n aplicado a estos casos fueel uso de la figura del \u201cterrorismo\u201d para justificar detenciones sin pruebas, en muchos casos, sin permitir acceso a la defensa ni a abogados privados. Las personas detenidas fueron sometidas a cargos vagos y ambiguos, sin garant\u00edas procesales ni derecho al debido proceso.<\/p>\n\n\n\n<p class=\"has-text-color has-link-color wp-elements-23 wp-block-paragraph\" style=\"color:#010000\"><strong>Viajar a Venezuela, conducta de riesgo<\/strong><\/p>\n\n\n\n<p class=\"has-text-align-justify has-text-color has-link-color wp-elements-24 wp-block-paragraph\" style=\"color:#010000\">San Mart\u00edn tambi\u00e9n insisti\u00f3 en el punto de la detenci\u00f3n de extranjeros en Venezuela \u201cpara reforzar la narrativa de la conspiraci\u00f3n y usar personas como moneda de cambio para presionar a otros pa\u00edses\u201d. Se refiri\u00f3 brevemente a los casos del uruguayo Fabian Buglione, detenido en octubre de 2024, que viaj\u00f3 a visitar a su pareja y al d\u00eda de hoy sigue desaparecido.<\/p>\n\n\n\n<p class=\"has-text-align-justify has-text-color has-link-color wp-elements-25 wp-block-paragraph\" style=\"color:#010000\">Asimismo, ofreci\u00f3 datos sobre el caso de Andr\u00e9s Mart\u00ednez y Jos\u00e9 Mar\u00eda Basoa, dos turistas espa\u00f1oles detenidos en septiembre de 2024: \u201cSus familiares perdieron el contacto con los dos j\u00f3venes el 2 de septiembre de 2024, y 12 d\u00edas despu\u00e9s, el ministro de Interior y Justicia, Diosdado Cabello, confirma su detenci\u00f3n acus\u00e1ndolos de pertenecer al servicio de inteligencia espa\u00f1ol y planear un complot contra el gobierno. Ellos siguen desaparecidos\u201d, revel\u00f3.<\/p>\n\n\n\n<p class=\"has-text-align-justify has-text-color has-link-color wp-elements-26 wp-block-paragraph\" style=\"color:#010000\">El informe tambi\u00e9n rese\u00f1a la situaci\u00f3n de Yevhenii Petrovich Trush, joven ucraniano con TEA y TDAH, desaparecido al intentar cruzar legalmente la frontera y pedir refugio; y de Lucas Hunter, un franco-estadounidense practicante de <em>kitesurf <\/em> detenido en la frontera con Colombia.<\/p>\n\n\n\n<p class=\"has-text-color has-link-color wp-elements-27 wp-block-paragraph\" style=\"color:#010000\"><strong>Un crimen, varios derechos vulnerados<\/strong><\/p>\n\n\n\n<p class=\"has-text-align-justify has-text-color has-link-color wp-elements-28 wp-block-paragraph\" style=\"color:#010000\">En un apartado del informe se destaca que la desaparici\u00f3n forzada, adem\u00e1s de ser ejercida de forma \u201csistem\u00e1tica\u201d contra la poblaci\u00f3n en Venezuela, supone la \u201cviolaci\u00f3n de m\u00faltiples derechos humanos\u201d.<\/p>\n\n\n\n<p class=\"has-text-align-justify has-text-color has-link-color wp-elements-29 wp-block-paragraph\" style=\"color:#010000\">Derechos a la libertad, a la seguridad, y al reconocimiento de la personalidad jur\u00eddica han sido vulnerados en los casos analizados por la organizaci\u00f3n, que indica que otros se ponen en \u201cgrave riesgo\u201d, como el derecho a la vida y a la integridad personal.<\/p>\n\n\n\n<p class=\"has-text-align-justify has-text-color has-link-color wp-elements-30 wp-block-paragraph\" style=\"color:#010000\">Amnist\u00eda Internacional refiere en este punto que ya antes han advertido sobre las \u201ccondiciones inhumanas y degradantes\u201d en los centros de reclusi\u00f3n en Venezuela, que a su juicio,\u201d agravan a\u00fan m\u00e1s el sufrimiento de las v\u00edctimas de detenciones arbitrarias y desapariciones forzadas\u201d.<\/p>\n\n\n\n<p class=\"has-text-align-justify has-text-color has-link-color wp-elements-31 wp-block-paragraph\" style=\"color:#010000\">La organizaci\u00f3n tambi\u00e9n reitera su preocupaci\u00f3n por el uso de la tortura como medio para obtener confesiones o testimonios forzados. Advierten que incluso en declaraciones de voceros oficiales, sugieren quelos detenidos \u201cconfiesan sus cr\u00edmenes\u201d, lo que refuerza la sospecha de que algunas personas documentadas en este informe \u201cpodr\u00edan haber sido sometidas a tortura\u201d, con el fin de construir relatos incriminatorios o fabricar pruebas contra terceros.<\/p>\n\n\n\n<p class=\"has-text-color has-link-color wp-elements-32 wp-block-paragraph\" style=\"color:#010000\"><strong>Un terror que persiste<\/strong><\/p>\n\n\n\n<p class=\"has-text-align-justify has-text-color has-link-color wp-elements-33 wp-block-paragraph\" style=\"color:#010000\">Luis Carlos D\u00edaz, activista por los derechos humanos, quien tambi\u00e9n fue v\u00edctima de desaparici\u00f3n forzada en 2019, particip\u00f3 en la presentaci\u00f3n del informe y cont\u00f3 parte de su experiencia.<\/p>\n\n\n\n<p class=\"has-text-align-justify has-text-color has-link-color wp-elements-34 wp-block-paragraph\" style=\"color:#010000\"><em>\u201cA m\u00ed me tuvieron en un sitio de tortura clandestino, sin saber d\u00f3nde era, d\u00f3nde estaba, me contaron c\u00f3mo me iban asesinar, que lo iban a grabar y que el video se lo iban a mandar a mi familia.No sabes d\u00f3nde est\u00e1s, d\u00f3nde te tienen. La desaparici\u00f3n no termina cuando apareces,lo revives en el cuerpo cuando se llevan a m\u00e1s personas presas y desaparecidas\u201d, narr\u00f3.<\/em><\/p>\n\n\n\n<p class=\"has-text-align-justify has-text-color has-link-color wp-elements-35 wp-block-paragraph\" style=\"color:#010000\">D\u00edaz inst\u00f3 a fortalecer la defensa de los derechos humanos en Venezuela, porque insisti\u00f3,en el pa\u00eds se vive el momento \u201cm\u00e1s oscuro\u201d.<\/p>\n\n\n\n<p class=\"has-text-align-justify has-text-color has-link-color wp-elements-36 wp-block-paragraph\" style=\"color:#010000\">\u201cSon ataques que quiebran a tu c\u00edrculo de amigos y a la sociedad, para que todo el mundo se calle. Las denuncias pueden servir para indignarnos y movilizarnos. Hay que insistir en procesos de justicia. El proceso m\u00e1s importante es el de la CPI, la investigaci\u00f3n avanza y vamos a ver otros pasos en eso proceso\u201d, opin\u00f3.<\/p>\n\n\n\n<p class=\"has-text-align-justify has-text-color has-link-color wp-elements-37 wp-block-paragraph\" style=\"color:#010000\">Sin embargo, consider\u00f3 quela CPI no podr\u00e1 actuar contra todos los cr\u00edmenes cometidos en Venezuela, por lo que cada informe y denuncia cuenta. Inform\u00f3 que al menos pa\u00edses distintos que tienen juicios abiertos por corrupci\u00f3n contra figuras de la estructura de poder en Venezuela.<\/p>\n\n\n\n<p class=\"has-text-align-justify has-text-color has-link-color wp-elements-38 wp-block-paragraph\" style=\"color:#010000\">\u201cLos hallazgos muestran quefalta mucho por hacer contra los cr\u00edmenes y para dejar evidencia de todas las cosas que llegar\u00e1n a los tribunales.Con estos informes se construye memoria, justicia y reparaci\u00f3n. Hay que hacer que se detenga la tortura y los rehenes (\u2026) La gente desaparecida debe saber que los estamos buscando, los presos pol\u00edticos deben pensar que los queremos libres\u201d, insisti\u00f3.<\/p>\n\n\n\n<p class=\"has-text-color has-link-color wp-elements-39 wp-block-paragraph\" style=\"color:#010000\"><strong>Las recomendaciones de AI<\/strong><\/p>\n\n\n\n<p class=\"has-text-align-justify has-text-color has-link-color wp-elements-40 wp-block-paragraph\" style=\"color:#010000\">En los exhortos finales del informe de Amnist\u00eda Internacional destaca la exigencia por la liberaci\u00f3n \u201cinmediata\u201d de todas las personas detenidas arbitrariamente.<\/p>\n\n\n\n<p class=\"has-text-align-justify has-text-color has-link-color wp-elements-41 wp-block-paragraph\" style=\"color:#010000\">Tambi\u00e9n, se insta ainvestigar y sancionar a los responsables de desapariciones forzadas y a que haya garant\u00edas de no repetici\u00f3n, incluido el cese de campa\u00f1as de estigmatizaci\u00f3n y criminalizaci\u00f3n contra defensores, periodistas y opositores.<\/p>\n\n\n\n<p class=\"has-text-align-justify has-text-color has-link-color wp-elements-42 wp-block-paragraph\" style=\"color:#010000\">Se pide tambi\u00e9n la colaboraci\u00f3n del Estado venezolano con mecanismos internacionales como la Corte Penal Internacional y la CIDH.<\/p>\n\n\n\n<p class=\"has-text-align-justify has-text-color has-link-color wp-elements-43 wp-block-paragraph\" style=\"color:#010000\">El informe exige que la Corte Penal Internacional avance en su investigaci\u00f3n sobre Venezuela y que la Misi\u00f3n de Determinaci\u00f3n de Hechos de la ONUcontin\u00fae documentando violaciones en el pa\u00eds. Tambi\u00e9n, solicita que los Estados ejerzan la jurisdicci\u00f3n universal y aumenten el apoyo a las organizaciones de derechos humanos en el pa\u00eds.<\/p>\n\n\n\n<p class=\"wp-block-paragraph\"><\/p>\n","protected":false},"excerpt":{"rendered":"<p>La desaparici\u00f3n forzada de personas -incluidas las de corta duraci\u00f3n- habr\u00eda sido cometida de forma sistem\u00e1tica desde el 28 de julio de 2024 en Venezuela. Denuncian un \u00abalto nivel de organizaci\u00f3n, coordinaci\u00f3n institucional y recursos estatales\u00bb puestos al servicio de esta pr\u00e1ctica.<\/p>\n","protected":false},"author":102520410,"featured_media":48403,"comment_status":"closed","ping_status":"","sticky":false,"template":"","format":"standard","meta":{"_coblocks_attr":"","_coblocks_dimensions":"","_coblocks_responsive_height":"","_coblocks_accordion_ie_support":"","advanced_seo_description":"","jetpack_seo_html_title":"","jetpack_seo_noindex":false,"jetpack_seo_schema_type":"","_jetpack_newsletter_access":"","_jetpack_dont_email_post_to_subs":false,"_jetpack_newsletter_tier_id":0,"_jetpack_memberships_contains_paywalled_content":false,"_wpcom_ai_launchpad_first_post":false,"_jetpack_feature_clip_id":0,"_jetpack_memberships_contains_paid_content":false,"footnotes":"","jetpack_post_was_ever_published":false},"categories":[703605966,17923],"tags":[17212,703608533,703605872,703604848,703604843,703610077],"class_list":["post-48402","post","type-post","status-publish","format-standard","has-post-thumbnail","hentry","category-derechos-humanos","category-venezuela","tag-america-latina","tag-cpi","tag-derechos-humanos","tag-desaparecidos","tag-maduro","tag-sebin","fallback-thumbnail"],"jetpack_likes_enabled":false,"jetpack_sharing_enabled":true,"jetpack_shortlink":"https:\/\/wp.me\/p7lt2C-cAG","amp_enabled":true,"jetpack_featured_media_url":"https:\/\/i0.wp.com\/correspondenciadeprensa.com\/wp-content\/uploads\/2025\/07\/Venezuela16072025.jpg?fit=1545%2C739&ssl=1","_links":{"self":[{"href":"https:\/\/correspondenciadeprensa.com\/index.php?rest_route=\/wp\/v2\/posts\/48402","targetHints":{"allow":["GET"]}}],"collection":[{"href":"https:\/\/correspondenciadeprensa.com\/index.php?rest_route=\/wp\/v2\/posts"}],"about":[{"href":"https:\/\/correspondenciadeprensa.com\/index.php?rest_route=\/wp\/v2\/types\/post"}],"author":[{"embeddable":true,"href":"https:\/\/correspondenciadeprensa.com\/index.php?rest_route=\/wp\/v2\/users\/102520410"}],"replies":[{"embeddable":true,"href":"https:\/\/correspondenciadeprensa.com\/index.php?rest_route=%2Fwp%2Fv2%2Fcomments&post=48402"}],"version-history":[{"count":9,"href":"https:\/\/correspondenciadeprensa.com\/index.php?rest_route=\/wp\/v2\/posts\/48402\/revisions"}],"predecessor-version":[{"id":48412,"href":"https:\/\/correspondenciadeprensa.com\/index.php?rest_route=\/wp\/v2\/posts\/48402\/revisions\/48412"}],"wp:featuredmedia":[{"embeddable":true,"href":"https:\/\/correspondenciadeprensa.com\/index.php?rest_route=\/wp\/v2\/media\/48403"}],"wp:attachment":[{"href":"https:\/\/correspondenciadeprensa.com\/index.php?rest_route=%2Fwp%2Fv2%2Fmedia&parent=48402"}],"wp:term":[{"taxonomy":"category","embeddable":true,"href":"https:\/\/correspondenciadeprensa.com\/index.php?rest_route=%2Fwp%2Fv2%2Fcategories&post=48402"},{"taxonomy":"post_tag","embeddable":true,"href":"https:\/\/correspondenciadeprensa.com\/index.php?rest_route=%2Fwp%2Fv2%2Ftags&post=48402"}],"curies":[{"name":"wp","href":"https:\/\/api.w.org\/{rel}","templated":true}]}}