{"id":47138,"date":"2025-04-28T15:55:59","date_gmt":"2025-04-28T13:55:59","guid":{"rendered":"https:\/\/correspondenciadeprensa.com\/?p=47138"},"modified":"2025-04-28T15:55:59","modified_gmt":"2025-04-28T13:55:59","slug":"ecuador-segunda-vuelta-y-despues-unas-elecciones-poco-comunes-1a-parte-mario-unda-y-maritza-idrobo","status":"publish","type":"post","link":"https:\/\/correspondenciadeprensa.com\/?p=47138","title":{"rendered":"Ecuador \u2013 Segunda vuelta y despu\u00e9s. Unas elecciones poco comunes. (1\u00aa parte). [Mario Unda y Maritza Idrobo]"},"content":{"rendered":"\n<p class=\"has-text-align-right wp-block-paragraph\"><sub>Luisa Gonz\u00e1lez y Daniel Noboa. \u00a9 Galo Paguay, Marcos Pin \/ AFP\/File<\/sub><\/p>\n\n\n\n<p class=\"has-text-color has-link-color wp-elements-1 wp-block-paragraph\" style=\"color:#010000\"><strong>Mario Unda y Maritza Idrobo desde Quito<\/strong><\/p>\n\n\n\n<p class=\"has-text-color has-link-color wp-elements-2 wp-block-paragraph\" style=\"color:#010000\"><strong><em><a href=\"https:\/\/correspondenciadeprensa.com\/\">Correspondencia de Prensa<\/a><\/em>, 28-4-2025<\/strong><\/p>\n\n\n\n<p class=\"has-text-color has-link-color wp-elements-3 wp-block-paragraph\" style=\"color:#010000\">El 13 de abril, Daniel Noboa (ADN, Acci\u00f3n Democr\u00e1tica Nacional) fue reelegido como presidente de la rep\u00fablica tras vencer holgadamente en la segunda vuelta a Luisa Gonz\u00e1lez, candidata de la Revoluci\u00f3n Ciudadana (RC). Seg\u00fan datos del CNE, Noboa obtuvo 55,63% (5.870.618 votos), mientras que Gonz\u00e1lez lleg\u00f3 a 44,37% (4.683.260 votos). Quiz\u00e1s lo que mayor asombro caus\u00f3 no haya sido el triunfo de Noboa, que se ve\u00eda como previsible, sino la diferencia registrada entre las dos candidaturas.<\/p>\n\n\n\n<p class=\"has-text-color has-link-color wp-elements-4 wp-block-paragraph\" style=\"color:#010000\">Apenas conocidos los primeros datos, Luisa Gonz\u00e1lez y Rafael Correa denunciaron un \u201cmega fraude\u201d. <sup class='footnote'><a href='https:\/\/correspondenciadeprensa.com\/?p=47138#fn-47138-1' id='fnref-47138-1' onclick='return fdfootnote_show(47138)'>1<\/a><\/sup> En respuesta, el gobierno de Noboa denunci\u00f3, citando informes del Comando Conjunto de las Fuerzas Armadas, un plan internacional que tendr\u00eda tres componentes: trasladar sicarios desde M\u00e9xico con el fin de atentar contra la vida del presidente, sus ministros y altos funcionarios; lanzar atentados terroristas contra puentes, bancos e instituciones p\u00fablicas; y \u201ccalentar las calles &#8230; a trav\u00e9s de manifestaciones que se tornen violentas\u201d. En consecuencia, el 19 de abril decret\u00f3 una \u201calerta m\u00e1xima\u201d y advirti\u00f3 que responder\u00e1 \u201ccon toda la fuerza\u201d. <sup class='footnote'><a href='https:\/\/correspondenciadeprensa.com\/?p=47138#fn-47138-2' id='fnref-47138-2' onclick='return fdfootnote_show(47138)'>2<\/a><\/sup><\/p>\n\n\n\n<p class=\"has-text-color has-link-color wp-elements-5 wp-block-paragraph\" style=\"color:#010000\"><strong>Unas elecciones poco comunes<\/strong><\/p>\n\n\n\n<p class=\"has-text-color has-link-color wp-elements-6 wp-block-paragraph\" style=\"color:#010000\">Unas elecciones poco comunes por el ambiente enrarecido en que se realizaron. Citemos algunos hechos.<\/p>\n\n\n\n<p class=\"has-text-color has-link-color wp-elements-7 wp-block-paragraph\" style=\"color:#010000\"><strong><em>Elecciones bajo estado de excepci\u00f3n<\/em><\/strong><em>. <\/em>El 12 de abril, menos de 24 horas antes de iniciarse el proceso electoral, Daniel Noboa decret\u00f3 un nuevo estado de excepci\u00f3n, que afect\u00f3 a 7 provincias (Guayas, Los R\u00edos, Manab\u00ed, Orellana, Santa Elena, El Oro y Sucumb\u00edos), <sup class='footnote'><a href='https:\/\/correspondenciadeprensa.com\/?p=47138#fn-47138-3' id='fnref-47138-3' onclick='return fdfootnote_show(47138)'>3<\/a><\/sup> al distrito metropolitano de Quito, al cant\u00f3n Camilo Ponce (provincia del Azuay) y a las c\u00e1rceles. Vale recordar que la primera vuelta electoral (febrero de 2025) se realiz\u00f3 tambi\u00e9n bajo estado de excepci\u00f3n. Y, de hecho, el pa\u00eds ha pasado total o parcialmente en estado excepci\u00f3n desde enero de 2024, cuando Noboa anunci\u00f3 su \u201cconflicto armado interno\u201d contra el terrorismo y el narcotr\u00e1fico.<\/p>\n\n\n\n<p class=\"has-text-color has-link-color wp-elements-8 wp-block-paragraph\" style=\"color:#010000\">Un estado de excepci\u00f3n, por definici\u00f3n, es la suspensi\u00f3n temporal de la democracia, de los derechos y garant\u00edas: hay que limitar y restringir la democracia para resguardarla, vienen a decirnos. En esta ocasi\u00f3n, se suspendieron los derechos a la inviolabilidad del domicilio y de la correspondencia, y se dispuso la movilizaci\u00f3n de la polic\u00eda y de las fuerzas armadas. Como esta suspensi\u00f3n de derechos se da en nombre de acabar con la violencia y la inseguridad, la poblaci\u00f3n ha tendido a apoyarla, gener\u00e1ndose, al mismo tiempo un ambiente y una mentalidad social que acepta de buen grado la restricci\u00f3n de derechos y garant\u00edas, as\u00ed como la imposici\u00f3n de un r\u00e9gimen \u201cfuerte\u201d de \u201cmano dura\u201d. Probablemente, lo m\u00e1s relevante de estos episodios recurrentes sea el efecto pedag\u00f3gico que tales medidas generan en la conciencia y en las costumbres sociales: habituarnos a la \u201cnormalidad\u201d de democracias restringidas. Para no dejarlo en el olvido, declaratorias de emergencia y de excepci\u00f3n se han sucedido religiosamente desde la pandemia de COVID 19.<\/p>\n\n\n\n<p class=\"has-text-color has-link-color wp-elements-9 wp-block-paragraph\" style=\"color:#010000\"><strong><em>Una violencia imparable.<\/em><\/strong><strong> <\/strong>Buena parte de la imagen favorable de Noboa est\u00e1 asociado a su discurso \u201cduro\u201d para enfrentar la violencia del narcotr\u00e1fico a trav\u00e9s de una \u201cguerra interna\u201d. Mucha gente no solo que demanda y aplaude la presencia de militares y polic\u00edas en las calles, sino que tiende a silenciar e incluso a justificar las violaciones de derechos humanos producidas en el camino: ese fue lo que aconteci\u00f3 alrededor del asesinato de cuatro menores de edad en Guayaquil (tres adolescentes y un ni\u00f1o afrodescendientes) despu\u00e9s de haber sido aprehendidos por una patrulla de la marina, conducidos a la base de Taura y -dicen los militares- abandonados en horas de la madrugada a las afueras de la base; aparecieron m\u00e1s tarde asesinados y sus cad\u00e1veres incinerados. <sup class='footnote'><a href='https:\/\/correspondenciadeprensa.com\/?p=47138#fn-47138-4' id='fnref-47138-4' onclick='return fdfootnote_show(47138)'>4<\/a><\/sup><\/p>\n\n\n\n<p class=\"has-text-color has-link-color wp-elements-10 wp-block-paragraph\" style=\"color:#010000\">Pero la violencia no ha podido ser controlada por la militarizaci\u00f3n, ni por el \u201cPlan F\u00e9nix\u201d, un plan que sigue siendo un misterio para la ciudadan\u00eda, ni por los recientes \u201cacuerdos de seguridad\u201d con Eric Prince, fundador del grupo mercenario Blackwater, conocido por su participaci\u00f3n en la guerra de Irak, donde fue denunciado por una matanza de civiles en 2007. <sup class='footnote'><a href='https:\/\/correspondenciadeprensa.com\/?p=47138#fn-47138-5' id='fnref-47138-5' onclick='return fdfootnote_show(47138)'>5<\/a><\/sup><\/p>\n\n\n\n<p class=\"has-text-color has-link-color wp-elements-11 wp-block-paragraph\" style=\"color:#010000\">Por el contrario, los tres primeros meses de 2025 ha sido el primer trimestre m\u00e1s violento desde que se llevan registros, seg\u00fan datos hechos p\u00fablicos por el ministerio del Interior. Entre enero y marzo de este a\u00f1o se cometieron 2361 muertes violentas, un 65% m\u00e1s que el primer trimestre de 2024 y 39% m\u00e1s que los tres primeros meses de 2023. <sup class='footnote'><a href='https:\/\/correspondenciadeprensa.com\/?p=47138#fn-47138-6' id='fnref-47138-6' onclick='return fdfootnote_show(47138)'>6<\/a><\/sup><\/p>\n\n\n\n<p class=\"has-text-color has-link-color wp-elements-12 wp-block-paragraph\" style=\"color:#010000\"><strong><em>La econom\u00eda en veremos.<\/em><\/strong><strong> <\/strong>La econom\u00eda ecuatoriana no parece levantar cabeza luego de la fuerte ca\u00edda experimentada en la \u00e9poca de la pandemia: en 2020 la variaci\u00f3n del PIB registr\u00f3 -9,2%; el rebote del a\u00f1o siguiente se ubic\u00f3 en 9,4%, para bajar a 5,9% en 2022 y a 2,0% en 2023. En 2024 cay\u00f3 a -2,0%. <sup class='footnote'><a href='https:\/\/correspondenciadeprensa.com\/?p=47138#fn-47138-7' id='fnref-47138-7' onclick='return fdfootnote_show(47138)'>7<\/a><\/sup> As\u00ed que ca\u00eddas de esta magnitud solo se hab\u00edan vivido con el terremoto que en 2016 asol\u00f3 Manta y otras zonas de la provincia de Manab\u00ed y de la Costa ecuatoriana; y -como acabamos de ver- en 2020 con la pandemia.<\/p>\n\n\n\n<p class=\"has-text-color has-link-color wp-elements-13 wp-block-paragraph\" style=\"color:#010000\">En 2024 solo 5 de las 20 ramas de la econom\u00eda mostraron una evoluci\u00f3n positiva, destacando agricultura, ganader\u00eda y silvicultura con 3,1%. Las otras cuatro (actividades inmobiliarias, actividades financieras y de seguros, manufacturas de alimentos, y salud y servicios sociales) crecieron apenas entre 1,3% y 0,2%.<\/p>\n\n\n\n<p class=\"has-text-color has-link-color wp-elements-14 wp-block-paragraph\" style=\"color:#010000\">En cambio, al revisar las de peor desempe\u00f1o puede hacerse una idea de la profundidad de la crisis: construcci\u00f3n (-7,8%), actividades profesionales t\u00e9cnicas (-6,8%), manufacturas no alimenticias (-5,7%), informaci\u00f3n y comunicaci\u00f3n (-5,1%), refinados de petr\u00f3leo (-4,3%), electricidad y agua (-4,3%), arte y entretenimiento (-3,9%), minas y canteras (-3,2%), transporte y almacenamiento (-2,5%) y administraci\u00f3n p\u00fablica (-2,5%).<\/p>\n\n\n\n<p class=\"has-text-color has-link-color wp-elements-15 wp-block-paragraph\" style=\"color:#010000\">En cuanto al gasto (de acuerdo a la oferta y utilizaci\u00f3n de bienes y servicios) las importaciones y las exportaciones tuvieron un crecimiento modesto, de 1,8% y 1,7% respectivamente. Pero el resto fue negativo: el consumo final del gobierno, -1,2%, en ca\u00edda libre desde el primer trimestre de 2023; el consumo final de los hogares, -1,3%, a la baja desde el segundo trimestre de 2023; y la formaci\u00f3n bruta de capital, -3,8%, que viene cayendo desde el segundo trimestre de 2021. De esta manera, es claro que este decrecimiento de 2024 fue ocasionado enteramente por factores internos, dejando al desnudo tres factores encadenados: la debilidad estructural de la econom\u00eda ecuatoriana; la escasa capacidad de preparaci\u00f3n, planificaci\u00f3n y reacci\u00f3n por parte del Estado y de sus pol\u00edticas; y el flojo dinamismo del capital privado, a quien se suele presentar como el principal motor de la econom\u00eda.<\/p>\n\n\n\n<p class=\"has-text-color has-link-color wp-elements-16 wp-block-paragraph\" style=\"color:#010000\">A pesar de esto, el Banco Central estima que en el 2025 la econom\u00eda ecuatoriana crecer\u00e1 un 2,8%, esperando un crecimiento del consumo de los hogares y de la inversi\u00f3n p\u00fablica y privada. Sin embargo, un crecimiento como el indicado apenas recuperar\u00eda la ca\u00edda del 2024, cuya contracci\u00f3n borr\u00f3 el inicial crecimiento que se hab\u00eda observado en 2023. De modo que, probablemente, tal incremento no indique una recuperaci\u00f3n real. <sup class='footnote'><a href='https:\/\/correspondenciadeprensa.com\/?p=47138#fn-47138-8' id='fnref-47138-8' onclick='return fdfootnote_show(47138)'>8<\/a><\/sup><\/p>\n\n\n\n<p class=\"has-text-color has-link-color wp-elements-17 wp-block-paragraph\" style=\"color:#010000\"><strong><em>La peor crisis energ\u00e9tica en la historia.<\/em><\/strong><strong> <\/strong>Desde fines de 2023, el estiaje hac\u00eda prever una crisis energ\u00e9tica que el gobierno neg\u00f3 tozuda y tajantemente durante algunos meses. Al principio, no se pronunci\u00f3 sobre una serie de cortes sorpresivos, que luego pretendi\u00f3 encubrir bajo la forma de \u201ccortes programados\u201d por razones t\u00e9cnicas. El silencio denotaba la esperanza en que el clima cambie, vuelvan las lluvias y se solucione el problema.<\/p>\n\n\n\n<p class=\"has-text-color has-link-color wp-elements-18 wp-block-paragraph\" style=\"color:#010000\">As\u00ed que, antes de admitir la gravedad de la crisis, en marzo el gobierno acus\u00f3 a la oposici\u00f3n de organizar sabotajes, afirmando que las represas hab\u00edan sido vaciadas a prop\u00f3sito. Poco despu\u00e9s, a mediados de abril de 2024, Noboa despidi\u00f3 a su ministra de Energ\u00eda y la acus\u00f3, junto a altos funcionarios de ese portafolio, de ser la causante de la crisis por \u201cocultar informaci\u00f3n\u201d. Al mismo tiempo, present\u00f3 una denuncia en Fiscal\u00eda \u00abpor paralizaci\u00f3n del servicio p\u00fablico contra 22 saboteadores (incluida la ministra) que buscaron hacer da\u00f1o a todos los ecuatorianos, afectando su desarrollo y productividad\u00bb. <sup class='footnote'><a href='https:\/\/correspondenciadeprensa.com\/?p=47138#fn-47138-9' id='fnref-47138-9' onclick='return fdfootnote_show(47138)'>9<\/a><\/sup><\/p>\n\n\n\n<p class=\"has-text-color has-link-color wp-elements-19 wp-block-paragraph\" style=\"color:#010000\">Para enfrentar la situaci\u00f3n, el gobierno anunci\u00f3 en julio la contrataci\u00f3n de una barcaza y varios motores en tierra para generar 340 megavatios adicionales. El contrato se firm\u00f3 en agosto, pero la barcaza no comenz\u00f3 a operar hasta septiembre, y la instalaci\u00f3n de los motores en tierra a\u00fan no se hab\u00eda concretado a fines de a\u00f1o.<\/p>\n\n\n\n<p class=\"has-text-color has-link-color wp-elements-20 wp-block-paragraph\" style=\"color:#010000\">La situaci\u00f3n se alivi\u00f3 en los meses siguientes, pero en septiembre, las lluvias no llegaron y la crisis retorn\u00f3 con m\u00e1s fuerza. Hasta el 20 de diciembre de 2024 el Ecuador vivi\u00f3 una nueva tanda de cortes de luz, transformados en apagones masivos que cubrieron todo el territorio del pa\u00eds y que llegaron a durar hasta 14 horas diarias. En noviembre, el gobierno contrat\u00f3 m\u00e1s barcazas y motores en tierra. Adem\u00e1s, anunci\u00f3 una compensaci\u00f3n a los hogares, dejando de cobrarles los primeros 180 kw. de consumo; compensaci\u00f3n v\u00e1lida durante cuatro meses, de noviembre de 2024 a febrero de 2025. <sup class='footnote'><a href='https:\/\/correspondenciadeprensa.com\/?p=47138#fn-47138-10' id='fnref-47138-10' onclick='return fdfootnote_show(47138)'>10<\/a><\/sup><\/p>\n\n\n\n<p class=\"has-text-color has-link-color wp-elements-21 wp-block-paragraph\" style=\"color:#010000\">Entre estas y las otras, estimaciones de la publicaci\u00f3n citada del Banco Central indican que esta crisis energ\u00e9tica habr\u00eda provocado p\u00e9rdidas que se calculan en 1.916 millones de d\u00f3lares. Los sectores m\u00e1s golpeados habr\u00edan sido el comercio, la industria y los servicios.<\/p>\n\n\n\n<p class=\"has-text-color has-link-color wp-elements-22 wp-block-paragraph\" style=\"color:#010000\">Apenas un mes y medio despu\u00e9s de los \u00faltimos apagones se celebr\u00f3 la primera vuelta electoral. Pero la escasa agilidad para enfrentar crisis no le afect\u00f3 en nada al presidente candidato: se arrop\u00f3 en acusaciones a los gobiernos anteriores y en el subsidio a los hogares. Por el contrario, la crisis permiti\u00f3 que el gobierno, la derecha y los medios de comunicaci\u00f3n asociados a ella iniciaran una feroz y sostenida campa\u00f1a en pro de la privatizaci\u00f3n de la generaci\u00f3n de energ\u00eda el\u00e9ctrica. Si en la primera vuelta Noboa no result\u00f3 golpeado por la larga y costosa crisis energ\u00e9tica, mucho menos en la segunda vuelta.<\/p>\n\n\n\n<p class=\"has-text-color has-link-color wp-elements-23 wp-block-paragraph\" style=\"color:#010000\"><strong>Colof\u00f3n<\/strong><\/p>\n\n\n\n<p class=\"has-text-color has-link-color wp-elements-24 wp-block-paragraph\" style=\"color:#010000\">Y as\u00ed, a pesar de todo, el gobierno que no pudo frenar la violencia ni solucionar la crisis energ\u00e9tica ni iniciar la recuperaci\u00f3n de la econom\u00eda fue reelegido con holgura en la segunda vuelta del 13 de abril.<\/p>\n\n\n\n<p class=\"has-text-color has-link-color wp-elements-25 wp-block-paragraph\" style=\"color:#010000\"><strong>-Pr\u00f3xima entrega:<\/strong> <em><strong>Ecuador, segunda vuelta y despu\u00e9s (2a. parte): Unas elecciones muy poco equitativas<\/strong><\/em>.<\/p>\n\n\n\n<p class=\"has-text-color has-link-color wp-elements-26 wp-block-paragraph\" style=\"color:#010000\"><strong>Notas<\/strong><\/p>\n\n\n","protected":false},"excerpt":{"rendered":"<p>Apenas conocidos los primeros datos, Luisa Gonz\u00e1lez y Rafael Correa denunciaron un \u201cmega fraude\u201d. En respuesta, el gobierno de Noboa denunci\u00f3, citando informes del Comando Conjunto de las Fuerzas Armadas, un plan internacional que inclu\u00eda magnicidio y atentados terroristas, entre otras acusaciones. <\/p>\n","protected":false},"author":102520410,"featured_media":47145,"comment_status":"closed","ping_status":"closed","sticky":false,"template":"","format":"standard","meta":{"_coblocks_attr":"","_coblocks_dimensions":"","_coblocks_responsive_height":"","_coblocks_accordion_ie_support":"","advanced_seo_description":"","jetpack_seo_html_title":"","jetpack_seo_noindex":false,"jetpack_seo_schema_type":"","_jetpack_newsletter_access":"","_jetpack_dont_email_post_to_subs":false,"_jetpack_newsletter_tier_id":0,"_jetpack_memberships_contains_paywalled_content":false,"_wpcom_ai_launchpad_first_post":false,"_jetpack_feature_clip_id":0,"_jetpack_memberships_contains_paid_content":false,"footnotes":"","jetpack_post_was_ever_published":false},"categories":[5207,288368],"tags":[17212,703610007,703610006,703605431],"class_list":["post-47138","post","type-post","status-publish","format-standard","has-post-thumbnail","hentry","category-ecuador","category-izquierda","tag-america-latina","tag-luisa-gonzalez","tag-noboa","tag-rafael-correa","fallback-thumbnail"],"jetpack_likes_enabled":false,"jetpack_sharing_enabled":true,"jetpack_shortlink":"https:\/\/wp.me\/p7lt2C-cgi","amp_enabled":true,"jetpack_featured_media_url":"https:\/\/i0.wp.com\/correspondenciadeprensa.com\/wp-content\/uploads\/2025\/04\/Ecuador28042025.jpg?fit=1278%2C572&ssl=1","_links":{"self":[{"href":"https:\/\/correspondenciadeprensa.com\/index.php?rest_route=\/wp\/v2\/posts\/47138","targetHints":{"allow":["GET"]}}],"collection":[{"href":"https:\/\/correspondenciadeprensa.com\/index.php?rest_route=\/wp\/v2\/posts"}],"about":[{"href":"https:\/\/correspondenciadeprensa.com\/index.php?rest_route=\/wp\/v2\/types\/post"}],"author":[{"embeddable":true,"href":"https:\/\/correspondenciadeprensa.com\/index.php?rest_route=\/wp\/v2\/users\/102520410"}],"replies":[{"embeddable":true,"href":"https:\/\/correspondenciadeprensa.com\/index.php?rest_route=%2Fwp%2Fv2%2Fcomments&post=47138"}],"version-history":[{"count":8,"href":"https:\/\/correspondenciadeprensa.com\/index.php?rest_route=\/wp\/v2\/posts\/47138\/revisions"}],"predecessor-version":[{"id":47147,"href":"https:\/\/correspondenciadeprensa.com\/index.php?rest_route=\/wp\/v2\/posts\/47138\/revisions\/47147"}],"wp:featuredmedia":[{"embeddable":true,"href":"https:\/\/correspondenciadeprensa.com\/index.php?rest_route=\/wp\/v2\/media\/47145"}],"wp:attachment":[{"href":"https:\/\/correspondenciadeprensa.com\/index.php?rest_route=%2Fwp%2Fv2%2Fmedia&parent=47138"}],"wp:term":[{"taxonomy":"category","embeddable":true,"href":"https:\/\/correspondenciadeprensa.com\/index.php?rest_route=%2Fwp%2Fv2%2Fcategories&post=47138"},{"taxonomy":"post_tag","embeddable":true,"href":"https:\/\/correspondenciadeprensa.com\/index.php?rest_route=%2Fwp%2Fv2%2Ftags&post=47138"}],"curies":[{"name":"wp","href":"https:\/\/api.w.org\/{rel}","templated":true}]}}