{"id":46383,"date":"2025-03-04T19:28:00","date_gmt":"2025-03-04T18:28:00","guid":{"rendered":"https:\/\/correspondenciadeprensa.com\/?p=46383"},"modified":"2025-03-04T19:28:00","modified_gmt":"2025-03-04T18:28:00","slug":"mexico-paro-nacional-del-magisterio-por-72-horas-en-protesta-por-ley-del-issste-amexi","status":"publish","type":"post","link":"https:\/\/correspondenciadeprensa.com\/?p=46383","title":{"rendered":"M\u00e9xico &#8211; Paro nacional del magisterio por 72 horas en protesta por Ley del ISSSTE. [Amexi]"},"content":{"rendered":"\n<p class=\"has-text-align-right wp-block-paragraph\"><sub>Foto: AMEXI\/Florentino L\u00f3pez, Archivo mitin en C. de Diputados<\/sub><\/p>\n\n\n\n<p class=\"has-text-color has-link-color wp-elements-1 wp-block-paragraph\" style=\"color:#010000\"><strong>Florentino L\u00f3pez Mart\u00ednez<\/strong><\/p>\n\n\n\n<p class=\"has-text-color has-link-color wp-elements-2 wp-block-paragraph\" style=\"color:#010000\"><strong><em><a href=\"https:\/\/amexi.com.mx\/nacional\/paro-nacional-de-la-cnte-por-72-horas-en-protesta-por-ley-del-issste\/\">Amexi<\/a><\/em><\/strong><strong>, 3-3-2025<\/strong><\/p>\n\n\n\n<p class=\"has-text-color has-link-color wp-elements-3 wp-block-paragraph\" style=\"color:#010000\"><strong><em><a href=\"https:\/\/correspondenciadeprensa.com\/\">Correspondencia de Prensa<\/a><\/em><\/strong><strong>, 4-3-2025<\/strong><\/p>\n\n\n\n<p class=\"has-text-color has-link-color wp-elements-4 wp-block-paragraph\" style=\"color:#010000\"><strong>Paro nacional de la CNTE por 72 horas en protesta por Ley del ISSSTE<\/strong><\/p>\n\n\n\n<p class=\"has-text-align-justify has-text-color has-link-color wp-elements-5 wp-block-paragraph\" style=\"color:#010000\"><strong>La Asamblea Nacional Representativa de la CNTE convoca a derechohabientes del ISSSTE a una lucha unitaria<\/strong><\/p>\n\n\n\n<p class=\"has-text-align-justify has-text-color has-link-color wp-elements-6 wp-block-paragraph\" style=\"color:#010000\">La Coordinadora Nacional de Trabajadores de la Educaci\u00f3n (CNTE) anunci\u00f3 un paro nacional magisterial de 72 horas, los d\u00edas 19, 20 y 21 de marzo, con la finalidad de exigir la abrogaci\u00f3n de la Ley del ISSSTE <sup class='footnote'><a href='https:\/\/correspondenciadeprensa.com\/?p=46383#fn-46383-1' id='fnref-46383-1' onclick='return fdfootnote_show(46383)'>1<\/a><\/sup> del 2007 y la iniciativa de reforma de la presidenta <em><a href=\"https:\/\/amexi.com.mx\/nacional\/reforma-a-la-ley-del-issste-no-afectara-a-maestros-sheinbaum\/\">Sheinbaum.<\/a><\/em> <sup class='footnote'><a href='https:\/\/correspondenciadeprensa.com\/?p=46383#fn-46383-2' id='fnref-46383-2' onclick='return fdfootnote_show(46383)'>2<\/a><\/sup><\/p>\n\n\n\n<p class=\"has-text-align-justify has-text-color has-link-color wp-elements-7 wp-block-paragraph\" style=\"color:#010000\">Durante este paro nacional magisterial, se realizar\u00e1n movilizaciones masivas en la Ciudad de M\u00e9xico, con el fin de lograr la reinstalaci\u00f3n de la mesa de di\u00e1logo con la presidenta Claudia Sheinbaum y la Comisi\u00f3n Nacional \u00danica de Negociaci\u00f3n (CNUN) de la CNTE.<\/p>\n\n\n\n<p class=\"has-text-align-justify has-text-color has-link-color wp-elements-8 wp-block-paragraph\" style=\"color:#010000\">Adem\u00e1s de exigir la abrogaci\u00f3n de la ley del ISSSTE vigente y el retiro de la iniciativa de reforma que la presidenta present\u00f3 ante la C\u00e1mara de Diputados el pasado 7 de febrero, la CNTE busca:<\/p>\n\n\n\n<p class=\"has-text-align-justify has-text-color has-link-color wp-elements-9 wp-block-paragraph\" style=\"color:#010000\">-Recuperar el r\u00e9gimen solidario e intergeneracional de jubilaciones<\/p>\n\n\n\n<p class=\"has-text-align-justify has-text-color has-link-color wp-elements-10 wp-block-paragraph\" style=\"color:#010000\">-Eliminaci\u00f3n de la Unidad de Medida de Actualizaci\u00f3n (UMA) en el pago de las pensiones<\/p>\n\n\n\n<p class=\"has-text-align-justify has-text-color has-link-color wp-elements-11 wp-block-paragraph\" style=\"color:#010000\">-Jubilaci\u00f3n a los 28 a\u00f1os de trabajo para las mujeres y 30 para los hombres<\/p>\n\n\n\n<p class=\"has-text-color has-link-color wp-elements-12 wp-block-paragraph\" style=\"color:#010000\"><strong>CNTE convoca a derechohabientes del ISSSTE a gran encuentro el 13 de marzo.<\/strong><\/p>\n\n\n\n<p class=\"has-text-align-justify has-text-color has-link-color wp-elements-13 wp-block-paragraph\" style=\"color:#010000\">La<a href=\"https:\/\/amexi.com.mx\/nacional\/cnte-que-sheinbaum-retire-la-iniciativa-de-reforma-a-la-ley-del-issste-pide-cnte\/\"> <em>Asamblea Nacional Representativa<\/em><\/a> (ANR), m\u00e1ximo \u00f3rgano de toma decisiones de la CNTE, que se reuni\u00f3 este domingo 2 de marzo, en la Secci\u00f3n 9 democr\u00e1tica, acord\u00f3 impulsar una lucha unitaria y nacional para lograr la abrogaci\u00f3n de la ley del ISSSTE de 2007 y recuperar derechos anteriormente ganados.<\/p>\n\n\n\n<p class=\"has-text-align-justify has-text-color has-link-color wp-elements-14 wp-block-paragraph\" style=\"color:#010000\">Para ello, la ANR determin\u00f3 convocar un gran encuentro de los trabajadores que cotizan en el<em><a href=\"https:\/\/www.gob.mx\/issste\" target=\"_blank\" rel=\"noreferrer noopener\"> ISSSTE<\/a><\/em>, para el d\u00eda 13 de marzo, con la finalidad de fortalecer la movilizaci\u00f3n, en defensa de la Seguridad Social.<\/p>\n\n\n\n<p class=\"has-text-align-justify has-text-color has-link-color wp-elements-15 wp-block-paragraph\" style=\"color:#010000\">En este encuentro acordar\u00e1n un plan de acci\u00f3n unitaria, en la que participar\u00e1n distintos sindicatos, del sector educativo, sectores de bur\u00f3cratas y trabajadores al servicio del Estado, que a\u00fan no est\u00e1n sindicalizados.<\/p>\n\n\n\n<p class=\"has-text-color has-link-color wp-elements-16 wp-block-paragraph\" style=\"color:#010000\"><strong>Contin\u00faan paros en distintos estados de movilizaciones magisteriales<\/strong><\/p>\n\n\n\n<p class=\"has-text-align-justify has-text-color has-link-color wp-elements-17 wp-block-paragraph\" style=\"color:#010000\">Como parte del plan de acci\u00f3n que aprob\u00f3 la ANR de la CNTE, se contempla la continuaci\u00f3n de los paros en distintos estados, particularmente los d\u00edas 6 y 7 de marzo, para exigir di\u00e1logo con la presidenta Claudia Sheinbaum Pardo.<\/p>\n\n\n\n<p class=\"has-text-align-justify has-text-color has-link-color wp-elements-18 wp-block-paragraph\" style=\"color:#010000\">-El d\u00eda 6 de marzo, iniciar\u00e1 un paro de 48 horas en los Estados de Chiapas, Guerrero y Michoac\u00e1n; durante el primer d\u00eda del paro realizar\u00e1n movilizaciones estatales<\/p>\n\n\n\n<p class=\"has-text-align-justify has-text-color has-link-color wp-elements-19 wp-block-paragraph\" style=\"color:#010000\">-El d\u00eda 7 de marzo, se concentrar\u00e1n en la Ciudad de M\u00e9xico, en donde continuar\u00e1n las movilizaciones contra la ley del ISSSTE.<\/p>\n\n\n\n<p class=\"has-text-align-justify has-text-color has-link-color wp-elements-20 wp-block-paragraph\" style=\"color:#010000\">-Durante la semana, tambi\u00e9n se contemplan movilizaciones en otros estados de la rep\u00fablica, las cu\u00e1les se sumar\u00e1n a las mismas demandas que tiene la CNTE, adem\u00e1s de buscar atenci\u00f3n a su pliego petitorio de car\u00e1cter estatal.<\/p>\n\n\n\n<p class=\"has-text-color has-link-color wp-elements-21 wp-block-paragraph\" style=\"color:#010000\"><strong>CNTE inicia la ruta hacia un paro nacional indefinido<\/strong><\/p>\n\n\n\n<p class=\"has-text-align-justify has-text-color has-link-color wp-elements-22 wp-block-paragraph\" style=\"color:#010000\">Los delegados a la ANR de este fin de semana, ratificaron la t\u00e1ctica de movilizaci\u00f3n-negociaci\u00f3n-movilizaci\u00f3n que hist\u00f3ricamente ha utilizado la CNTE, bajo esa t\u00e1ctica, acordaron la ruta hacia el paro nacional indefinido, en caso de no resolver sus demandas con los paros de 48 y 72 horas.<\/p>\n\n\n\n<p class=\"has-text-align-justify has-text-color has-link-color wp-elements-23 wp-block-paragraph\" style=\"color:#010000\">Se precis\u00f3 que, como parte de esta ruta hacia el paro nacional indefinido, la ANR acord\u00f3 la construcci\u00f3n del pliego petitorio nacional de la CNTE, que incluir\u00e1 como demandas principales:<\/p>\n\n\n\n<p class=\"has-text-color has-link-color wp-elements-24 wp-block-paragraph\" style=\"color:#010000\">-La abrogaci\u00f3n de la ley del ISSSTE<\/p>\n\n\n\n<p class=\"has-text-align-justify has-text-color has-link-color wp-elements-25 wp-block-paragraph\" style=\"color:#010000\">-Recuperaci\u00f3n del r\u00e9gimen solidario de pensiones, sin cuentas individuales, ni AFORES<\/p>\n\n\n\n<p class=\"has-text-align-justify has-text-color has-link-color wp-elements-26 wp-block-paragraph\" style=\"color:#010000\">Y tambi\u00e9n rumbo a este paro nacional que prepara la CNTE, se retomar\u00e1 otra de sus demandas hist\u00f3ricas, que es la abrogaci\u00f3n de la reforma educativa-laboral que impuso el ex-presidente Enrique Pe\u00f1a Nieto y profundiz\u00f3 Andr\u00e9s Manuel L\u00f3pez Obrador.<\/p>\n\n\n\n<p class=\"has-text-color has-link-color wp-elements-27 wp-block-paragraph\" style=\"color:#010000\">-Sobre esta reforma, v\u00e9ase tambi\u00e9n <em><a href=\"https:\/\/politica.expansion.mx\/congreso\/2025\/02\/26\/reforma-a-la-ley-del-issste-2025-en-que-consiste\">Reforma a la ley del ISSSTE 2025: \u00bfEn qu\u00e9 consiste y por qu\u00e9 protestan maestros?<\/a><\/em><\/p>\n\n\n","protected":false},"excerpt":{"rendered":"<p>La Coordinadora Nacional de Trabajadores de la Educaci\u00f3n (CNTE) anunci\u00f3 un paro nacional magisterial de 72 horas, los d\u00edas 19, 20 y 21 de marzo, con la finalidad de exigir la abrogaci\u00f3n de la Ley del ISSSTE del 2007 y la iniciativa de reforma de la presidenta Sheinbaum.<\/p>\n","protected":false},"author":102520410,"featured_media":46388,"comment_status":"closed","ping_status":"closed","sticky":false,"template":"","format":"standard","meta":{"_coblocks_attr":"","_coblocks_dimensions":"","_coblocks_responsive_height":"","_coblocks_accordion_ie_support":"","advanced_seo_description":"","jetpack_seo_html_title":"","jetpack_seo_noindex":false,"jetpack_seo_schema_type":"","_jetpack_newsletter_access":"","_jetpack_dont_email_post_to_subs":false,"_jetpack_newsletter_tier_id":0,"_jetpack_memberships_contains_paywalled_content":false,"_wpcom_ai_launchpad_first_post":false,"_jetpack_feature_clip_id":0,"_jetpack_memberships_contains_paid_content":false,"footnotes":"","jetpack_post_was_ever_published":false},"categories":[783,337028],"tags":[17212,703609862,1104558],"class_list":["post-46383","post","type-post","status-publish","format-standard","has-post-thumbnail","hentry","category-mexico","category-sindicatos","tag-america-latina","tag-claudia-sheinbaum","tag-cnte","fallback-thumbnail"],"jetpack_likes_enabled":false,"jetpack_sharing_enabled":true,"jetpack_shortlink":"https:\/\/wp.me\/p7lt2C-c47","amp_enabled":true,"jetpack_featured_media_url":"https:\/\/i0.wp.com\/correspondenciadeprensa.com\/wp-content\/uploads\/2025\/03\/Mexico04032025.jpg?fit=750%2C350&ssl=1","_links":{"self":[{"href":"https:\/\/correspondenciadeprensa.com\/index.php?rest_route=\/wp\/v2\/posts\/46383","targetHints":{"allow":["GET"]}}],"collection":[{"href":"https:\/\/correspondenciadeprensa.com\/index.php?rest_route=\/wp\/v2\/posts"}],"about":[{"href":"https:\/\/correspondenciadeprensa.com\/index.php?rest_route=\/wp\/v2\/types\/post"}],"author":[{"embeddable":true,"href":"https:\/\/correspondenciadeprensa.com\/index.php?rest_route=\/wp\/v2\/users\/102520410"}],"replies":[{"embeddable":true,"href":"https:\/\/correspondenciadeprensa.com\/index.php?rest_route=%2Fwp%2Fv2%2Fcomments&post=46383"}],"version-history":[{"count":5,"href":"https:\/\/correspondenciadeprensa.com\/index.php?rest_route=\/wp\/v2\/posts\/46383\/revisions"}],"predecessor-version":[{"id":46389,"href":"https:\/\/correspondenciadeprensa.com\/index.php?rest_route=\/wp\/v2\/posts\/46383\/revisions\/46389"}],"wp:featuredmedia":[{"embeddable":true,"href":"https:\/\/correspondenciadeprensa.com\/index.php?rest_route=\/wp\/v2\/media\/46388"}],"wp:attachment":[{"href":"https:\/\/correspondenciadeprensa.com\/index.php?rest_route=%2Fwp%2Fv2%2Fmedia&parent=46383"}],"wp:term":[{"taxonomy":"category","embeddable":true,"href":"https:\/\/correspondenciadeprensa.com\/index.php?rest_route=%2Fwp%2Fv2%2Fcategories&post=46383"},{"taxonomy":"post_tag","embeddable":true,"href":"https:\/\/correspondenciadeprensa.com\/index.php?rest_route=%2Fwp%2Fv2%2Ftags&post=46383"}],"curies":[{"name":"wp","href":"https:\/\/api.w.org\/{rel}","templated":true}]}}